{"id":57607,"date":"2026-04-22T13:40:23","date_gmt":"2026-04-22T11:40:23","guid":{"rendered":"https:\/\/ccoo.app\/diputacio-de-barcelona\/?p=57607"},"modified":"2026-04-22T14:55:40","modified_gmt":"2026-04-22T12:55:40","slug":"informacions-mesa-general-de-negociacio-4","status":"publish","type":"post","link":"https:\/\/ccoo.app\/diputacio-de-barcelona\/informacions-mesa-general-de-negociacio-4\/","title":{"rendered":"INFORMACIONS MESA GENERAL DE NEGOCIACI\u00d3"},"content":{"rendered":"\n<div style=\"height:20px\" aria-hidden=\"true\" class=\"wp-block-spacer\"><\/div>\n\n\n\n<h4 class=\"wp-block-heading has-text-align-center has-text-color\" style=\"color:#d42e12;font-size:28px\">MESA GENERAL DE NEGOCIACI\u00d3<br>22 D&#8217;ABRIL DE 2026<\/h4>\n\n\n<div class=\"wp-block-image\">\n<figure class=\"aligncenter size-full\"><img loading=\"lazy\" decoding=\"async\" width=\"390\" height=\"279\" src=\"https:\/\/ccoo.app\/diputacio-de-barcelona\/wp-content\/blogs.dir\/6\/files\/sites\/186\/2025\/03\/informacio-mesa-de-negociacio-2.png\" alt=\"\" class=\"wp-image-53971\" srcset=\"https:\/\/ccoo.app\/diputacio-de-barcelona\/wp-content\/blogs.dir\/6\/files\/sites\/186\/2025\/03\/informacio-mesa-de-negociacio-2.png 390w, https:\/\/ccoo.app\/diputacio-de-barcelona\/wp-content\/blogs.dir\/6\/files\/sites\/186\/2025\/03\/informacio-mesa-de-negociacio-2-300x215.png 300w\" sizes=\"auto, (max-width: 390px) 100vw, 390px\" \/><\/figure>\n<\/div>\n\n\n<div style=\"height:20px\" aria-hidden=\"true\" class=\"wp-block-spacer\"><\/div>\n\n\n\n<h4 class=\"gb-headline gb-headline-5ec59457 gb-headline-text\">MODIFICACI\u00d3 ACORD MILLORES SOCIALS 2025<\/h4>\n\n\n\n<p class=\"gb-headline gb-headline-e6fd9523 gb-headline-text\">Tal com us hem informat en comunicats anteriors,&nbsp;<strong>des de CCOO vam sol\u00b7licitar<\/strong>&nbsp;a la corporaci\u00f3 la convocat\u00f2ria de la comissi\u00f3 parit\u00e0ria integrada pels signants de l\u2019Acord de Millores Socials, amb l\u2019objectiu d\u2019aclarir la interpretaci\u00f3 segons la qual&nbsp;<strong>el personal que accedia a la jubilaci\u00f3 for\u00e7osa quedava excl\u00f2s de l\u2019acord durant l\u2019any en qu\u00e8 es produ\u00efa la seva jubilaci\u00f3<\/strong>.&nbsp;<\/p>\n\n\n\n<p class=\"gb-headline gb-headline-69d5615d gb-headline-text\">Fruit d\u2019aquesta iniciativa i de la pressi\u00f3 exercida,<strong>&nbsp;hem aconseguit la modificaci\u00f3 de l\u2019acord perqu\u00e8 aquest personal mantingui els drets de percebre les Millores Socials, amb independ\u00e8ncia de la data de jubilaci\u00f3 i sense cap per\u00edode de car\u00e8ncia. Aquesta modificaci\u00f3<\/strong>&nbsp;de l\u2019acord garanteix la plena cobertura per a tota la plantilla,&nbsp;<strong>consolida un sistema de millores socials estable en el temps i assegura l\u2019acc\u00e9s a aquests drets en condicions d\u2019igualtat per a tothom.<\/strong>&nbsp;<\/p>\n\n\n\n<p class=\"gb-headline gb-headline-6855cdcb gb-headline-text\">Davant d\u2019alguns discursos distorsionats i pessimistes, des de CCOO hem treballat durant mesos amb responsabilitat i perseveran\u00e7a per assolir un acord que recupera la millora social ordin\u00e0ria i garanteix les quantitats vinculades a l\u2019edat. Una posici\u00f3 molt allunyada de la d\u2019aquells que han optat per no signar l\u2019acord, posant en risc una partida pressupost\u00e0ria i unes quantitats econ\u00f2miques individuals que pertanyen a tota la plantilla.&nbsp;<\/p>\n\n\n\n<p class=\"gb-headline gb-headline-a6ce1039 gb-headline-text\">Per aquest motiu, animem la resta d\u2019organitzacions sindicals a sumar-se a la signatura de l\u2019acord per continuar fent front com\u00fa en la defensa i consolidaci\u00f3 de les millores socials a la DIBA.&nbsp;<\/p>\n\n\n\n<div style=\"height:20px\" aria-hidden=\"true\" class=\"wp-block-spacer\"><\/div>\n\n\n\n<h4 class=\"gb-headline gb-headline-23a02af3 gb-headline-text\">COMPLEMENT DE FESTIVITAT: EXIGIM EL SEU RECONEIXEMENT COMPLET<\/h4>\n\n\n\n<p class=\"gb-headline gb-headline-1889b7b6 gb-headline-text\">RH ens ha tornat a presentar la mateixa proposta pel que fa al pagament del complement per festivitat, limitada \u00fanicament als dies d\u2019Incapacitat Temporal i de vacances.&nbsp;<\/p>\n\n\n\n<p class=\"gb-headline gb-headline-b7631532 gb-headline-text\"><strong>Des de CCOO considerem<\/strong>&nbsp;que, tal com estableix la sent\u00e8ncia, aquest complement&nbsp;<strong>hauria d\u2019incloure tamb\u00e9 els dies d\u2019assumptes personals, les tardes festives no recuperables i els dies de dispensa<\/strong>. Aix\u00ed ho hem tornat a defensar i exigir en aquesta Mesa de Negociaci\u00f3.&nbsp;A m\u00e9s a m\u00e9s, ha de recon\u00e8ixer la retroactivitat des de la publicaci\u00f3 de la sent\u00e8ncia i aix\u00ed ho hem reclamat.&nbsp;<\/p>\n\n\n\n<p class=\"gb-headline gb-headline-22aa1efe gb-headline-text\">Continuarem treballant per garantir l\u2019aplicaci\u00f3 plena del que determina la jurisprud\u00e8ncia i per assegurar que es reconeguin tots els drets que corresponen a la plantilla.&nbsp;<\/p>\n\n\n\n<div style=\"height:20px\" aria-hidden=\"true\" class=\"wp-block-spacer\"><\/div>\n\n\n\n<h4 class=\"gb-headline gb-headline-9352119e gb-headline-text\">TIQUET TRANSPORT: AVAN\u00c7AR CAP A UNA MOBILITAT M\u00c9S SEGURA<\/h4>\n\n\n\n<p class=\"gb-headline gb-headline-77db6e0d gb-headline-text\">Tal com us vam&nbsp;avan\u00e7ar&nbsp;en el darrer comunicat,<strong>&nbsp;hem presentat a la Mesa de Negociaci\u00f3 una proposta perqu\u00e8 la DIBA contribueixi econ\u00f2micament a l\u2019adquisici\u00f3 de t\u00edtols de transport p\u00fablic per part dels empleats i empleades<\/strong>.&nbsp;Aquesta iniciativa respon a un doble objectiu;&nbsp;fomentar l\u2019\u00fas del transport p\u00fablic&nbsp;i&nbsp;contribuir a la reducci\u00f3 dels accidents&nbsp;<em>in&nbsp;itinere<\/em>, millorant aix\u00ed la seguretat de la plantilla.&nbsp;<\/p>\n\n\n\n<p class=\"gb-headline gb-headline-4004884b gb-headline-text\">Es tracta d\u2019una proposta plenament alineada amb els Objectius de Desenvolupament Sostenible (ODS) que la corporaci\u00f3 afirma impulsar i que, al nostre entendre, \u00e9s perfectament assumible.&nbsp;<strong>Per aquest motiu, instem&nbsp;a&nbsp;la corporaci\u00f3 a&nbsp;seguir negociant una&nbsp;proposta&nbsp;que sigui viable i&nbsp;que doni resposta a les demandes plantejades.<\/strong>&nbsp;<\/p>\n\n\n\n<div style=\"height:20px\" aria-hidden=\"true\" class=\"wp-block-spacer\"><\/div>\n\n\n\n<h4 class=\"gb-headline gb-headline-75a09792 gb-headline-text\">CONVOCAT\u00d2RIA DE LA COMISSI\u00d3 PAMO PER ALS PROCESSOS SELECTIUS<\/h4>\n\n\n\n<p class=\"gb-headline gb-headline-02de05ed gb-headline-text\">Hem sol\u00b7licitat la convocat\u00f2ria de la comissi\u00f3 de PAMO per elaborar i negociar les bases dels processos de selecci\u00f3, tant per torn lliure com promoci\u00f3 interna.&nbsp;<strong>Restarem atents a una revisi\u00f3 exhaustiva del temari que s\u2019exigeix per als processos de promoci\u00f3 interna, fent-los els m\u00e9s acurats a la realitat dels vostres llocs de treball per garantir un proc\u00e9s facilitador.<\/strong>&nbsp;<\/p>\n\n\n\n<div style=\"height:20px\" aria-hidden=\"true\" class=\"wp-block-spacer\"><\/div>\n\n\n\n<h4 class=\"gb-headline gb-headline-a3b7b58d gb-headline-text\">SISTEMA DE BORSES OBERTES PER ATRAURE TALENT A LA DIBA<\/h4>\n\n\n\n<p class=\"gb-headline gb-headline-2da08b82 gb-headline-text\">RH ens ha notificat que en breu es publicaran convocat\u00f2ries de borsa de treball obertes; \u00e9s a dir, que en qualsevol moment un aspirant podr\u00e0 presentar la seva candidatura per a ocupar llocs de treball d\u2019inter\u00ed d\u2019aquella convocat\u00f2ria.&nbsp;&nbsp;<\/p>\n\n\n\n<p class=\"gb-headline gb-headline-856d8ae1 gb-headline-text\"><strong>Des de CCOO \u00e9s una proposta que portem temps defensant, especialment en col\u00b7lectius on hi ha problemes per a l\u2019atracci\u00f3 de talent, com poden ser els adscrits al RESPIR o XBM<\/strong>. Us mantindrem informats i informades.&nbsp;<\/p>\n\n\n\n<div style=\"height:20px\" aria-hidden=\"true\" class=\"wp-block-spacer\"><\/div>\n\n\n\n<h4 class=\"gb-headline gb-headline-2e191039 gb-headline-text\">BUS CORPORATIU: RESPOSTA A LES NECESSITATS DE DESPLA\u00c7AMENT DEL PERSONAL&nbsp;<\/h4>\n\n\n\n<p class=\"gb-headline gb-headline-badbad7d gb-headline-text\">Arran dels diferents trasllats i tancaments de centres de treball derivats del proc\u00e9s de reordenaci\u00f3 dels espais corporatius, moltes i molts de vosaltres ens heu fet arribar la necessitat de disposar d\u2019algun tipus de transport col\u00b7lectiu&nbsp;organitzat per la DIBA&nbsp;per arribar als centres de treball.&nbsp;&nbsp;<\/p>\n\n\n\n<p class=\"gb-headline gb-headline-a8c9dd4d gb-headline-text\"><strong><u>Per aquest motiu, des de CCOO hem sol\u00b7licitat la implantaci\u00f3 d\u2019aquest servei i s\u2019iniciar\u00e0 una prova pilot d\u2019un bus corporatiu que connectar\u00e0 les principals estacions de transport p\u00fablic amb els centres de treball m\u00e9s allunyats, entre els quals hi ha la PDL.<\/u><\/strong>&nbsp;<\/p>\n\n\n\n<p class=\"gb-headline gb-headline-baf74118 gb-headline-text\">Fruit de la negociaci\u00f3, han sorgit altres propostes a les quals ens sumem, com a l\u2019estudi per a implementar un bus directe a la ciutat de Barcelona des de capitals de comarca; reduint aix\u00ed l\u2019estr\u00e8s&nbsp;que suposa el mal&nbsp;funcionament&nbsp;del servei de transport p\u00fablic.&nbsp;<\/p>\n\n\n\n<div style=\"height:20px\" aria-hidden=\"true\" class=\"wp-block-spacer\"><\/div>\n\n\n\n<h4 class=\"gb-headline gb-headline-9ba5bb5b gb-headline-text\">TOTS SOM DIBA: ACTIVITATS SENSE DISCRIMINACIONS<\/h4>\n\n\n\n<p class=\"gb-headline gb-headline-5dfe00c4 gb-headline-text\">Celebrem la iniciativa de la DIBA&nbsp;per organitzar un torneig de p\u00e0del per posar en relleu els valors de la corporaci\u00f3. No obstant aix\u00f2, volem deixar const\u00e0ncia de la nostra sorpresa per l\u2019exclusi\u00f3 del personal adscrit als organismes aut\u00f2noms de&nbsp;l\u2019ORGT,&nbsp;de&nbsp;l\u2019Institut del Teatre i el Patronat d\u2019apostes.<strong>&nbsp;Considerem que tots som treballadors&nbsp;i treballadores&nbsp;de la Diputaci\u00f3 de Barcelona i aquestes activitats haurien&nbsp;de ser inclusives i&nbsp;estar obertes a&nbsp;tots els i les funcion\u00e0ries&nbsp;de la corporaci\u00f3<\/strong>.&nbsp;Reclamem&nbsp;una coordinaci\u00f3 real als diferents organismes aut\u00f2noms en benefici del conjunt de la plantilla, perqu\u00e8 tots i totes som DIBA.&nbsp;<\/p>\n\n\n\n<div style=\"height:20px\" aria-hidden=\"true\" class=\"wp-block-spacer\"><\/div>\n\n\n\n<h4 class=\"gb-headline gb-headline-3f65876b gb-headline-text\">CANVIS DE TORN I VACANCES: CAL GARANTIR ELS DRETS DEL PERSONAL RESPIR<\/h4>\n\n\n\n<p class=\"gb-headline gb-headline-9ff69ddb gb-headline-text\">Hem tornat a demanar a la corporaci\u00f3 que es respecti la sol\u00b7licitud de vacances per al personal del RESPIR que es vegi afectat pels possibles canvis de torn derivats de les adscripcions temporals, que tot just conclouran en breu,&nbsp;<strong>at\u00e8s que una part del personal ja ha gaudit parcialment de les seves vacances i aquests canvis poden generar dificultats en la planificaci\u00f3 i el gaudi de la resta de dies pendents<\/strong>.&nbsp;<\/p>\n\n\n\n<div style=\"height:20px\" aria-hidden=\"true\" class=\"wp-block-spacer\"><\/div>\n\n\n\n<h4 class=\"gb-headline gb-headline-629e1964 gb-headline-text\">CAPACITATS DIVERSES: BORSA ESPEC\u00cdFICA AMB TEMARI I GUIA D\u2019ESTUDI ADAPTATS<\/h4>\n\n\n\n<p class=\"gb-headline gb-headline-98b32351 gb-headline-text\">RH ha informat que, en relaci\u00f3 amb el col\u00b7lectiu de persones amb capacitats diverses, es preveu la creaci\u00f3 d\u2019una borsa de treball amb categoria pr\u00f2pia.&nbsp;<\/p>\n\n\n\n<p class=\"gb-headline gb-headline-9b0f1ea8 gb-headline-text\">Aquesta borsa comptar\u00e0 amb un temari espec\u00edfic i una guia d\u2019estudi concreta, amb l\u2019objectiu de facilitar l\u2019assoliment dels continguts i afavorir l\u2019acc\u00e9s a aquests processos en condicions d\u2019igualtat.&nbsp;<\/p>\n\n\n\n<p class=\"gb-headline gb-headline-9e3ce010 gb-headline-text\"><strong>Des de CCOO valorem positivament aquesta mesura, que contribueix a avan\u00e7ar en inclusi\u00f3 i a garantir oportunitats reals per a tothom<\/strong>. Continuarem vetllant perqu\u00e8 el seu desplegament sigui efectiu i respongui a les necessitats del col\u00b7lectiu.&nbsp;<\/p>\n\n\n\n<div style=\"height:20px\" aria-hidden=\"true\" class=\"wp-block-spacer\"><\/div>\n\n\n\n<h4 class=\"gb-headline gb-headline-7ec1c49a gb-headline-text\">IMPULS A LA MOBILITAT SOSTENIBLE: CR\u00c8DIT PER A BICICLETES<\/h4>\n\n\n\n<p class=\"gb-headline gb-headline-e0ddb59d gb-headline-text\"><strong>Des de CCOO hem demanat que la DIBA obri una l\u00ednia de cr\u00e8dit sense interessos per a l\u2019adquisici\u00f3 de bicicletes per a la plantilla, l\u2019aplicaci\u00f3 de descomptes per col\u00b7lectius per a l\u2019adquisici\u00f3 de bicicletes aix\u00ed com l\u2019aposta decidida per a la creaci\u00f3 de carrils bici&nbsp;segurs.&nbsp;<\/strong>&nbsp;<\/p>\n\n\n\n<p class=\"gb-headline gb-headline-a485b393 gb-headline-text\">RH indica que veu viable l\u2019aplicaci\u00f3 de descomptes per col\u00b7lectius i l\u2019impuls de rutes segures per a bicicletes per part de l\u2019AMB i ho valorem positivament. No obstant aix\u00f2, pel que fa a la l\u00ednia de cr\u00e8dit, manifesten dificultats per encabir-la en els pressupostos anuals. Seguirem treballant per cercar la viabilitat t\u00e8cnica i legal per aquesta proposta.&nbsp;<\/p>\n\n\n\n<div style=\"height:60px\" aria-hidden=\"true\" class=\"wp-block-spacer\"><\/div>\n\n\n<div class=\"gb-container gb-container-d4283c0a\">\n\n<div style=\"height:30px\" aria-hidden=\"true\" class=\"wp-block-spacer\"><\/div>\n\n\n<div class=\"wp-block-image\">\n<figure class=\"aligncenter size-full is-resized\"><img loading=\"lazy\" decoding=\"async\" width=\"512\" height=\"512\" src=\"https:\/\/ccoo.app\/diputacio-de-barcelona\/wp-content\/blogs.dir\/6\/files\/sites\/186\/2023\/04\/preguntes.png\" alt=\"Preguntes\" class=\"wp-image-52698\" style=\"width:128px;height:128px\" srcset=\"https:\/\/ccoo.app\/diputacio-de-barcelona\/wp-content\/blogs.dir\/6\/files\/sites\/186\/2023\/04\/preguntes.png 512w, https:\/\/ccoo.app\/diputacio-de-barcelona\/wp-content\/blogs.dir\/6\/files\/sites\/186\/2023\/04\/preguntes-300x300.png 300w, https:\/\/ccoo.app\/diputacio-de-barcelona\/wp-content\/blogs.dir\/6\/files\/sites\/186\/2023\/04\/preguntes-150x150.png 150w\" sizes=\"auto, (max-width: 512px) 100vw, 512px\" \/><\/figure>\n<\/div>\n\n\n<div style=\"height:60px\" aria-hidden=\"true\" class=\"wp-block-spacer\"><\/div>\n\n\n\n<h3 class=\"gb-headline gb-headline-c5bcf253 gb-headline-text\"><strong>No et quedis mai amb el dubte,<br><\/strong>contacta amb CCOO<\/h3>\n\n\n\n<div class=\"wp-block-buttons is-content-justification-center is-layout-flex wp-container-core-buttons-is-layout-16018d1d wp-block-buttons-is-layout-flex\">\n<div class=\"wp-block-button is-style-fill\"><a class=\"wp-block-button__link has-base-3-color has-contrast-2-background-color has-text-color has-background wp-element-button\" href=\"https:\/\/ccoo.app\/diputacio-de-barcelona\/seccio-sindical-de-ccoo\/\" style=\"border-radius:0px\">CONTACTA&#8217;NS<\/a><\/div>\n<\/div>\n\n<\/div>\n\n\n<div style=\"height:120px\" aria-hidden=\"true\" class=\"wp-block-spacer\"><\/div>\n\n\n<div class=\"gb-grid-wrapper gb-grid-wrapper-d65739e2\">\n<div class=\"gb-grid-column gb-grid-column-ecc8725d\"><div class=\"gb-container gb-container-ecc8725d\"><div class=\"gb-inside-container\">\n<div class=\"wp-block-image\">\n<figure class=\"aligncenter size-full\"><img loading=\"lazy\" decoding=\"async\" width=\"129\" height=\"38\" src=\"https:\/\/ccoo.app\/diputacio-de-barcelona\/wp-content\/blogs.dir\/6\/files\/sites\/186\/2022\/03\/tel.png\" alt=\"Tel\" class=\"wp-image-49915\" \/><\/figure>\n<\/div>\n<\/div><\/div><\/div>\n\n<div class=\"gb-grid-column gb-grid-column-4c28778f\"><div class=\"gb-container gb-container-4c28778f\"><div class=\"gb-inside-container\">\n<div class=\"wp-block-image\">\n<figure class=\"aligncenter size-full\"><a href=\"mailto:ccoo@diba.cat\"><img loading=\"lazy\" decoding=\"async\" width=\"51\" height=\"37\" src=\"https:\/\/ccoo.app\/diputacio-de-barcelona\/wp-content\/blogs.dir\/6\/files\/sites\/186\/2022\/03\/mail.png\" alt=\"Mail\" class=\"wp-image-49916\" \/><\/a><\/figure>\n<\/div>\n<\/div><\/div><\/div>\n\n<div class=\"gb-grid-column gb-grid-column-c6cc0957\"><div class=\"gb-container gb-container-c6cc0957\"><div class=\"gb-inside-container\">\n<div class=\"wp-block-image\">\n<figure class=\"aligncenter size-full\"><a href=\"https:\/\/twitter.com\/ccoodiba\"><img loading=\"lazy\" decoding=\"async\" width=\"44\" height=\"38\" src=\"https:\/\/ccoo.app\/diputacio-de-barcelona\/wp-content\/blogs.dir\/6\/files\/sites\/186\/2022\/03\/tw.png\" alt=\"Tw\" class=\"wp-image-49917\" \/><\/a><\/figure>\n<\/div>\n<\/div><\/div><\/div>\n\n<div class=\"gb-grid-column gb-grid-column-1598237d\"><div class=\"gb-container gb-container-1598237d\"><div class=\"gb-inside-container\">\n<div class=\"wp-block-image\">\n<figure class=\"aligncenter size-full\"><a href=\"https:\/\/www.instagram.com\/ccoo_diba\/\"><img loading=\"lazy\" decoding=\"async\" width=\"45\" height=\"44\" src=\"https:\/\/ccoo.app\/diputacio-de-barcelona\/wp-content\/blogs.dir\/6\/files\/sites\/186\/2022\/03\/ig.png\" alt=\"Ig\" class=\"wp-image-49918\" \/><\/a><\/figure>\n<\/div>\n<\/div><\/div><\/div>\n\n<div class=\"gb-grid-column gb-grid-column-2db731fe\"><div class=\"gb-container gb-container-2db731fe\"><div class=\"gb-inside-container\">\n<div class=\"wp-block-image\">\n<figure class=\"aligncenter size-full\"><a href=\"https:\/\/ccoo.app\/diputacio-de-barcelona\"><img loading=\"lazy\" decoding=\"async\" width=\"39\" height=\"40\" src=\"https:\/\/ccoo.app\/diputacio-de-barcelona\/wp-content\/blogs.dir\/6\/files\/sites\/186\/2022\/03\/www.png\" alt=\"Www\" class=\"wp-image-49919\" \/><\/a><\/figure>\n<\/div>\n<\/div><\/div><\/div>\n\n<div class=\"gb-grid-column gb-grid-column-f3651540\"><div class=\"gb-container gb-container-f3651540\"><div class=\"gb-inside-container\">\n<div class=\"wp-block-image\">\n<figure class=\"aligncenter size-full is-resized\"><a href=\"https:\/\/www.ccoo.cat\/afiliat\/?_sfm_aff_situation=94\"><img loading=\"lazy\" decoding=\"async\" width=\"125\" height=\"38\" src=\"https:\/\/ccoo.app\/diputacio-de-barcelona\/wp-content\/blogs.dir\/6\/files\/sites\/186\/2022\/03\/af.png\" alt=\"Af\" class=\"wp-image-49920\" style=\"width:125px;height:38px\" \/><\/a><\/figure>\n<\/div>\n<\/div><\/div><\/div>\n<\/div>\n\n\n<div style=\"height:100px\" aria-hidden=\"true\" class=\"wp-block-spacer\"><\/div>\n","protected":false},"excerpt":{"rendered":"<p>MESA GENERAL DE NEGOCIACI\u00d322 D&#8217;ABRIL DE 2026 MODIFICACI\u00d3 ACORD MILLORES SOCIALS 2025 Tal com us hem informat en comunicats anteriors,&nbsp;des de CCOO vam sol\u00b7licitar&nbsp;a la corporaci\u00f3 la convocat\u00f2ria de la &#8230; <\/p>\n<p class=\"read-more-container\"><a title=\"INFORMACIONS MESA GENERAL DE NEGOCIACI\u00d3\" class=\"read-more button\" href=\"https:\/\/ccoo.app\/diputacio-de-barcelona\/informacions-mesa-general-de-negociacio-4\/#more-57607\" aria-label=\"Leer m\u00e1s sobre INFORMACIONS MESA GENERAL DE NEGOCIACI\u00d3\">Continuar llegint<\/a><\/p>\n","protected":false},"author":88639,"featured_media":53972,"comment_status":"closed","ping_status":"closed","sticky":false,"template":"","format":"standard","meta":{"footnotes":""},"categories":[38,19],"tags":[],"class_list":["post-57607","post","type-post","status-publish","format-standard","has-post-thumbnail","hentry","category-a-tot-el-personal","category-comunicats","generate-columns","tablet-grid-50","mobile-grid-100","grid-parent","grid-50"],"_links":{"self":[{"href":"https:\/\/ccoo.app\/diputacio-de-barcelona\/wp-json\/wp\/v2\/posts\/57607","targetHints":{"allow":["GET"]}}],"collection":[{"href":"https:\/\/ccoo.app\/diputacio-de-barcelona\/wp-json\/wp\/v2\/posts"}],"about":[{"href":"https:\/\/ccoo.app\/diputacio-de-barcelona\/wp-json\/wp\/v2\/types\/post"}],"author":[{"embeddable":true,"href":"https:\/\/ccoo.app\/diputacio-de-barcelona\/wp-json\/wp\/v2\/users\/88639"}],"replies":[{"embeddable":true,"href":"https:\/\/ccoo.app\/diputacio-de-barcelona\/wp-json\/wp\/v2\/comments?post=57607"}],"version-history":[{"count":3,"href":"https:\/\/ccoo.app\/diputacio-de-barcelona\/wp-json\/wp\/v2\/posts\/57607\/revisions"}],"predecessor-version":[{"id":57611,"href":"https:\/\/ccoo.app\/diputacio-de-barcelona\/wp-json\/wp\/v2\/posts\/57607\/revisions\/57611"}],"wp:featuredmedia":[{"embeddable":true,"href":"https:\/\/ccoo.app\/diputacio-de-barcelona\/wp-json\/wp\/v2\/media\/53972"}],"wp:attachment":[{"href":"https:\/\/ccoo.app\/diputacio-de-barcelona\/wp-json\/wp\/v2\/media?parent=57607"}],"wp:term":[{"taxonomy":"category","embeddable":true,"href":"https:\/\/ccoo.app\/diputacio-de-barcelona\/wp-json\/wp\/v2\/categories?post=57607"},{"taxonomy":"post_tag","embeddable":true,"href":"https:\/\/ccoo.app\/diputacio-de-barcelona\/wp-json\/wp\/v2\/tags?post=57607"}],"curies":[{"name":"wp","href":"https:\/\/api.w.org\/{rel}","templated":true}]}}