{"id":57586,"date":"2026-04-14T12:32:27","date_gmt":"2026-04-14T10:32:27","guid":{"rendered":"https:\/\/ccoo.app\/diputacio-de-barcelona\/?p=57586"},"modified":"2026-04-15T11:20:22","modified_gmt":"2026-04-15T09:20:22","slug":"avancem-en-el-grup-b-a-la-diputacio-de-barcelona","status":"publish","type":"post","link":"https:\/\/ccoo.app\/diputacio-de-barcelona\/avancem-en-el-grup-b-a-la-diputacio-de-barcelona\/","title":{"rendered":"AVANCEM EN EL GRUP B A LA DIPUTACI\u00d3 DE BARCELONA"},"content":{"rendered":"\n<div style=\"height:40px\" aria-hidden=\"true\" class=\"wp-block-spacer\"><\/div>\n\n\n<div class=\"wp-block-image\">\n<figure class=\"aligncenter size-full\"><img loading=\"lazy\" decoding=\"async\" width=\"390\" height=\"279\" src=\"https:\/\/ccoo.app\/diputacio-de-barcelona\/wp-content\/blogs.dir\/6\/files\/sites\/186\/2026\/04\/informacio-comunicat-GRUP-B_2.jpg\" alt=\"\" class=\"wp-image-57599\" srcset=\"https:\/\/ccoo.app\/diputacio-de-barcelona\/wp-content\/blogs.dir\/6\/files\/sites\/186\/2026\/04\/informacio-comunicat-GRUP-B_2.jpg 390w, https:\/\/ccoo.app\/diputacio-de-barcelona\/wp-content\/blogs.dir\/6\/files\/sites\/186\/2026\/04\/informacio-comunicat-GRUP-B_2-300x215.jpg 300w\" sizes=\"auto, (max-width: 390px) 100vw, 390px\" \/><\/figure>\n<\/div>\n\n\n<div style=\"height:20px\" aria-hidden=\"true\" class=\"wp-block-spacer\"><\/div>\n\n\n\n<p class=\"gb-headline gb-headline-cd076577 gb-headline-text\">Des de CCOO volem informar-vos de la creaci\u00f3 i posada en marxa del <strong>Grup B de classificaci\u00f3 professional:<\/strong> ja \u00e9s una realitat.<\/p>\n\n\n\n<p class=\"gb-headline gb-headline-b8137b02 gb-headline-text\">Aquest assoliment no \u00e9s fruit de la casualitat. \u00c9s el resultat de <strong>molts anys de treball sostingut, propostes i insist\u00e8ncia de CCOO<\/strong> en tots els espais de negociaci\u00f3, i especialment en el si de la <em>Comissi\u00f3 de Revisi\u00f3 i Reclassificaci\u00f3 de Llocs de Treball (CRRLT)<\/em>, on hem estat un actor clau per desbloquejar i impulsar definitivament aquest proc\u00e9s.<\/p>\n\n\n\n<p class=\"gb-headline gb-headline-886761cf gb-headline-text\">Cal recordar que ja des de l\u2019any 2023, CCOO va defensar la necessitat d\u2019incorporar el Grup B a la Diputaci\u00f3, insistint en la seva viabilitat i en la necessitat d\u2019adaptar la classificaci\u00f3 professional a la realitat formativa i funcional dels llocs de treball. Davant propostes insuficients com el C1+, <strong>CCOO va mantenir una posici\u00f3 clara i ferma a favor d\u2019un veritable Grup B<\/strong>, amb reconeixement real i no nom\u00e9s transitori. <\/p>\n\n\n\n<p class=\"gb-headline gb-headline-798eb0ee gb-headline-text\">Aquest impuls tamb\u00e9 es va traslladar al m\u00e0xim nivell institucional. En la reuni\u00f3 mantinguda el <strong>2 d\u2019octubre de 2025 amb la presidenta de la Diputaci\u00f3<\/strong>, des de CCOO vam arrencar el comprom\u00eds de reactivar els treballs i avan\u00e7ar decididament cap a la seva implementaci\u00f3. Aquest comprom\u00eds ha estat clau per arribar fins aqu\u00ed.<\/p>\n\n\n\n<p class=\"gb-headline gb-headline-ee9d67f7 gb-headline-text\">Som conscients que el treball no ha estat f\u00e0cil. Parlem d\u2019una mat\u00e8ria complexa, amb limitacions legals i pressupost\u00e0ries, que requereix seguretat jur\u00eddica i rigor t\u00e8cnic. Tot i aix\u00f2, des de CCOO hem treballat perqu\u00e8 aquest proc\u00e9s no s\u2019eternitz\u00e9s i tingu\u00e9s resultats reals.<\/p>\n\n\n\n<p class=\"gb-headline gb-headline-dce0e06b gb-headline-text\"><strong>Avui podem dir que aquest esfor\u00e7 ha valgut la pena.<\/strong><\/p>\n\n\n\n<h3 class=\"gb-headline gb-headline-62a38c4e gb-headline-text\"><strong>I ara, qu\u00e8?<\/strong><\/h3>\n\n\n\n<p class=\"gb-headline gb-headline-6b98de53 gb-headline-text\">La creaci\u00f3 del Grup B \u00e9s nom\u00e9s el punt de partida. Ara cal desplegar-lo de manera efectiva i justa.<\/p>\n\n\n\n<p class=\"gb-headline gb-headline-1f8c007e gb-headline-text\">Ja s\u2019han comen\u00e7at a identificar col\u00b7lectius amb possibilitat d\u2019encaix en aquest nou grup, com ara <strong>inform\u00e0tica o laboratoris<\/strong>, i es continuar\u00e0 treballant en aquesta l\u00ednia.<\/p>\n\n\n\n<p class=\"gb-headline gb-headline-cb2f4d96 gb-headline-text\">Paral\u00b7lelament, s\u2019han obert altres l\u00ednies de treball que CCOO ha impulsat activament:<\/p>\n\n\n\n<ul class=\"wp-block-list\">\n<li>Revisi\u00f3 de complements del col\u00b7lectiu de <strong>biblioteques<\/strong> i an\u00e0lisi del seu possible acc\u00e9s a l\u2019A1.<\/li>\n\n\n\n<li>Reivindicaci\u00f3 d\u2019una actualitzaci\u00f3 retributiva dels col\u00b7lectius <strong>assistencials, infermeria i educadores<\/strong>.<\/li>\n\n\n\n<li>Proposta de revisi\u00f3 per a <strong>enginyers i arquitectes t\u00e8cnics<\/strong>.<\/li>\n\n\n\n<li>Millores en complements espec\u00edfics com el de <strong>manteniment forestal<\/strong> o el col\u00b7lectiu de <strong>xofers<\/strong>.<\/li>\n<\/ul>\n\n\n\n<h3 class=\"gb-headline gb-headline-592f4967 gb-headline-text\"><strong>El posicionament de CCOO<\/strong><\/h3>\n\n\n\n<p class=\"gb-headline gb-headline-5dfaf8d7 gb-headline-text\">Des de CCOO tenim molt clar el seg\u00fcent pas:<\/p>\n\n\n\n<ul class=\"wp-block-list\">\n<li><strong>Exigirem que els processos de pas del grup C1 al grup B es facin de la manera m\u00e9s \u00e0gil i justa possible<\/strong>, prioritzant f\u00f3rmules com el <strong>concurs de m\u00e8rits<\/strong>, sempre dins del marc legal, per facilitar la promoci\u00f3 de les persones que ja estan desenvolupant aquestes funcions. Una proposta que minimitzi els processos selectius i sigui tranquil\u00b7litzador per a totes i tots aquells i aquelles qu\u00e8 pugueu passar al grup B.<\/li>\n<\/ul>\n\n\n\n<p class=\"gb-headline gb-headline-24fb8c3c gb-headline-text\">Tamb\u00e9 continuarem treballant per:<\/p>\n\n\n\n<ul class=\"wp-block-list\">\n<li>Garantir una <strong>implantaci\u00f3 progressiva del Grup B<\/strong>.<\/li>\n\n\n\n<li>Evitar desigualtats entre col\u00b7lectius<\/li>\n\n\n\n<li>Avan\u00e7ar cap a una <strong>reordenaci\u00f3 global del sistema de classificaci\u00f3 professional<\/strong>.<\/li>\n<\/ul>\n\n\n\n<h3 class=\"gb-headline gb-headline-c41db1ca gb-headline-text\"><strong>Continuem treballant<\/strong><\/h3>\n\n\n\n<p class=\"gb-headline gb-headline-4b37f253 gb-headline-text\">Aquest aven\u00e7 demostra que <strong>quan hi ha const\u00e0ncia, proposta i negociaci\u00f3 real, s\u2019aconsegueixen resultats<\/strong>.<\/p>\n\n\n\n<p class=\"gb-headline gb-headline-ac73972c gb-headline-text\">Des de CCOO continuarem liderant, proposant i defensant millores per al conjunt de la plantilla, amb l\u2019objectiu de garantir <strong>un reconeixement professional i retributiu just per a tothom<\/strong>.<\/p>\n\n\n\n<p class=\"gb-headline gb-headline-4571ed3e gb-headline-text\">Perqu\u00e8 el Grup B no \u00e9s un final, \u00e9s nom\u00e9s el comen\u00e7ament.<\/p>\n\n\n\n<div style=\"height:40px\" aria-hidden=\"true\" class=\"wp-block-spacer\"><\/div>\n\n\n<div class=\"gb-container gb-container-d4283c0a\">\n<div class=\"wp-block-image\">\n<figure class=\"aligncenter size-full is-resized\"><img loading=\"lazy\" decoding=\"async\" width=\"512\" height=\"512\" src=\"https:\/\/ccoo.app\/diputacio-de-barcelona\/wp-content\/blogs.dir\/6\/files\/sites\/186\/2023\/04\/preguntes.png\" alt=\"Preguntes\" class=\"wp-image-52698\" style=\"width:128px;height:128px\" srcset=\"https:\/\/ccoo.app\/diputacio-de-barcelona\/wp-content\/blogs.dir\/6\/files\/sites\/186\/2023\/04\/preguntes.png 512w, https:\/\/ccoo.app\/diputacio-de-barcelona\/wp-content\/blogs.dir\/6\/files\/sites\/186\/2023\/04\/preguntes-300x300.png 300w, https:\/\/ccoo.app\/diputacio-de-barcelona\/wp-content\/blogs.dir\/6\/files\/sites\/186\/2023\/04\/preguntes-150x150.png 150w\" sizes=\"auto, (max-width: 512px) 100vw, 512px\" \/><\/figure>\n<\/div>\n\n\n<div style=\"height:25px\" aria-hidden=\"true\" class=\"wp-block-spacer\"><\/div>\n\n\n\n<h3 class=\"gb-headline gb-headline-f5c8f4d8 gb-headline-text\"><strong>No et quedis mai amb el dubte,<br><\/strong>contacta amb CCOO<\/h3>\n\n\n\n<div class=\"wp-block-buttons is-content-justification-center is-layout-flex wp-container-core-buttons-is-layout-16018d1d wp-block-buttons-is-layout-flex\">\n<div class=\"wp-block-button is-style-fill\"><a class=\"wp-block-button__link has-base-3-color has-contrast-2-background-color has-text-color has-background wp-element-button\" href=\"https:\/\/ccoo.app\/diputacio-de-barcelona\/seccio-sindical-de-ccoo\/\" style=\"border-radius:0px\">CONTACTA&#8217;NS<\/a><\/div>\n<\/div>\n\n<\/div>\n\n\n<div style=\"height:40px\" aria-hidden=\"true\" class=\"wp-block-spacer\"><\/div>\n\n\n\n<div class=\"wp-block-group\"><div class=\"wp-block-group__inner-container is-layout-constrained wp-block-group-is-layout-constrained\"><div class=\"gb-grid-wrapper gb-grid-wrapper-d65739e2\">\n<div class=\"gb-grid-column gb-grid-column-ecc8725d\"><div class=\"gb-container gb-container-ecc8725d\"><div class=\"gb-inside-container\">\n<div class=\"wp-block-image\">\n<figure class=\"aligncenter size-full\"><img loading=\"lazy\" decoding=\"async\" width=\"129\" height=\"38\" src=\"https:\/\/ccoo.app\/diputacio-de-barcelona\/wp-content\/blogs.dir\/6\/files\/sites\/186\/2022\/03\/tel.png\" alt=\"Tel\" class=\"wp-image-49915\" \/><\/figure>\n<\/div>\n<\/div><\/div><\/div>\n\n<div class=\"gb-grid-column gb-grid-column-4c28778f\"><div class=\"gb-container gb-container-4c28778f\"><div class=\"gb-inside-container\">\n<div class=\"wp-block-image\">\n<figure class=\"aligncenter size-full\"><a href=\"mailto:ccoo@diba.cat\"><img loading=\"lazy\" decoding=\"async\" width=\"51\" height=\"37\" src=\"https:\/\/ccoo.app\/diputacio-de-barcelona\/wp-content\/blogs.dir\/6\/files\/sites\/186\/2022\/03\/mail.png\" alt=\"Mail\" class=\"wp-image-49916\" \/><\/a><\/figure>\n<\/div>\n<\/div><\/div><\/div>\n\n<div class=\"gb-grid-column gb-grid-column-c6cc0957\"><div class=\"gb-container gb-container-c6cc0957\"><div class=\"gb-inside-container\">\n<div class=\"wp-block-image\">\n<figure class=\"aligncenter size-full\"><a href=\"https:\/\/twitter.com\/ccoodiba\"><img loading=\"lazy\" decoding=\"async\" width=\"44\" height=\"38\" src=\"https:\/\/ccoo.app\/diputacio-de-barcelona\/wp-content\/blogs.dir\/6\/files\/sites\/186\/2022\/03\/tw.png\" alt=\"Tw\" class=\"wp-image-49917\" \/><\/a><\/figure>\n<\/div>\n<\/div><\/div><\/div>\n\n<div class=\"gb-grid-column gb-grid-column-1598237d\"><div class=\"gb-container gb-container-1598237d\"><div class=\"gb-inside-container\">\n<div class=\"wp-block-image\">\n<figure class=\"aligncenter size-full\"><a href=\"https:\/\/www.instagram.com\/ccoo_diba\/\"><img loading=\"lazy\" decoding=\"async\" width=\"45\" height=\"44\" src=\"https:\/\/ccoo.app\/diputacio-de-barcelona\/wp-content\/blogs.dir\/6\/files\/sites\/186\/2022\/03\/ig.png\" alt=\"Ig\" class=\"wp-image-49918\" \/><\/a><\/figure>\n<\/div>\n<\/div><\/div><\/div>\n\n<div class=\"gb-grid-column gb-grid-column-2db731fe\"><div class=\"gb-container gb-container-2db731fe\"><div class=\"gb-inside-container\">\n<div class=\"wp-block-image\">\n<figure class=\"aligncenter size-full\"><a href=\"https:\/\/ccoo.app\/diputacio-de-barcelona\"><img loading=\"lazy\" decoding=\"async\" width=\"39\" height=\"40\" src=\"https:\/\/ccoo.app\/diputacio-de-barcelona\/wp-content\/blogs.dir\/6\/files\/sites\/186\/2022\/03\/www.png\" alt=\"Www\" class=\"wp-image-49919\" \/><\/a><\/figure>\n<\/div>\n<\/div><\/div><\/div>\n\n<div class=\"gb-grid-column gb-grid-column-f3651540\"><div class=\"gb-container gb-container-f3651540\"><div class=\"gb-inside-container\">\n<div class=\"wp-block-image\">\n<figure class=\"aligncenter size-full is-resized\"><a href=\"https:\/\/www.ccoo.cat\/afiliat\/?_sfm_aff_situation=94\"><img loading=\"lazy\" decoding=\"async\" width=\"125\" height=\"38\" src=\"https:\/\/ccoo.app\/diputacio-de-barcelona\/wp-content\/blogs.dir\/6\/files\/sites\/186\/2022\/03\/af.png\" alt=\"Af\" class=\"wp-image-49920\" style=\"width:125px;height:38px\" \/><\/a><\/figure>\n<\/div>\n<\/div><\/div><\/div>\n<\/div><\/div><\/div>\n","protected":false},"excerpt":{"rendered":"<p>Des de CCOO volem informar-vos de la creaci\u00f3 i posada en marxa del Grup B de classificaci\u00f3 professional: ja \u00e9s una realitat. Aquest assoliment no \u00e9s fruit de la casualitat. &#8230; <\/p>\n<p class=\"read-more-container\"><a title=\"AVANCEM EN EL GRUP B A LA DIPUTACI\u00d3 DE BARCELONA\" class=\"read-more button\" href=\"https:\/\/ccoo.app\/diputacio-de-barcelona\/avancem-en-el-grup-b-a-la-diputacio-de-barcelona\/#more-57586\" aria-label=\"Leer m\u00e1s sobre AVANCEM EN EL GRUP B A LA DIPUTACI\u00d3 DE BARCELONA\">Continuar llegint<\/a><\/p>\n","protected":false},"author":88639,"featured_media":57600,"comment_status":"closed","ping_status":"closed","sticky":false,"template":"","format":"standard","meta":{"footnotes":""},"categories":[38,19],"tags":[],"class_list":["post-57586","post","type-post","status-publish","format-standard","has-post-thumbnail","hentry","category-a-tot-el-personal","category-comunicats","generate-columns","tablet-grid-50","mobile-grid-100","grid-parent","grid-50"],"_links":{"self":[{"href":"https:\/\/ccoo.app\/diputacio-de-barcelona\/wp-json\/wp\/v2\/posts\/57586","targetHints":{"allow":["GET"]}}],"collection":[{"href":"https:\/\/ccoo.app\/diputacio-de-barcelona\/wp-json\/wp\/v2\/posts"}],"about":[{"href":"https:\/\/ccoo.app\/diputacio-de-barcelona\/wp-json\/wp\/v2\/types\/post"}],"author":[{"embeddable":true,"href":"https:\/\/ccoo.app\/diputacio-de-barcelona\/wp-json\/wp\/v2\/users\/88639"}],"replies":[{"embeddable":true,"href":"https:\/\/ccoo.app\/diputacio-de-barcelona\/wp-json\/wp\/v2\/comments?post=57586"}],"version-history":[{"count":4,"href":"https:\/\/ccoo.app\/diputacio-de-barcelona\/wp-json\/wp\/v2\/posts\/57586\/revisions"}],"predecessor-version":[{"id":57605,"href":"https:\/\/ccoo.app\/diputacio-de-barcelona\/wp-json\/wp\/v2\/posts\/57586\/revisions\/57605"}],"wp:featuredmedia":[{"embeddable":true,"href":"https:\/\/ccoo.app\/diputacio-de-barcelona\/wp-json\/wp\/v2\/media\/57600"}],"wp:attachment":[{"href":"https:\/\/ccoo.app\/diputacio-de-barcelona\/wp-json\/wp\/v2\/media?parent=57586"}],"wp:term":[{"taxonomy":"category","embeddable":true,"href":"https:\/\/ccoo.app\/diputacio-de-barcelona\/wp-json\/wp\/v2\/categories?post=57586"},{"taxonomy":"post_tag","embeddable":true,"href":"https:\/\/ccoo.app\/diputacio-de-barcelona\/wp-json\/wp\/v2\/tags?post=57586"}],"curies":[{"name":"wp","href":"https:\/\/api.w.org\/{rel}","templated":true}]}}