{"id":57571,"date":"2026-03-26T16:23:37","date_gmt":"2026-03-26T15:23:37","guid":{"rendered":"https:\/\/ccoo.app\/diputacio-de-barcelona\/?p=57571"},"modified":"2026-03-26T16:23:40","modified_gmt":"2026-03-26T15:23:40","slug":"comunicat-biblioteques-%c2%b7-ccoo-ugt-intersindical","status":"publish","type":"post","link":"https:\/\/ccoo.app\/diputacio-de-barcelona\/comunicat-biblioteques-%c2%b7-ccoo-ugt-intersindical\/","title":{"rendered":"Comunicat Biblioteques \u00b7 CCOO, UGT, Intersindical"},"content":{"rendered":"\n<div style=\"height:20px\" aria-hidden=\"true\" class=\"wp-block-spacer\"><\/div>\n\n\n\n<h4 class=\"gb-headline gb-headline-2ae4c5b6 gb-headline-text\">REUNI\u00d3 AMB EL DIPUTAT DE CULTURA i GERENTA XBM (24\/3)<br> REUNI\u00d3 INFORMATIVA BIBLIOTEQUES-RH (25\/3)<\/h4>\n\n\n<div class=\"wp-block-image\">\n<figure class=\"aligncenter size-full\"><img loading=\"lazy\" decoding=\"async\" width=\"390\" height=\"279\" src=\"https:\/\/ccoo.app\/diputacio-de-barcelona\/wp-content\/blogs.dir\/6\/files\/sites\/186\/2026\/03\/informacio-comunicat-XMB_2.jpg\" alt=\"\" class=\"wp-image-57579\" srcset=\"https:\/\/ccoo.app\/diputacio-de-barcelona\/wp-content\/blogs.dir\/6\/files\/sites\/186\/2026\/03\/informacio-comunicat-XMB_2.jpg 390w, https:\/\/ccoo.app\/diputacio-de-barcelona\/wp-content\/blogs.dir\/6\/files\/sites\/186\/2026\/03\/informacio-comunicat-XMB_2-300x215.jpg 300w\" sizes=\"auto, (max-width: 390px) 100vw, 390px\" \/><\/figure>\n<\/div>\n\n\n<figure class=\"gb-block-image gb-block-image-88f73f58\"><img loading=\"lazy\" decoding=\"async\" width=\"426\" height=\"80\" class=\"gb-image gb-image-88f73f58\" src=\"https:\/\/ccoo.app\/diputacio-de-barcelona\/wp-content\/blogs.dir\/6\/files\/sites\/186\/2026\/03\/LOGOS_CCOO_UGT_ICSC.png\" alt=\"\" title=\"LOGOS_CCOO_UGT_ICSC\" srcset=\"https:\/\/ccoo.app\/diputacio-de-barcelona\/wp-content\/blogs.dir\/6\/files\/sites\/186\/2026\/03\/LOGOS_CCOO_UGT_ICSC.png 426w, https:\/\/ccoo.app\/diputacio-de-barcelona\/wp-content\/blogs.dir\/6\/files\/sites\/186\/2026\/03\/LOGOS_CCOO_UGT_ICSC-300x56.png 300w\" sizes=\"auto, (max-width: 426px) 100vw, 426px\" \/><\/figure>\n\n\n\n<div style=\"height:20px\" aria-hidden=\"true\" class=\"wp-block-spacer\"><\/div>\n\n\n\n<p class=\"gb-headline gb-headline-00e172d7 gb-headline-text\">Dimarts 24 vam reunir-nos amb el <strong>Diputat de Cultura, Pau Gonz\u00e1lez Val<\/strong>. Assistirem les tres seccions que formem la plataforma sindical de biblioteques, CCOO, UGT i la Intersindical, aix\u00ed com la <strong>Gerent del Servei de Biblioteques, Marta Cano.<\/strong><\/p>\n\n\n\n<p class=\"gb-headline gb-headline-1f16c299 gb-headline-text\">Fruit d\u2019aquesta trobada, les tres seccions sindicals us volem traslladar les informacions seg\u00fcents:<\/p>\n\n\n\n<ol class=\"wp-block-list\">\n<li>La Ger\u00e8ncia va presentar la <strong>proposta d\u2019estructures hor\u00e0ries i tipologia de jornada dels diversos llocs de treball<\/strong>. A partir d\u2019aqu\u00ed, cada persona treballadora tindr\u00e0 el seu horari que es comunicar\u00e0 des de la Ger\u00e8ncia a l\u2019Ajuntament.<\/li>\n\n\n\n<li>La Gerent es va comprometre a donar <strong>el m\u00e0xim suport a les direccions davant de decisions d\u2019urg\u00e8ncia<\/strong> (clim\u00e0tiques, greus problemes de l\u2019equipament o manca de personal sobrevinguda principalment), o simplement en la gesti\u00f3 di\u00e0ria del personal de doble depend\u00e8ncia funcional.<\/li>\n\n\n\n<li>Gr\u00e0cies a la nostra pressi\u00f3 s\u2019ha aconseguit el <strong>comprom\u00eds del Diputat i dels RH de revisar els nivells de dest\u00ed i complements <\/strong>en relaci\u00f3 a les responsabilitats reals dels llocs de treball de biblioteques, en seu de comissi\u00f3 de valoraci\u00f3 de llocs de treball. Farem el seguiment i us mantindrem informades.<\/li>\n<\/ol>\n\n\n\n<p class=\"gb-headline gb-headline-1818ceaa gb-headline-text\">Estem parcialment satisfetes per aquests aven\u00e7os i esperem la seva implantaci\u00f3 definitiva com m\u00e9s aviat millor. Tamb\u00e9 ens volem felicitar per la feina feta per la plataforma de seccions sindicals amb el treball de negociaci\u00f3 conjunt d\u2019aquests darrers anys i que ara dona els seus fruits: Per aix\u00f2 tornem a fer una crida al treball sindical unitari i animem la CGT a participar, de nou, de la unitat sindical.<\/p>\n\n\n\n<p class=\"gb-headline gb-headline-9c86f75e gb-headline-text\">Som conscients de la complexitat en que ens trobem per la manca de professionals titulats. La Ger\u00e8ncia est\u00e0 buscant f\u00f3rmules transit\u00f2ries per tal de mantenir el servei de qualitat, com ara recon\u00e8ixer els anys d\u2019experi\u00e8ncia laboral com a Auxiliars de Biblioteques, per poder accedir a ser T\u00e8cnics Mitjans, sempre i quan compleixin la resta de requisits necessaris.<\/p>\n\n\n\n<p class=\"gb-headline gb-headline-6f547169 gb-headline-text\">No obstant aix\u00f2, exhortem la corporaci\u00f3 a executar les propostes de millora de les condicions de treball del col\u00b7lectiu d\u2019XBM sense tardan\u00e7a.<\/p>\n\n\n\n<div style=\"height:100px\" aria-hidden=\"true\" class=\"wp-block-spacer\"><\/div>\n","protected":false},"excerpt":{"rendered":"<p>REUNI\u00d3 AMB EL DIPUTAT DE CULTURA i GERENTA XBM (24\/3) REUNI\u00d3 INFORMATIVA BIBLIOTEQUES-RH (25\/3) Dimarts 24 vam reunir-nos amb el Diputat de Cultura, Pau Gonz\u00e1lez Val. Assistirem les tres seccions &#8230; <\/p>\n<p class=\"read-more-container\"><a title=\"Comunicat Biblioteques \u00b7 CCOO, UGT, Intersindical\" class=\"read-more button\" href=\"https:\/\/ccoo.app\/diputacio-de-barcelona\/comunicat-biblioteques-%c2%b7-ccoo-ugt-intersindical\/#more-57571\" aria-label=\"Leer m\u00e1s sobre Comunicat Biblioteques \u00b7 CCOO, UGT, Intersindical\">Continuar llegint<\/a><\/p>\n","protected":false},"author":88639,"featured_media":57577,"comment_status":"closed","ping_status":"closed","sticky":false,"template":"","format":"standard","meta":{"footnotes":""},"categories":[38,19],"tags":[],"class_list":["post-57571","post","type-post","status-publish","format-standard","has-post-thumbnail","hentry","category-a-tot-el-personal","category-comunicats","generate-columns","tablet-grid-50","mobile-grid-100","grid-parent","grid-50"],"_links":{"self":[{"href":"https:\/\/ccoo.app\/diputacio-de-barcelona\/wp-json\/wp\/v2\/posts\/57571","targetHints":{"allow":["GET"]}}],"collection":[{"href":"https:\/\/ccoo.app\/diputacio-de-barcelona\/wp-json\/wp\/v2\/posts"}],"about":[{"href":"https:\/\/ccoo.app\/diputacio-de-barcelona\/wp-json\/wp\/v2\/types\/post"}],"author":[{"embeddable":true,"href":"https:\/\/ccoo.app\/diputacio-de-barcelona\/wp-json\/wp\/v2\/users\/88639"}],"replies":[{"embeddable":true,"href":"https:\/\/ccoo.app\/diputacio-de-barcelona\/wp-json\/wp\/v2\/comments?post=57571"}],"version-history":[{"count":5,"href":"https:\/\/ccoo.app\/diputacio-de-barcelona\/wp-json\/wp\/v2\/posts\/57571\/revisions"}],"predecessor-version":[{"id":57584,"href":"https:\/\/ccoo.app\/diputacio-de-barcelona\/wp-json\/wp\/v2\/posts\/57571\/revisions\/57584"}],"wp:featuredmedia":[{"embeddable":true,"href":"https:\/\/ccoo.app\/diputacio-de-barcelona\/wp-json\/wp\/v2\/media\/57577"}],"wp:attachment":[{"href":"https:\/\/ccoo.app\/diputacio-de-barcelona\/wp-json\/wp\/v2\/media?parent=57571"}],"wp:term":[{"taxonomy":"category","embeddable":true,"href":"https:\/\/ccoo.app\/diputacio-de-barcelona\/wp-json\/wp\/v2\/categories?post=57571"},{"taxonomy":"post_tag","embeddable":true,"href":"https:\/\/ccoo.app\/diputacio-de-barcelona\/wp-json\/wp\/v2\/tags?post=57571"}],"curies":[{"name":"wp","href":"https:\/\/api.w.org\/{rel}","templated":true}]}}