{"id":57557,"date":"2026-03-18T11:14:55","date_gmt":"2026-03-18T10:14:55","guid":{"rendered":"https:\/\/ccoo.app\/diputacio-de-barcelona\/?p=57557"},"modified":"2026-03-18T11:14:57","modified_gmt":"2026-03-18T10:14:57","slug":"informacions-mesa-general-de-negociacio-3","status":"publish","type":"post","link":"https:\/\/ccoo.app\/diputacio-de-barcelona\/informacions-mesa-general-de-negociacio-3\/","title":{"rendered":"INFORMACIONS MESA GENERAL DE NEGOCIACI\u00d3"},"content":{"rendered":"\n<div style=\"height:20px\" aria-hidden=\"true\" class=\"wp-block-spacer\"><\/div>\n\n\n\n<h4 class=\"wp-block-heading has-text-align-center has-text-color\" style=\"color:#d42e12;font-size:28px\">MESA GENERAL DE NEGOCIACI\u00d3<br>12 DE MAR\u00c7 DE 2026<\/h4>\n\n\n<div class=\"wp-block-image\">\n<figure class=\"aligncenter size-full\"><img loading=\"lazy\" decoding=\"async\" width=\"390\" height=\"279\" src=\"https:\/\/ccoo.app\/diputacio-de-barcelona\/wp-content\/blogs.dir\/6\/files\/sites\/186\/2025\/03\/informacio-mesa-de-negociacio-2.png\" alt=\"\" class=\"wp-image-53971\" srcset=\"https:\/\/ccoo.app\/diputacio-de-barcelona\/wp-content\/blogs.dir\/6\/files\/sites\/186\/2025\/03\/informacio-mesa-de-negociacio-2.png 390w, https:\/\/ccoo.app\/diputacio-de-barcelona\/wp-content\/blogs.dir\/6\/files\/sites\/186\/2025\/03\/informacio-mesa-de-negociacio-2-300x215.png 300w\" sizes=\"auto, (max-width: 390px) 100vw, 390px\" \/><\/figure>\n<\/div>\n\n\n<div style=\"height:20px\" aria-hidden=\"true\" class=\"wp-block-spacer\"><\/div>\n\n\n\n<h4 class=\"gb-headline gb-headline-5ec59457 gb-headline-text\">RETRIBUCIONS FESTIUS<\/h4>\n\n\n\n<p class=\"gb-headline gb-headline-e6fd9523 gb-headline-text\">A la darrera sessi\u00f3 de Mesa General de Negociaci\u00f3, i despr\u00e9s de mesos esperant proposta per part de RH, se\u2019ns ha informat que <strong>la Diputaci\u00f3 aplicar\u00e0 la sent\u00e8ncia sobre l\u2019abonament del complement de festivitats durant els per\u00edodes d\u2019incapacitat temporal, vacances i dies de perm\u00eds <\/strong>per al personal que t\u00e9 assignat treballar caps de setmana i festius.<\/p>\n\n\n\n<p class=\"gb-headline gb-headline-bb696ae9 gb-headline-text\">La intenci\u00f3 de la corporaci\u00f3 \u00e9s abonar-lo a partir de la n\u00f2mina del mes d\u2019abril. No obstant, <strong>des de CCOO exigim a la corporaci\u00f3 que el pagament es faci amb car\u00e0cter retroactiu des de l\u20191 de gener de 2026<\/strong>.<\/p>\n\n\n\n<div style=\"height:20px\" aria-hidden=\"true\" class=\"wp-block-spacer\"><\/div>\n\n\n\n<h4 class=\"gb-headline gb-headline-23a02af3 gb-headline-text\">AJUDA PER LA COMPRA D\u2019ULLERES<\/h4>\n\n\n\n<p class=\"gb-headline gb-headline-1889b7b6 gb-headline-text\">Hem tornat a exigir en Mesa de Negociaci\u00f3 que s\u2019activi el mecanisme per a l\u2019adquisici\u00f3 d\u2019ulleres graduades per a les persones treballadores usu\u00e0ries de pantalles de visualitzaci\u00f3 de dades (PVD).<\/p>\n\n\n\n<p class=\"gb-headline gb-headline-e01354d6 gb-headline-text\">Des de Recursos Humans expliquen que la mesura s\u2019aplicar\u00e0 amb efectes d\u20191 de gener de 2026. Tanmateix, <strong>instem la corporaci\u00f3 a posar en marxa els mecanismes necessaris perqu\u00e8 els treballadors i les treballadores puguin sol\u00b7licitar el reemborsament de l\u2019import corresponent al m\u00e9s aviat possible<\/strong>. I demanem celeritat als organismes aut\u00f2noms perqu\u00e8 adaptin els mecanismes de sol\u00b7licitud a les seves organitzacions.<\/p>\n\n\n\n<div style=\"height:20px\" aria-hidden=\"true\" class=\"wp-block-spacer\"><\/div>\n\n\n\n<h4 class=\"gb-headline gb-headline-9352119e gb-headline-text\">PARCS NATURALS<\/h4>\n\n\n\n<p class=\"gb-headline gb-headline-77db6e0d gb-headline-text\">Des de CCOO hem sol\u00b7licitat una reuni\u00f3 amb RH i amb el coordinador de l\u2019\u00c0rea d\u2019Espais Naturals per exigir l\u2019aplicaci\u00f3 efectiva de la Llei 4\/2024, b\u00e0sica d\u2019agents forestals i mediambientals.<\/p>\n\n\n\n<p class=\"gb-headline gb-headline-996b2b38 gb-headline-text\"><strong>Hem demanat informaci\u00f3 sobre la promoci\u00f3 interna al subgrup C1 dels Agents d\u2019Espais Naturals i hem reclamat un complement espec\u00edfic per al personal que continu\u00ef al subgrup C2<\/strong>.<\/p>\n\n\n\n<p class=\"gb-headline gb-headline-9d512bb4 gb-headline-text\">Tamb\u00e9 hem exigit aclariments sobre la identificaci\u00f3 i els logotips que s\u2019utilitzaran en uniformes i vehicles, aix\u00ed com sobre la formaci\u00f3 espec\u00edfica necess\u00e0ria per assumir les noves funcions i responsabilitats que estableix la llei.<\/p>\n\n\n\n<p class=\"gb-headline gb-headline-8dc6188a gb-headline-text\">Finalment, <strong>des de CCOO reclamem la inclusi\u00f3 dels Agents d\u2019Espais Naturals al sistema d\u2019emerg\u00e8ncies 112 per garantir una coordinaci\u00f3 efectiva amb la resta de cossos operatius<\/strong>.<\/p>\n\n\n\n<div style=\"height:20px\" aria-hidden=\"true\" class=\"wp-block-spacer\"><\/div>\n\n\n\n<h4 class=\"gb-headline gb-headline-75a09792 gb-headline-text\">INSTITUT DEL TEATRE<\/h4>\n\n\n\n<p class=\"gb-headline gb-headline-02de05ed gb-headline-text\">Des de CCOO lamentem que els companys i companyes adscrits a l\u2019Institut del Teatre no hagin cobrat els increments retributius corresponents a l\u2019any 2025 igual que la resta del personal a la n\u00f2mina del febrer i ho facin un mes m\u00e9s tard. <strong>Des de CCOO exigim que els mecanismes d\u2019aplicaci\u00f3 dels acords sigui de manera immediata als diferents organismes aut\u00f2noms<\/strong>. O \u00e9s que tenim funcionaris de primera i funcionaris de segona?<\/p>\n\n\n\n<div style=\"height:20px\" aria-hidden=\"true\" class=\"wp-block-spacer\"><\/div>\n\n\n\n<h4 class=\"gb-headline gb-headline-a3b7b58d gb-headline-text\">CANVIS TORN RESPIR<\/h4>\n\n\n\n<p class=\"gb-headline gb-headline-2da08b82 gb-headline-text\">Des de CCOO hem sol\u00b7licitat quan s\u2019executaran els canvis de torn per provisi\u00f3 dels diferents col\u00b7lectius del RESPIR. Tot i que els diferents tribunals segueixen treballant en les resolucions hem exigit que, en cas de produir-se canvis de torn, aquests <strong>respectin les sol\u00b7licituds de vacances ja realitzades, o a punt de fer-ho, per part dels treballadors i treballadores.<\/strong><\/p>\n\n\n\n<div style=\"height:20px\" aria-hidden=\"true\" class=\"wp-block-spacer\"><\/div>\n\n\n\n<h4 class=\"gb-headline gb-headline-2e191039 gb-headline-text\">PROPOSTA MOBILITAT<\/h4>\n\n\n\n<p class=\"gb-headline gb-headline-badbad7d gb-headline-text\"><strong>Des de CCOO hem presentat una proposta a la corporaci\u00f3 per fomentar l\u2019\u00fas del transport p\u00fablic entre les treballadores i els treballadors<\/strong>, mitjan\u00e7ant una contribuci\u00f3 econ\u00f2mica en l\u2019adquisici\u00f3 de t\u00edtols de transport p\u00fablic col\u00b7lectiu. Un sistema similar al que ja tenim instaurat amb l\u2019ajut menjar mitjan\u00e7ant la targeta Cheque Gourmet.<\/p>\n\n\n\n<p class=\"gb-headline gb-headline-679af25f gb-headline-text\">Considerem que aquesta mesura \u00e9s plenament coherent amb els principis que defensa la Diputaci\u00f3 de Barcelona, com els Objectius de Desenvolupament Sostenible (ODS) i l\u2019Agenda 2030, aix\u00ed com amb el Pla de Despla\u00e7aments d\u2019Empresa (PDE) i el Pla de mobilitat.<\/p>\n\n\n\n<p class=\"gb-headline gb-headline-fe52f95a gb-headline-text\">A m\u00e9s de facilitar una mobilitat m\u00e9s sostenible, aquesta iniciativa contribuir\u00e0 a millorar les condicions de mobilitat de la plantilla i a reduir l\u2019accidentabilitat <em>in itinere. <\/em>Us anirem informant.<\/p>\n\n\n\n<div style=\"height:20px\" aria-hidden=\"true\" class=\"wp-block-spacer\"><\/div>\n\n\n\n<h4 class=\"gb-headline gb-headline-9ba5bb5b gb-headline-text\">TELEFONISTES<\/h4>\n\n\n\n<p class=\"gb-headline gb-headline-5dfe00c4 gb-headline-text\">Despr\u00e9s d\u2019haver-ho sol\u00b7licitat en diferents sessions i reunions, finalment hem aconseguit el comprom\u00eds de la Diputaci\u00f3 perqu\u00e8 el personal de la unitat de telefonistes puguin realitzar part de la seva jornada en modalitat h\u00edbrida. <strong>\u00c9s un aven\u00e7 per a un col\u00b7lectiu que sempre ha restat al marge d\u2019aquesta modalitat tot i reunir els requisits establerts per a poder accedir-hi<\/strong>.<\/p>\n\n\n\n<div style=\"height:20px\" aria-hidden=\"true\" class=\"wp-block-spacer\"><\/div>\n\n\n\n<h4 class=\"gb-headline gb-headline-3f65876b gb-headline-text\">XBM<\/h4>\n\n\n\n<p class=\"gb-headline gb-headline-9ff69ddb gb-headline-text\">Arran de diferents demandes que hem rebut per part de treballadores i treballadors d\u2019XBM, us informem que <strong>hem exigit a l&#8217;Oficina de Prevenci\u00f3 la inclusi\u00f3 de tot el personal d\u2019XBM en la formaci\u00f3 d\u2019emerg\u00e8ncies i autoprotecci\u00f3<\/strong>. A m\u00e9s, respecte a XBM, hem mantingut una reuni\u00f3 amb la gerent per tal de buscar solucions organitzatives i retributives per al conjunt de treballadores i treballadors de biblioteques: com ara l\u2019increment del nivell de dest\u00ed, el reconeixement de la particularitat de lloc de treball de director de biblioteca, les planilles de treball de cada empleat i empleada aix\u00ed com augmentar els perfils professionals que hi actuen dins d\u2019una biblioteca per tal de garantir un bon servei a la ciutadania. Us mantindrem informats i informades.<\/p>\n\n\n\n<div style=\"height:20px\" aria-hidden=\"true\" class=\"wp-block-spacer\"><\/div>\n\n\n\n<h4 class=\"gb-headline gb-headline-7ec1c49a gb-headline-text\">MILLORA SOCIAL<\/h4>\n\n\n\n<p class=\"gb-headline gb-headline-98b32351 gb-headline-text\">Us recordem que teniu fins al 31 de mar\u00e7 per sol\u00b7licitar les millores socials corresponents al 2025, que es cobraran durant el segon semestre d\u2019aquest any. Podeu fer el tr\u00e0mit al vostre espai personal o portal de l\u2019empleat. A partir de l\u20191 d\u2019abril ja es podran comen\u00e7ar a demanar les millores socials del 2026.<\/p>\n\n\n\n<p class=\"gb-headline gb-headline-2c7f586e gb-headline-text\">Els imports que heu de justificar s\u00f3n en funci\u00f3 del tram que us correspongui:<\/p>\n\n\n<div class=\"wp-block-image\">\n<figure class=\"aligncenter size-large is-resized\"><img loading=\"lazy\" decoding=\"async\" width=\"1024\" height=\"892\" src=\"https:\/\/ccoo.app\/diputacio-de-barcelona\/wp-content\/blogs.dir\/6\/files\/sites\/186\/2026\/03\/MILLORES-SOCIALS-TRAMS-1024x892.jpg\" alt=\"\" class=\"wp-image-57559\" style=\"width:800px\" srcset=\"https:\/\/ccoo.app\/diputacio-de-barcelona\/wp-content\/blogs.dir\/6\/files\/sites\/186\/2026\/03\/MILLORES-SOCIALS-TRAMS-1024x892.jpg 1024w, https:\/\/ccoo.app\/diputacio-de-barcelona\/wp-content\/blogs.dir\/6\/files\/sites\/186\/2026\/03\/MILLORES-SOCIALS-TRAMS-300x261.jpg 300w, https:\/\/ccoo.app\/diputacio-de-barcelona\/wp-content\/blogs.dir\/6\/files\/sites\/186\/2026\/03\/MILLORES-SOCIALS-TRAMS-768x669.jpg 768w, https:\/\/ccoo.app\/diputacio-de-barcelona\/wp-content\/blogs.dir\/6\/files\/sites\/186\/2026\/03\/MILLORES-SOCIALS-TRAMS-1536x1338.jpg 1536w, https:\/\/ccoo.app\/diputacio-de-barcelona\/wp-content\/blogs.dir\/6\/files\/sites\/186\/2026\/03\/MILLORES-SOCIALS-TRAMS-2048x1784.jpg 2048w\" sizes=\"auto, (max-width: 1024px) 100vw, 1024px\" \/><\/figure>\n<\/div>\n\n\n<p class=\"gb-headline gb-headline-db17a8ec gb-headline-text\">Hem tornat a demanar la comissi\u00f3 de seguiment de l\u2019acord per garantir la correcta aplicaci\u00f3 de les millores socials.<\/p>\n\n\n\n<div style=\"height:60px\" aria-hidden=\"true\" class=\"wp-block-spacer\"><\/div>\n\n\n<div class=\"gb-container gb-container-d4283c0a\">\n\n<div style=\"height:30px\" aria-hidden=\"true\" class=\"wp-block-spacer\"><\/div>\n\n\n<div class=\"wp-block-image\">\n<figure class=\"aligncenter size-full is-resized\"><img loading=\"lazy\" decoding=\"async\" width=\"512\" height=\"512\" src=\"https:\/\/ccoo.app\/diputacio-de-barcelona\/wp-content\/blogs.dir\/6\/files\/sites\/186\/2023\/04\/preguntes.png\" alt=\"Preguntes\" class=\"wp-image-52698\" style=\"width:128px;height:128px\" srcset=\"https:\/\/ccoo.app\/diputacio-de-barcelona\/wp-content\/blogs.dir\/6\/files\/sites\/186\/2023\/04\/preguntes.png 512w, https:\/\/ccoo.app\/diputacio-de-barcelona\/wp-content\/blogs.dir\/6\/files\/sites\/186\/2023\/04\/preguntes-300x300.png 300w, https:\/\/ccoo.app\/diputacio-de-barcelona\/wp-content\/blogs.dir\/6\/files\/sites\/186\/2023\/04\/preguntes-150x150.png 150w\" sizes=\"auto, (max-width: 512px) 100vw, 512px\" \/><\/figure>\n<\/div>\n\n\n<div style=\"height:60px\" aria-hidden=\"true\" class=\"wp-block-spacer\"><\/div>\n\n\n\n<h3 class=\"gb-headline gb-headline-c5bcf253 gb-headline-text\"><strong>No et quedis mai amb el dubte,<br><\/strong>contacta amb CCOO<\/h3>\n\n\n\n<div class=\"wp-block-buttons is-content-justification-center is-layout-flex wp-container-core-buttons-is-layout-16018d1d wp-block-buttons-is-layout-flex\">\n<div class=\"wp-block-button is-style-fill\"><a class=\"wp-block-button__link has-base-3-color has-contrast-2-background-color has-text-color has-background wp-element-button\" href=\"https:\/\/ccoo.app\/diputacio-de-barcelona\/seccio-sindical-de-ccoo\/\" style=\"border-radius:0px\">CONTACTA&#8217;NS<\/a><\/div>\n<\/div>\n\n<\/div>\n\n\n<div style=\"height:120px\" aria-hidden=\"true\" class=\"wp-block-spacer\"><\/div>\n\n\n<div class=\"gb-grid-wrapper gb-grid-wrapper-d65739e2\">\n<div class=\"gb-grid-column gb-grid-column-ecc8725d\"><div class=\"gb-container gb-container-ecc8725d\"><div class=\"gb-inside-container\">\n<div class=\"wp-block-image\">\n<figure class=\"aligncenter size-full\"><img loading=\"lazy\" decoding=\"async\" width=\"129\" height=\"38\" src=\"https:\/\/ccoo.app\/diputacio-de-barcelona\/wp-content\/blogs.dir\/6\/files\/sites\/186\/2022\/03\/tel.png\" alt=\"Tel\" class=\"wp-image-49915\" \/><\/figure>\n<\/div>\n<\/div><\/div><\/div>\n\n<div class=\"gb-grid-column gb-grid-column-4c28778f\"><div class=\"gb-container gb-container-4c28778f\"><div class=\"gb-inside-container\">\n<div class=\"wp-block-image\">\n<figure class=\"aligncenter size-full\"><a href=\"mailto:ccoo@diba.cat\"><img loading=\"lazy\" decoding=\"async\" width=\"51\" height=\"37\" src=\"https:\/\/ccoo.app\/diputacio-de-barcelona\/wp-content\/blogs.dir\/6\/files\/sites\/186\/2022\/03\/mail.png\" alt=\"Mail\" class=\"wp-image-49916\" \/><\/a><\/figure>\n<\/div>\n<\/div><\/div><\/div>\n\n<div class=\"gb-grid-column gb-grid-column-c6cc0957\"><div class=\"gb-container gb-container-c6cc0957\"><div class=\"gb-inside-container\">\n<div class=\"wp-block-image\">\n<figure class=\"aligncenter size-full\"><a href=\"https:\/\/twitter.com\/ccoodiba\"><img loading=\"lazy\" decoding=\"async\" width=\"44\" height=\"38\" src=\"https:\/\/ccoo.app\/diputacio-de-barcelona\/wp-content\/blogs.dir\/6\/files\/sites\/186\/2022\/03\/tw.png\" alt=\"Tw\" class=\"wp-image-49917\" \/><\/a><\/figure>\n<\/div>\n<\/div><\/div><\/div>\n\n<div class=\"gb-grid-column gb-grid-column-1598237d\"><div class=\"gb-container gb-container-1598237d\"><div class=\"gb-inside-container\">\n<div class=\"wp-block-image\">\n<figure class=\"aligncenter size-full\"><a href=\"https:\/\/www.instagram.com\/ccoo_diba\/\"><img loading=\"lazy\" decoding=\"async\" width=\"45\" height=\"44\" src=\"https:\/\/ccoo.app\/diputacio-de-barcelona\/wp-content\/blogs.dir\/6\/files\/sites\/186\/2022\/03\/ig.png\" alt=\"Ig\" class=\"wp-image-49918\" \/><\/a><\/figure>\n<\/div>\n<\/div><\/div><\/div>\n\n<div class=\"gb-grid-column gb-grid-column-2db731fe\"><div class=\"gb-container gb-container-2db731fe\"><div class=\"gb-inside-container\">\n<div class=\"wp-block-image\">\n<figure class=\"aligncenter size-full\"><a href=\"https:\/\/ccoo.app\/diputacio-de-barcelona\"><img loading=\"lazy\" decoding=\"async\" width=\"39\" height=\"40\" src=\"https:\/\/ccoo.app\/diputacio-de-barcelona\/wp-content\/blogs.dir\/6\/files\/sites\/186\/2022\/03\/www.png\" alt=\"Www\" class=\"wp-image-49919\" \/><\/a><\/figure>\n<\/div>\n<\/div><\/div><\/div>\n\n<div class=\"gb-grid-column gb-grid-column-f3651540\"><div class=\"gb-container gb-container-f3651540\"><div class=\"gb-inside-container\">\n<div class=\"wp-block-image\">\n<figure class=\"aligncenter size-full is-resized\"><a href=\"https:\/\/www.ccoo.cat\/afiliat\/?_sfm_aff_situation=94\"><img loading=\"lazy\" decoding=\"async\" width=\"125\" height=\"38\" src=\"https:\/\/ccoo.app\/diputacio-de-barcelona\/wp-content\/blogs.dir\/6\/files\/sites\/186\/2022\/03\/af.png\" alt=\"Af\" class=\"wp-image-49920\" style=\"width:125px;height:38px\" \/><\/a><\/figure>\n<\/div>\n<\/div><\/div><\/div>\n<\/div>\n\n\n<div style=\"height:100px\" aria-hidden=\"true\" class=\"wp-block-spacer\"><\/div>\n","protected":false},"excerpt":{"rendered":"<p>MESA GENERAL DE NEGOCIACI\u00d312 DE MAR\u00c7 DE 2026 RETRIBUCIONS FESTIUS A la darrera sessi\u00f3 de Mesa General de Negociaci\u00f3, i despr\u00e9s de mesos esperant proposta per part de RH, se\u2019ns &#8230; <\/p>\n<p class=\"read-more-container\"><a title=\"INFORMACIONS MESA GENERAL DE NEGOCIACI\u00d3\" class=\"read-more button\" href=\"https:\/\/ccoo.app\/diputacio-de-barcelona\/informacions-mesa-general-de-negociacio-3\/#more-57557\" aria-label=\"Leer m\u00e1s sobre INFORMACIONS MESA GENERAL DE NEGOCIACI\u00d3\">Continuar llegint<\/a><\/p>\n","protected":false},"author":88639,"featured_media":53972,"comment_status":"closed","ping_status":"closed","sticky":false,"template":"","format":"standard","meta":{"footnotes":""},"categories":[38,19],"tags":[],"class_list":["post-57557","post","type-post","status-publish","format-standard","has-post-thumbnail","hentry","category-a-tot-el-personal","category-comunicats","generate-columns","tablet-grid-50","mobile-grid-100","grid-parent","grid-50"],"_links":{"self":[{"href":"https:\/\/ccoo.app\/diputacio-de-barcelona\/wp-json\/wp\/v2\/posts\/57557","targetHints":{"allow":["GET"]}}],"collection":[{"href":"https:\/\/ccoo.app\/diputacio-de-barcelona\/wp-json\/wp\/v2\/posts"}],"about":[{"href":"https:\/\/ccoo.app\/diputacio-de-barcelona\/wp-json\/wp\/v2\/types\/post"}],"author":[{"embeddable":true,"href":"https:\/\/ccoo.app\/diputacio-de-barcelona\/wp-json\/wp\/v2\/users\/88639"}],"replies":[{"embeddable":true,"href":"https:\/\/ccoo.app\/diputacio-de-barcelona\/wp-json\/wp\/v2\/comments?post=57557"}],"version-history":[{"count":5,"href":"https:\/\/ccoo.app\/diputacio-de-barcelona\/wp-json\/wp\/v2\/posts\/57557\/revisions"}],"predecessor-version":[{"id":57563,"href":"https:\/\/ccoo.app\/diputacio-de-barcelona\/wp-json\/wp\/v2\/posts\/57557\/revisions\/57563"}],"wp:featuredmedia":[{"embeddable":true,"href":"https:\/\/ccoo.app\/diputacio-de-barcelona\/wp-json\/wp\/v2\/media\/53972"}],"wp:attachment":[{"href":"https:\/\/ccoo.app\/diputacio-de-barcelona\/wp-json\/wp\/v2\/media?parent=57557"}],"wp:term":[{"taxonomy":"category","embeddable":true,"href":"https:\/\/ccoo.app\/diputacio-de-barcelona\/wp-json\/wp\/v2\/categories?post=57557"},{"taxonomy":"post_tag","embeddable":true,"href":"https:\/\/ccoo.app\/diputacio-de-barcelona\/wp-json\/wp\/v2\/tags?post=57557"}],"curies":[{"name":"wp","href":"https:\/\/api.w.org\/{rel}","templated":true}]}}