{"id":57528,"date":"2026-03-19T13:19:00","date_gmt":"2026-03-19T12:19:00","guid":{"rendered":"https:\/\/ccoo.app\/diputacio-de-barcelona\/?p=57528"},"modified":"2026-03-20T09:16:13","modified_gmt":"2026-03-20T08:16:13","slug":"comite-de-seguretat-i-salut-7","status":"publish","type":"post","link":"https:\/\/ccoo.app\/diputacio-de-barcelona\/comite-de-seguretat-i-salut-7\/","title":{"rendered":"COMIT\u00c8 DE SEGURETAT I SALUT"},"content":{"rendered":"\n<div style=\"height:40px\" aria-hidden=\"true\" class=\"wp-block-spacer\"><\/div>\n\n\n\n<figure class=\"gb-block-image gb-block-image-1bd8cee7\"><img loading=\"lazy\" decoding=\"async\" width=\"390\" height=\"390\" class=\"gb-image gb-image-1bd8cee7\" src=\"https:\/\/ccoo.app\/diputacio-de-barcelona\/wp-content\/blogs.dir\/6\/files\/sites\/186\/2023\/03\/informacio-salud-laboral.png\" alt=\"Informacio Salud Laboral\" title=\"Informacio Salud Laboral\" srcset=\"https:\/\/ccoo.app\/diputacio-de-barcelona\/wp-content\/blogs.dir\/6\/files\/sites\/186\/2023\/03\/informacio-salud-laboral.png 390w, https:\/\/ccoo.app\/diputacio-de-barcelona\/wp-content\/blogs.dir\/6\/files\/sites\/186\/2023\/03\/informacio-salud-laboral-300x300.png 300w, https:\/\/ccoo.app\/diputacio-de-barcelona\/wp-content\/blogs.dir\/6\/files\/sites\/186\/2023\/03\/informacio-salud-laboral-150x150.png 150w\" sizes=\"auto, (max-width: 390px) 100vw, 390px\" \/><\/figure>\n\n\n\n<div style=\"height:40px\" aria-hidden=\"true\" class=\"wp-block-spacer\"><\/div>\n\n\n\n<p class=\"gb-headline gb-headline-e9541c65 gb-headline-text\">A la darrera reuni\u00f3 del Comit\u00e8 de Seguretat i Salut de la Diputaci\u00f3 de Barcelona <strong>des de CCOO vam tractar els seg\u00fcents punts que afecten les condicions de seguretat i salut <\/strong>de les treballadores i treballadors de la corporaci\u00f3:<\/p>\n\n\n\n<div style=\"height:10px\" aria-hidden=\"true\" class=\"wp-block-spacer\"><\/div>\n\n\n<div class=\"gb-container gb-container-5d0fa1dd\">\n\n<h4 class=\"gb-headline gb-headline-b555aa4e gb-headline-text\">MEM\u00d2RIA ANUAL DIBA 2025<\/h4>\n\n\n\n<ul class=\"wp-block-list\">\n<li>Hem rebut per part de l\u2019Oficina de Prevenci\u00f3 de Riscos Laborals el <strong>nou informe de sinistralitat de la corporaci\u00f3, el qual reflexa, per primera vegada, la realitat exacta de l\u2019accidentalitat a l\u2019empresa<\/strong> segons les Ger\u00e8ncies i els col\u00b7lectius existents a cadascuna d\u2019elles.&nbsp;Un document en el qual CCOO havia insistit de manera reiterada.<\/li>\n<\/ul>\n\n<\/div>\n\n<div class=\"gb-container gb-container-f2168796\">\n\n<h4 class=\"gb-headline gb-headline-4a3ce4b2 gb-headline-text\">MEM\u00d2RIA SERVEI DE PREVENCI\u00d3 DIBA (VITALY)<\/h4>\n\n\n\n<ul class=\"wp-block-list\">\n<li><strong>Exigim que es torni a incloure la determinaci\u00f3 de Vit D als ex\u00e0mens de salut<\/strong>, ja que aquesta \u00e9s un indicador de trastorns musculoesquel\u00e8tics i, en cap cas, un canvi en l\u2019empresa de vigil\u00e0ncia de la salut ha d\u2019anar en detriment dels treballadors o treballadores de la corporaci\u00f3.<\/li>\n<\/ul>\n\n<\/div>\n\n<div class=\"gb-container gb-container-1728f33b\">\n\n<h4 class=\"gb-headline gb-headline-938a8999 gb-headline-text\">PROGRAMACI\u00d3 ACTIVITATS PREVENTIVES 2026<\/h4>\n\n\n\n<ul class=\"wp-block-list\">\n<li><strong>Tornem a reclamar la planificaci\u00f3 sobre la formaci\u00f3 b\u00e0sica en prevenci\u00f3 de riscos, Recurs Preventiu<\/strong>. Aquesta figura \u00e9s l\u2019encarregada de vetllar pel correcte compliment de les mesures preventives d\u2019aquelles activitats que aix\u00ed ho requereixin&nbsp;i que poden concorre en risc per als treballadors i treballadores de la corporaci\u00f3 (treballs en al\u00e7ada, espais confinats, etc.).&nbsp;La previsi\u00f3 de l\u2019OPRL \u00e9s realitzar-la aviat.<\/li>\n\n\n\n<li><strong>Sol\u00b7licitem que la formaci\u00f3 referent a Emerg\u00e8ncies i autoprotecci\u00f3,<\/strong> i Primers auxilis i \u00fas del DESA es faci extensiva a tot el personal que treballa a <strong>la Xarxa de Biblioteques<\/strong>.<\/li>\n\n\n\n<li><strong>Es reclama formaci\u00f3 pr\u00e0ctica de conducci\u00f3 segura en situacions de nevades pel personal d\u2019Infraestructures Vi\u00e0ries<\/strong>.<\/li>\n\n\n\n<li><strong>Se sol\u00b7licita formaci\u00f3 espec\u00edfica d\u2019abatiment d\u2019arbres de m\u00e9s de 24 cm i arbres atrapats pel personal de Parcs Naturals, Paisatgisme i Infraestructures Vi\u00e0ries<\/strong>.<\/li>\n<\/ul>\n\n<\/div>\n\n<div class=\"gb-container gb-container-af3216ca\">\n\n<h4 class=\"gb-headline gb-headline-561c98a7 gb-headline-text\">INFRAESTRUCTURES VI\u00c0RIES<\/h4>\n\n\n\n<ul class=\"wp-block-list\">\n<li>Es reclama la <strong>instal\u00b7laci\u00f3 de c\u00e0meres de seguretat al CCC Granollers <\/strong>a causa dels \u00faltims episodis de robatoris.<\/li>\n<\/ul>\n\n<\/div>\n\n<div class=\"gb-container gb-container-8c5e6931\">\n\n<h4 class=\"gb-headline gb-headline-100bb699 gb-headline-text\">INSTITUT DEL TEATRE<\/h4>\n\n\n\n<ul class=\"wp-block-list\">\n<li><strong>Insistim en la pres\u00e8ncia d\u2019algun representant de l\u2019Institut del Teatre <\/strong>per donar resposta a totes les q\u00fcestions en mat\u00e8ria de seguretat i salut que afecten els treballadors i treballadores d\u2019aquest organisme.<\/li>\n\n\n\n<li><strong>Continuem insistint en la necessitat d&#8217;acc\u00e9s a tota la informaci\u00f3 i documentaci\u00f3<\/strong>, aix\u00ed com que tamb\u00e9 se\u2019ns faci arribar qualsevol convocat\u00f2ria en mat\u00e8ria de prevenci\u00f3 de riscos laborals per tal de garantir els drets fonamentals de representaci\u00f3, informaci\u00f3, consulta i participaci\u00f3 dels delegats i delegades de prevenci\u00f3 representants del personal funcionari.<\/li>\n<\/ul>\n\n<\/div>\n\n<div class=\"gb-container gb-container-67692e44\">\n\n<h4 class=\"gb-headline gb-headline-07aceba6 gb-headline-text\">ORGT<\/h4>\n\n\n\n<ul class=\"wp-block-list\">\n<li><strong>Demanem que la prova pilot sobre soroll que s\u2019est\u00e0 desenvolupant a l\u2019oficina de Matar\u00f3 s\u2019ampli\u00ef a diverses oficines m\u00e9s<\/strong>.<\/li>\n\n\n\n<li><strong>Denunciem que els treballadors de les oficines de Ripollet i Cerdanyola estan exposats a altes concentracions de CO\u2082 <\/strong>i pateixen mol\u00e8sties derivades d\u2019aquesta situaci\u00f3. Arran de la nostra intervenci\u00f3, aquestes oficines resten tancades en l\u2019actualitat fins que es trobin solucions satisfact\u00f2ries i de confort tant per a la plantilla com per a les persones usu\u00e0ries.<\/li>\n\n\n\n<li><strong>Demanem explicacions sobre el retard del trasllat de l\u2019oficina de Montcada i Reixac<\/strong>, ja que el personal pateix importants mol\u00e8sties a causa del soroll de les obres ferrovi\u00e0ries que s\u2019estan duent a terme al municipi.<\/li>\n<\/ul>\n\n<\/div>\n\n<div class=\"gb-container gb-container-8e9b22e7\">\n\n<h4 class=\"gb-headline gb-headline-11dcb7b2 gb-headline-text\">REUNI\u00d3 M\u00daTUA UMIVALE<\/h4>\n\n\n\n<ul class=\"wp-block-list\">\n<li><strong>Se sol\u00b7licita que ens facin arribar quins s\u00f3n els criteris de coher\u00e8ncia que fan determinar que un accident es consideri laboral o no<\/strong>.<\/li>\n\n\n\n<li>Tanmateix, sol\u00b7licitem les dades referents a tots aquells accidents ocorreguts durant la jornada laboral, per\u00f2 que la M\u00fatua no els considera com a tal i els canvis de conting\u00e8ncies que es realitzen al respecte.<\/li>\n\n\n\n<li><strong>Demanem dades de les queixes rebudes durant aquest darrer any 2025<\/strong>. Aquestes han augmentat un 100% respecte de l\u2019any anterior, senyal que hi ha quelcom que no estan fent b\u00e9.<\/li>\n\n\n\n<li><strong>Rebutgem les pr\u00e0ctiques realitzades per la M\u00fatua a trav\u00e9s de trucades telef\u00f2niques repetitives realitzades per contestadors autom\u00e0tics intel\u00b7ligents a treballadors i treballadores que es troben en situaci\u00f3 d\u2019incapacitat temporal,<\/strong> desvirtuant aix\u00ed l\u2019atenci\u00f3 personalitzada cap a aquestes persones.<\/li>\n<\/ul>\n\n<\/div>\n\n\n<div style=\"height:40px\" aria-hidden=\"true\" class=\"wp-block-spacer\"><\/div>\n\n\n<div class=\"wp-block-image\">\n<figure class=\"aligncenter size-full is-resized\"><img loading=\"lazy\" decoding=\"async\" width=\"512\" height=\"512\" src=\"https:\/\/ccoo.app\/diputacio-de-barcelona\/wp-content\/blogs.dir\/6\/files\/sites\/186\/2023\/04\/preguntes.png\" alt=\"Preguntes\" class=\"wp-image-52698\" style=\"width:128px;height:128px\" srcset=\"https:\/\/ccoo.app\/diputacio-de-barcelona\/wp-content\/blogs.dir\/6\/files\/sites\/186\/2023\/04\/preguntes.png 512w, https:\/\/ccoo.app\/diputacio-de-barcelona\/wp-content\/blogs.dir\/6\/files\/sites\/186\/2023\/04\/preguntes-300x300.png 300w, https:\/\/ccoo.app\/diputacio-de-barcelona\/wp-content\/blogs.dir\/6\/files\/sites\/186\/2023\/04\/preguntes-150x150.png 150w\" sizes=\"auto, (max-width: 512px) 100vw, 512px\" \/><\/figure>\n<\/div>\n\n<div class=\"gb-container gb-container-d4283c0a\">\n\n<div style=\"height:25px\" aria-hidden=\"true\" class=\"wp-block-spacer\"><\/div>\n\n\n\n<h4 class=\"gb-headline gb-headline-66b0aa8f gb-headline-text\">SALUT LABORAL<\/h4>\n\n\n\n<h3 class=\"gb-headline gb-headline-f5c8f4d8 gb-headline-text\"><strong>No et quedis mai amb el dubte,<br>contacta amb CCOO<\/strong><\/h3>\n\n\n\n<div class=\"wp-block-buttons is-content-justification-center is-layout-flex wp-container-core-buttons-is-layout-16018d1d wp-block-buttons-is-layout-flex\">\n<div class=\"wp-block-button is-style-fill\"><a class=\"wp-block-button__link has-base-3-color has-contrast-2-background-color has-text-color has-background wp-element-button\" href=\"https:\/\/ccoo.app\/diputacio-de-barcelona\/seccio-sindical-de-ccoo\/\" style=\"border-radius:0px\">CONTACTA&#8217;NS<\/a><\/div>\n<\/div>\n\n<\/div>\n\n\n<div style=\"height:40px\" aria-hidden=\"true\" class=\"wp-block-spacer\"><\/div>\n\n\n\n<div class=\"wp-block-group\"><div class=\"wp-block-group__inner-container is-layout-constrained wp-block-group-is-layout-constrained\"><div class=\"gb-grid-wrapper gb-grid-wrapper-d65739e2\">\n<div class=\"gb-grid-column gb-grid-column-ecc8725d\"><div class=\"gb-container gb-container-ecc8725d\"><div class=\"gb-inside-container\">\n<div class=\"wp-block-image\">\n<figure class=\"aligncenter size-full\"><img loading=\"lazy\" decoding=\"async\" width=\"129\" height=\"38\" src=\"https:\/\/ccoo.app\/diputacio-de-barcelona\/wp-content\/blogs.dir\/6\/files\/sites\/186\/2022\/03\/tel.png\" alt=\"Tel\" class=\"wp-image-49915\" \/><\/figure>\n<\/div>\n<\/div><\/div><\/div>\n\n<div class=\"gb-grid-column gb-grid-column-4c28778f\"><div class=\"gb-container gb-container-4c28778f\"><div class=\"gb-inside-container\">\n<div class=\"wp-block-image\">\n<figure class=\"aligncenter size-full\"><a href=\"mailto:ccoo@diba.cat\"><img loading=\"lazy\" decoding=\"async\" width=\"51\" height=\"37\" src=\"https:\/\/ccoo.app\/diputacio-de-barcelona\/wp-content\/blogs.dir\/6\/files\/sites\/186\/2022\/03\/mail.png\" alt=\"Mail\" class=\"wp-image-49916\" \/><\/a><\/figure>\n<\/div>\n<\/div><\/div><\/div>\n\n<div class=\"gb-grid-column gb-grid-column-c6cc0957\"><div class=\"gb-container gb-container-c6cc0957\"><div class=\"gb-inside-container\">\n<div class=\"wp-block-image\">\n<figure class=\"aligncenter size-full\"><a href=\"https:\/\/twitter.com\/ccoodiba\"><img loading=\"lazy\" decoding=\"async\" width=\"44\" height=\"38\" src=\"https:\/\/ccoo.app\/diputacio-de-barcelona\/wp-content\/blogs.dir\/6\/files\/sites\/186\/2022\/03\/tw.png\" alt=\"Tw\" class=\"wp-image-49917\" \/><\/a><\/figure>\n<\/div>\n<\/div><\/div><\/div>\n\n<div class=\"gb-grid-column gb-grid-column-1598237d\"><div class=\"gb-container gb-container-1598237d\"><div class=\"gb-inside-container\">\n<div class=\"wp-block-image\">\n<figure class=\"aligncenter size-full\"><a href=\"https:\/\/www.instagram.com\/ccoo_diba\/\"><img loading=\"lazy\" decoding=\"async\" width=\"45\" height=\"44\" src=\"https:\/\/ccoo.app\/diputacio-de-barcelona\/wp-content\/blogs.dir\/6\/files\/sites\/186\/2022\/03\/ig.png\" alt=\"Ig\" class=\"wp-image-49918\" \/><\/a><\/figure>\n<\/div>\n<\/div><\/div><\/div>\n\n<div class=\"gb-grid-column gb-grid-column-2db731fe\"><div class=\"gb-container gb-container-2db731fe\"><div class=\"gb-inside-container\">\n<div class=\"wp-block-image\">\n<figure class=\"aligncenter size-full\"><a href=\"https:\/\/ccoo.app\/diputacio-de-barcelona\"><img loading=\"lazy\" decoding=\"async\" width=\"39\" height=\"40\" src=\"https:\/\/ccoo.app\/diputacio-de-barcelona\/wp-content\/blogs.dir\/6\/files\/sites\/186\/2022\/03\/www.png\" alt=\"Www\" class=\"wp-image-49919\" \/><\/a><\/figure>\n<\/div>\n<\/div><\/div><\/div>\n\n<div class=\"gb-grid-column gb-grid-column-f3651540\"><div class=\"gb-container gb-container-f3651540\"><div class=\"gb-inside-container\">\n<div class=\"wp-block-image is-resized\">\n<figure class=\"aligncenter size-full\"><a href=\"https:\/\/www.ccoo.cat\/afiliat\/?_sfm_aff_situation=94\"><img loading=\"lazy\" decoding=\"async\" width=\"125\" height=\"38\" src=\"https:\/\/ccoo.app\/diputacio-de-barcelona\/wp-content\/blogs.dir\/6\/files\/sites\/186\/2022\/03\/af.png\" alt=\"Af\" class=\"wp-image-49920\" \/><\/a><\/figure>\n<\/div>\n<\/div><\/div><\/div>\n<\/div><\/div><\/div>\n","protected":false},"excerpt":{"rendered":"<p>A la darrera reuni\u00f3 del Comit\u00e8 de Seguretat i Salut de la Diputaci\u00f3 de Barcelona des de CCOO vam tractar els seg\u00fcents punts que afecten les condicions de seguretat i &#8230; <\/p>\n<p class=\"read-more-container\"><a title=\"COMIT\u00c8 DE SEGURETAT I SALUT\" class=\"read-more button\" href=\"https:\/\/ccoo.app\/diputacio-de-barcelona\/comite-de-seguretat-i-salut-7\/#more-57528\" aria-label=\"Leer m\u00e1s sobre COMIT\u00c8 DE SEGURETAT I SALUT\">Continuar llegint<\/a><\/p>\n","protected":false},"author":88639,"featured_media":52365,"comment_status":"closed","ping_status":"closed","sticky":false,"template":"","format":"standard","meta":{"footnotes":""},"categories":[38,19,35],"tags":[],"class_list":["post-57528","post","type-post","status-publish","format-standard","has-post-thumbnail","hentry","category-a-tot-el-personal","category-comunicats","category-salut-laboral","generate-columns","tablet-grid-50","mobile-grid-100","grid-parent","grid-50"],"_links":{"self":[{"href":"https:\/\/ccoo.app\/diputacio-de-barcelona\/wp-json\/wp\/v2\/posts\/57528","targetHints":{"allow":["GET"]}}],"collection":[{"href":"https:\/\/ccoo.app\/diputacio-de-barcelona\/wp-json\/wp\/v2\/posts"}],"about":[{"href":"https:\/\/ccoo.app\/diputacio-de-barcelona\/wp-json\/wp\/v2\/types\/post"}],"author":[{"embeddable":true,"href":"https:\/\/ccoo.app\/diputacio-de-barcelona\/wp-json\/wp\/v2\/users\/88639"}],"replies":[{"embeddable":true,"href":"https:\/\/ccoo.app\/diputacio-de-barcelona\/wp-json\/wp\/v2\/comments?post=57528"}],"version-history":[{"count":5,"href":"https:\/\/ccoo.app\/diputacio-de-barcelona\/wp-json\/wp\/v2\/posts\/57528\/revisions"}],"predecessor-version":[{"id":57569,"href":"https:\/\/ccoo.app\/diputacio-de-barcelona\/wp-json\/wp\/v2\/posts\/57528\/revisions\/57569"}],"wp:featuredmedia":[{"embeddable":true,"href":"https:\/\/ccoo.app\/diputacio-de-barcelona\/wp-json\/wp\/v2\/media\/52365"}],"wp:attachment":[{"href":"https:\/\/ccoo.app\/diputacio-de-barcelona\/wp-json\/wp\/v2\/media?parent=57528"}],"wp:term":[{"taxonomy":"category","embeddable":true,"href":"https:\/\/ccoo.app\/diputacio-de-barcelona\/wp-json\/wp\/v2\/categories?post=57528"},{"taxonomy":"post_tag","embeddable":true,"href":"https:\/\/ccoo.app\/diputacio-de-barcelona\/wp-json\/wp\/v2\/tags?post=57528"}],"curies":[{"name":"wp","href":"https:\/\/api.w.org\/{rel}","templated":true}]}}