{"id":57512,"date":"2026-03-05T10:36:54","date_gmt":"2026-03-05T09:36:54","guid":{"rendered":"https:\/\/ccoo.app\/diputacio-de-barcelona\/?p=57512"},"modified":"2026-03-05T10:36:55","modified_gmt":"2026-03-05T09:36:55","slug":"dia-internacional-de-les-dones-treballadores-2026","status":"publish","type":"post","link":"https:\/\/ccoo.app\/diputacio-de-barcelona\/dia-internacional-de-les-dones-treballadores-2026\/","title":{"rendered":"Dia Internacional de les Dones Treballadores 2026"},"content":{"rendered":"\n<div style=\"height:20px\" aria-hidden=\"true\" class=\"wp-block-spacer\"><\/div>\n\n\n\n<h4 class=\"gb-headline gb-headline-0187c6da gb-headline-text\"><strong>Ni p\u00fabliques ni privades: dones lliures d\u2019opressi\u00f3<\/strong><\/h4>\n\n\n<div class=\"wp-block-image\">\n<figure class=\"aligncenter size-large\"><img loading=\"lazy\" decoding=\"async\" width=\"724\" height=\"1024\" src=\"https:\/\/ccoo.app\/diputacio-de-barcelona\/wp-content\/blogs.dir\/6\/files\/sites\/186\/2026\/03\/cartell-v1-1448x2048-1-724x1024.png\" alt=\"\" class=\"wp-image-57513\" srcset=\"https:\/\/ccoo.app\/diputacio-de-barcelona\/wp-content\/blogs.dir\/6\/files\/sites\/186\/2026\/03\/cartell-v1-1448x2048-1-724x1024.png 724w, https:\/\/ccoo.app\/diputacio-de-barcelona\/wp-content\/blogs.dir\/6\/files\/sites\/186\/2026\/03\/cartell-v1-1448x2048-1-212x300.png 212w, https:\/\/ccoo.app\/diputacio-de-barcelona\/wp-content\/blogs.dir\/6\/files\/sites\/186\/2026\/03\/cartell-v1-1448x2048-1-768x1086.png 768w, https:\/\/ccoo.app\/diputacio-de-barcelona\/wp-content\/blogs.dir\/6\/files\/sites\/186\/2026\/03\/cartell-v1-1448x2048-1-1086x1536.png 1086w, https:\/\/ccoo.app\/diputacio-de-barcelona\/wp-content\/blogs.dir\/6\/files\/sites\/186\/2026\/03\/cartell-v1-1448x2048-1.png 1448w\" sizes=\"auto, (max-width: 724px) 100vw, 724px\" \/><\/figure>\n<\/div>\n\n\n<p class=\"gb-headline gb-headline-fce43dc0 gb-headline-text\">Davant l\u2019embat reaccionari actual, que fa emergir l\u2019ombra d\u2019un retroc\u00e9s de drets, hem de llan\u00e7ar una mirada retrospectiva als or\u00edgens d\u2019aquestes posicions. Saber d\u2019on venim ajuda a no repetir els errors passats i a albirar que el que ara es vesteix de tend\u00e8ncia o tradici\u00f3, i de lliure elecci\u00f3, no \u00e9s m\u00e9s que neoliberalisme i patriarcat.<\/p>\n\n\n\n<figure class=\"gb-block-image gb-block-image-2e217861\"><img loading=\"lazy\" decoding=\"async\" width=\"1260\" height=\"1789\" class=\"gb-image gb-image-2e217861\" src=\"https:\/\/ccoo.app\/diputacio-de-barcelona\/wp-content\/blogs.dir\/6\/files\/sites\/186\/2026\/03\/manifest_8m_2026-1.jpg\" alt=\"\" title=\"manifest_8m_2026-1\" srcset=\"https:\/\/ccoo.app\/diputacio-de-barcelona\/wp-content\/blogs.dir\/6\/files\/sites\/186\/2026\/03\/manifest_8m_2026-1.jpg 1260w, https:\/\/ccoo.app\/diputacio-de-barcelona\/wp-content\/blogs.dir\/6\/files\/sites\/186\/2026\/03\/manifest_8m_2026-1-211x300.jpg 211w, https:\/\/ccoo.app\/diputacio-de-barcelona\/wp-content\/blogs.dir\/6\/files\/sites\/186\/2026\/03\/manifest_8m_2026-1-721x1024.jpg 721w, https:\/\/ccoo.app\/diputacio-de-barcelona\/wp-content\/blogs.dir\/6\/files\/sites\/186\/2026\/03\/manifest_8m_2026-1-768x1090.jpg 768w, https:\/\/ccoo.app\/diputacio-de-barcelona\/wp-content\/blogs.dir\/6\/files\/sites\/186\/2026\/03\/manifest_8m_2026-1-1082x1536.jpg 1082w\" sizes=\"auto, (max-width: 1260px) 100vw, 1260px\" \/><\/figure>\n\n\n\n<div style=\"height:10px\" aria-hidden=\"true\" class=\"wp-block-spacer\"><\/div>\n\n\n\n<figure class=\"gb-block-image gb-block-image-cad89051\"><img loading=\"lazy\" decoding=\"async\" width=\"1275\" height=\"1789\" class=\"gb-image gb-image-cad89051\" src=\"https:\/\/ccoo.app\/diputacio-de-barcelona\/wp-content\/blogs.dir\/6\/files\/sites\/186\/2026\/03\/manifest_8m_2026-2.jpg\" alt=\"\" title=\"manifest_8m_2026-2\" srcset=\"https:\/\/ccoo.app\/diputacio-de-barcelona\/wp-content\/blogs.dir\/6\/files\/sites\/186\/2026\/03\/manifest_8m_2026-2.jpg 1275w, https:\/\/ccoo.app\/diputacio-de-barcelona\/wp-content\/blogs.dir\/6\/files\/sites\/186\/2026\/03\/manifest_8m_2026-2-214x300.jpg 214w, https:\/\/ccoo.app\/diputacio-de-barcelona\/wp-content\/blogs.dir\/6\/files\/sites\/186\/2026\/03\/manifest_8m_2026-2-730x1024.jpg 730w, https:\/\/ccoo.app\/diputacio-de-barcelona\/wp-content\/blogs.dir\/6\/files\/sites\/186\/2026\/03\/manifest_8m_2026-2-768x1078.jpg 768w, https:\/\/ccoo.app\/diputacio-de-barcelona\/wp-content\/blogs.dir\/6\/files\/sites\/186\/2026\/03\/manifest_8m_2026-2-1095x1536.jpg 1095w\" sizes=\"auto, (max-width: 1275px) 100vw, 1275px\" \/><\/figure>\n\n\n\n<div style=\"height:10px\" aria-hidden=\"true\" class=\"wp-block-spacer\"><\/div>\n\n\n\n<div class=\"wp-block-buttons is-content-justification-center is-layout-flex wp-container-core-buttons-is-layout-16018d1d wp-block-buttons-is-layout-flex\">\n<div class=\"wp-block-button is-style-fill\"><a class=\"wp-block-button__link wp-element-button\" href=\"https:\/\/ccoo.app\/diputacio-de-barcelona\/wp-content\/blogs.dir\/6\/files\/sites\/186\/2026\/03\/manifest_8m_2026.pdf\" style=\"border-radius:0px\" target=\"_blank\" rel=\"noreferrer noopener\">VEURE EL MANIFEST EN FORMAT PDF<\/a><\/div>\n<\/div>\n\n\n\n<div class=\"wp-block-buttons is-content-justification-center is-layout-flex wp-container-core-buttons-is-layout-16018d1d wp-block-buttons-is-layout-flex\">\n<div class=\"wp-block-button is-style-fill\"><a class=\"wp-block-button__link wp-element-button\" href=\"https:\/\/ccoo.app\/diputacio-de-barcelona\/wp-content\/blogs.dir\/6\/files\/sites\/186\/2026\/03\/manifest-conjunt-ugt-ccoo-8m-2026.pdf\" style=\"border-radius:0px\" target=\"_blank\" rel=\"noreferrer noopener\">VEURE EL MANIFEST CONJUNT CCOO-UGT EN FORMAT PDF<\/a><\/div>\n<\/div>\n\n\n\n<div style=\"height:10px\" aria-hidden=\"true\" class=\"wp-block-spacer\"><\/div>\n\n\n\n<div style=\"height:20px\" aria-hidden=\"true\" class=\"wp-block-spacer\"><\/div>\n\n\n\n<p class=\"gb-headline gb-headline-4d7c8016 gb-headline-text\"><strong>T\u2019esperem a la MANIFESTACI\u00d3!<\/strong><\/p>\n\n\n\n<p class=\"gb-headline gb-headline-dc390134 gb-headline-text\"><strong>Diumenge 8 de mar\u00e7 a les 11.30h.&nbsp;<\/strong><br><strong>Punt de trobada: Casa Seat (pg. de Gr\u00e0cia\/av. Diagonal)&nbsp;<\/strong><\/p>\n\n\n\n<div style=\"height:20px\" aria-hidden=\"true\" class=\"wp-block-spacer\"><\/div>\n\n\n\n<p>Per a m\u00e9s informaci\u00f3:<\/p>\n\n\n\n<figure class=\"gb-block-image gb-block-image-105d105a\"><a href=\"https:\/\/www.ccoo.cat\/noticies\/dones\/dia-internacional-de-les-dones-treballadores-2026\/\" target=\"_blank\" rel=\"noopener noreferrer\"><img loading=\"lazy\" decoding=\"async\" width=\"990\" height=\"457\" class=\"gb-image gb-image-105d105a\" src=\"https:\/\/ccoo.app\/diputacio-de-barcelona\/wp-content\/blogs.dir\/6\/files\/sites\/186\/2026\/03\/cartells-8m.jpg\" alt=\"\" title=\"cartells-8m\" srcset=\"https:\/\/ccoo.app\/diputacio-de-barcelona\/wp-content\/blogs.dir\/6\/files\/sites\/186\/2026\/03\/cartells-8m.jpg 990w, https:\/\/ccoo.app\/diputacio-de-barcelona\/wp-content\/blogs.dir\/6\/files\/sites\/186\/2026\/03\/cartells-8m-300x138.jpg 300w, https:\/\/ccoo.app\/diputacio-de-barcelona\/wp-content\/blogs.dir\/6\/files\/sites\/186\/2026\/03\/cartells-8m-768x355.jpg 768w\" sizes=\"auto, (max-width: 990px) 100vw, 990px\" \/><\/a><\/figure>\n\n\n\n<div style=\"height:40px\" aria-hidden=\"true\" class=\"wp-block-spacer\"><\/div>\n\n\n\n<h2 class=\"wp-block-heading has-text-align-center has-text-color\" style=\"color:#7959bc\">#8M<\/h2>\n\n\n\n<h2 class=\"wp-block-heading has-text-align-center has-text-color\" style=\"color:#7959bc\">#llibertat<\/h2>\n\n\n\n<p><\/p>\n\n\n\n<figure class=\"gb-block-image gb-block-image-bda3a5ae\"><img loading=\"lazy\" decoding=\"async\" width=\"585\" height=\"325\" class=\"gb-image gb-image-bda3a5ae\" src=\"https:\/\/ccoo.app\/diputacio-de-barcelona\/wp-content\/blogs.dir\/6\/files\/sites\/186\/2023\/03\/logo-puny_transparent.png\" alt=\"Logo Puny Transparent\" title=\"Logo Puny Transparent\" srcset=\"https:\/\/ccoo.app\/diputacio-de-barcelona\/wp-content\/blogs.dir\/6\/files\/sites\/186\/2023\/03\/logo-puny_transparent.png 585w, https:\/\/ccoo.app\/diputacio-de-barcelona\/wp-content\/blogs.dir\/6\/files\/sites\/186\/2023\/03\/logo-puny_transparent-300x167.png 300w\" sizes=\"auto, (max-width: 585px) 100vw, 585px\" \/><\/figure>\n\n\n\n<div style=\"height:100px\" aria-hidden=\"true\" class=\"wp-block-spacer\"><\/div>\n","protected":false},"excerpt":{"rendered":"<p>Ni p\u00fabliques ni privades: dones lliures d\u2019opressi\u00f3 Davant l\u2019embat reaccionari actual, que fa emergir l\u2019ombra d\u2019un retroc\u00e9s de drets, hem de llan\u00e7ar una mirada retrospectiva als or\u00edgens d\u2019aquestes posicions. Saber &#8230; <\/p>\n<p class=\"read-more-container\"><a title=\"Dia Internacional de les Dones Treballadores 2026\" class=\"read-more button\" href=\"https:\/\/ccoo.app\/diputacio-de-barcelona\/dia-internacional-de-les-dones-treballadores-2026\/#more-57512\" aria-label=\"Leer m\u00e1s sobre Dia Internacional de les Dones Treballadores 2026\">Continuar llegint<\/a><\/p>\n","protected":false},"author":88639,"featured_media":57520,"comment_status":"closed","ping_status":"closed","sticky":false,"template":"","format":"standard","meta":{"footnotes":""},"categories":[38,19,22,252],"tags":[],"class_list":["post-57512","post","type-post","status-publish","format-standard","has-post-thumbnail","hentry","category-a-tot-el-personal","category-comunicats","category-igualtat","category-app-diba-push","generate-columns","tablet-grid-50","mobile-grid-100","grid-parent","grid-50"],"_links":{"self":[{"href":"https:\/\/ccoo.app\/diputacio-de-barcelona\/wp-json\/wp\/v2\/posts\/57512","targetHints":{"allow":["GET"]}}],"collection":[{"href":"https:\/\/ccoo.app\/diputacio-de-barcelona\/wp-json\/wp\/v2\/posts"}],"about":[{"href":"https:\/\/ccoo.app\/diputacio-de-barcelona\/wp-json\/wp\/v2\/types\/post"}],"author":[{"embeddable":true,"href":"https:\/\/ccoo.app\/diputacio-de-barcelona\/wp-json\/wp\/v2\/users\/88639"}],"replies":[{"embeddable":true,"href":"https:\/\/ccoo.app\/diputacio-de-barcelona\/wp-json\/wp\/v2\/comments?post=57512"}],"version-history":[{"count":5,"href":"https:\/\/ccoo.app\/diputacio-de-barcelona\/wp-json\/wp\/v2\/posts\/57512\/revisions"}],"predecessor-version":[{"id":57526,"href":"https:\/\/ccoo.app\/diputacio-de-barcelona\/wp-json\/wp\/v2\/posts\/57512\/revisions\/57526"}],"wp:featuredmedia":[{"embeddable":true,"href":"https:\/\/ccoo.app\/diputacio-de-barcelona\/wp-json\/wp\/v2\/media\/57520"}],"wp:attachment":[{"href":"https:\/\/ccoo.app\/diputacio-de-barcelona\/wp-json\/wp\/v2\/media?parent=57512"}],"wp:term":[{"taxonomy":"category","embeddable":true,"href":"https:\/\/ccoo.app\/diputacio-de-barcelona\/wp-json\/wp\/v2\/categories?post=57512"},{"taxonomy":"post_tag","embeddable":true,"href":"https:\/\/ccoo.app\/diputacio-de-barcelona\/wp-json\/wp\/v2\/tags?post=57512"}],"curies":[{"name":"wp","href":"https:\/\/api.w.org\/{rel}","templated":true}]}}