{"id":57502,"date":"2026-01-28T14:23:19","date_gmt":"2026-01-28T13:23:19","guid":{"rendered":"https:\/\/ccoo.app\/diputacio-de-barcelona\/?p=57502"},"modified":"2026-01-28T14:23:21","modified_gmt":"2026-01-28T13:23:21","slug":"ccoo-es-mobilitza-davant-la-crisi-ferroviaria","status":"publish","type":"post","link":"https:\/\/ccoo.app\/diputacio-de-barcelona\/ccoo-es-mobilitza-davant-la-crisi-ferroviaria\/","title":{"rendered":"CCOO es mobilitza davant la crisi ferrovi\u00e0ria"},"content":{"rendered":"\n<div style=\"height:40px\" aria-hidden=\"true\" class=\"wp-block-spacer\"><\/div>\n\n\n\n<figure class=\"wp-block-image size-large\"><img loading=\"lazy\" decoding=\"async\" width=\"1024\" height=\"576\" src=\"https:\/\/ccoo.app\/diputacio-de-barcelona\/wp-content\/blogs.dir\/6\/files\/sites\/186\/2026\/01\/rodalies-renfe-cataluna-1536x864-1-1024x576.jpg\" alt=\"\" class=\"wp-image-57503\" srcset=\"https:\/\/ccoo.app\/diputacio-de-barcelona\/wp-content\/blogs.dir\/6\/files\/sites\/186\/2026\/01\/rodalies-renfe-cataluna-1536x864-1-1024x576.jpg 1024w, https:\/\/ccoo.app\/diputacio-de-barcelona\/wp-content\/blogs.dir\/6\/files\/sites\/186\/2026\/01\/rodalies-renfe-cataluna-1536x864-1-300x169.jpg 300w, https:\/\/ccoo.app\/diputacio-de-barcelona\/wp-content\/blogs.dir\/6\/files\/sites\/186\/2026\/01\/rodalies-renfe-cataluna-1536x864-1-768x432.jpg 768w, https:\/\/ccoo.app\/diputacio-de-barcelona\/wp-content\/blogs.dir\/6\/files\/sites\/186\/2026\/01\/rodalies-renfe-cataluna-1536x864-1.jpg 1536w\" sizes=\"auto, (max-width: 1024px) 100vw, 1024px\" \/><\/figure>\n\n\n\n<div style=\"height:40px\" aria-hidden=\"true\" class=\"wp-block-spacer\"><\/div>\n\n\n\n<p class=\"gb-headline gb-headline-6db1cf21 gb-headline-text\">Davant la crisi ferrovi\u00e0ria que viu el pa\u00eds, CCOO vol fer una crida perqu\u00e8 la situaci\u00f3 no la paguin els treballadors i treballadores i per anar m\u00e9s enll\u00e0 del relat immediat que focalitza l\u2019atenci\u00f3 en incidents concrets o recurrents, sense abordar les causes profundes que expliquen la situaci\u00f3 actual de Rodalies i del conjunt de la xarxa ferrovi\u00e0ria del nostre pa\u00eds, fruit de d\u00e8cades de desinversi\u00f3 i d\u2019aposta per un model equivocat. Estem davant d\u2019un problema estructural que fa molts anys que arrosseguem i que ara ha col\u00b7lapsat i ha esclatat de forma irreversible en totes les seves m\u00faltiples dimensions.<\/p>\n\n\n\n<p class=\"gb-headline gb-headline-2f45df84 gb-headline-text\">CCOO de Catalunya reafirma el seu comprom\u00eds inequ\u00edvoc amb la defensa del servei p\u00fablic ferroviari i amb les persones treballadores que el fan possible. S\u2019ha de posar en valor l\u2019enorme esfor\u00e7 realitzat aquests dies per totes les treballadores i treballadors de Renfe, Adif, Logirail i Contratas Ferroviarias. El personal de conducci\u00f3, d\u2019intervenci\u00f3, d\u2019estacions, d\u2019atenci\u00f3 al client, de serveis a bord, dels equips de manteniment d\u2019infraestructura, dels centres de control i de gesti\u00f3 s\u00f3n el veritable pilar del sistema ferroviari. Malgrat d\u00e8cades de desinversi\u00f3, deteriorament de la infraestructura, manca de planificaci\u00f3 estrat\u00e8gica i de falta de personal, aquests professionals continuen garantint el servei en condicions extremadament complexes, assumint una pressi\u00f3 i una responsabilitat que no els correspon.<\/p>\n\n\n\n<p class=\"gb-headline gb-headline-efb7623e gb-headline-text\">La seguretat \u00e9s un element central i irrenunciable, tant per a les persones usu\u00e0ries com per a les treballadores i treballadors. Per\u00f2 tamb\u00e9 cal abordar-la amb rigor i responsabilitat. La seguretat absoluta no existeix si no hi ha inversi\u00f3 sostinguda, manteniment adequat i capacitat d\u2019adaptaci\u00f3 a un context canviant. El canvi clim\u00e0tic, els episodis meteorol\u00f2gics extrems i la vulnerabilitat creixent de les infraestructures obliguen a replantejar protocols, recursos i models de gesti\u00f3.<\/p>\n\n\n\n<p class=\"gb-headline gb-headline-3b9328e6 gb-headline-text\">En aquest sentit, CCOO posa en valor el di\u00e0leg social i els acords assolits. CCOO ha acordat amb la Generalitat de Catalunya la implantaci\u00f3 d\u2019un protocol amb criteris t\u00e8cnics rigorosos que eviten decisions improvisades i que garanteixen la seguretat de les persones treballadores i usu\u00e0ries davant episodis meteorol\u00f2gics adversos. Aix\u00f2 demostra que la negociaci\u00f3 col\u00b7lectiva \u00e9s una eina imprescindible per anticipar riscos i protegir persones. Tamb\u00e9 en el marc del di\u00e0leg social i de l\u2019acci\u00f3 sindical, volem recordar que, perqu\u00e8 la crisi no la pagui la gent treballadora que no pot arribar al seu lloc de treball per culpa dels problemes de mobilitat, la legislaci\u00f3 actual ja preveu permisos retribu\u00efts en cas d\u2019impossibilitat de fer teletreballl i de tenir una alternativa per accedir al lloc de treball, com ha pogut succeir aquests dies.<\/p>\n\n\n\n<p class=\"gb-headline gb-headline-03e01c38 gb-headline-text\">Des de CCOO defensem que la mobilitat \u00e9s un dret de ciutadania que els poders p\u00fablics tenen l\u2019obligaci\u00f3 de garantir. Rodalies \u00e9s un servei essencial que vertebra el territori, fixa poblaci\u00f3, connecta \u00e0rees metropolitanes i dona servei diari a centenars de milers de persones. No obstant aix\u00f2, aquest sistema ha estat sistem\u00e0ticament menystingut per un model d\u2019infraestructures que ha prioritzat l\u2019alta velocitat radial, concebuda m\u00e9s com un projecte pol\u00edtic i simb\u00f2lic que no pas com una aposta eficient i socialment rendible.<\/p>\n\n\n\n<p class=\"gb-headline gb-headline-a9ca9dd5 gb-headline-text\">Aquest model ha absorbit durant d\u00e8cades la major part dels recursos p\u00fablics disponibles, en detriment de les xarxes de proximitat com Rodalies, que s\u00f3n les que realment sostenen la mobilitat quotidiana i l\u2019activitat econ\u00f2mica del pa\u00eds. Les conseq\u00fc\u00e8ncies s\u00f3n evidents: infraestructures envellides, incid\u00e8ncies reiterades, col\u00b7lapse del servei i un esgotament creixent de la paci\u00e8ncia social despr\u00e9s de molts anys d\u2019esperes i promeses incomplertes.<\/p>\n\n\n\n<p class=\"gb-headline gb-headline-efc20e82 gb-headline-text\">La situaci\u00f3 actual \u00e9s, per tant, el resultat d\u2019una desinversi\u00f3 prolongada i d\u2019una jerarquia pol\u00edtica i territorial que no ha prioritzat les necessitats reals de la majoria social. Tot i que recentment s\u2019ha iniciat una correcci\u00f3 del d\u00e8ficit inversor i s\u2019ha obert el cam\u00ed cap al trasp\u00e0s de la gesti\u00f3 a la nova empresa Rodalies de Catalunya, els efectes del passat continuen condicionant el present i alimenten la desconfian\u00e7a de la ciutadania.<\/p>\n\n\n\n<p class=\"gb-headline gb-headline-050d83ac gb-headline-text\">Per tot aix\u00f2, CCOO de Catalunya exigeix amb fermesa una inversi\u00f3 efectiva, sostinguda i verificable, aix\u00ed com una acceleraci\u00f3 real del pla d\u2019inversions de Rodalies, amb compromisos clars, calendaris concrets i mecanismes de control p\u00fablic. No n\u2019hi ha prou amb anuncis: calen fets.<\/p>\n\n\n\n<p class=\"gb-headline gb-headline-072cce2f gb-headline-text\">Tamb\u00e9 demanem que la Generalitat protegeixi els treballadors i treballadores comunicant de forma oficial, per evitar conflictivitat en la interpretaci\u00f3 de la llei, que qui no pugui fer teletreball ni tingui alternativa de mobilitat per arribar a la feina pugui fer \u00fas dels quatre dies de perm\u00eds retribu\u00eft que es contemplen en l\u2019article 37.3 g) de l\u2019Estatut dels Treballadors.&nbsp;<\/p>\n\n\n\n<p class=\"gb-headline gb-headline-edd03a1b gb-headline-text\">Finalment, CCOO alerta del perill d\u2019utilitzar la commoci\u00f3 social per fomentar la confrontaci\u00f3 pol\u00edtica i la desconfian\u00e7a institucional. La seguretat i la qualitat del servei p\u00fablic es construeixen sobre certeses, transpar\u00e8ncia i responsabilitat col\u00b7lectiva. Davant un m\u00f3n cada cop m\u00e9s incert, la resposta no pot ser l\u2019individualisme ni la desqualificaci\u00f3, sin\u00f3 el refor\u00e7 dels serveis p\u00fablics, del di\u00e0leg social i de l\u2019acci\u00f3 col\u00b7lectiva.<\/p>\n\n\n\n<p class=\"gb-headline gb-headline-a1353c80 gb-headline-text\">En aquest marc, CCOO impulsar\u00e0 i participar\u00e0 en mobilitzacions socials i sindicals. Ho farem com a sindicat de classe i confederal anant a la vaga ferrovi\u00e0ria convocada a Renfe a nivell de tot l\u2019Estat pels dies 9, 10 i 11 de febrer. I ho farem com a primera organitzaci\u00f3 de Catalunya participant a la manifestaci\u00f3 del 7 de febrer a Barcelona, convocada per les plataformes d\u2019usuaris del tren i de promoci\u00f3 del transport p\u00fablic conjuntament amb la gran majoria del teixit social del pa\u00eds, per defensar un sistema ferroviari p\u00fablic, segur, sostenible i digne, al servei de la ciutadania i de les persones treballadores.<\/p>\n\n\n\n<div style=\"height:60px\" aria-hidden=\"true\" class=\"wp-block-spacer\"><\/div>\n\n\n<div class=\"gb-container gb-container-e98089b5\">\n\n<div style=\"height:30px\" aria-hidden=\"true\" class=\"wp-block-spacer\"><\/div>\n\n\n<div class=\"wp-block-image\">\n<figure class=\"aligncenter size-full is-resized\"><img loading=\"lazy\" decoding=\"async\" width=\"512\" height=\"512\" src=\"https:\/\/ccoo.app\/diputacio-de-barcelona\/wp-content\/blogs.dir\/6\/files\/sites\/186\/2023\/04\/preguntes.png\" alt=\"Preguntes\" class=\"wp-image-52698\" style=\"width:128px;height:128px\" srcset=\"https:\/\/ccoo.app\/diputacio-de-barcelona\/wp-content\/blogs.dir\/6\/files\/sites\/186\/2023\/04\/preguntes.png 512w, https:\/\/ccoo.app\/diputacio-de-barcelona\/wp-content\/blogs.dir\/6\/files\/sites\/186\/2023\/04\/preguntes-300x300.png 300w, https:\/\/ccoo.app\/diputacio-de-barcelona\/wp-content\/blogs.dir\/6\/files\/sites\/186\/2023\/04\/preguntes-150x150.png 150w\" sizes=\"auto, (max-width: 512px) 100vw, 512px\" \/><\/figure>\n<\/div>\n\n\n<div style=\"height:60px\" aria-hidden=\"true\" class=\"wp-block-spacer\"><\/div>\n\n\n\n<h3 class=\"gb-headline gb-headline-c5bcf253 gb-headline-text\"><strong>No et quedis mai amb el dubte,<br><\/strong>contacta amb CCOO<\/h3>\n\n\n\n<div class=\"wp-block-buttons is-content-justification-center is-layout-flex wp-container-core-buttons-is-layout-16018d1d wp-block-buttons-is-layout-flex\">\n<div class=\"wp-block-button is-style-fill\"><a class=\"wp-block-button__link has-base-3-color has-contrast-2-background-color has-text-color has-background wp-element-button\" href=\"https:\/\/ccoo.app\/diputacio-de-barcelona\/seccio-sindical-de-ccoo\/\" style=\"border-radius:0px\">CONTACTA&#8217;NS<\/a><\/div>\n<\/div>\n\n<\/div>\n\n\n<div style=\"height:100px\" aria-hidden=\"true\" class=\"wp-block-spacer\"><\/div>\n\n\n\n<div class=\"wp-block-group\"><div class=\"wp-block-group__inner-container is-layout-constrained wp-block-group-is-layout-constrained\"><div class=\"gb-grid-wrapper gb-grid-wrapper-d65739e2\">\n<div class=\"gb-grid-column gb-grid-column-ecc8725d\"><div class=\"gb-container gb-container-ecc8725d\"><div class=\"gb-inside-container\">\n<div class=\"wp-block-image\">\n<figure class=\"aligncenter size-full\"><img loading=\"lazy\" decoding=\"async\" width=\"129\" height=\"38\" src=\"https:\/\/ccoo.app\/diputacio-de-barcelona\/wp-content\/blogs.dir\/6\/files\/sites\/186\/2022\/03\/tel.png\" alt=\"Tel\" class=\"wp-image-49915\" \/><\/figure>\n<\/div>\n<\/div><\/div><\/div>\n\n<div class=\"gb-grid-column gb-grid-column-4c28778f\"><div class=\"gb-container gb-container-4c28778f\"><div class=\"gb-inside-container\">\n<div class=\"wp-block-image\">\n<figure class=\"aligncenter size-full\"><a href=\"mailto:ccoo@diba.cat\"><img loading=\"lazy\" decoding=\"async\" width=\"51\" height=\"37\" src=\"https:\/\/ccoo.app\/diputacio-de-barcelona\/wp-content\/blogs.dir\/6\/files\/sites\/186\/2022\/03\/mail.png\" alt=\"Mail\" class=\"wp-image-49916\" \/><\/a><\/figure>\n<\/div>\n<\/div><\/div><\/div>\n\n<div class=\"gb-grid-column gb-grid-column-c6cc0957\"><div class=\"gb-container gb-container-c6cc0957\"><div class=\"gb-inside-container\">\n<div class=\"wp-block-image\">\n<figure class=\"aligncenter size-full\"><a href=\"https:\/\/twitter.com\/ccoodiba\"><img loading=\"lazy\" decoding=\"async\" width=\"44\" height=\"38\" src=\"https:\/\/ccoo.app\/diputacio-de-barcelona\/wp-content\/blogs.dir\/6\/files\/sites\/186\/2022\/03\/tw.png\" alt=\"Tw\" class=\"wp-image-49917\" \/><\/a><\/figure>\n<\/div>\n<\/div><\/div><\/div>\n\n<div class=\"gb-grid-column gb-grid-column-1598237d\"><div class=\"gb-container gb-container-1598237d\"><div class=\"gb-inside-container\">\n<div class=\"wp-block-image\">\n<figure class=\"aligncenter size-full\"><a href=\"https:\/\/www.instagram.com\/ccoo_diba\/\"><img loading=\"lazy\" decoding=\"async\" width=\"45\" height=\"44\" src=\"https:\/\/ccoo.app\/diputacio-de-barcelona\/wp-content\/blogs.dir\/6\/files\/sites\/186\/2022\/03\/ig.png\" alt=\"Ig\" class=\"wp-image-49918\" \/><\/a><\/figure>\n<\/div>\n<\/div><\/div><\/div>\n\n<div class=\"gb-grid-column gb-grid-column-2db731fe\"><div class=\"gb-container gb-container-2db731fe\"><div class=\"gb-inside-container\">\n<div class=\"wp-block-image\">\n<figure class=\"aligncenter size-full\"><a href=\"https:\/\/ccoo.app\/diputacio-de-barcelona\"><img loading=\"lazy\" decoding=\"async\" width=\"39\" height=\"40\" src=\"https:\/\/ccoo.app\/diputacio-de-barcelona\/wp-content\/blogs.dir\/6\/files\/sites\/186\/2022\/03\/www.png\" alt=\"Www\" class=\"wp-image-49919\" \/><\/a><\/figure>\n<\/div>\n<\/div><\/div><\/div>\n\n<div class=\"gb-grid-column gb-grid-column-f3651540\"><div class=\"gb-container gb-container-f3651540\"><div class=\"gb-inside-container\">\n<div class=\"wp-block-image\">\n<figure class=\"aligncenter size-full is-resized\"><a href=\"https:\/\/www.ccoo.cat\/afiliat\/?_sfm_aff_situation=94\"><img loading=\"lazy\" decoding=\"async\" width=\"125\" height=\"38\" src=\"https:\/\/ccoo.app\/diputacio-de-barcelona\/wp-content\/blogs.dir\/6\/files\/sites\/186\/2022\/03\/af.png\" alt=\"Af\" class=\"wp-image-49920\" style=\"width:125px;height:38px\" \/><\/a><\/figure>\n<\/div>\n<\/div><\/div><\/div>\n<\/div><\/div><\/div>\n","protected":false},"excerpt":{"rendered":"<p>Davant la crisi ferrovi\u00e0ria que viu el pa\u00eds, CCOO vol fer una crida perqu\u00e8 la situaci\u00f3 no la paguin els treballadors i treballadores i per anar m\u00e9s enll\u00e0 del relat &#8230; <\/p>\n<p class=\"read-more-container\"><a title=\"CCOO es mobilitza davant la crisi ferrovi\u00e0ria\" class=\"read-more button\" href=\"https:\/\/ccoo.app\/diputacio-de-barcelona\/ccoo-es-mobilitza-davant-la-crisi-ferroviaria\/#more-57502\" aria-label=\"Leer m\u00e1s sobre CCOO es mobilitza davant la crisi ferrovi\u00e0ria\">Continuar llegint<\/a><\/p>\n","protected":false},"author":88639,"featured_media":57506,"comment_status":"closed","ping_status":"closed","sticky":false,"template":"","format":"standard","meta":{"footnotes":""},"categories":[38,19],"tags":[],"class_list":["post-57502","post","type-post","status-publish","format-standard","has-post-thumbnail","hentry","category-a-tot-el-personal","category-comunicats","generate-columns","tablet-grid-50","mobile-grid-100","grid-parent","grid-50"],"_links":{"self":[{"href":"https:\/\/ccoo.app\/diputacio-de-barcelona\/wp-json\/wp\/v2\/posts\/57502","targetHints":{"allow":["GET"]}}],"collection":[{"href":"https:\/\/ccoo.app\/diputacio-de-barcelona\/wp-json\/wp\/v2\/posts"}],"about":[{"href":"https:\/\/ccoo.app\/diputacio-de-barcelona\/wp-json\/wp\/v2\/types\/post"}],"author":[{"embeddable":true,"href":"https:\/\/ccoo.app\/diputacio-de-barcelona\/wp-json\/wp\/v2\/users\/88639"}],"replies":[{"embeddable":true,"href":"https:\/\/ccoo.app\/diputacio-de-barcelona\/wp-json\/wp\/v2\/comments?post=57502"}],"version-history":[{"count":3,"href":"https:\/\/ccoo.app\/diputacio-de-barcelona\/wp-json\/wp\/v2\/posts\/57502\/revisions"}],"predecessor-version":[{"id":57507,"href":"https:\/\/ccoo.app\/diputacio-de-barcelona\/wp-json\/wp\/v2\/posts\/57502\/revisions\/57507"}],"wp:featuredmedia":[{"embeddable":true,"href":"https:\/\/ccoo.app\/diputacio-de-barcelona\/wp-json\/wp\/v2\/media\/57506"}],"wp:attachment":[{"href":"https:\/\/ccoo.app\/diputacio-de-barcelona\/wp-json\/wp\/v2\/media?parent=57502"}],"wp:term":[{"taxonomy":"category","embeddable":true,"href":"https:\/\/ccoo.app\/diputacio-de-barcelona\/wp-json\/wp\/v2\/categories?post=57502"},{"taxonomy":"post_tag","embeddable":true,"href":"https:\/\/ccoo.app\/diputacio-de-barcelona\/wp-json\/wp\/v2\/tags?post=57502"}],"curies":[{"name":"wp","href":"https:\/\/api.w.org\/{rel}","templated":true}]}}