{"id":57496,"date":"2026-01-22T08:00:00","date_gmt":"2026-01-22T07:00:00","guid":{"rendered":"https:\/\/ccoo.app\/diputacio-de-barcelona\/?p=57496"},"modified":"2026-01-22T10:35:24","modified_gmt":"2026-01-22T09:35:24","slug":"servei-de-rodalies","status":"publish","type":"post","link":"https:\/\/ccoo.app\/diputacio-de-barcelona\/servei-de-rodalies\/","title":{"rendered":"SERVEI DE RODALIES"},"content":{"rendered":"\n<div style=\"height:40px\" aria-hidden=\"true\" class=\"wp-block-spacer\"><\/div>\n\n\n<div class=\"wp-block-image\">\n<figure class=\"aligncenter size-full\"><img loading=\"lazy\" decoding=\"async\" width=\"390\" height=\"390\" src=\"https:\/\/ccoo.app\/diputacio-de-barcelona\/wp-content\/blogs.dir\/6\/files\/sites\/186\/2026\/01\/informacio-servei-de-rodalies.jpg\" alt=\"\" class=\"wp-image-57497\" srcset=\"https:\/\/ccoo.app\/diputacio-de-barcelona\/wp-content\/blogs.dir\/6\/files\/sites\/186\/2026\/01\/informacio-servei-de-rodalies.jpg 390w, https:\/\/ccoo.app\/diputacio-de-barcelona\/wp-content\/blogs.dir\/6\/files\/sites\/186\/2026\/01\/informacio-servei-de-rodalies-300x300.jpg 300w, https:\/\/ccoo.app\/diputacio-de-barcelona\/wp-content\/blogs.dir\/6\/files\/sites\/186\/2026\/01\/informacio-servei-de-rodalies-150x150.jpg 150w\" sizes=\"auto, (max-width: 390px) 100vw, 390px\" \/><\/figure>\n<\/div>\n\n\n<div style=\"height:40px\" aria-hidden=\"true\" class=\"wp-block-spacer\"><\/div>\n\n\n\n<p class=\"gb-headline gb-headline-6db1cf21 gb-headline-text\">Us informem que&nbsp;<strong>la Direcci\u00f3 de Serveis de Recursos Humans<\/strong>&nbsp;ens ha comunicat que, despr\u00e9s de la reuni\u00f3 del Centre de Coordinaci\u00f3 Operativa de Catalunya (CECAT), s\u2019ha aixecat la suspensi\u00f3 del servei de Rodalies. Per aquest motiu, per avui dia&nbsp;<strong>22 de gener<\/strong>, el personal recupera el r\u00e8gim de presencialitat&nbsp;habitual.&nbsp;<\/p>\n\n\n\n<p class=\"gb-headline gb-headline-354a20cf gb-headline-text\">No obstant aix\u00f2, d&#8217;acord amb la situaci\u00f3 actual de no funcionament del servei de rodalies,&nbsp;<strong>es recomana prioritzar el teletreball sempre que sigui possible<\/strong>, especialment per al personal usuari dels serveis de Rodalies que pugui tenir dificultats per accedir al centre de treball.<\/p>\n\n\n\n<p><strong>Instruccions importants:<\/strong><\/p>\n\n\n\n<ol start=\"1\" class=\"wp-block-list\">\n<li><strong>Personal amb pla personal de treball:<\/strong><br>Si avui dijous \u00e9s el dia d\u2019obligada pres\u00e8ncia, podeu canviar-lo per un altre dia de la mateixa setmana.<br>Indiqueu a les observacions:\u00a0<em>\u201cSuspensi\u00f3 del servei de Rodalies a Catalunya\u201d<\/em>.<br>Si no \u00e9s possible complir amb la presencialitat m\u00ednima setmanal, es podr\u00e0 registrar una incid\u00e8ncia a trav\u00e9s de l\u2019Espai Personal o portal de l\u2019empleat.<\/li>\n<\/ol>\n\n\n\n<ol start=\"2\" class=\"wp-block-list\">\n<li><strong>Personal amb llocs de treball presencials o sense pla de teletreball:<\/strong><br>Dem\u00e0 ha de recuperar la presencialitat habitual.<br>Si no \u00e9s possible accedir al centre de treball per ser usuari de Rodalies i no hi ha transport alternatiu, caldr\u00e0 registrar la jornada com a\u00a0<strong>\u201cDeures inexcusables de car\u00e0cter p\u00fablic o personal\u201d<\/strong>, adjuntant la <a href=\"https:\/\/ccoo.app\/diputacio-de-barcelona\/wp-content\/blogs.dir\/6\/files\/sites\/186\/2026\/01\/Declaracio-responsable-emergencies.docx\">declaraci\u00f3 responsable<\/a> corresponent.<\/li>\n<\/ol>\n\n\n\n<ol start=\"3\" class=\"wp-block-list\">\n<li><strong>Excepcions:<\/strong><br>No aplicable al personal considerat essencial (assistencial o Protecci\u00f3 Civil) ni al personal d\u2019Edificaci\u00f3 i Log\u00edstica, que ha de garantir la prestaci\u00f3 del servei habitual contactant amb el seu referent.<\/li>\n<\/ol>\n\n\n\n<p class=\"gb-headline gb-headline-0676a40d gb-headline-text\">Aquestes instruccions s\u00f3n&nbsp;<strong>v\u00e0lides nom\u00e9s per avui<\/strong>. Si la situaci\u00f3 es prolonga, se us informar\u00e0 de com procedir. Recordeu comunicar qualsevol dificultat per accedir al centre de treball al vostre servei o referent.<\/p>\n\n\n\n<p class=\"gb-headline gb-headline-1959ecac gb-headline-text\">Estigueu pendents de les possibles instruccions que es vagin donant en les properes hores, i&nbsp;<strong>si teniu qualsevol q\u00fcesti\u00f3 us podeu posar en contacte amb nosaltres<\/strong>&nbsp;al&nbsp;<strong>tel\u00e8fon 667 906 964<\/strong>&nbsp;i amb les&nbsp;<strong>nostres Delegades i Delegats<\/strong>.<\/p>\n\n\n\n<p class=\"gb-headline gb-headline-ef465612 gb-headline-text\"><strong>CCOO exigeix seguretat pel personal ferroviari i els usuaris i usu\u00e0ries de Renfe i traslladem el nostre m\u00e9s sincer condol a la fam\u00edlia, amistats, companyes i companys del maquinista.<\/strong><\/p>\n\n\n\n<div style=\"height:20px\" aria-hidden=\"true\" class=\"wp-block-spacer\"><\/div>\n\n\n\n<div class=\"wp-block-buttons is-content-justification-center is-layout-flex wp-container-core-buttons-is-layout-16018d1d wp-block-buttons-is-layout-flex\">\n<div class=\"wp-block-button is-style-fill\"><a class=\"wp-block-button__link wp-element-button\" href=\"https:\/\/www.ccoo.cat\/fsc\/noticies\/ccoo-exigeix-seguretat-pel-personal-ferroviari-i-els-usuaris-i-usuaries-de-renfe\/\" style=\"border-radius:0px\">CCOO exigeix seguretat pel personal ferroviari i els usuaris i usu\u00e0ries de Renfe<\/a><\/div>\n<\/div>\n\n\n\n<div style=\"height:60px\" aria-hidden=\"true\" class=\"wp-block-spacer\"><\/div>\n\n\n<div class=\"gb-container gb-container-e98089b5\">\n\n<div style=\"height:30px\" aria-hidden=\"true\" class=\"wp-block-spacer\"><\/div>\n\n\n<div class=\"wp-block-image\">\n<figure class=\"aligncenter size-full is-resized\"><img loading=\"lazy\" decoding=\"async\" width=\"512\" height=\"512\" src=\"https:\/\/ccoo.app\/diputacio-de-barcelona\/wp-content\/blogs.dir\/6\/files\/sites\/186\/2023\/04\/preguntes.png\" alt=\"Preguntes\" class=\"wp-image-52698\" style=\"width:128px;height:128px\" srcset=\"https:\/\/ccoo.app\/diputacio-de-barcelona\/wp-content\/blogs.dir\/6\/files\/sites\/186\/2023\/04\/preguntes.png 512w, https:\/\/ccoo.app\/diputacio-de-barcelona\/wp-content\/blogs.dir\/6\/files\/sites\/186\/2023\/04\/preguntes-300x300.png 300w, https:\/\/ccoo.app\/diputacio-de-barcelona\/wp-content\/blogs.dir\/6\/files\/sites\/186\/2023\/04\/preguntes-150x150.png 150w\" sizes=\"auto, (max-width: 512px) 100vw, 512px\" \/><\/figure>\n<\/div>\n\n\n<div style=\"height:60px\" aria-hidden=\"true\" class=\"wp-block-spacer\"><\/div>\n\n\n\n<h3 class=\"gb-headline gb-headline-c5bcf253 gb-headline-text\"><strong>No et quedis mai amb el dubte,<br><\/strong>contacta amb CCOO<\/h3>\n\n\n\n<div class=\"wp-block-buttons is-content-justification-center is-layout-flex wp-container-core-buttons-is-layout-16018d1d wp-block-buttons-is-layout-flex\">\n<div class=\"wp-block-button is-style-fill\"><a class=\"wp-block-button__link has-base-3-color has-contrast-2-background-color has-text-color has-background wp-element-button\" href=\"https:\/\/ccoo.app\/diputacio-de-barcelona\/seccio-sindical-de-ccoo\/\" style=\"border-radius:0px\">CONTACTA&#8217;NS<\/a><\/div>\n<\/div>\n\n<\/div>\n\n\n<div style=\"height:100px\" aria-hidden=\"true\" class=\"wp-block-spacer\"><\/div>\n\n\n\n<div class=\"wp-block-group\"><div class=\"wp-block-group__inner-container is-layout-constrained wp-block-group-is-layout-constrained\"><div class=\"gb-grid-wrapper gb-grid-wrapper-d65739e2\">\n<div class=\"gb-grid-column gb-grid-column-ecc8725d\"><div class=\"gb-container gb-container-ecc8725d\"><div class=\"gb-inside-container\">\n<div class=\"wp-block-image\">\n<figure class=\"aligncenter size-full\"><img loading=\"lazy\" decoding=\"async\" width=\"129\" height=\"38\" src=\"https:\/\/ccoo.app\/diputacio-de-barcelona\/wp-content\/blogs.dir\/6\/files\/sites\/186\/2022\/03\/tel.png\" alt=\"Tel\" class=\"wp-image-49915\" \/><\/figure>\n<\/div>\n<\/div><\/div><\/div>\n\n<div class=\"gb-grid-column gb-grid-column-4c28778f\"><div class=\"gb-container gb-container-4c28778f\"><div class=\"gb-inside-container\">\n<div class=\"wp-block-image\">\n<figure class=\"aligncenter size-full\"><a href=\"mailto:ccoo@diba.cat\"><img loading=\"lazy\" decoding=\"async\" width=\"51\" height=\"37\" src=\"https:\/\/ccoo.app\/diputacio-de-barcelona\/wp-content\/blogs.dir\/6\/files\/sites\/186\/2022\/03\/mail.png\" alt=\"Mail\" class=\"wp-image-49916\" \/><\/a><\/figure>\n<\/div>\n<\/div><\/div><\/div>\n\n<div class=\"gb-grid-column gb-grid-column-c6cc0957\"><div class=\"gb-container gb-container-c6cc0957\"><div class=\"gb-inside-container\">\n<div class=\"wp-block-image\">\n<figure class=\"aligncenter size-full\"><a href=\"https:\/\/twitter.com\/ccoodiba\"><img loading=\"lazy\" decoding=\"async\" width=\"44\" height=\"38\" src=\"https:\/\/ccoo.app\/diputacio-de-barcelona\/wp-content\/blogs.dir\/6\/files\/sites\/186\/2022\/03\/tw.png\" alt=\"Tw\" class=\"wp-image-49917\" \/><\/a><\/figure>\n<\/div>\n<\/div><\/div><\/div>\n\n<div class=\"gb-grid-column gb-grid-column-1598237d\"><div class=\"gb-container gb-container-1598237d\"><div class=\"gb-inside-container\">\n<div class=\"wp-block-image\">\n<figure class=\"aligncenter size-full\"><a href=\"https:\/\/www.instagram.com\/ccoo_diba\/\"><img loading=\"lazy\" decoding=\"async\" width=\"45\" height=\"44\" src=\"https:\/\/ccoo.app\/diputacio-de-barcelona\/wp-content\/blogs.dir\/6\/files\/sites\/186\/2022\/03\/ig.png\" alt=\"Ig\" class=\"wp-image-49918\" \/><\/a><\/figure>\n<\/div>\n<\/div><\/div><\/div>\n\n<div class=\"gb-grid-column gb-grid-column-2db731fe\"><div class=\"gb-container gb-container-2db731fe\"><div class=\"gb-inside-container\">\n<div class=\"wp-block-image\">\n<figure class=\"aligncenter size-full\"><a href=\"https:\/\/ccoo.app\/diputacio-de-barcelona\"><img loading=\"lazy\" decoding=\"async\" width=\"39\" height=\"40\" src=\"https:\/\/ccoo.app\/diputacio-de-barcelona\/wp-content\/blogs.dir\/6\/files\/sites\/186\/2022\/03\/www.png\" alt=\"Www\" class=\"wp-image-49919\" \/><\/a><\/figure>\n<\/div>\n<\/div><\/div><\/div>\n\n<div class=\"gb-grid-column gb-grid-column-f3651540\"><div class=\"gb-container gb-container-f3651540\"><div class=\"gb-inside-container\">\n<div class=\"wp-block-image\">\n<figure class=\"aligncenter size-full is-resized\"><a href=\"https:\/\/www.ccoo.cat\/afiliat\/?_sfm_aff_situation=94\"><img loading=\"lazy\" decoding=\"async\" width=\"125\" height=\"38\" src=\"https:\/\/ccoo.app\/diputacio-de-barcelona\/wp-content\/blogs.dir\/6\/files\/sites\/186\/2022\/03\/af.png\" alt=\"Af\" class=\"wp-image-49920\" style=\"width:125px;height:38px\" \/><\/a><\/figure>\n<\/div>\n<\/div><\/div><\/div>\n<\/div><\/div><\/div>\n","protected":false},"excerpt":{"rendered":"<p>Us informem que&nbsp;la Direcci\u00f3 de Serveis de Recursos Humans&nbsp;ens ha comunicat que, despr\u00e9s de la reuni\u00f3 del Centre de Coordinaci\u00f3 Operativa de Catalunya (CECAT), s\u2019ha aixecat la suspensi\u00f3 del servei &#8230; <\/p>\n<p class=\"read-more-container\"><a title=\"SERVEI DE RODALIES\" class=\"read-more button\" href=\"https:\/\/ccoo.app\/diputacio-de-barcelona\/servei-de-rodalies\/#more-57496\" aria-label=\"Leer m\u00e1s sobre SERVEI DE RODALIES\">Continuar llegint<\/a><\/p>\n","protected":false},"author":88639,"featured_media":57497,"comment_status":"closed","ping_status":"closed","sticky":false,"template":"","format":"standard","meta":{"footnotes":""},"categories":[38,19],"tags":[],"class_list":["post-57496","post","type-post","status-publish","format-standard","has-post-thumbnail","hentry","category-a-tot-el-personal","category-comunicats","generate-columns","tablet-grid-50","mobile-grid-100","grid-parent","grid-50"],"_links":{"self":[{"href":"https:\/\/ccoo.app\/diputacio-de-barcelona\/wp-json\/wp\/v2\/posts\/57496","targetHints":{"allow":["GET"]}}],"collection":[{"href":"https:\/\/ccoo.app\/diputacio-de-barcelona\/wp-json\/wp\/v2\/posts"}],"about":[{"href":"https:\/\/ccoo.app\/diputacio-de-barcelona\/wp-json\/wp\/v2\/types\/post"}],"author":[{"embeddable":true,"href":"https:\/\/ccoo.app\/diputacio-de-barcelona\/wp-json\/wp\/v2\/users\/88639"}],"replies":[{"embeddable":true,"href":"https:\/\/ccoo.app\/diputacio-de-barcelona\/wp-json\/wp\/v2\/comments?post=57496"}],"version-history":[{"count":3,"href":"https:\/\/ccoo.app\/diputacio-de-barcelona\/wp-json\/wp\/v2\/posts\/57496\/revisions"}],"predecessor-version":[{"id":57501,"href":"https:\/\/ccoo.app\/diputacio-de-barcelona\/wp-json\/wp\/v2\/posts\/57496\/revisions\/57501"}],"wp:featuredmedia":[{"embeddable":true,"href":"https:\/\/ccoo.app\/diputacio-de-barcelona\/wp-json\/wp\/v2\/media\/57497"}],"wp:attachment":[{"href":"https:\/\/ccoo.app\/diputacio-de-barcelona\/wp-json\/wp\/v2\/media?parent=57496"}],"wp:term":[{"taxonomy":"category","embeddable":true,"href":"https:\/\/ccoo.app\/diputacio-de-barcelona\/wp-json\/wp\/v2\/categories?post=57496"},{"taxonomy":"post_tag","embeddable":true,"href":"https:\/\/ccoo.app\/diputacio-de-barcelona\/wp-json\/wp\/v2\/tags?post=57496"}],"curies":[{"name":"wp","href":"https:\/\/api.w.org\/{rel}","templated":true}]}}