{"id":57480,"date":"2025-12-22T16:50:56","date_gmt":"2025-12-22T15:50:56","guid":{"rendered":"https:\/\/ccoo.app\/diputacio-de-barcelona\/?p=57480"},"modified":"2025-12-22T16:50:57","modified_gmt":"2025-12-22T15:50:57","slug":"preparacio-promocio-interna-dadministratius-ves-de-la-diputacio-de-barcelona-proces-selectiu-p01-24","status":"publish","type":"post","link":"https:\/\/ccoo.app\/diputacio-de-barcelona\/preparacio-promocio-interna-dadministratius-ves-de-la-diputacio-de-barcelona-proces-selectiu-p01-24\/","title":{"rendered":"Preparaci\u00f3 promoci\u00f3 interna d\u2019administratius\/ves de la Diputaci\u00f3 de Barcelona (Proc\u00e9s selectiu P01\/24)"},"content":{"rendered":"\n<div style=\"height:50px\" aria-hidden=\"true\" class=\"wp-block-spacer\"><\/div>\n\n\n<div class=\"wp-block-image\">\n<figure class=\"aligncenter size-full\"><img loading=\"lazy\" decoding=\"async\" width=\"930\" height=\"538\" src=\"https:\/\/ccoo.app\/diputacio-de-barcelona\/wp-content\/blogs.dir\/6\/files\/sites\/186\/2025\/12\/promocio-interna-diba.jpg\" alt=\"\" class=\"wp-image-57483\" srcset=\"https:\/\/ccoo.app\/diputacio-de-barcelona\/wp-content\/blogs.dir\/6\/files\/sites\/186\/2025\/12\/promocio-interna-diba.jpg 930w, https:\/\/ccoo.app\/diputacio-de-barcelona\/wp-content\/blogs.dir\/6\/files\/sites\/186\/2025\/12\/promocio-interna-diba-300x174.jpg 300w, https:\/\/ccoo.app\/diputacio-de-barcelona\/wp-content\/blogs.dir\/6\/files\/sites\/186\/2025\/12\/promocio-interna-diba-768x444.jpg 768w\" sizes=\"auto, (max-width: 930px) 100vw, 930px\" \/><\/figure>\n<\/div>\n\n\n<div style=\"height:20px\" aria-hidden=\"true\" class=\"wp-block-spacer\"><\/div>\n\n\n\n<p class=\"gb-headline gb-headline-1e5891bf gb-headline-text\">En refer\u00e8ncia a la promoci\u00f3 interna per al personal de la Diputaci\u00f3, ens plau informar-vos que, despr\u00e9s de converses amb la Fundaci\u00f3 Paco Puerto, entitat encarregada de l\u2019acci\u00f3 formativa de CCOO, s\u2019ha decidit obrir la possibilitat de realitzar el curs per a \u201c<strong>C1 administratius\/ves (Proc\u00e9s selectiu P01\/24). Promoci\u00f3 Interna personal Diputaci\u00f3 de Barcelona<\/strong>\u201d.<\/p>\n\n\n\n<p class=\"gb-headline gb-headline-665928da gb-headline-text\">Aquest curs, que es realitzar\u00e0 mitjan\u00e7ant Aula Virtual, permetr\u00e0&nbsp;preparar-se per a l\u2019examen amb l&#8217;assist\u00e8ncia de la professora. Les persones que desitgeu aprofitar aquesta oportunitat podreu accedir al curs des del seg\u00fcent enlla\u00e7:<\/p>\n\n\n\n<ul class=\"wp-block-list\">\n<li><a href=\"https:\/\/fundaciopacopuerto.cat\/cursos-formacio\/funcio-publica-oposicions\/local-ajuntaments-i-diputacions\/preparacio-oposicio-diputacio-barcelona-administratiu-va-de-gestio-i-recaptacio-agent-tributari-part-especifica-88409\/\" target=\"_blank\" rel=\"noreferrer noopener\"><\/a><strong><a href=\"https:\/\/fundaciopacopuerto.cat\/cursos-formacio\/funcio-publica-oposicions\/local-ajuntaments-i-diputacions\/preparacio-oposicions-promocio-interna-dadministratius-ves-de-la-diputacio-de-barcelona-proces-selectiu-p01-24-90689\/\" target=\"_blank\" rel=\"noreferrer noopener\">Preparaci\u00f3 promoci\u00f3 interna Diputaci\u00f3 Barcelona. C1 Administratius\/ves<\/a><\/strong><\/li>\n<\/ul>\n\n\n\n<div style=\"height:40px\" aria-hidden=\"true\" class=\"wp-block-spacer\"><\/div>\n\n\n<div class=\"wp-block-image\">\n<figure class=\"aligncenter size-full is-resized\"><img loading=\"lazy\" decoding=\"async\" width=\"512\" height=\"512\" src=\"https:\/\/ccoo.app\/diputacio-de-barcelona\/wp-content\/blogs.dir\/6\/files\/sites\/186\/2023\/04\/preguntes.png\" alt=\"Preguntes\" class=\"wp-image-52698\" style=\"width:128px;height:128px\" srcset=\"https:\/\/ccoo.app\/diputacio-de-barcelona\/wp-content\/blogs.dir\/6\/files\/sites\/186\/2023\/04\/preguntes.png 512w, https:\/\/ccoo.app\/diputacio-de-barcelona\/wp-content\/blogs.dir\/6\/files\/sites\/186\/2023\/04\/preguntes-300x300.png 300w, https:\/\/ccoo.app\/diputacio-de-barcelona\/wp-content\/blogs.dir\/6\/files\/sites\/186\/2023\/04\/preguntes-150x150.png 150w\" sizes=\"auto, (max-width: 512px) 100vw, 512px\" \/><\/figure>\n<\/div>\n\n<div class=\"gb-container gb-container-d4283c0a\">\n\n<div style=\"height:25px\" aria-hidden=\"true\" class=\"wp-block-spacer\"><\/div>\n\n\n\n<h3 class=\"gb-headline gb-headline-f5c8f4d8 gb-headline-text\"><strong>No et quedis mai amb el dubte,<br>contacta amb  CCOO<\/strong><\/h3>\n\n\n\n<div class=\"wp-block-buttons is-content-justification-center is-layout-flex wp-container-core-buttons-is-layout-16018d1d wp-block-buttons-is-layout-flex\">\n<div class=\"wp-block-button is-style-fill\"><a class=\"wp-block-button__link has-base-3-color has-contrast-2-background-color has-text-color has-background wp-element-button\" href=\"https:\/\/ccoo.app\/diputacio-de-barcelona\/seccio-sindical-de-ccoo\/\" style=\"border-radius:0px\">CONTACTA&#8217;NS<\/a><\/div>\n<\/div>\n\n<\/div>\n\n\n<p><\/p>\n\n\n\n<div style=\"height:100px\" aria-hidden=\"true\" class=\"wp-block-spacer\"><\/div>\n","protected":false},"excerpt":{"rendered":"<p>En refer\u00e8ncia a la promoci\u00f3 interna per al personal de la Diputaci\u00f3, ens plau informar-vos que, despr\u00e9s de converses amb la Fundaci\u00f3 Paco Puerto, entitat encarregada de l\u2019acci\u00f3 formativa de &#8230; <\/p>\n<p class=\"read-more-container\"><a title=\"Preparaci\u00f3 promoci\u00f3 interna d\u2019administratius\/ves de la Diputaci\u00f3 de Barcelona (Proc\u00e9s selectiu P01\/24)\" class=\"read-more button\" href=\"https:\/\/ccoo.app\/diputacio-de-barcelona\/preparacio-promocio-interna-dadministratius-ves-de-la-diputacio-de-barcelona-proces-selectiu-p01-24\/#more-57480\" aria-label=\"Leer m\u00e1s sobre Preparaci\u00f3 promoci\u00f3 interna d\u2019administratius\/ves de la Diputaci\u00f3 de Barcelona (Proc\u00e9s selectiu P01\/24)\">Continuar llegint<\/a><\/p>\n","protected":false},"author":88639,"featured_media":52922,"comment_status":"closed","ping_status":"closed","sticky":false,"template":"","format":"standard","meta":{"footnotes":""},"categories":[38,19,20],"tags":[],"class_list":["post-57480","post","type-post","status-publish","format-standard","has-post-thumbnail","hentry","category-a-tot-el-personal","category-comunicats","category-cursos","generate-columns","tablet-grid-50","mobile-grid-100","grid-parent","grid-50"],"_links":{"self":[{"href":"https:\/\/ccoo.app\/diputacio-de-barcelona\/wp-json\/wp\/v2\/posts\/57480","targetHints":{"allow":["GET"]}}],"collection":[{"href":"https:\/\/ccoo.app\/diputacio-de-barcelona\/wp-json\/wp\/v2\/posts"}],"about":[{"href":"https:\/\/ccoo.app\/diputacio-de-barcelona\/wp-json\/wp\/v2\/types\/post"}],"author":[{"embeddable":true,"href":"https:\/\/ccoo.app\/diputacio-de-barcelona\/wp-json\/wp\/v2\/users\/88639"}],"replies":[{"embeddable":true,"href":"https:\/\/ccoo.app\/diputacio-de-barcelona\/wp-json\/wp\/v2\/comments?post=57480"}],"version-history":[{"count":3,"href":"https:\/\/ccoo.app\/diputacio-de-barcelona\/wp-json\/wp\/v2\/posts\/57480\/revisions"}],"predecessor-version":[{"id":57484,"href":"https:\/\/ccoo.app\/diputacio-de-barcelona\/wp-json\/wp\/v2\/posts\/57480\/revisions\/57484"}],"wp:featuredmedia":[{"embeddable":true,"href":"https:\/\/ccoo.app\/diputacio-de-barcelona\/wp-json\/wp\/v2\/media\/52922"}],"wp:attachment":[{"href":"https:\/\/ccoo.app\/diputacio-de-barcelona\/wp-json\/wp\/v2\/media?parent=57480"}],"wp:term":[{"taxonomy":"category","embeddable":true,"href":"https:\/\/ccoo.app\/diputacio-de-barcelona\/wp-json\/wp\/v2\/categories?post=57480"},{"taxonomy":"post_tag","embeddable":true,"href":"https:\/\/ccoo.app\/diputacio-de-barcelona\/wp-json\/wp\/v2\/tags?post=57480"}],"curies":[{"name":"wp","href":"https:\/\/api.w.org\/{rel}","templated":true}]}}