{"id":57461,"date":"2025-12-23T09:22:57","date_gmt":"2025-12-23T08:22:57","guid":{"rendered":"https:\/\/ccoo.app\/diputacio-de-barcelona\/?p=57461"},"modified":"2025-12-23T09:22:59","modified_gmt":"2025-12-23T08:22:59","slug":"comite-de-seguretat-i-salut-6","status":"publish","type":"post","link":"https:\/\/ccoo.app\/diputacio-de-barcelona\/comite-de-seguretat-i-salut-6\/","title":{"rendered":"COMIT\u00c8 DE SEGURETAT I SALUT"},"content":{"rendered":"\n<div style=\"height:40px\" aria-hidden=\"true\" class=\"wp-block-spacer\"><\/div>\n\n\n\n<h4 class=\"wp-block-heading has-text-align-center has-text-color\" style=\"color:#d42e12;font-size:28px\">12 DE DESEMBRE DE 2025<\/h4>\n\n\n\n<figure class=\"gb-block-image gb-block-image-1bd8cee7\"><img loading=\"lazy\" decoding=\"async\" width=\"390\" height=\"390\" class=\"gb-image gb-image-1bd8cee7\" src=\"https:\/\/ccoo.app\/diputacio-de-barcelona\/wp-content\/blogs.dir\/6\/files\/sites\/186\/2023\/03\/informacio-salud-laboral.png\" alt=\"Informacio Salud Laboral\" title=\"Informacio Salud Laboral\" srcset=\"https:\/\/ccoo.app\/diputacio-de-barcelona\/wp-content\/blogs.dir\/6\/files\/sites\/186\/2023\/03\/informacio-salud-laboral.png 390w, https:\/\/ccoo.app\/diputacio-de-barcelona\/wp-content\/blogs.dir\/6\/files\/sites\/186\/2023\/03\/informacio-salud-laboral-300x300.png 300w, https:\/\/ccoo.app\/diputacio-de-barcelona\/wp-content\/blogs.dir\/6\/files\/sites\/186\/2023\/03\/informacio-salud-laboral-150x150.png 150w\" sizes=\"auto, (max-width: 390px) 100vw, 390px\" \/><\/figure>\n\n\n\n<div style=\"height:40px\" aria-hidden=\"true\" class=\"wp-block-spacer\"><\/div>\n\n\n\n<p class=\"gb-headline gb-headline-e9541c65 gb-headline-text\">A la darrera reuni\u00f3 del Comit\u00e8 de Seguretat i Salut de la Diputaci\u00f3 de Barcelona del dia 12 de desembre&nbsp;<strong>des de CCOO vam tractar els seg\u00fcents punts, entre d\u2019altres, que afecten les condicions de seguretat i salut&nbsp;<\/strong>de les treballadores i treballadors de la corporaci\u00f3:<\/p>\n\n\n\n<div style=\"height:10px\" aria-hidden=\"true\" class=\"wp-block-spacer\"><\/div>\n\n\n<div class=\"gb-container gb-container-5d0fa1dd\">\n\n<h4 class=\"gb-headline gb-headline-b555aa4e gb-headline-text\">FORMACI\u00d3 2025<\/h4>\n\n\n\n<ul class=\"wp-block-list\">\n<li><strong>Agra\u00efm que, per primera vegada, se\u2019ns hagi facilitat les dades tant de Diputaci\u00f3 de Barcelona com dels seus organismes aut\u00f2noms, ORGT, Institut del Teatre i Patronat d\u2019Apostes<\/strong>. D\u2019aquest \u00faltim, sol\u00b7licitem que se\u2019ns faci arribar la informaci\u00f3 per escrit.<\/li>\n\n\n\n<li><strong>Per a tot aquell personal de l\u2019Institut del Teatre que t\u00e9 formacions de fa 5 anys o m\u00e9s sol\u00b7licitem una actualitzaci\u00f3 d&#8217;aquestes<\/strong>.<\/li>\n\n\n\n<li><strong>Reclamem informaci\u00f3 sobre la formaci\u00f3 b\u00e0sica en prevenci\u00f3 de riscos, Recurs Preventiu<\/strong>, ja que al darrer CSS se\u2019ns va informar que aquesta es comen\u00e7aria a finals d\u2019aquest any, per\u00f2, malauradament, <strong>la previsi\u00f3 de l\u2019OPRL \u00e9s realitzar-la el primer trimestre del 2026<\/strong>. Aix\u00ed mateix, <strong>sol\u00b7licitem que aquesta formaci\u00f3 es faci extensiva a totes aquelles noves incorporacions susceptibles de realitzar aquestes funcions<\/strong>.<\/li>\n\n\n\n<li><strong>Demanem formaci\u00f3 espec\u00edfica pel personal de Parcs Naturals i Infraestructures Vi\u00e0ries quant a talls, desviaments o restriccions de circulaci\u00f3<\/strong>, entre d\u2019altres.<\/li>\n\n\n\n<li><strong>Reclamem la necessitat de disposar d\u2019informaci\u00f3 detallada, o pl\u00e0nols, de la ubicaci\u00f3 dels DEA m\u00e9s propers als centres de treball perif\u00e8rics<\/strong>.<\/li>\n<\/ul>\n\n<\/div>\n\n<div class=\"gb-container gb-container-f2168796\">\n\n<h4 class=\"gb-headline gb-headline-4a3ce4b2 gb-headline-text\">GAS RAD\u00d3<\/h4>\n\n\n\n<ul class=\"wp-block-list\">\n<li><strong>Sol\u00b7licitem que, en cas necessari, es pugui crear una Comissi\u00f3 pr\u00f2pia de gas rad\u00f3 i, en tot cas, que es pugui tractar al CSS o subcomit\u00e8 corresponent<\/strong>.<\/li>\n<\/ul>\n\n<\/div>\n\n<div class=\"gb-container gb-container-1728f33b\">\n\n<h4 class=\"gb-headline gb-headline-938a8999 gb-headline-text\">OBRES PAVELL\u00d3 NORD<\/h4>\n\n\n\n<ul class=\"wp-block-list\">\n<li><strong>Insistim en la necessitat de fer una visita a les obres que s\u2019estan portant a terme al Bloc B del Pavell\u00f3 Nord<\/strong>, per fer un seguiment d&#8217;aquesta.<\/li>\n<\/ul>\n\n<\/div>\n\n<div class=\"gb-container gb-container-03901ee1\">\n\n<h4 class=\"gb-headline gb-headline-dac42f6e gb-headline-text\">FLOTA DE VEHICLES<\/h4>\n\n\n\n<ul class=\"wp-block-list\">\n<li><strong>Demanem consulta i participaci\u00f3 en els treballadors i treballadores de la corporaci\u00f3 abans de la compra d\u2019aquests vehicles<\/strong>.<\/li>\n<\/ul>\n\n<\/div>\n\n<div class=\"gb-container gb-container-af3216ca\">\n\n<h4 class=\"gb-headline gb-headline-561c98a7 gb-headline-text\">PLA DE SEGURETAT<\/h4>\n\n\n\n<ul class=\"wp-block-list\">\n<li><strong>Tornem a reclamar una reuni\u00f3<\/strong> per tenir coneixement de la informaci\u00f3 que hi ha en mat\u00e8ria de seguretat i poder treballar amb les diferents Ger\u00e8ncies.<\/li>\n<\/ul>\n\n<\/div>\n\n<div class=\"gb-container gb-container-8c5e6931\">\n\n<h4 class=\"gb-headline gb-headline-100bb699 gb-headline-text\">M\u00daTUA<\/h4>\n\n\n\n<ul class=\"wp-block-list\">\n<li><strong>Sol\u00b7licitem les dades referents a tots aquells accidents ocorreguts durant la jornada laboral, per\u00f2 que la M\u00fatua no ho considera com a tal i els canvis de conting\u00e8ncies que es realitzen al respecte<\/strong>.<\/li>\n<\/ul>\n\n<\/div>\n\n\n<div style=\"height:40px\" aria-hidden=\"true\" class=\"wp-block-spacer\"><\/div>\n\n\n<div class=\"wp-block-image\">\n<figure class=\"aligncenter size-full is-resized\"><img loading=\"lazy\" decoding=\"async\" width=\"512\" height=\"512\" src=\"https:\/\/ccoo.app\/diputacio-de-barcelona\/wp-content\/blogs.dir\/6\/files\/sites\/186\/2023\/04\/preguntes.png\" alt=\"Preguntes\" class=\"wp-image-52698\" style=\"width:128px;height:128px\" srcset=\"https:\/\/ccoo.app\/diputacio-de-barcelona\/wp-content\/blogs.dir\/6\/files\/sites\/186\/2023\/04\/preguntes.png 512w, https:\/\/ccoo.app\/diputacio-de-barcelona\/wp-content\/blogs.dir\/6\/files\/sites\/186\/2023\/04\/preguntes-300x300.png 300w, https:\/\/ccoo.app\/diputacio-de-barcelona\/wp-content\/blogs.dir\/6\/files\/sites\/186\/2023\/04\/preguntes-150x150.png 150w\" sizes=\"auto, (max-width: 512px) 100vw, 512px\" \/><\/figure>\n<\/div>\n\n<div class=\"gb-container gb-container-d4283c0a\">\n\n<div style=\"height:25px\" aria-hidden=\"true\" class=\"wp-block-spacer\"><\/div>\n\n\n\n<h4 class=\"gb-headline gb-headline-66b0aa8f gb-headline-text\">SALUT LABORAL<\/h4>\n\n\n\n<h3 class=\"gb-headline gb-headline-f5c8f4d8 gb-headline-text\"><strong>No et quedis mai amb el dubte,<br>contacta amb  CCOO<\/strong><\/h3>\n\n\n\n<div class=\"wp-block-buttons is-content-justification-center is-layout-flex wp-container-core-buttons-is-layout-16018d1d wp-block-buttons-is-layout-flex\">\n<div class=\"wp-block-button is-style-fill\"><a class=\"wp-block-button__link has-base-3-color has-contrast-2-background-color has-text-color has-background wp-element-button\" href=\"https:\/\/ccoo.app\/diputacio-de-barcelona\/seccio-sindical-de-ccoo\/\" style=\"border-radius:0px\">CONTACTA&#8217;NS<\/a><\/div>\n<\/div>\n\n<\/div>\n\n\n<div style=\"height:40px\" aria-hidden=\"true\" class=\"wp-block-spacer\"><\/div>\n\n\n\n<div class=\"wp-block-group\"><div class=\"wp-block-group__inner-container is-layout-constrained wp-block-group-is-layout-constrained\"><div class=\"gb-grid-wrapper gb-grid-wrapper-d65739e2\">\n<div class=\"gb-grid-column gb-grid-column-ecc8725d\"><div class=\"gb-container gb-container-ecc8725d\"><div class=\"gb-inside-container\">\n<div class=\"wp-block-image\">\n<figure class=\"aligncenter size-full\"><img loading=\"lazy\" decoding=\"async\" width=\"129\" height=\"38\" src=\"https:\/\/ccoo.app\/diputacio-de-barcelona\/wp-content\/blogs.dir\/6\/files\/sites\/186\/2022\/03\/tel.png\" alt=\"Tel\" class=\"wp-image-49915\" \/><\/figure>\n<\/div>\n<\/div><\/div><\/div>\n\n<div class=\"gb-grid-column gb-grid-column-4c28778f\"><div class=\"gb-container gb-container-4c28778f\"><div class=\"gb-inside-container\">\n<div class=\"wp-block-image\">\n<figure class=\"aligncenter size-full\"><a href=\"mailto:ccoo@diba.cat\"><img loading=\"lazy\" decoding=\"async\" width=\"51\" height=\"37\" src=\"https:\/\/ccoo.app\/diputacio-de-barcelona\/wp-content\/blogs.dir\/6\/files\/sites\/186\/2022\/03\/mail.png\" alt=\"Mail\" class=\"wp-image-49916\" \/><\/a><\/figure>\n<\/div>\n<\/div><\/div><\/div>\n\n<div class=\"gb-grid-column gb-grid-column-c6cc0957\"><div class=\"gb-container gb-container-c6cc0957\"><div class=\"gb-inside-container\">\n<div class=\"wp-block-image\">\n<figure class=\"aligncenter size-full\"><a href=\"https:\/\/twitter.com\/ccoodiba\"><img loading=\"lazy\" decoding=\"async\" width=\"44\" height=\"38\" src=\"https:\/\/ccoo.app\/diputacio-de-barcelona\/wp-content\/blogs.dir\/6\/files\/sites\/186\/2022\/03\/tw.png\" alt=\"Tw\" class=\"wp-image-49917\" \/><\/a><\/figure>\n<\/div>\n<\/div><\/div><\/div>\n\n<div class=\"gb-grid-column gb-grid-column-1598237d\"><div class=\"gb-container gb-container-1598237d\"><div class=\"gb-inside-container\">\n<div class=\"wp-block-image\">\n<figure class=\"aligncenter size-full\"><a href=\"https:\/\/www.instagram.com\/ccoo_diba\/\"><img loading=\"lazy\" decoding=\"async\" width=\"45\" height=\"44\" src=\"https:\/\/ccoo.app\/diputacio-de-barcelona\/wp-content\/blogs.dir\/6\/files\/sites\/186\/2022\/03\/ig.png\" alt=\"Ig\" class=\"wp-image-49918\" \/><\/a><\/figure>\n<\/div>\n<\/div><\/div><\/div>\n\n<div class=\"gb-grid-column gb-grid-column-2db731fe\"><div class=\"gb-container gb-container-2db731fe\"><div class=\"gb-inside-container\">\n<div class=\"wp-block-image\">\n<figure class=\"aligncenter size-full\"><a href=\"https:\/\/ccoo.app\/diputacio-de-barcelona\"><img loading=\"lazy\" decoding=\"async\" width=\"39\" height=\"40\" src=\"https:\/\/ccoo.app\/diputacio-de-barcelona\/wp-content\/blogs.dir\/6\/files\/sites\/186\/2022\/03\/www.png\" alt=\"Www\" class=\"wp-image-49919\" \/><\/a><\/figure>\n<\/div>\n<\/div><\/div><\/div>\n\n<div class=\"gb-grid-column gb-grid-column-f3651540\"><div class=\"gb-container gb-container-f3651540\"><div class=\"gb-inside-container\">\n<div class=\"wp-block-image is-resized\">\n<figure class=\"aligncenter size-full\"><a href=\"https:\/\/www.ccoo.cat\/afiliat\/?_sfm_aff_situation=94\"><img loading=\"lazy\" decoding=\"async\" width=\"125\" height=\"38\" src=\"https:\/\/ccoo.app\/diputacio-de-barcelona\/wp-content\/blogs.dir\/6\/files\/sites\/186\/2022\/03\/af.png\" alt=\"Af\" class=\"wp-image-49920\" \/><\/a><\/figure>\n<\/div>\n<\/div><\/div><\/div>\n<\/div><\/div><\/div>\n","protected":false},"excerpt":{"rendered":"<p>12 DE DESEMBRE DE 2025 A la darrera reuni\u00f3 del Comit\u00e8 de Seguretat i Salut de la Diputaci\u00f3 de Barcelona del dia 12 de desembre&nbsp;des de CCOO vam tractar els &#8230; <\/p>\n<p class=\"read-more-container\"><a title=\"COMIT\u00c8 DE SEGURETAT I SALUT\" class=\"read-more button\" href=\"https:\/\/ccoo.app\/diputacio-de-barcelona\/comite-de-seguretat-i-salut-6\/#more-57461\" aria-label=\"Leer m\u00e1s sobre COMIT\u00c8 DE SEGURETAT I SALUT\">Continuar llegint<\/a><\/p>\n","protected":false},"author":88639,"featured_media":52365,"comment_status":"closed","ping_status":"closed","sticky":false,"template":"","format":"standard","meta":{"footnotes":""},"categories":[38,19,35],"tags":[],"class_list":["post-57461","post","type-post","status-publish","format-standard","has-post-thumbnail","hentry","category-a-tot-el-personal","category-comunicats","category-salut-laboral","generate-columns","tablet-grid-50","mobile-grid-100","grid-parent","grid-50"],"_links":{"self":[{"href":"https:\/\/ccoo.app\/diputacio-de-barcelona\/wp-json\/wp\/v2\/posts\/57461","targetHints":{"allow":["GET"]}}],"collection":[{"href":"https:\/\/ccoo.app\/diputacio-de-barcelona\/wp-json\/wp\/v2\/posts"}],"about":[{"href":"https:\/\/ccoo.app\/diputacio-de-barcelona\/wp-json\/wp\/v2\/types\/post"}],"author":[{"embeddable":true,"href":"https:\/\/ccoo.app\/diputacio-de-barcelona\/wp-json\/wp\/v2\/users\/88639"}],"replies":[{"embeddable":true,"href":"https:\/\/ccoo.app\/diputacio-de-barcelona\/wp-json\/wp\/v2\/comments?post=57461"}],"version-history":[{"count":5,"href":"https:\/\/ccoo.app\/diputacio-de-barcelona\/wp-json\/wp\/v2\/posts\/57461\/revisions"}],"predecessor-version":[{"id":57486,"href":"https:\/\/ccoo.app\/diputacio-de-barcelona\/wp-json\/wp\/v2\/posts\/57461\/revisions\/57486"}],"wp:featuredmedia":[{"embeddable":true,"href":"https:\/\/ccoo.app\/diputacio-de-barcelona\/wp-json\/wp\/v2\/media\/52365"}],"wp:attachment":[{"href":"https:\/\/ccoo.app\/diputacio-de-barcelona\/wp-json\/wp\/v2\/media?parent=57461"}],"wp:term":[{"taxonomy":"category","embeddable":true,"href":"https:\/\/ccoo.app\/diputacio-de-barcelona\/wp-json\/wp\/v2\/categories?post=57461"},{"taxonomy":"post_tag","embeddable":true,"href":"https:\/\/ccoo.app\/diputacio-de-barcelona\/wp-json\/wp\/v2\/tags?post=57461"}],"curies":[{"name":"wp","href":"https:\/\/api.w.org\/{rel}","templated":true}]}}