{"id":570,"date":"2016-02-11T12:13:32","date_gmt":"2016-02-11T11:13:32","guid":{"rendered":"https:\/\/diba.ccoo.cat\/plantilla_post-copy-copy-copy\/"},"modified":"2016-02-11T12:13:32","modified_gmt":"2016-02-11T11:13:32","slug":"resum-mesa-negociacio-11-02-2016","status":"publish","type":"post","link":"https:\/\/ccoo.app\/diputacio-de-barcelona\/resum-mesa-negociacio-11-02-2016\/","title":{"rendered":"CCOO ACONSEGUIM M\u00c9S FLEXIBILIAT 11\/02\/2016"},"content":{"rendered":"<p>&nbsp;<\/p>\n<p><img loading=\"lazy\" decoding=\"async\" class=\"wp-image-189\" title=\"Secci\u00f3 Sindical de la Diutaci\u00f3 de Barcelona de la Federaci\u00f3 Sindical de Catalunya\" src=\"http:\/\/ccoo.app\/diputacio-de-barcelona\/wp-content\/blogs.dir\/6\/files\/sites\/186\/2015\/12\/ccoo-fsc-cat.png\" alt=\"Secci\u00f3 Sindical de la Diputaci\u00f3 de Barcelona de la Federaci\u00f3 Sindical de Catalunya\" width=\"469\" height=\"90\" \/><\/p>\n<p class=\"wp-caption-text\">Secci\u00f3 Sindical de la Diputaci\u00f3 de Barcelona<\/p>\n<h3 style=\"text-align: center\"><\/h3>\n<h3 style=\"text-align: center\"><span style=\"font-family: 'arial black', sans-serif;color: #0000ff;font-size: 20px\"><strong>CCOO ACONSEGUIM M\u00c9S FLEXIBILIAT 11\/02\/2016 <\/strong><\/span><\/h3>\n<p style=\"text-align: center\"><span style=\"color: #ff0000\">-11 FEBRER DE 2016-<\/span><\/p>\n<p>&nbsp;<\/p>\n<p style=\"text-align: justify\"><span style=\"color: #ff0000\"><b>FLEXIBILITAT HOR\u00c0RIA PER CONCILIACI\u00d3 FAMILIAR: PEL PERSONAL AMB FILLS MENORS DE 17 ANYS<\/b><\/span> Fa uns dies, a CCOO vam atendre la petici\u00f3 d&#8217;una companya que demanava que la seva flexibilitat hor\u00e0ria per conciliaci\u00f3 no s&#8217;acab\u00e9s quan el seu fill compl\u00eds els 12 anys sin\u00f3 que s&#8217;allargu\u00e9s m\u00e9s enll\u00e0 d&#8217;aquesta edat sobretot tenint en compte la seva situaci\u00f3 familiar.<\/p>\n<p style=\"text-align: justify\">Anteriorment, li vam recomanar que fes una inst\u00e0ncia ja que consider\u00e0vem que l&#8217;Acord del 17 d&#8217;octubre de 2014 li donava dret a aquesta possibilitat:<\/p>\n<p style=\"text-align: justify\"><span style=\"color: #3366ff\"><a style=\"color: #3366ff\" href=\"http:\/\/intradiba.diba.cat\/documents\/28776273\/0\/Acord+flexibilitat+jornada\/e66cb398-6363-46ae-b253-f0940905eb9d\">http:\/\/intradiba.diba.cat\/documents\/28776273\/0\/Acord+flexibilitat+jornada\/e66cb398-6363-46ae-b253-f0940905eb9d<\/a>\u00a0<\/span><\/p>\n<p style=\"text-align: justify\">Immediatament ens vam posar en contacte amb RRHH exposant la situaci\u00f3 i fent petici\u00f3 d&#8217;ampliaci\u00f3.<\/p>\n<p style=\"text-align: justify\">Ara, ens felicitem ja que a la MGN, s\u2019ha previst <b>ampliar la Flexibilitat<\/b> hor\u00e0ria per conciliaci\u00f3 per a les <b>persones amb fills menors de 17 anys <\/b>amb les mateixos criteris que l&#8217;actual flexibilitat fins als 12 anys. Estarem atents perqu\u00e8 aix\u00f2 es faci efectiu el m\u00e9s aviat possible.<\/p>\n<p>&nbsp;<\/p>\n<p style=\"text-align: justify\"><b>ALTRES TEMES<\/b><b> D\u2019INTER\u00c8S <\/b><b>: <\/b><span style=\"color: #ff0000\"><b>PAMO<\/b><b> 2014 \/2015<\/b>\u00a0<\/span><\/p>\n<p style=\"text-align: justify\">Com sabeu, els PAMOs 2014 i 2015 ja s&#8217;han publicat al BOPB i ara estem a l&#8217;espera que ho faci al DOGC. Quan aix\u00f2 passi, hi hauran 20 dies per enviar les inst\u00e0ncies.<\/p>\n<p style=\"text-align: justify\">Al mes d&#8217;octubre de 2015, ja ens vam posar en contacte amb RRHH per poder parlar d&#8217;aquesta convocat\u00f2ria i plantejar els suggeriments que ens feu arribar. Per exemple, en el cas de la convocat\u00f2ria d&#8217;Auxiliar Administrativa, tornarem a demanar que \u00e9s tingui en compte en el proc\u00e9s que \u00e9s un col\u00b7lectiu que realitza una diversitat molt amplia de tasques. Hem d&#8217;assegurar que \u00e9s doni les mateixes oportunitats a tots i totes. Us anirem informant.<\/p>\n<p style=\"text-align: center\">\u00a0* \u00a0* \u00a0* \u00a0* \u00a0*<\/p>\n<p><img loading=\"lazy\" decoding=\"async\" class=\"alignleft wp-image-226\" src=\"http:\/\/ccoo.app\/diputacio-de-barcelona\/wp-content\/blogs.dir\/6\/files\/sites\/186\/2016\/04\/estem-decidits-acontinuar-lluitant.png\" alt=\"Estem decidits a continuar lluitant !\" width=\"213\" height=\"89\" \/><\/p>\n<p><img loading=\"lazy\" decoding=\"async\" class=\"wp-image-262 alignright\" src=\"http:\/\/ccoo.app\/diputacio-de-barcelona\/wp-content\/blogs.dir\/6\/files\/sites\/186\/2016\/04\/afiliat_ccoo_cat.gif\" alt=\"Tota la informaci\u00f3 de com afiliar-se a CCOO Catalunya i forlmulari d'alta o baxia.\" width=\"90\" height=\"80\" \/><\/p>\n<p><img loading=\"lazy\" decoding=\"async\" class=\"wp-image-227 aligncenter\" src=\"http:\/\/ccoo.app\/diputacio-de-barcelona\/wp-content\/blogs.dir\/6\/files\/sites\/186\/2016\/04\/logo-peu-300x69.png\" alt=\"logo-peu\" width=\"952\" height=\"219\" srcset=\"https:\/\/ccoo.app\/diputacio-de-barcelona\/wp-content\/blogs.dir\/6\/files\/sites\/186\/2016\/04\/logo-peu-300x69.png 300w, https:\/\/ccoo.app\/diputacio-de-barcelona\/wp-content\/blogs.dir\/6\/files\/sites\/186\/2016\/04\/logo-peu.png 557w\" sizes=\"auto, (max-width: 952px) 100vw, 952px\" \/><\/p>\n<p style=\"text-align: center\"><small><\/small><small>Formulari d&#8217;<a href=\"\/afiliat\/\">alta<\/a>, <a href=\"\/afiliat\/\">baixa <\/a>o <a href=\"\/afiliat\/\">modificaci\u00f3 <\/a>de les dades personals o<br \/>\ncontacta&#8217;ns a trav\u00e9s del tel\u00e8fon<strong> 934 022 985<\/strong> o correu: <a href=\"mailto:ccoo@diba.cat\"><strong>ccoo@diba.cat<\/strong><\/a><\/small><\/p>\n","protected":false},"excerpt":{"rendered":"<p>&nbsp; Secci\u00f3 Sindical de la Diputaci\u00f3 de Barcelona CCOO ACONSEGUIM M\u00c9S FLEXIBILIAT 11\/02\/2016 -11 FEBRER DE 2016- &nbsp; FLEXIBILITAT HOR\u00c0RIA PER CONCILIACI\u00d3 FAMILIAR: PEL PERSONAL AMB FILLS MENORS DE 17 &#8230; <\/p>\n<p class=\"read-more-container\"><a title=\"CCOO ACONSEGUIM M\u00c9S FLEXIBILIAT 11\/02\/2016\" class=\"read-more button\" href=\"https:\/\/ccoo.app\/diputacio-de-barcelona\/resum-mesa-negociacio-11-02-2016\/#more-570\" aria-label=\"Leer m\u00e1s sobre CCOO ACONSEGUIM M\u00c9S FLEXIBILIAT 11\/02\/2016\">Continuar llegint<\/a><\/p>\n","protected":false},"author":4519,"featured_media":2968,"comment_status":"open","ping_status":"open","sticky":false,"template":"","format":"standard","meta":{"footnotes":""},"categories":[38,19,24,26,31],"tags":[64,74,86,127,148,169,179,190],"class_list":["post-570","post","type-post","status-publish","format-standard","has-post-thumbnail","hentry","category-a-tot-el-personal","category-comunicats","category-interins","category-mgn","category-personal-interi-comunicats","tag-baixes-laborals","tag-canvis-organigrama-direccio-relacions-internacionals-gerencia-serveis-educacio-espais-naturals-organics","tag-baixes-altes-mediques-embaras-maternitat-flexibilitat-fills-ebep-eleccions-jornada-horari-horaris-laboral-jornada-jornades-laborals-its-incapacitat-temporal-salut-inspeccio-treball","tag-its","tag-mesa-general-negociacio","tag-pamo","tag-personal-interi-seleccio-borses-treball","tag-prevencio-riscos-psicosocials-onada-calor","generate-columns","tablet-grid-50","mobile-grid-100","grid-parent","grid-50"],"_links":{"self":[{"href":"https:\/\/ccoo.app\/diputacio-de-barcelona\/wp-json\/wp\/v2\/posts\/570","targetHints":{"allow":["GET"]}}],"collection":[{"href":"https:\/\/ccoo.app\/diputacio-de-barcelona\/wp-json\/wp\/v2\/posts"}],"about":[{"href":"https:\/\/ccoo.app\/diputacio-de-barcelona\/wp-json\/wp\/v2\/types\/post"}],"author":[{"embeddable":true,"href":"https:\/\/ccoo.app\/diputacio-de-barcelona\/wp-json\/wp\/v2\/users\/4519"}],"replies":[{"embeddable":true,"href":"https:\/\/ccoo.app\/diputacio-de-barcelona\/wp-json\/wp\/v2\/comments?post=570"}],"version-history":[{"count":0,"href":"https:\/\/ccoo.app\/diputacio-de-barcelona\/wp-json\/wp\/v2\/posts\/570\/revisions"}],"wp:featuredmedia":[{"embeddable":true,"href":"https:\/\/ccoo.app\/diputacio-de-barcelona\/wp-json\/wp\/v2\/media\/2968"}],"wp:attachment":[{"href":"https:\/\/ccoo.app\/diputacio-de-barcelona\/wp-json\/wp\/v2\/media?parent=570"}],"wp:term":[{"taxonomy":"category","embeddable":true,"href":"https:\/\/ccoo.app\/diputacio-de-barcelona\/wp-json\/wp\/v2\/categories?post=570"},{"taxonomy":"post_tag","embeddable":true,"href":"https:\/\/ccoo.app\/diputacio-de-barcelona\/wp-json\/wp\/v2\/tags?post=570"}],"curies":[{"name":"wp","href":"https:\/\/api.w.org\/{rel}","templated":true}]}}