{"id":565,"date":"2016-02-15T12:02:09","date_gmt":"2016-02-15T11:02:09","guid":{"rendered":"https:\/\/diba.ccoo.cat\/plantilla_post-copy-copy-copy\/"},"modified":"2016-02-15T12:02:09","modified_gmt":"2016-02-15T11:02:09","slug":"calendarilaboral2016","status":"publish","type":"post","link":"https:\/\/ccoo.app\/diputacio-de-barcelona\/calendarilaboral2016\/","title":{"rendered":"CALENDARI LABORAL 2016"},"content":{"rendered":"<p>&nbsp;<\/p>\n<p><img loading=\"lazy\" decoding=\"async\" class=\"wp-image-189\" title=\"Secci\u00f3 Sindical de la Diutaci\u00f3 de Barcelona de la Federaci\u00f3 Sindical de Catalunya\" src=\"http:\/\/ccoo.app\/diputacio-de-barcelona\/wp-content\/blogs.dir\/6\/files\/sites\/186\/2015\/12\/ccoo-fsc-cat.png\" alt=\"Secci\u00f3 Sindical de la Diputaci\u00f3 de Barcelona de la Federaci\u00f3 Sindical de Catalunya\" width=\"469\" height=\"90\" \/><\/p>\n<p class=\"wp-caption-text\">Secci\u00f3 Sindical de la Diputaci\u00f3 de Barcelona<\/p>\n<h3 style=\"text-align: center\"><\/h3>\n<p style=\"text-align: justify\"><strong><span style=\"font-size: 16px\">225 JORNADES A TREBALLAR <\/span><\/strong><\/p>\n<p style=\"text-align: justify\"><span style=\"font-size: 16px\"><strong>1687,5 hores (jornada general 37,5h)<\/strong><br \/>\n<strong> 1800,0 hores (jornada especial 40h)<\/strong><br \/>\n<\/span><\/p>\n<p style=\"text-align: justify\"><span style=\"font-size: 16px\">Com sempre, s\u2019aplica l\u2019acord del 17 de desembre de 2012:<\/span><\/p>\n<p style=\"text-align: justify\"><span style=\"font-size: 16px\">\u201cPer a facilitar la conciliaci\u00f3 de la vida laboral, personal i familiar, un m\u00e0xim de 5 hores mensuals. Per a la\u00a0formaci\u00f3 volunt\u00e0ria i per compte propi, un m\u00e0xim de quinze minuts diaris en c\u00f2mput anual. La realitzaci\u00f3\u00a0d\u2019aquesta formaci\u00f3 no requerir\u00e0 la pres\u00e8ncia f\u00edsica de l\u2019empleat en el lloc de treball\u201d. En tot cas s\u2019entendr\u00e0\u00a0com a temps efectiu de treball.<\/span><\/p>\n<p style=\"text-align: justify\"><strong><span style=\"font-size: 16px\">22 dies de vacances<br \/>\n1 dia de dispensa ordinari* (24 setembre)<\/span><\/strong><\/p>\n<p style=\"text-align: justify\"><span style=\"font-size: 16px\">*Hi ha centres de treball fora de Barcelona i la possibilitat d\u2019escollir la festa local a gaudir, el text de l\u2019acord\u00a0inclou: \u201cTenint en compte aquest fet, els empleats que no s\u2019acullin a la festa local del 24 de setembre no\u00a0tindran dret al dia de dispensa(&#8230;)si el dia que gaudeixen no coincideix en dissabte\u201d.\u00a0<\/span><\/p>\n<p style=\"text-align: justify\"><span style=\"font-size: 16px\">A m\u00e9s, ho poden gaudir funcionaris de carrera i interins que hagin treballat al menys 6 meses durant\u00a0l&#8217;any 2016.<\/span><\/p>\n<p style=\"text-align: justify\"><span style=\"font-size: 16px\"><strong>2 dies (festa local)<\/strong><br \/>\n<\/span><\/p>\n<p style=\"text-align: justify\"><span style=\"font-size: 16px\">12 de febrer<br \/>\n24 de setembre (Cau en dissabte. Dret a 1 dia de dispensa ordinari)<\/span><\/p>\n<p style=\"text-align: justify\"><span style=\"font-size: 16px\"><strong>12 dies (festa d\u2019\u00e0mbit nacional)<\/strong><br \/>\n<\/span><\/p>\n<p style=\"text-align: justify\"><span style=\"font-size: 16px\">1 de gener<br \/>\n6 de gener<br \/>\n25 de mar\u00e7<br \/>\n28 de mar\u00e7<br \/>\n16 de maig<br \/>\n24 de juny<br \/>\n15 d\u2019agost<br \/>\n12 d\u2019octubre<br \/>\n1 de novembre<br \/>\n6 de desembre<br \/>\n8 de desembre<br \/>\n26 de desembre<\/span><\/p>\n<p style=\"text-align: left\"><span style=\"font-size: 16px\"><strong>Dies de AAPP, permisos i conciliaci\u00f3:<\/strong><br \/>\n<\/span><\/p>\n<p style=\"text-align: left\"><span style=\"font-size: 16px\">6 dies AAPP<br \/>\n4 dies 48J<br \/>\n2 dies (Borsa d\u2019hores)\u00a00 dies dispensa extraordinari (Acord calendari 2015)<br \/>\n<\/span><\/p>\n<h3 style=\"text-align: center\"><span style=\"font-size: 16px\">* \u00a0* \u00a0* \u00a0* \u00a0*<\/span><\/h3>\n<p><img loading=\"lazy\" decoding=\"async\" class=\"alignleft wp-image-226\" src=\"http:\/\/ccoo.app\/diputacio-de-barcelona\/wp-content\/blogs.dir\/6\/files\/sites\/186\/2016\/04\/estem-decidits-acontinuar-lluitant.png\" alt=\"Estem decidits a continuar lluitant !\" width=\"213\" height=\"89\" \/><\/p>\n<p><img loading=\"lazy\" decoding=\"async\" class=\"wp-image-262 alignright\" src=\"http:\/\/ccoo.app\/diputacio-de-barcelona\/wp-content\/blogs.dir\/6\/files\/sites\/186\/2016\/04\/afiliat_ccoo_cat.gif\" alt=\"Tota la informaci\u00f3 de com afiliar-se a CCOO Catalunya i forlmulari d'alta o baxia.\" width=\"90\" height=\"80\" \/><\/p>\n<p><img loading=\"lazy\" decoding=\"async\" class=\"wp-image-227 aligncenter\" src=\"http:\/\/ccoo.app\/diputacio-de-barcelona\/wp-content\/blogs.dir\/6\/files\/sites\/186\/2016\/04\/logo-peu-300x69.png\" alt=\"logo-peu\" width=\"952\" height=\"219\" srcset=\"https:\/\/ccoo.app\/diputacio-de-barcelona\/wp-content\/blogs.dir\/6\/files\/sites\/186\/2016\/04\/logo-peu-300x69.png 300w, https:\/\/ccoo.app\/diputacio-de-barcelona\/wp-content\/blogs.dir\/6\/files\/sites\/186\/2016\/04\/logo-peu.png 557w\" sizes=\"auto, (max-width: 952px) 100vw, 952px\" \/><\/p>\n<p style=\"text-align: center\"><small><\/small><small>Formulari d&#8217;<a href=\"\/afiliat\/\">alta<\/a>, <a href=\"\/afiliat\/\">baixa <\/a>o <a href=\"\/afiliat\/\">modificaci\u00f3 <\/a>de les dades personals o<br \/>\ncontacta&#8217;ns a trav\u00e9s del tel\u00e8fon<strong> 934 022 985<\/strong> o correu: <a href=\"mailto:ccoo@diba.cat\"><strong>ccoo@diba.cat<\/strong><\/a><\/small><\/p>\n","protected":false},"excerpt":{"rendered":"<p>&nbsp; Secci\u00f3 Sindical de la Diputaci\u00f3 de Barcelona 225 JORNADES A TREBALLAR 1687,5 hores (jornada general 37,5h) 1800,0 hores (jornada especial 40h) Com sempre, s\u2019aplica l\u2019acord del 17 de desembre &#8230; <\/p>\n<p class=\"read-more-container\"><a title=\"CALENDARI LABORAL 2016\" class=\"read-more button\" href=\"https:\/\/ccoo.app\/diputacio-de-barcelona\/calendarilaboral2016\/#more-565\" aria-label=\"Leer m\u00e1s sobre CALENDARI LABORAL 2016\">Continuar llegint<\/a><\/p>\n","protected":false},"author":4519,"featured_media":255,"comment_status":"open","ping_status":"open","sticky":false,"template":"","format":"standard","meta":{"footnotes":""},"categories":[38,15,19,26,30],"tags":[148],"class_list":["post-565","post","type-post","status-publish","format-standard","has-post-thumbnail","hentry","category-a-tot-el-personal","category-calendari","category-comunicats","category-mgn","category-permisos","tag-mesa-general-negociacio","generate-columns","tablet-grid-50","mobile-grid-100","grid-parent","grid-50"],"_links":{"self":[{"href":"https:\/\/ccoo.app\/diputacio-de-barcelona\/wp-json\/wp\/v2\/posts\/565","targetHints":{"allow":["GET"]}}],"collection":[{"href":"https:\/\/ccoo.app\/diputacio-de-barcelona\/wp-json\/wp\/v2\/posts"}],"about":[{"href":"https:\/\/ccoo.app\/diputacio-de-barcelona\/wp-json\/wp\/v2\/types\/post"}],"author":[{"embeddable":true,"href":"https:\/\/ccoo.app\/diputacio-de-barcelona\/wp-json\/wp\/v2\/users\/4519"}],"replies":[{"embeddable":true,"href":"https:\/\/ccoo.app\/diputacio-de-barcelona\/wp-json\/wp\/v2\/comments?post=565"}],"version-history":[{"count":0,"href":"https:\/\/ccoo.app\/diputacio-de-barcelona\/wp-json\/wp\/v2\/posts\/565\/revisions"}],"wp:featuredmedia":[{"embeddable":true,"href":"https:\/\/ccoo.app\/diputacio-de-barcelona\/wp-json\/wp\/v2\/media\/255"}],"wp:attachment":[{"href":"https:\/\/ccoo.app\/diputacio-de-barcelona\/wp-json\/wp\/v2\/media?parent=565"}],"wp:term":[{"taxonomy":"category","embeddable":true,"href":"https:\/\/ccoo.app\/diputacio-de-barcelona\/wp-json\/wp\/v2\/categories?post=565"},{"taxonomy":"post_tag","embeddable":true,"href":"https:\/\/ccoo.app\/diputacio-de-barcelona\/wp-json\/wp\/v2\/tags?post=565"}],"curies":[{"name":"wp","href":"https:\/\/api.w.org\/{rel}","templated":true}]}}