{"id":56144,"date":"2025-11-21T09:56:53","date_gmt":"2025-11-21T08:56:53","guid":{"rendered":"https:\/\/ccoo.app\/diputacio-de-barcelona\/?p=56144"},"modified":"2025-11-21T09:56:55","modified_gmt":"2025-11-21T08:56:55","slug":"25-n-del-2025-dia-internacional-per-a-leliminacio-de-la-violencia-envers-les-dones","status":"publish","type":"post","link":"https:\/\/ccoo.app\/diputacio-de-barcelona\/25-n-del-2025-dia-internacional-per-a-leliminacio-de-la-violencia-envers-les-dones\/","title":{"rendered":"25-N del 2025, Dia Internacional per a l\u2019Eliminaci\u00f3 de la Viol\u00e8ncia envers les Dones"},"content":{"rendered":"\n<div style=\"height:40px\" aria-hidden=\"true\" class=\"wp-block-spacer\"><\/div>\n\n\n\n<figure class=\"gb-block-image gb-block-image-c52efd27\"><img loading=\"lazy\" decoding=\"async\" width=\"1448\" height=\"2048\" class=\"gb-image gb-image-c52efd27\" src=\"https:\/\/ccoo.app\/diputacio-de-barcelona\/wp-content\/blogs.dir\/6\/files\/sites\/186\/2025\/11\/cartell-1-1448x2048-1.png\" alt=\"\" title=\"cartell-1-1448x2048\" srcset=\"https:\/\/ccoo.app\/diputacio-de-barcelona\/wp-content\/blogs.dir\/6\/files\/sites\/186\/2025\/11\/cartell-1-1448x2048-1.png 1448w, https:\/\/ccoo.app\/diputacio-de-barcelona\/wp-content\/blogs.dir\/6\/files\/sites\/186\/2025\/11\/cartell-1-1448x2048-1-212x300.png 212w, https:\/\/ccoo.app\/diputacio-de-barcelona\/wp-content\/blogs.dir\/6\/files\/sites\/186\/2025\/11\/cartell-1-1448x2048-1-724x1024.png 724w, https:\/\/ccoo.app\/diputacio-de-barcelona\/wp-content\/blogs.dir\/6\/files\/sites\/186\/2025\/11\/cartell-1-1448x2048-1-768x1086.png 768w, https:\/\/ccoo.app\/diputacio-de-barcelona\/wp-content\/blogs.dir\/6\/files\/sites\/186\/2025\/11\/cartell-1-1448x2048-1-1086x1536.png 1086w\" sizes=\"auto, (max-width: 1448px) 100vw, 1448px\" \/><\/figure>\n\n\n\n<div style=\"height:25px\" aria-hidden=\"true\" class=\"wp-block-spacer\"><\/div>\n\n\n\n<p class=\"gb-headline gb-headline-d13d930f gb-headline-text\">Un cop m\u00e9s a CCOO Diputaci\u00f3 de Barcelona celebrem el 25-N,&nbsp;Dia Internacional per a&nbsp;l\u2019Eliminaci\u00f3&nbsp;de la Viol\u00e8ncia envers les Dones.<\/p>\n\n\n\n<p class=\"gb-headline gb-headline-9529c04d gb-headline-text\">Aquest any posem el focus en una de les expressions m\u00e9s cruels de la viol\u00e8ncia masclista: la viol\u00e8ncia vic\u00e0ria, aquella que busca fer mal a les dones a trav\u00e9s dels seus fills i filles, un mal que persisteix fins i tot despr\u00e9s de morts els assassins. Una viol\u00e8ncia que utilitza la maternitat com una arma per castigar, per controlar i per perpetuar el poder masclista.<\/p>\n\n\n\n<p class=\"gb-headline gb-headline-278296fe gb-headline-text\">\u00c9s una viol\u00e8ncia que no nom\u00e9s assassina, sin\u00f3 que deixa cicatrius profundes i vides truncades per sempre. La nostra resposta ha de ser clara: protegir la vida de les dones i de les criatures \u00e9s una urg\u00e8ncia democr\u00e0tica, social i tamb\u00e9 sindical.&nbsp;<\/p>\n\n\n\n<p class=\"gb-headline gb-headline-f87aff07 gb-headline-text\">L\u2019acte tindr\u00e0 lloc el dimarts 25 de novembre, de 9.30 a 14 h, a la sala d\u2019actes de CCOO de Catalunya.&nbsp;&nbsp;<\/p>\n\n\n\n<p class=\"gb-headline gb-headline-2c673301 gb-headline-text\"><strong>Manifestaci\u00f3 a la tarda:<\/strong>&nbsp;18.30 h a la pla\u00e7a Universitat, de Barcelona (punt de trobada 18.00 h cantonada amb el carrer d\u2019Aribau). <\/p>\n\n\n\n<div style=\"height:25px\" aria-hidden=\"true\" class=\"wp-block-spacer\"><\/div>\n\n\n\n<figure class=\"gb-block-image gb-block-image-a41a4cf1\"><a href=\"https:\/\/ccoo.app\/diputacio-de-barcelona\/wp-content\/blogs.dir\/6\/files\/sites\/186\/2025\/11\/manifest-ccoocat-25n2025.pdf\"><img loading=\"lazy\" decoding=\"async\" width=\"1913\" height=\"2560\" class=\"gb-image gb-image-a41a4cf1\" src=\"https:\/\/ccoo.app\/diputacio-de-barcelona\/wp-content\/blogs.dir\/6\/files\/sites\/186\/2025\/11\/manifest-ccoocat-25n2025-scaled.png\" alt=\"\" title=\"manifest-ccoocat-25n2025\" srcset=\"https:\/\/ccoo.app\/diputacio-de-barcelona\/wp-content\/blogs.dir\/6\/files\/sites\/186\/2025\/11\/manifest-ccoocat-25n2025-scaled.png 1913w, https:\/\/ccoo.app\/diputacio-de-barcelona\/wp-content\/blogs.dir\/6\/files\/sites\/186\/2025\/11\/manifest-ccoocat-25n2025-224x300.png 224w, https:\/\/ccoo.app\/diputacio-de-barcelona\/wp-content\/blogs.dir\/6\/files\/sites\/186\/2025\/11\/manifest-ccoocat-25n2025-765x1024.png 765w, https:\/\/ccoo.app\/diputacio-de-barcelona\/wp-content\/blogs.dir\/6\/files\/sites\/186\/2025\/11\/manifest-ccoocat-25n2025-768x1028.png 768w, https:\/\/ccoo.app\/diputacio-de-barcelona\/wp-content\/blogs.dir\/6\/files\/sites\/186\/2025\/11\/manifest-ccoocat-25n2025-1148x1536.png 1148w, https:\/\/ccoo.app\/diputacio-de-barcelona\/wp-content\/blogs.dir\/6\/files\/sites\/186\/2025\/11\/manifest-ccoocat-25n2025-1531x2048.png 1531w\" sizes=\"auto, (max-width: 1913px) 100vw, 1913px\" \/><\/a><\/figure>\n\n\n\n<div style=\"height:10px\" aria-hidden=\"true\" class=\"wp-block-spacer\"><\/div>\n\n\n\n<p class=\"gb-headline gb-headline-d3ac8f97 gb-headline-text\">Feu clic per descarregar-vos el manifest conjunt:<\/p>\n\n\n\n<div class=\"wp-block-buttons is-content-justification-center is-layout-flex wp-container-core-buttons-is-layout-16018d1d wp-block-buttons-is-layout-flex\">\n<div class=\"wp-block-button is-style-fill\"><a class=\"wp-block-button__link wp-element-button\" href=\"https:\/\/ccoo.app\/diputacio-de-barcelona\/wp-content\/blogs.dir\/6\/files\/sites\/186\/2025\/11\/ugt-cat_ccoo_manifest_25n_2025_web.pdf\" style=\"border-radius:0px\">Davant les viol\u00e8ncies envers les dones, UN PAS ENDAVANT<\/a><\/div>\n<\/div>\n\n\n\n<div style=\"height:40px\" aria-hidden=\"true\" class=\"wp-block-spacer\"><\/div>\n\n\n\n<h3 class=\"gb-headline gb-headline-cbcd99f4 gb-headline-text\">Fem una crida a les treballadores i treballadors, i al conjunt de la ciutadania, a participar, juntament amb el moviment feminista, en els actes reivindicatius del 25N per afegir\u00ad-nos al crit global contra les viol\u00e8ncies masclistes.<br><br>Davant les viol\u00e8ncies contra les dones, un pas endavant: per uns entorns laborals lliures de viol\u00e8ncies masclistes.<\/h3>\n\n\n\n<div style=\"height:40px\" aria-hidden=\"true\" class=\"wp-block-spacer\"><\/div>\n\n\n\n<p class=\"gb-headline gb-headline-57332d4d gb-headline-text\">Per a m\u00e9s informaci\u00f3:<br><a href=\"https:\/\/www.ccoo.cat\/noticies\/dones\/25n-del-2025-dia-contra-les-violencies-masclistes\/\"><strong>25-N del 2025, dia contra les viol\u00e8ncies masclistes<\/strong><\/a><\/p>\n\n\n\n<div class=\"wp-block-group\"><div class=\"wp-block-group__inner-container is-layout-constrained wp-block-group-is-layout-constrained\"><div class=\"gb-grid-wrapper gb-grid-wrapper-d65739e2\">\n<div class=\"gb-grid-column gb-grid-column-ecc8725d\"><div class=\"gb-container gb-container-ecc8725d\"><div class=\"gb-inside-container\">\n<div class=\"wp-block-image\">\n<figure class=\"aligncenter size-full\"><img loading=\"lazy\" decoding=\"async\" width=\"129\" height=\"38\" src=\"https:\/\/ccoo.app\/diputacio-de-barcelona\/wp-content\/blogs.dir\/6\/files\/sites\/186\/2022\/03\/tel.png\" alt=\"Tel\" class=\"wp-image-49915\" \/><\/figure>\n<\/div>\n<\/div><\/div><\/div>\n\n<div class=\"gb-grid-column gb-grid-column-4c28778f\"><div class=\"gb-container gb-container-4c28778f\"><div class=\"gb-inside-container\">\n<div class=\"wp-block-image\">\n<figure class=\"aligncenter size-full\"><a href=\"mailto:ccoo@diba.cat\"><img loading=\"lazy\" decoding=\"async\" width=\"51\" height=\"37\" src=\"https:\/\/ccoo.app\/diputacio-de-barcelona\/wp-content\/blogs.dir\/6\/files\/sites\/186\/2022\/03\/mail.png\" alt=\"Mail\" class=\"wp-image-49916\" \/><\/a><\/figure>\n<\/div>\n<\/div><\/div><\/div>\n\n<div class=\"gb-grid-column gb-grid-column-c6cc0957\"><div class=\"gb-container gb-container-c6cc0957\"><div class=\"gb-inside-container\">\n<div class=\"wp-block-image\">\n<figure class=\"aligncenter size-full\"><a href=\"https:\/\/twitter.com\/ccoodiba\"><img loading=\"lazy\" decoding=\"async\" width=\"44\" height=\"38\" src=\"https:\/\/ccoo.app\/diputacio-de-barcelona\/wp-content\/blogs.dir\/6\/files\/sites\/186\/2022\/03\/tw.png\" alt=\"Tw\" class=\"wp-image-49917\" \/><\/a><\/figure>\n<\/div>\n<\/div><\/div><\/div>\n\n<div class=\"gb-grid-column gb-grid-column-1598237d\"><div class=\"gb-container gb-container-1598237d\"><div class=\"gb-inside-container\">\n<div class=\"wp-block-image\">\n<figure class=\"aligncenter size-full\"><a href=\"https:\/\/www.instagram.com\/ccoo_diba\/\"><img loading=\"lazy\" decoding=\"async\" width=\"45\" height=\"44\" src=\"https:\/\/ccoo.app\/diputacio-de-barcelona\/wp-content\/blogs.dir\/6\/files\/sites\/186\/2022\/03\/ig.png\" alt=\"Ig\" class=\"wp-image-49918\" \/><\/a><\/figure>\n<\/div>\n<\/div><\/div><\/div>\n\n<div class=\"gb-grid-column gb-grid-column-2db731fe\"><div class=\"gb-container gb-container-2db731fe\"><div class=\"gb-inside-container\">\n<div class=\"wp-block-image\">\n<figure class=\"aligncenter size-full\"><a href=\"https:\/\/ccoo.app\/diputacio-de-barcelona\"><img loading=\"lazy\" decoding=\"async\" width=\"39\" height=\"40\" src=\"https:\/\/ccoo.app\/diputacio-de-barcelona\/wp-content\/blogs.dir\/6\/files\/sites\/186\/2022\/03\/www.png\" alt=\"Www\" class=\"wp-image-49919\" \/><\/a><\/figure>\n<\/div>\n<\/div><\/div><\/div>\n\n<div class=\"gb-grid-column gb-grid-column-f3651540\"><div class=\"gb-container gb-container-f3651540\"><div class=\"gb-inside-container\">\n<div class=\"wp-block-image is-resized\">\n<figure class=\"aligncenter size-full\"><a href=\"https:\/\/www.ccoo.cat\/afiliat\/?_sfm_aff_situation=94\"><img loading=\"lazy\" decoding=\"async\" width=\"125\" height=\"38\" src=\"https:\/\/ccoo.app\/diputacio-de-barcelona\/wp-content\/blogs.dir\/6\/files\/sites\/186\/2022\/03\/af.png\" alt=\"Af\" class=\"wp-image-49920\" \/><\/a><\/figure>\n<\/div>\n<\/div><\/div><\/div>\n<\/div><\/div><\/div>\n","protected":false},"excerpt":{"rendered":"<p>Un cop m\u00e9s a CCOO Diputaci\u00f3 de Barcelona celebrem el 25-N,&nbsp;Dia Internacional per a&nbsp;l\u2019Eliminaci\u00f3&nbsp;de la Viol\u00e8ncia envers les Dones. Aquest any posem el focus en una de les expressions m\u00e9s &#8230; <\/p>\n<p class=\"read-more-container\"><a title=\"25-N del 2025, Dia Internacional per a l\u2019Eliminaci\u00f3 de la Viol\u00e8ncia envers les Dones\" class=\"read-more button\" href=\"https:\/\/ccoo.app\/diputacio-de-barcelona\/25-n-del-2025-dia-internacional-per-a-leliminacio-de-la-violencia-envers-les-dones\/#more-56144\" aria-label=\"Leer m\u00e1s sobre 25-N del 2025, Dia Internacional per a l\u2019Eliminaci\u00f3 de la Viol\u00e8ncia envers les Dones\">Continuar llegint<\/a><\/p>\n","protected":false},"author":88639,"featured_media":56155,"comment_status":"closed","ping_status":"closed","sticky":false,"template":"","format":"standard","meta":{"footnotes":""},"categories":[38,18,19,3],"tags":[50,236,237],"class_list":["post-56144","post","type-post","status-publish","format-standard","has-post-thumbnail","hentry","category-a-tot-el-personal","category-ccoo-info","category-comunicats","category-noticias","tag-25n","tag-violencia","tag-violencia-masclista","generate-columns","tablet-grid-50","mobile-grid-100","grid-parent","grid-50"],"_links":{"self":[{"href":"https:\/\/ccoo.app\/diputacio-de-barcelona\/wp-json\/wp\/v2\/posts\/56144","targetHints":{"allow":["GET"]}}],"collection":[{"href":"https:\/\/ccoo.app\/diputacio-de-barcelona\/wp-json\/wp\/v2\/posts"}],"about":[{"href":"https:\/\/ccoo.app\/diputacio-de-barcelona\/wp-json\/wp\/v2\/types\/post"}],"author":[{"embeddable":true,"href":"https:\/\/ccoo.app\/diputacio-de-barcelona\/wp-json\/wp\/v2\/users\/88639"}],"replies":[{"embeddable":true,"href":"https:\/\/ccoo.app\/diputacio-de-barcelona\/wp-json\/wp\/v2\/comments?post=56144"}],"version-history":[{"count":5,"href":"https:\/\/ccoo.app\/diputacio-de-barcelona\/wp-json\/wp\/v2\/posts\/56144\/revisions"}],"predecessor-version":[{"id":56172,"href":"https:\/\/ccoo.app\/diputacio-de-barcelona\/wp-json\/wp\/v2\/posts\/56144\/revisions\/56172"}],"wp:featuredmedia":[{"embeddable":true,"href":"https:\/\/ccoo.app\/diputacio-de-barcelona\/wp-json\/wp\/v2\/media\/56155"}],"wp:attachment":[{"href":"https:\/\/ccoo.app\/diputacio-de-barcelona\/wp-json\/wp\/v2\/media?parent=56144"}],"wp:term":[{"taxonomy":"category","embeddable":true,"href":"https:\/\/ccoo.app\/diputacio-de-barcelona\/wp-json\/wp\/v2\/categories?post=56144"},{"taxonomy":"post_tag","embeddable":true,"href":"https:\/\/ccoo.app\/diputacio-de-barcelona\/wp-json\/wp\/v2\/tags?post=56144"}],"curies":[{"name":"wp","href":"https:\/\/api.w.org\/{rel}","templated":true}]}}