{"id":559,"date":"2016-09-26T08:56:46","date_gmt":"2016-09-26T07:56:46","guid":{"rendered":"https:\/\/diba.ccoo.cat\/?p=559"},"modified":"2023-02-22T19:15:46","modified_gmt":"2023-02-22T18:15:46","slug":"dret-a-indemnitzacions-retroactives-personal-interi","status":"publish","type":"post","link":"https:\/\/ccoo.app\/diputacio-de-barcelona\/dret-a-indemnitzacions-retroactives-personal-interi\/","title":{"rendered":"DRET A INDEMNITZACIONS RETROACTIVES PERSONAL INTER\u00cd"},"content":{"rendered":"<p>&nbsp;<\/p>\n<p><img loading=\"lazy\" decoding=\"async\" class=\"wp-image-189\" title=\"Secci\u00f3 Sindical de la Diutaci\u00f3 de Barcelona de la Federaci\u00f3 Sindical de Catalunya\" src=\"http:\/\/ccoo.app\/diputacio-de-barcelona\/wp-content\/blogs.dir\/6\/files\/sites\/186\/2015\/12\/ccoo-fsc-cat.png\" alt=\"Secci\u00f3 Sindical de la Diputaci\u00f3 de Barcelona de la Federaci\u00f3 Sindical de Catalunya\" width=\"469\" height=\"90\" \/><\/p>\n<p class=\"wp-caption-text\">Secci\u00f3 Sindical de la Diputaci\u00f3 de Barcelona<\/p>\n<h3 style=\"text-align: center\"><\/h3>\n<h3 class=\"widget-title\">DRET A INDEMNITZACIONS RETROACTIVES PERSONAL INTER\u00cd<\/h3>\n<h3 style=\"text-align: center\"><strong><span style=\"color: #ff0000\">\u00a0<\/span><\/strong><\/h3>\n<p style=\"text-align: center\"><span style=\"color: #ff0000\">-26 SETEMBRE DE 2016-<\/span><\/p>\n<h3 style=\"text-align: center\"><span style=\"color: #000000\"><strong>RECORDEU! AJUTS SOCIALS 2016 DATA L\u00cdMIT DE PRESENTACI\u00d3 D\u2019INST\u00c0NCIES DIVENDRES\u00a0 <\/strong><\/span><span style=\"color: #000000\"><strong>30 DE SETEMBRE DEL 2016<\/strong><\/span><\/h3>\n<p>&nbsp;<\/p>\n<p style=\"text-align: center\"><strong><span style=\"color: #ff0000\">\u00a0\u00a0\u00a0\u00a0\u00a0\u00a0\u00a0\u00a0\u00a0\u00a0\u00a0\u00a0\u00a0 AMB CCOO POTS RECLAMAR\u00a0\u00a0\u00a0\u00a0\u00a0\u00a0\u00a0\u00a0\u00a0\u00a0\u00a0\u00a0\u00a0\u00a0\u00a0\u00a0\u00a0\u00a0\u00a0 <\/span><\/strong><br \/>\n<strong><span style=\"color: #ff0000\">LA INDEMNITZACI\u00d3 <\/span><\/strong><strong><span style=\"color: #ff0000\">DEL CONTRACTE TEMPORAL!<\/span><\/strong><\/p>\n<p style=\"text-align: center\"><strong>CCOO DE CATALUNYA OFEREIX SUPORT ALS TREBALLADORS I TREBALLADORES <\/strong><br \/>\n<strong>AFECTATS PER LES SENT\u00c8NCIES EUROPEES QUE EQUIPAREN LES INDEMNITZACIONS<\/strong><br \/>\n<strong>\u00a0PER ACOMIADAMENT ENTRE TEMPORALS I FIXOS<\/strong><\/p>\n<p style=\"text-align: justify\">El Tribunal de Just\u00edcia de la Uni\u00f3 Europea (TJUE) ha dictat sent\u00e8ncies tenint en compte l\u2019Acord marc sobre el treball de durada determinada, subscrit per la Confederaci\u00f3 Europea de Sindicats amb les organitzacions empresarials europees i incorporat a la Directiva 1999\/70, que inclou la indemnitzaci\u00f3 per finalitzaci\u00f3 de contracte en les condicions de treball.<\/p>\n<p style=\"text-align: justify\">El TJUE considera que la legislaci\u00f3 espanyola \u00e9s discriminat\u00f2ria amb els treballadors i treballadores temporals, ja que no t\u00e9 en compte la condici\u00f3 del <strong><span style=\"color: #3366ff\">principi d\u2019igualtat <\/span><\/strong><strong><span style=\"color: #3366ff\">de tracte i no-discriminaci\u00f3<\/span><\/strong>. En efecte, la legislaci\u00f3 espanyola no reconeix una indemnitzaci\u00f3 equivalent a la dels treballadors i treballadores per l\u2019extinci\u00f3 de la seva relaci\u00f3 laboral. El tribunal europeu dicta que s\u2019ha de recon\u00e8ixer a les persones amb contractes temporals una indemnitzaci\u00f3 equivalent a la que est\u00e0 establerta per a l\u2019acomiadament per causes objectives, \u00e9s a dir, 20 dies per any de servei amb un l\u00edmit de 12 mensualitats.<\/p>\n<p style=\"text-align: justify\">Aquestes sent\u00e8ncies tenen enormes repercussions en el sentit que generen efectes directes en les persones que cessen per tenir un contracte temporal, ja que els reconeixen una indemnitzaci\u00f3 en finalitzar el seu contracte de treball.<\/p>\n<p style=\"text-align: center\"><span style=\"color: #3366ff\"><strong>El dret de la Uni\u00f3 Europea s\u2019oposa a una normativa nacional que denegui <\/strong><\/span><br \/>\n<span style=\"color: #3366ff\"><strong>qualsevol indemnitzaci\u00f3 per finalitzaci\u00f3 de contracte<\/strong><\/span>.<\/p>\n<p style=\"text-align: center\"><span style=\"color: #000000\"><strong>QUINS CONTRACTES TEMPORALS DE L\u2019ADMINISTRACI\u00d3 P\u00daBLICA AFECTA ?<\/strong><\/span><\/p>\n<p style=\"text-align: justify\">En l&#8217;\u00e0mbit de les administracions p\u00fabliques i el personal funcionari, afecta totes les persones que tinguin un nomenament d\u2019interinitat, un contracte de durada determinada i els indefinits no fixos.<\/p>\n<p style=\"text-align: justify\"><strong>El termini de prescripci\u00f3<\/strong> per a les persones amb nomenament de funcionari o estatutari conforme a l\u2019article 25 de la Llei 47\/2003, de 26 de novembre, <strong>\u00e9s de 4 anys. <\/strong><strong>(Qui hagi tingut nomenaments des del 14 setembre 2012<\/strong> se\u2019ls ha de recon\u00e8ixer una indemnitzaci\u00f3 pel seu cessament).<\/p>\n<p style=\"text-align: justify\"><strong>Alerta:<\/strong> en els casos en qu\u00e8 existeixi frau en la contractaci\u00f3, aquesta norma no \u00e9s aplicable. S\u2019haur\u00e0 de reclamar que el contracte \u00e9s fix i, en cas de cessament, interposar una demanda per acomiadament (en qu\u00e8 la indemnitzaci\u00f3 \u00e9s major).<\/p>\n<p style=\"text-align: center\"><strong>CCOO T\u2019AJUDA A RECLAMAR<\/strong><\/p>\n<p style=\"text-align: justify\">CCOO promou les accions judicials necess\u00e0ries per assegurar el pagament de les difer\u00e8ncies econ\u00f2miques a la totalitat de treballadors i treballadores temporals de l\u2019\u00e0mbit p\u00fablic o laboral.<\/p>\n<p style=\"text-align: justify\">Per aquest motiu, CCOO ha iniciat una campanya per oferir reclamaci\u00f3 judicial a trav\u00e9s dels seus serveis jur\u00eddics a totes les persones afectades per la sent\u00e8ncia. En aquest sentit, <strong>s\u2019ha posat en marxa una b\u00fastia electr\u00f2nica a la qual es podran <\/strong><strong>dirigir les persones afectades i que desitgin fer la reclamaci\u00f3 judicial corresponent<\/strong>.<\/p>\n<p style=\"text-align: justify\"><strong>INFORMACI\u00d3 I RECLAMACIONS \uf0e0 b\u00fastia \u00e9s<\/strong><\/p>\n<p style=\"text-align: justify\"><a href=\"reclamaciotemporals@ccoo.cat\">reclamaciotemporals@ccoo.cat<\/a><\/p>\n<p>Defensa els teus drets, reclama la teva indemnitzaci\u00f3!<\/p>\n<p style=\"text-align: center\"><strong>L\u2019APLICACI\u00d3 DE LA SENT\u00c8NCIA <\/strong><strong>A LA DIPUTACI\u00d3<\/strong><\/p>\n<p style=\"text-align: justify\">A m\u00e9s de les accions judicials que les persones afectades puguin emprendre, la secci\u00f3 sindical de CCOO demanarem que la Diputaci\u00f3 de Barcelona prengui les mesures oportunes i apliqui de manera volunt\u00e0ria i retroactiva el que es despr\u00e8n de la sentencia del Tribunal de Just\u00edcia de la Uni\u00f3 Europea. En els pr\u00f2xims dies tenim reuni\u00f3 amb representants de la corporaci\u00f3 i aix\u00ed els hi farem saber.<\/p>\n<p style=\"text-align: center\">* \u00a0* \u00a0* \u00a0* \u00a0*<\/p>\n<p><img loading=\"lazy\" decoding=\"async\" class=\"alignleft wp-image-226\" src=\"http:\/\/ccoo.app\/diputacio-de-barcelona\/wp-content\/blogs.dir\/6\/files\/sites\/186\/2016\/04\/estem-decidits-acontinuar-lluitant.png\" alt=\"Estem decidits a continuar lluitant !\" width=\"213\" height=\"89\" \/><\/p>\n<p><img loading=\"lazy\" decoding=\"async\" class=\"wp-image-262 alignright\" src=\"http:\/\/ccoo.app\/diputacio-de-barcelona\/wp-content\/blogs.dir\/6\/files\/sites\/186\/2016\/04\/afiliat_ccoo_cat.gif\" alt=\"Tota la informaci\u00f3 de com afiliar-se a CCOO Catalunya i forlmulari d'alta o baxia.\" width=\"90\" height=\"80\" \/><\/p>\n<p><img loading=\"lazy\" decoding=\"async\" class=\"wp-image-227 aligncenter\" src=\"http:\/\/ccoo.app\/diputacio-de-barcelona\/wp-content\/blogs.dir\/6\/files\/sites\/186\/2016\/04\/logo-peu-300x69.png\" alt=\"logo-peu\" width=\"952\" height=\"219\" srcset=\"https:\/\/ccoo.app\/diputacio-de-barcelona\/wp-content\/blogs.dir\/6\/files\/sites\/186\/2016\/04\/logo-peu-300x69.png 300w, https:\/\/ccoo.app\/diputacio-de-barcelona\/wp-content\/blogs.dir\/6\/files\/sites\/186\/2016\/04\/logo-peu.png 557w\" sizes=\"auto, (max-width: 952px) 100vw, 952px\" \/><\/p>\n<p style=\"text-align: center\"><small><\/small><small>Formulari d&#8217;<a href=\"\/afiliat\/\">alta<\/a>, <a href=\"\/afiliat\/\">baixa <\/a>o <a href=\"\/afiliat\/\">modificaci\u00f3 <\/a>de les dades personals o<br \/>\ncontacta&#8217;ns a trav\u00e9s del tel\u00e8fon<strong> 934 022 985<\/strong> o correu: <a href=\"mailto:ccoo@diba.cat\"><strong>ccoo@diba.cat<\/strong><\/a><\/small><\/p>\n","protected":false},"excerpt":{"rendered":"<p>&nbsp; Secci\u00f3 Sindical de la Diputaci\u00f3 de Barcelona DRET A INDEMNITZACIONS RETROACTIVES PERSONAL INTER\u00cd \u00a0 -26 SETEMBRE DE 2016- RECORDEU! AJUTS SOCIALS 2016 DATA L\u00cdMIT DE PRESENTACI\u00d3 D\u2019INST\u00c0NCIES DIVENDRES\u00a0 30 &#8230; <\/p>\n<p class=\"read-more-container\"><a title=\"DRET A INDEMNITZACIONS RETROACTIVES PERSONAL INTER\u00cd\" class=\"read-more button\" href=\"https:\/\/ccoo.app\/diputacio-de-barcelona\/dret-a-indemnitzacions-retroactives-personal-interi\/#more-559\" aria-label=\"Leer m\u00e1s sobre DRET A INDEMNITZACIONS RETROACTIVES PERSONAL INTER\u00cd\">Continuar llegint<\/a><\/p>\n","protected":false},"author":4519,"featured_media":255,"comment_status":"open","ping_status":"open","sticky":false,"template":"","format":"standard","meta":{"footnotes":""},"categories":[19,24,26,31,33],"tags":[148,180,196],"class_list":["post-559","post","type-post","status-publish","format-standard","has-post-thumbnail","hentry","category-comunicats","category-interins","category-mgn","category-personal-interi-comunicats","category-propostes-sindicals","tag-mesa-general-negociacio","tag-personal-interi","tag-promocio-interna","generate-columns","tablet-grid-50","mobile-grid-100","grid-parent","grid-50"],"_links":{"self":[{"href":"https:\/\/ccoo.app\/diputacio-de-barcelona\/wp-json\/wp\/v2\/posts\/559","targetHints":{"allow":["GET"]}}],"collection":[{"href":"https:\/\/ccoo.app\/diputacio-de-barcelona\/wp-json\/wp\/v2\/posts"}],"about":[{"href":"https:\/\/ccoo.app\/diputacio-de-barcelona\/wp-json\/wp\/v2\/types\/post"}],"author":[{"embeddable":true,"href":"https:\/\/ccoo.app\/diputacio-de-barcelona\/wp-json\/wp\/v2\/users\/4519"}],"replies":[{"embeddable":true,"href":"https:\/\/ccoo.app\/diputacio-de-barcelona\/wp-json\/wp\/v2\/comments?post=559"}],"version-history":[{"count":1,"href":"https:\/\/ccoo.app\/diputacio-de-barcelona\/wp-json\/wp\/v2\/posts\/559\/revisions"}],"predecessor-version":[{"id":52266,"href":"https:\/\/ccoo.app\/diputacio-de-barcelona\/wp-json\/wp\/v2\/posts\/559\/revisions\/52266"}],"wp:featuredmedia":[{"embeddable":true,"href":"https:\/\/ccoo.app\/diputacio-de-barcelona\/wp-json\/wp\/v2\/media\/255"}],"wp:attachment":[{"href":"https:\/\/ccoo.app\/diputacio-de-barcelona\/wp-json\/wp\/v2\/media?parent=559"}],"wp:term":[{"taxonomy":"category","embeddable":true,"href":"https:\/\/ccoo.app\/diputacio-de-barcelona\/wp-json\/wp\/v2\/categories?post=559"},{"taxonomy":"post_tag","embeddable":true,"href":"https:\/\/ccoo.app\/diputacio-de-barcelona\/wp-json\/wp\/v2\/tags?post=559"}],"curies":[{"name":"wp","href":"https:\/\/api.w.org\/{rel}","templated":true}]}}