{"id":5581,"date":"2020-04-19T12:48:48","date_gmt":"2020-04-19T11:48:48","guid":{"rendered":"https:\/\/diba.ccoo.cat\/?p=5581"},"modified":"2023-02-22T18:40:04","modified_gmt":"2023-02-22T17:40:04","slug":"comite-de-seguretat-i-salut-16-04","status":"publish","type":"post","link":"https:\/\/ccoo.app\/diputacio-de-barcelona\/comite-de-seguretat-i-salut-16-04\/","title":{"rendered":"50\/COVID-19. RESUM DE LA REUNI\u00d3 TELEM\u00c0TICA DEL COMIT\u00c8 DE SEGURETAT I SALUT (16\/04)"},"content":{"rendered":"<p class=\"wp-caption-text\"><a href=\"https:\/\/diba.ccoo.cat\/\"><img loading=\"lazy\" decoding=\"async\" class=\"wp-image-1853 alignleft\" src=\"http:\/\/ccoo.app\/diputacio-de-barcelona\/wp-content\/blogs.dir\/6\/files\/sites\/186\/2018\/01\/logoccoov18.jpg\" alt=\"\" width=\"137\" height=\"63\" \/><\/a><\/p>\n<p><a href=\"https:\/\/diba.ccoo.cat\/wp-content\/uploads\/sites\/37\/2020\/04\/17.04-RESUM-DE-LA-REUNI%C3%93-TELEM%C3%80TICA-DEL-COMIT%C3%88-DE-SEGURETAT-I-SALUT.pdf\"> <img loading=\"lazy\" decoding=\"async\" class=\"alignnone wp-image-5366\" src=\"http:\/\/ccoo.app\/diputacio-de-barcelona\/wp-content\/blogs.dir\/6\/files\/sites\/186\/2020\/04\/documentacio-adjunta-300x296.png\" alt=\"\" width=\"122\" height=\"120\" srcset=\"https:\/\/ccoo.app\/diputacio-de-barcelona\/wp-content\/blogs.dir\/6\/files\/sites\/186\/2020\/04\/documentacio-adjunta-300x296.png 300w, https:\/\/ccoo.app\/diputacio-de-barcelona\/wp-content\/blogs.dir\/6\/files\/sites\/186\/2020\/04\/documentacio-adjunta.png 667w\" sizes=\"auto, (max-width: 122px) 100vw, 122px\" \/><\/a><\/p>\n<p style=\"text-align: center\"><span style=\"font-family: 'arial black', sans-serif;font-size: 24px;color: #0000ff\">RESUM DE LA REUNI\u00d3 TELEM\u00c0TICA DE COMIT\u00c8 DE SEGURETAT I SALUT<\/span><\/p>\n<p style=\"text-align: center\"><span style=\"font-family: arial, helvetica, sans-serif;color: #000000\">-19 d&#8217;abril de 2020-<\/span><\/p>\n<p style=\"text-align: justify\"><span style=\"font-family: arial, helvetica, sans-serif;color: #000000\">El dia 7 d\u2019abril <strong>(<\/strong><span style=\"font-family: 'arial black', sans-serif;color: #0000ff\"><a style=\"color: #0000ff\" href=\"https:\/\/diba.ccoo.cat\/peticio-de-reunio-del-comite-de-seguretat-i-salut\/\">cliqueu aqu\u00ed<\/a><\/span><strong>)<\/strong>, CCOO exigiem de nou <strong>de manera contundent la participaci\u00f3 de la representaci\u00f3 legal<\/strong><strong>\u00a0<\/strong>de les persones treballadores en l\u2019elaboraci\u00f3 de protocols, mesures i accions encaminades a la lluita contra el coronavirus<strong>. Era inadmissible deixar al<\/strong><strong>s<\/strong><strong> delegats i delegades de prevenci\u00f3 sense el seu dret <\/strong>no nom\u00e9s d\u2019informaci\u00f3 (de decisions ja preses), sin\u00f3 tamb\u00e9 <strong>de consulta i participaci\u00f3 <\/strong>d\u2019acord amb el que indica l\u2019article 36 de la LPRL.<\/span><\/p>\n<p style=\"text-align: justify\"><span style=\"font-family: arial, helvetica, sans-serif;color: #000000\">En el comunicat del 14 d\u2019abril (<span style=\"color: #0000ff;font-family: 'arial black', sans-serif\"><a style=\"color: #0000ff\" href=\"https:\/\/diba.ccoo.cat\/fins-al-26-dabril-tot-segueix-igual\/\">cliqueu aqu\u00ed<\/a><\/span>), us explic\u00e0vem que finalment la corporaci\u00f3 havia accedit a la nostra petici\u00f3, convocant pel dia 17 una reuni\u00f3 via telem\u00e0tica.<\/span><\/p>\n<p><img loading=\"lazy\" decoding=\"async\" class=\" wp-image-5554 aligncenter\" src=\"http:\/\/ccoo.app\/diputacio-de-barcelona\/wp-content\/blogs.dir\/6\/files\/sites\/186\/2020\/04\/mail-foto-enviar-300x212.jpg\" alt=\"\" width=\"140\" height=\"99\" srcset=\"https:\/\/ccoo.app\/diputacio-de-barcelona\/wp-content\/blogs.dir\/6\/files\/sites\/186\/2020\/04\/mail-foto-enviar-300x212.jpg 300w, https:\/\/ccoo.app\/diputacio-de-barcelona\/wp-content\/blogs.dir\/6\/files\/sites\/186\/2020\/04\/mail-foto-enviar-1024x724.jpg 1024w, https:\/\/ccoo.app\/diputacio-de-barcelona\/wp-content\/blogs.dir\/6\/files\/sites\/186\/2020\/04\/mail-foto-enviar-768x543.jpg 768w, https:\/\/ccoo.app\/diputacio-de-barcelona\/wp-content\/blogs.dir\/6\/files\/sites\/186\/2020\/04\/mail-foto-enviar.jpg 1200w\" sizes=\"auto, (max-width: 140px) 100vw, 140px\" \/><\/p>\n<p style=\"text-align: justify\"><span style=\"font-family: arial, helvetica, sans-serif;color: #000000\"><span style=\"font-family: 'arial black', sans-serif;background-color: #ffff00\"><u>RESUM DE LA REUNI\u00d3<\/u><\/span> En termes generals, la valoraci\u00f3 que fan les delegades i delegats de prevenci\u00f3 de CCOO d\u2019aquesta primera reuni\u00f3 \u00e9s positiva des del punt de vista que s\u2019obre per fi a la participaci\u00f3 real dels sindicats respecte als temes relacionats amb la crisi sanit\u00e0ria. Rebem amb satisfacci\u00f3 aquest canvi de tarann\u00e0.<\/span><\/p>\n<p style=\"text-align: justify\"><span style=\"font-family: arial, helvetica, sans-serif;color: #000000\">A la reuni\u00f3 hem rebut la seg\u00fcent informaci\u00f3:<\/span><\/p>\n<ul style=\"text-align: justify\">\n<li><span style=\"font-family: arial, helvetica, sans-serif;color: #000000\"><span style=\"background-color: #ffff00\"><strong>QU\u00c8 PASSAR\u00c0 DESPR\u00c9S DE L\u2019ESTAT D\u2019ALERTA?<\/strong><\/span> Tot i que s\u2019aixequi l\u2019Estat d\u2019Alerta el dia 27 d\u2019abril, no es tornar\u00e0 a treballar a ple rendiment ni es far\u00e0 tornar a tot el personal de manera massiva. <span style=\"background-color: #ffff00\">La Diputaci\u00f3 coincideix amb la nostra proposta de mantenir el m\u00e0xim nombre de persones en el sistema de treball a dist\u00e0ncia.<\/span> I tamb\u00e9, ens insisteixen que les mesures que es vulguin establir al respecte comptaran amb la nostra participaci\u00f3 pr\u00e8via.<\/span><\/li>\n<\/ul>\n<ul style=\"text-align: justify\">\n<li style=\"text-align: justify\"><span style=\"font-family: arial, helvetica, sans-serif;color: #000000\"><span style=\"background-color: #ffff00\"><strong>AUTOAVALUACI\u00d3 DEL TREBALL DES DE CASA<\/strong><\/span> D\u2019acord amb la petici\u00f3 feta, ens han enviat als sindicats el q\u00fcestionari d&#8217;autoavaluaci\u00f3 del teletreball a casa per a situacions extraordin\u00e0ries. Tothom ha de tenir clar que es tracta d\u2019un <span style=\"background-color: #ffff00\">manual fet per aquest MOMENT DE CONFINAMENT<\/span>, res m\u00e9s. Amb mitjans propis i sense cap regulaci\u00f3 pr\u00e8via, la llei permet que l\u2019empleat pugui fer una \u201cautoavaluaci\u00f3\u201d mitjan\u00e7ant la qual pugui introduir millores en la seva prec\u00e0ria situaci\u00f3. <span style=\"background-color: #ffff00\">En cap cas, aquest \u00e9s el procediment a seguir sota una regulaci\u00f3 ordin\u00e0ria i negociada.<\/span><\/span><\/li>\n<\/ul>\n<ul style=\"text-align: justify\">\n<li><span style=\"font-family: arial, helvetica, sans-serif;color: #000000\"><span style=\"background-color: #ffff00\"><strong>TESTS<\/strong> <\/span>Hem pogut rebre informaci\u00f3 directe relacionada amb els tests de diagnosi de la Covid-19. Diuen que els estan aplicant a la Diputaci\u00f3 seguint les directrius del Ministeri de Sanitat i informant dels realitzats a l\u2019Agencia Catalana de la Salut<\/span><\/li>\n<\/ul>\n<ul style=\"text-align: justify\">\n<li><span style=\"font-family: arial, helvetica, sans-serif;color: #000000\"><span style=\"background-color: #ffff00\"><strong>FORMACI\u00d3 COVID-19 AL PERSONAL DEL RESPIR<\/strong><\/span> S\u2019han format m\u00e9s de 90 persones treballadores en 14 sessions en mesures preventives sobre col\u00b7locaci\u00f3 i retirada d&#8217;EPIs, gesti\u00f3 de residus, neteja d&#8217;habitacions, entre altres aspectes. <span style=\"background-color: #ffff00\">No atenen a la nostra petici\u00f3 que es consideri tamb\u00e9 \u201ctemps efectiu de treball\u201d el temps del despla\u00e7ament ni que se\u2019ls retorni la despesa del transport.<\/span> Ho vam demanar tenint en compte que el personal s\u2019ha de despla\u00e7ar exclusivament per una formaci\u00f3 d\u20191,5 hores. Insistirem.<\/span><\/li>\n<\/ul>\n<p style=\"text-align: justify\"><span style=\"font-family: arial, helvetica, sans-serif;color: #000000\"><strong>\u00a0<\/strong><\/span><\/p>\n<ul style=\"text-align: justify\">\n<li><span style=\"font-family: arial, helvetica, sans-serif;color: #000000\"><strong><span style=\"background-color: #ffff00\">JA FUNCIONA EL SISTEMA DE SUPORT I ATENCI\u00d3 PSICOL\u00d2GICA<\/span><\/strong> \u00c9s tracta d\u2019un servei pel empleats de la Diputaci\u00f3 de Barcelona orientat a la <span style=\"background-color: #ffff00\">gesti\u00f3 de l&#8217;estr\u00e8s i malestar generats per l&#8217;estat d&#8217;alarma actual.<\/span> Especialment pensat per aquells que formen part dels serveis identificats com a b\u00e0sics o estrat\u00e8gics, per\u00f2 tamb\u00e9, pels que s&#8217;hagin contagiat o hagin patit la mort d&#8217;algun familiar.<\/span><\/li>\n<\/ul>\n<p style=\"text-align: justify\"><span style=\"font-family: 'arial black', sans-serif;color: #000000;font-size: 20px;background-color: #ffff00\">CCOO HEM DEMANAT:<\/span><\/p>\n<ul style=\"text-align: justify\">\n<li style=\"text-align: justify\"><span style=\"font-family: arial, helvetica, sans-serif;color: #000000\">Pr\u00e8viament, i tal com ja us vam informar, <span style=\"background-color: #ffff00\"><strong>vam enviar 3 documents<\/strong><\/span> a la Diputaci\u00f3 i a la resta de sindicats <strong><span style=\"background-color: #ffff00\">amb propostes preventives<\/span> relacionades amb <span style=\"background-color: #ffff00\">teletreball<\/span>, <span style=\"background-color: #ffff00\">treball presencial post Estat d\u2019Alerta<\/span> i mesures de <span style=\"background-color: #ffff00\">seguretat per les oficines de l\u2019ORGT. <\/span><\/strong>A la reuni\u00f3, hem incidit en el contingut dels documents, fent evident que per a CCOO s\u00f3n elements essencials a tenir en compte i els hi hem demanat que ens donin retorn a la pr\u00f2xima reuni\u00f3.<\/span><\/li>\n<\/ul>\n<p style=\"text-align: center\"><span style=\"font-family: arial, helvetica, sans-serif;color: #000000\">(Cliqueu <a href=\"https:\/\/diba.ccoo.cat\/reunio-telematica\/\"><span style=\"color: #0000ff;font-family: 'arial black', sans-serif\">aqu\u00ed<\/span><\/a> per trobar els 3 documents enviats)<\/span><\/p>\n<ul style=\"text-align: justify\">\n<li><span style=\"font-family: arial, helvetica, sans-serif;color: #000000\"><strong><span style=\"background-color: #ffff00\">Demanem<\/span><\/strong><span style=\"background-color: #ffff00\"> que es facin tests de diagnosi de la Covid-19 a TOT el personal de RESPIR<\/span>. Des del nostre punt de vista, \u00e9s l\u2019\u00fanica manera de detecta les persones asimptom\u00e0tiques.<\/span><\/li>\n<\/ul>\n<ul style=\"text-align: justify\">\n<li><span style=\"font-family: arial, helvetica, sans-serif;color: #000000\">Rebem un llistat actualitzat i diaris dels casos de contagi entre el personal: 16 positius i 43 amb baixa per s\u00edmptomes. <span style=\"background-color: #ffff00\"><strong>Hem demanat<\/strong> que tamb\u00e9 ens envi\u00efn el nombre de persones que se\u2019ls ha ordenat confinament<\/span> per haver estat amb contacte estret amb persones contagiades.<\/span><\/li>\n<\/ul>\n<ul>\n<li><span style=\"font-family: arial, helvetica, sans-serif;color: #000000\"><strong>Hem demanat<\/strong> que els informes o protocols interns realitzat pel personal que treballa de manera presencial s\u2019inclogui de manera especifica, per exemple, el <span style=\"background-color: #ffff00\">tipus de mascaretes<\/span> que s\u2019han d\u2019utilitzar d\u2019acord amb l\u2019activitat. <span style=\"background-color: #ffff00\"><strong>CCOO demanem<\/strong> com a m\u00ednim l\u2019\u00fas de les mascaretes quir\u00fargiques per a tothom tot i que si \u00e9s possible haurien de FFP2<\/span> (que eviten contagiar i contagiar-se). Tenint en compte l\u2019estoc, prioritzant sempre l\u2019\u00fas d\u2019aquestes al personal de RESPIR que atengui usuaris amb s\u00edmptomes.<\/span><\/li>\n<\/ul>\n<ul style=\"text-align: justify\">\n<li><span style=\"font-family: arial, helvetica, sans-serif;color: #000000\"><strong>Hem demanat<\/strong> que quedi reflectit als protocols interns que la <span style=\"background-color: #ffff00\">dist\u00e0ncia de seguretat<\/span> per evitar contagi \u00e9s de 2 metres.<\/span><\/li>\n<\/ul>\n<ul style=\"text-align: justify\">\n<li><span style=\"font-family: arial, helvetica, sans-serif;color: #000000\"><strong>Hem demanat<\/strong> que es doni <span style=\"background-color: #ffff00\">m\u00e9s informaci\u00f3 al personal de RESPIR<\/span>. No es admissible que d\u2019un mateix assumpte, depenent de qui informa, es doni informacions contradict\u00f2ries. Demanem informaci\u00f3 directe des de la ger\u00e8ncia enviada di\u00e0riament amb l\u2019objectiu d\u2019evitar confusi\u00f3 i angoixa entre la plantilla que treballa al Pavell\u00f3 Nord.<\/span><\/li>\n<\/ul>\n<ul style=\"text-align: justify\">\n<li><span style=\"font-family: arial, helvetica, sans-serif;color: #000000\">L\u2019organitzaci\u00f3 <span style=\"background-color: #ffff00\"><em>Metges Sense Fronteres<\/em><\/span> impartir\u00e0 una formaci\u00f3 a RESPIR d\u2019una \u201cfigura\u201d anomenada de supervisor de circuits que faria un seguiment del compliment de tots els protocols establerts.<\/span><\/li>\n<\/ul>\n<ul style=\"text-align: justify\">\n<li><span style=\"font-family: arial, helvetica, sans-serif;color: #000000\">De moment, no hi cap informaci\u00f3 respecte a la <span style=\"background-color: #ffff00\">reobertura de les biblioteques<\/span>. <strong>Insistim<\/strong> en que el retorn del personal de Diputaci\u00f3 haur\u00e0 de comptar amb una <span style=\"background-color: #ffff00\">negociaci\u00f3 pr\u00e8via amb els sindicats i que, en cap cas, s\u2019ha de delegar aix\u00f2 en els ajuntaments.<\/span> La corporaci\u00f3 insisteix que comptaran sense cap dubte amb la nostra participaci\u00f3.<\/span><\/li>\n<\/ul>\n<ul style=\"text-align: justify\">\n<li><span style=\"font-family: arial, helvetica, sans-serif;color: #000000\">Demanem que s\u2019habiliti al personal de RESPIR un <span style=\"background-color: #ffff00\">espai al pavell\u00f3 Nord per a deixar amb seguretat bicis o patinets.<\/span> Des de les autoritats sanit\u00e0ries es demana que preferentment no s\u2019utilitzi els transport col\u00b7lectius. <strong>Doncs demanem<\/strong> que s\u2019ajudi a qui ho fa amb mitjans propis.<\/span><\/li>\n<\/ul>\n<p>&nbsp;<\/p>\n<ul>\n<li style=\"text-align: justify\"><span style=\"font-family: arial, helvetica, sans-serif;color: #000000\"><strong>Demanem<\/strong> al RESPIR un recull de les <span style=\"background-color: #ffff00\">fitxes t\u00e8cniques de totes les mascaretes<\/span> i roba de protecci\u00f3.<\/span><\/li>\n<\/ul>\n<p><a href=\"http:\/\/ccoo.app\/diputacio-de-barcelona\/wp-content\/blogs.dir\/6\/files\/sites\/186\/2020\/04\/mascaretes-chinas.jpg\"><img loading=\"lazy\" decoding=\"async\" class=\"wp-image-5582 aligncenter\" src=\"http:\/\/ccoo.app\/diputacio-de-barcelona\/wp-content\/blogs.dir\/6\/files\/sites\/186\/2020\/04\/mascaretes-chinas-225x300.jpg\" alt=\"\" width=\"148\" height=\"197\" srcset=\"https:\/\/ccoo.app\/diputacio-de-barcelona\/wp-content\/blogs.dir\/6\/files\/sites\/186\/2020\/04\/mascaretes-chinas-225x300.jpg 225w, https:\/\/ccoo.app\/diputacio-de-barcelona\/wp-content\/blogs.dir\/6\/files\/sites\/186\/2020\/04\/mascaretes-chinas-768x1024.jpg 768w, https:\/\/ccoo.app\/diputacio-de-barcelona\/wp-content\/blogs.dir\/6\/files\/sites\/186\/2020\/04\/mascaretes-chinas-1152x1536.jpg 1152w, https:\/\/ccoo.app\/diputacio-de-barcelona\/wp-content\/blogs.dir\/6\/files\/sites\/186\/2020\/04\/mascaretes-chinas.jpg 1200w\" sizes=\"auto, (max-width: 148px) 100vw, 148px\" \/><\/a><\/p>\n<p style=\"text-align: justify\"><span style=\"font-family: 'arial black', sans-serif;color: #000000;font-size: 20px\">Com ja estem fent des de que va comen\u00e7ar aquesta crisi, seguirem treballant, fent propostes amb l\u2019objectiu d\u2019establir les condicions de treball m\u00e9s segures per a tot el personal.<\/span><\/p>\n<p style=\"text-align: justify\"><span style=\"font-family: 'arial black', sans-serif;color: #000000;font-size: 20px\"><strong>Si teniu comentaris, suggeriments o idees, quedem a la vostra disposici\u00f3 amb l\u2019objectiu de poder-los incorporar a la nostra plataforma reivindicativa.<\/strong><\/span><\/p>\n<p>&nbsp;<\/p>\n<p><iframe loading=\"lazy\" title=\"#SenyorsAmbCorbata\" width=\"1200\" height=\"675\" src=\"https:\/\/www.youtube.com\/embed\/7y3O980TOk0?feature=oembed\" frameborder=\"0\" allow=\"accelerometer; autoplay; clipboard-write; encrypted-media; gyroscope; picture-in-picture; web-share\" allowfullscreen><\/iframe><\/p>\n<p>&nbsp;<\/p>\n<p style=\"text-align: center\"><span style=\"font-family: 'arial black', sans-serif;color: #000000\">CLIQUEU <a href=\"https:\/\/diba.ccoo.cat\/peticio-de-reunio-del-comite-de-seguretat-i-salut\/\"><span style=\"color: #0000ff\">AQU\u00cd<\/span><\/a> PER LLEGIR RESUM DE LA REUNI\u00d3 DEL CSS ANTERIOR<\/span><\/p>\n<p><img loading=\"lazy\" decoding=\"async\" class=\"wp-image-5184 aligncenter\" src=\"http:\/\/ccoo.app\/diputacio-de-barcelona\/wp-content\/blogs.dir\/6\/files\/sites\/186\/2020\/03\/i-de-info-300x300.jpg\" alt=\"\" width=\"70\" height=\"70\" srcset=\"https:\/\/ccoo.app\/diputacio-de-barcelona\/wp-content\/blogs.dir\/6\/files\/sites\/186\/2020\/03\/i-de-info-300x300.jpg 300w, https:\/\/ccoo.app\/diputacio-de-barcelona\/wp-content\/blogs.dir\/6\/files\/sites\/186\/2020\/03\/i-de-info-150x150.jpg 150w, https:\/\/ccoo.app\/diputacio-de-barcelona\/wp-content\/blogs.dir\/6\/files\/sites\/186\/2020\/03\/i-de-info.jpg 626w\" sizes=\"auto, (max-width: 70px) 100vw, 70px\" \/><\/p>\n<p style=\"text-align: center\"><span style=\"font-family: 'arial black', sans-serif;font-size: 20px;color: #ffff00;background-color: #ff0000\">TOTA LA INFORMACI\u00d3 QUE NECESSITES<\/span><\/p>\n<p style=\"text-align: justify\"><span style=\"color: #000000;font-family: arial, helvetica, sans-serif\"><span style=\"background-color: #ffffff\">La <span style=\"font-family: 'arial black', sans-serif;background-color: #ffff00\">SECCI\u00d3 SINDICAL DE CCOO<\/span><\/span><strong> seguim treballant<\/strong> (de manera telem\u00e0tica) per poder <strong>donar resposta a tots els dubtes<\/strong> que tingueu o <strong>solucionar els problemes que es puguin generar.<\/strong><\/span><\/p>\n<p style=\"text-align: center\"><a href=\"mailto:ccoo@diba.cat\"><span style=\"color: #0000ff;font-family: 'arial black', sans-serif\"><strong>ccoo@diba.cat<\/strong><\/span><\/a><\/p>\n<p style=\"text-align: center\"><span style=\"font-family: 'arial black', sans-serif\"><a href=\"mailto:orgt.ssccoo@diba.cat\">orgt.ssccoo@diba.cat<\/a><\/span><\/p>\n<p><span style=\"font-family: arial, helvetica, sans-serif;color: #000000\">Podeu fer-nos arribar les vostres preguntes o dubtes. O si ho desitgeu, deixeu el vostre n\u00famero de tel\u00e8fon i ens posarem en contacte amb vosaltres.<\/span><\/p>\n<p><span style=\"font-family: arial, helvetica, sans-serif;color: #000000\">Tamb\u00e9 obtindreu informaci\u00f3 dia a dia a les xarxes socials: <span style=\"color: #0000ff;font-family: 'arial black', sans-serif\"><a style=\"color: #0000ff\" href=\"https:\/\/twitter.com\/CCOODiba\">Twitter<\/a><\/span> i <span style=\"font-family: 'arial black', sans-serif;color: #0000ff\"><a style=\"color: #0000ff\" href=\"https:\/\/www.facebook.com\/CcooDiputacioDeBarcelona\/\">Facebook.<\/a><\/span><\/span><\/p>\n<p style=\"text-align: justify\"><span style=\"font-family: arial, helvetica, sans-serif;color: #000000\">Recordeu que actualitzem constantment la nostra p\u00e0gina <span style=\"font-family: 'arial black', sans-serif;color: #0000ff\"><a style=\"color: #0000ff\" href=\"https:\/\/diba.ccoo.cat\/\">web<\/a><\/span><\/span><\/p>\n<p>&nbsp;<\/p>\n<p><img loading=\"lazy\" decoding=\"async\" class=\"wp-image-5130 aligncenter\" src=\"http:\/\/ccoo.app\/diputacio-de-barcelona\/wp-content\/blogs.dir\/6\/files\/sites\/186\/2020\/03\/diba-300x300.jpg\" alt=\"\" width=\"102\" height=\"102\" srcset=\"https:\/\/ccoo.app\/diputacio-de-barcelona\/wp-content\/blogs.dir\/6\/files\/sites\/186\/2020\/03\/diba-300x300.jpg 300w, https:\/\/ccoo.app\/diputacio-de-barcelona\/wp-content\/blogs.dir\/6\/files\/sites\/186\/2020\/03\/diba-150x150.jpg 150w, https:\/\/ccoo.app\/diputacio-de-barcelona\/wp-content\/blogs.dir\/6\/files\/sites\/186\/2020\/03\/diba.jpg 400w\" sizes=\"auto, (max-width: 102px) 100vw, 102px\" \/><\/p>\n<p style=\"text-align: justify\"><span style=\"color: #000000;font-family: arial, helvetica, sans-serif\"><span style=\"font-family: 'arial black', sans-serif;background-color: #ffff00\">INFORMACI\u00d3 CORPORATIVA<\/span> En termes generals \u00e9s important que:<\/span><\/p>\n<ul style=\"text-align: justify\">\n<li><span style=\"color: #000000;font-family: arial, helvetica, sans-serif\">Us mantingueu informats de les directrius i mesures que vagi adoptant la Diputaci\u00f3 de Barcelona mitjan\u00e7ant <strong>correu corporatiu<\/strong> i <strong>intradiba<\/strong> (<a href=\"https:\/\/dibaaps.diba.cat\/vus\/login.asp\"><span style=\"font-family: 'arial black', sans-serif;color: #0000ff\">cliqueu aqu\u00ed<\/span><\/a>)<\/span><\/li>\n<li><span style=\"color: #000000;font-family: arial, helvetica, sans-serif\">Estigueu pendents CONSTANTMENT de les directrius que us puguin fer arribar el vostres comandaments<\/span><\/li>\n<\/ul>\n<p>&nbsp;<\/p>\n<p><img loading=\"lazy\" decoding=\"async\" class=\"wp-image-5131 aligncenter\" src=\"http:\/\/ccoo.app\/diputacio-de-barcelona\/wp-content\/blogs.dir\/6\/files\/sites\/186\/2020\/03\/ccoo-catalunya-300x123.jpg\" alt=\"\" width=\"193\" height=\"79\" srcset=\"https:\/\/ccoo.app\/diputacio-de-barcelona\/wp-content\/blogs.dir\/6\/files\/sites\/186\/2020\/03\/ccoo-catalunya-300x123.jpg 300w, https:\/\/ccoo.app\/diputacio-de-barcelona\/wp-content\/blogs.dir\/6\/files\/sites\/186\/2020\/03\/ccoo-catalunya.jpg 350w\" sizes=\"auto, (max-width: 193px) 100vw, 193px\" \/><\/p>\n<p><span style=\"font-family: 'arial black', sans-serif;background-color: #ffff00;color: #000000\">TOTA LA INFORMACI\u00d3 A CCOO CATALUNYA<\/span><\/p>\n<ul>\n<li><span class=\"css-901oao css-16my406 r-1qd0xha r-ad9z0x r-bcqeeo r-qvutc0\" style=\"color: #000000\"><span style=\"font-family: arial, helvetica, sans-serif\">Preguntes freq\u00fcents sobre el Coronavirus i l&#8217;\u00e0mbit laboral:<\/span> <\/span>\u00a0<span style=\"font-family: 'arial black', sans-serif;color: #0000ff\"><a class=\"css-4rbku5 css-18t94o4 css-901oao css-16my406 r-1n1174f r-1loqt21 r-1qd0xha r-ad9z0x r-bcqeeo r-qvutc0\" style=\"color: #0000ff\" title=\"http:\/\/consultacoronavirus.ccoo.cat\" role=\"link\" href=\"https:\/\/t.co\/Xrpj3V7Bz3?amp=1\" target=\"_blank\" rel=\"noopener noreferrer\" data-focusable=\"true\"><span class=\"css-901oao css-16my406 r-1qd0xha r-hiw28u r-ad9z0x r-bcqeeo r-qvutc0\" aria-hidden=\"true\">http:\/\/<\/span>consultacoronavirus.ccoo.cat<\/a> <\/span><\/li>\n<li><span style=\"font-family: arial, helvetica, sans-serif;color: #000000\">Recull de totes les informacions ordenades sobre <\/span><strong><span style=\"font-family: arial, helvetica, sans-serif;color: #000000\">l&#8217;evoluci\u00f3 del coronavirus COVID-19 respecte del m\u00f3n del treball: <\/span><span style=\"font-family: 'arial black', sans-serif;color: #0000ff\"><a style=\"color: #0000ff\" href=\"https:\/\/www.ccoo.cat\/aspnet\/coronavirus.aspx\">https:\/\/www.ccoo.cat\/aspnet\/coronavirus.aspx<\/a><\/span><\/strong><\/li>\n<\/ul>\n<p>&nbsp;<\/p>\n<p style=\"text-align: center\"><span style=\"font-family: 'comic sans ms', sans-serif;font-size: 24px;background-color: #ffff00;color: #ff0000\"><strong>Tot i que no ens podem tocar, estem junts<\/strong><\/span><\/p>\n<p style=\"text-align: center\"><span style=\"font-family: 'comic sans ms', sans-serif;font-size: 24px;color: #0000ff\"><strong>(<a style=\"color: #0000ff\" href=\"https:\/\/www.youtube.com\/watch?v=rKrw7OFWXoI\">cliqueu aqu\u00ed per veure v\u00eddeo<\/a>)<\/strong><\/span><\/p>\n<p>&nbsp;<\/p>\n<p><a href=\"https:\/\/diba.ccoo.cat\/ccoo-torna-a-ser-primer-sindicat-a-catalunya\/\"><img loading=\"lazy\" decoding=\"async\" class=\"size-medium wp-image-4877 aligncenter\" src=\"http:\/\/ccoo.app\/diputacio-de-barcelona\/wp-content\/blogs.dir\/6\/files\/sites\/186\/2020\/01\/ccoo-primer-sindicat-catalunya-300x117.jpg\" alt=\"\" width=\"300\" height=\"117\" srcset=\"https:\/\/ccoo.app\/diputacio-de-barcelona\/wp-content\/blogs.dir\/6\/files\/sites\/186\/2020\/01\/ccoo-primer-sindicat-catalunya-300x117.jpg 300w, https:\/\/ccoo.app\/diputacio-de-barcelona\/wp-content\/blogs.dir\/6\/files\/sites\/186\/2020\/01\/ccoo-primer-sindicat-catalunya.jpg 490w\" sizes=\"auto, (max-width: 300px) 100vw, 300px\" \/><\/a><\/p>\n<p><a href=\"https:\/\/www.ccoo.es\/noticia:391405\"><img loading=\"lazy\" decoding=\"async\" class=\"size-medium wp-image-4878 aligncenter\" src=\"http:\/\/ccoo.app\/diputacio-de-barcelona\/wp-content\/blogs.dir\/6\/files\/sites\/186\/2020\/01\/ccoo-primer-sindicat-a-espana-300x91.jpg\" alt=\"\" width=\"300\" height=\"91\" srcset=\"https:\/\/ccoo.app\/diputacio-de-barcelona\/wp-content\/blogs.dir\/6\/files\/sites\/186\/2020\/01\/ccoo-primer-sindicat-a-espana-300x91.jpg 300w, https:\/\/ccoo.app\/diputacio-de-barcelona\/wp-content\/blogs.dir\/6\/files\/sites\/186\/2020\/01\/ccoo-primer-sindicat-a-espana.jpg 477w\" sizes=\"auto, (max-width: 300px) 100vw, 300px\" \/><\/a><\/p>\n<p><a href=\"https:\/\/www.ccoo.cat\/noticia\/224842\/ccoo-lliura-els-seus-comptes-auditats-del-2018-a-la-sindicatura-de-comptes-de-catalunya#.XjRZA-mWycz\"><img loading=\"lazy\" decoding=\"async\" class=\"size-medium wp-image-4879 aligncenter\" src=\"http:\/\/ccoo.app\/diputacio-de-barcelona\/wp-content\/blogs.dir\/6\/files\/sites\/186\/2020\/01\/ccoo-primer-sindicat-sindicatura-300x95.jpg\" alt=\"\" width=\"300\" height=\"95\" srcset=\"https:\/\/ccoo.app\/diputacio-de-barcelona\/wp-content\/blogs.dir\/6\/files\/sites\/186\/2020\/01\/ccoo-primer-sindicat-sindicatura-300x95.jpg 300w, https:\/\/ccoo.app\/diputacio-de-barcelona\/wp-content\/blogs.dir\/6\/files\/sites\/186\/2020\/01\/ccoo-primer-sindicat-sindicatura.jpg 476w\" sizes=\"auto, (max-width: 300px) 100vw, 300px\" \/><\/a><\/p>\n<p>&nbsp;<\/p>\n<p>&nbsp;<\/p>\n<p>&nbsp;<\/p>\n<p>&nbsp;<\/p>\n<p>&nbsp;<\/p>\n<p>&nbsp;<\/p>\n<p>&nbsp;<\/p>\n<p>&nbsp;<\/p>\n<p>&nbsp;<\/p>\n<p>&nbsp;<\/p>\n<p>&nbsp;<\/p>\n<p>&nbsp;<\/p>\n<p>&nbsp;<\/p>\n<p>&nbsp;<\/p>\n<p>&nbsp;<\/p>\n<p>&nbsp;<\/p>\n<p>&nbsp;<\/p>\n<p>&nbsp;    \t<\/p>\n","protected":false},"excerpt":{"rendered":"<p>RESUM DE LA REUNI\u00d3 TELEM\u00c0TICA DE COMIT\u00c8 DE SEGURETAT I SALUT -19 d&#8217;abril de 2020- El dia 7 d\u2019abril (cliqueu aqu\u00ed), CCOO exigiem de nou de manera contundent la participaci\u00f3 &#8230; <\/p>\n<p class=\"read-more-container\"><a title=\"50\/COVID-19. RESUM DE LA REUNI\u00d3 TELEM\u00c0TICA DEL COMIT\u00c8 DE SEGURETAT I SALUT (16\/04)\" class=\"read-more button\" href=\"https:\/\/ccoo.app\/diputacio-de-barcelona\/comite-de-seguretat-i-salut-16-04\/#more-5581\" aria-label=\"Leer m\u00e1s sobre 50\/COVID-19. RESUM DE LA REUNI\u00d3 TELEM\u00c0TICA DEL COMIT\u00c8 DE SEGURETAT I SALUT (16\/04)\">Continuar llegint<\/a><\/p>\n","protected":false},"author":4519,"featured_media":5583,"comment_status":"closed","ping_status":"closed","sticky":false,"template":"","format":"standard","meta":{"footnotes":""},"categories":[38,19,23,29,34,35,37],"tags":[86,89,154,189,191],"class_list":["post-5581","post","type-post","status-publish","format-standard","has-post-thumbnail","hentry","category-a-tot-el-personal","category-comunicats","category-informacio-general","category-orgt-2","category-respir","category-salut-laboral","category-xbm","tag-baixes-altes-mediques-embaras-maternitat-flexibilitat-fills-ebep-eleccions-jornada-horari-horaris-laboral-jornada-jornades-laborals-its-incapacitat-temporal-salut-inspeccio-treball","tag-coronavirus","tag-mobilitat-teletreball","tag-prevencio","tag-prevencio-teletreball","generate-columns","tablet-grid-50","mobile-grid-100","grid-parent","grid-50"],"_links":{"self":[{"href":"https:\/\/ccoo.app\/diputacio-de-barcelona\/wp-json\/wp\/v2\/posts\/5581","targetHints":{"allow":["GET"]}}],"collection":[{"href":"https:\/\/ccoo.app\/diputacio-de-barcelona\/wp-json\/wp\/v2\/posts"}],"about":[{"href":"https:\/\/ccoo.app\/diputacio-de-barcelona\/wp-json\/wp\/v2\/types\/post"}],"author":[{"embeddable":true,"href":"https:\/\/ccoo.app\/diputacio-de-barcelona\/wp-json\/wp\/v2\/users\/4519"}],"replies":[{"embeddable":true,"href":"https:\/\/ccoo.app\/diputacio-de-barcelona\/wp-json\/wp\/v2\/comments?post=5581"}],"version-history":[{"count":1,"href":"https:\/\/ccoo.app\/diputacio-de-barcelona\/wp-json\/wp\/v2\/posts\/5581\/revisions"}],"predecessor-version":[{"id":51826,"href":"https:\/\/ccoo.app\/diputacio-de-barcelona\/wp-json\/wp\/v2\/posts\/5581\/revisions\/51826"}],"wp:featuredmedia":[{"embeddable":true,"href":"https:\/\/ccoo.app\/diputacio-de-barcelona\/wp-json\/wp\/v2\/media\/5583"}],"wp:attachment":[{"href":"https:\/\/ccoo.app\/diputacio-de-barcelona\/wp-json\/wp\/v2\/media?parent=5581"}],"wp:term":[{"taxonomy":"category","embeddable":true,"href":"https:\/\/ccoo.app\/diputacio-de-barcelona\/wp-json\/wp\/v2\/categories?post=5581"},{"taxonomy":"post_tag","embeddable":true,"href":"https:\/\/ccoo.app\/diputacio-de-barcelona\/wp-json\/wp\/v2\/tags?post=5581"}],"curies":[{"name":"wp","href":"https:\/\/api.w.org\/{rel}","templated":true}]}}