{"id":5556,"date":"2020-04-17T11:38:27","date_gmt":"2020-04-17T10:38:27","guid":{"rendered":"https:\/\/diba.ccoo.cat\/?p=5556"},"modified":"2023-02-22T18:40:11","modified_gmt":"2023-02-22T17:40:11","slug":"propostes-pensades-per-despres-de-lestat-dalerta-3","status":"publish","type":"post","link":"https:\/\/ccoo.app\/diputacio-de-barcelona\/propostes-pensades-per-despres-de-lestat-dalerta-3\/","title":{"rendered":"48\/COVID-19. OFICINES DE L\u2019ORGT: CCOO EXIGIM DE NOU LA INSTAL\u00b7LACI\u00d3 DE MAMPARES DE SEGURETAT"},"content":{"rendered":"<p class=\"wp-caption-text\"><a href=\"https:\/\/diba.ccoo.cat\/\"><img loading=\"lazy\" decoding=\"async\" class=\"wp-image-1853 alignleft\" src=\"http:\/\/ccoo.app\/diputacio-de-barcelona\/wp-content\/blogs.dir\/6\/files\/sites\/186\/2018\/01\/logoccoov18.jpg\" alt=\"\" width=\"137\" height=\"63\" \/><\/a><\/p>\n<p><a href=\"http:\/\/ccoo.app\/diputacio-de-barcelona\/wp-content\/blogs.dir\/6\/files\/sites\/186\/2020\/04\/2-proposta-ccoo-mampares-a-les-oficines-orgt.pdf\"><img loading=\"lazy\" decoding=\"async\" class=\"alignnone wp-image-5366\" src=\"http:\/\/ccoo.app\/diputacio-de-barcelona\/wp-content\/blogs.dir\/6\/files\/sites\/186\/2020\/04\/documentacio-adjunta-300x296.png\" alt=\"\" width=\"106\" height=\"104\" srcset=\"https:\/\/ccoo.app\/diputacio-de-barcelona\/wp-content\/blogs.dir\/6\/files\/sites\/186\/2020\/04\/documentacio-adjunta-300x296.png 300w, https:\/\/ccoo.app\/diputacio-de-barcelona\/wp-content\/blogs.dir\/6\/files\/sites\/186\/2020\/04\/documentacio-adjunta.png 667w\" sizes=\"auto, (max-width: 106px) 100vw, 106px\" \/><\/a><\/p>\n<p style=\"text-align: center\"><span style=\"font-family: 'arial black', sans-serif;color: #0000ff;font-size: 24px\">CCOO ENVIEM <strong>PROPOSTA PER <span style=\"text-decoration: underline\">L\u2019IMPLEMENTACI\u00d3 DE MESURES DE SEGURETAT<\/span> A TOTES LES OFICINES DE L\u2019ORGT <\/strong>TENINT EN COMPTE LA REPRESA DE L&#8217;ACTIVITAT DESPR\u00c9S DE L&#8217;ESTAT D&#8217;ALERTA<\/span><\/p>\n<ul>\n<li style=\"text-align: justify\"><span style=\"font-family: 'arial black', sans-serif;color: #000000\"><strong>DIJOUS 16 D&#8217;ABRIL: REUNI\u00d3 TELEM\u00c0TICA AMB ELS SINDICATS <\/strong><\/span><\/li>\n<li style=\"text-align: justify\"><span style=\"font-family: 'arial black', sans-serif;color: #000000\"><strong>DIVENDRES 17 D&#8217;ABRIL: REUNI\u00d3 DEL COMIT\u00c8 DE SEGURETAT I SALUT<\/strong><\/span><\/li>\n<\/ul>\n<p><img loading=\"lazy\" decoding=\"async\" class=\"wp-image-5554 aligncenter\" src=\"http:\/\/ccoo.app\/diputacio-de-barcelona\/wp-content\/blogs.dir\/6\/files\/sites\/186\/2020\/04\/mail-foto-enviar-300x212.jpg\" alt=\"\" width=\"136\" height=\"96\" srcset=\"https:\/\/ccoo.app\/diputacio-de-barcelona\/wp-content\/blogs.dir\/6\/files\/sites\/186\/2020\/04\/mail-foto-enviar-300x212.jpg 300w, https:\/\/ccoo.app\/diputacio-de-barcelona\/wp-content\/blogs.dir\/6\/files\/sites\/186\/2020\/04\/mail-foto-enviar-1024x724.jpg 1024w, https:\/\/ccoo.app\/diputacio-de-barcelona\/wp-content\/blogs.dir\/6\/files\/sites\/186\/2020\/04\/mail-foto-enviar-768x543.jpg 768w, https:\/\/ccoo.app\/diputacio-de-barcelona\/wp-content\/blogs.dir\/6\/files\/sites\/186\/2020\/04\/mail-foto-enviar.jpg 1200w\" sizes=\"auto, (max-width: 136px) 100vw, 136px\" \/><\/p>\n<ul>\n<li style=\"text-align: justify\"><strong style=\"color: #000000;font-family: 'arial black', sans-serif\">CCOO ENVIEM DOCUMENTS AL COORDINADOR, A LA DSRH, A LA OFICINA DE PREVENCI\u00d3 I A LA RESTA DE SINDICATS<\/strong><\/li>\n<\/ul>\n<p style=\"text-align: center\"><span style=\"font-family: arial, helvetica, sans-serif;color: #000000\">-17 d&#8217;abril de 2020-<\/span><\/p>\n<p style=\"text-align: justify\"><span style=\"font-family: arial, helvetica, sans-serif;color: #000000\">CCOO-Diba considerem imprescindible establir mesures preventives espec\u00edfiques amb anterioritat a una possible represa de l\u2019activitat<strong>\u00a0<\/strong>finalitzat l\u2019Estat d\u2019Alarma. Des del nostre punt de vista, ja s\u2019ha de comen\u00e7ar a treballar a la Diputaci\u00f3 un pla de reincorporaci\u00f3 esglaonada i amb criteris consensuats i pactats.<\/span><\/p>\n<p style=\"text-align: justify\"><span style=\"font-family: arial, helvetica, sans-serif;color: #000000\">En aquest sentit, CCOO hem enviat propostes que contenen els seg\u00fcent elements:<\/span><\/p>\n<ul>\n<li><span style=\"font-family: arial, helvetica, sans-serif;color: #000000\">Mantenir el m\u00e0xim nombre de persones en el sistema de treball a dist\u00e0ncia<\/span><\/li>\n<li><span style=\"font-family: arial, helvetica, sans-serif;color: #000000\">En els casos justificats i imprescindibles on es determini treball presencial exigim que es posi les m\u00e0ximes mesures de protecci\u00f3<\/span><\/li>\n<\/ul>\n<p style=\"text-align: justify\"><strong><span style=\"font-family: 'arial black', sans-serif;color: #000000\"><span style=\"font-family: arial, helvetica, sans-serif\">(<\/span><\/span><\/strong><a href=\"https:\/\/diba.ccoo.cat\/propostes-pensades-per-despres-de-lestat-dalerta-2\/\"><span style=\"font-family: 'arial black', sans-serif;color: #0000ff\">Cliqueu aqu\u00ed<\/span><\/a> <strong><span style=\"font-family: arial, helvetica, sans-serif;color: #000000\">per ampliar informaci\u00f3)<\/span><\/strong><\/p>\n<p><img loading=\"lazy\" decoding=\"async\" class=\"wp-image-5514 aligncenter\" src=\"http:\/\/ccoo.app\/diputacio-de-barcelona\/wp-content\/blogs.dir\/6\/files\/sites\/186\/2020\/04\/mamparas-300x258.png\" alt=\"\" width=\"108\" height=\"93\" srcset=\"https:\/\/ccoo.app\/diputacio-de-barcelona\/wp-content\/blogs.dir\/6\/files\/sites\/186\/2020\/04\/mamparas-300x258.png 300w, https:\/\/ccoo.app\/diputacio-de-barcelona\/wp-content\/blogs.dir\/6\/files\/sites\/186\/2020\/04\/mamparas.png 540w\" sizes=\"auto, (max-width: 108px) 100vw, 108px\" \/><\/p>\n<p style=\"text-align: center\"><span style=\"text-decoration: underline\"><span style=\"font-family: 'arial black', sans-serif;color: #0000ff;text-decoration: underline\"><strong>EXIGIM MESURES REFOR\u00c7ADES PER ALS <\/strong><strong>LLOCS DE TREBALL D\u2019ATENCI\u00d3 DIRECTA<\/strong><\/span><\/span><\/p>\n<p style=\"text-align: justify\"><span style=\"font-family: arial, helvetica, sans-serif;color: #000000\">Exigim mesures refor\u00e7ades per fer front al COVID-19 per als <strong>LLOCS DE TREBALL D\u2019ATENCI\u00d3 DIRECTA:<\/strong><\/span><\/p>\n<ul style=\"text-align: justify\">\n<li><span style=\"font-family: arial, helvetica, sans-serif;color: #000000\">Senyalitzaci\u00f3 al terra o elements f\u00edsics per ordenar l\u2019acc\u00e9s a llocs d\u2019atenci\u00f3 a persones usu\u00e0ries<\/span><\/li>\n<li><span style=\"font-family: arial, helvetica, sans-serif;color: #000000\">Instal\u00b7laci\u00f3 de mampares de protecci\u00f3<\/span><\/li>\n<li><span style=\"font-family: arial, helvetica, sans-serif;color: #000000\">Reduir l&#8217;horari d&#8217;atenci\u00f3 presencial aix\u00ed com promocionar l&#8217;\u00fas de la cita pr\u00e8via<\/span><\/li>\n<\/ul>\n<p style=\"text-align: justify\"><span style=\"font-family: 'arial black', sans-serif;color: #000000;background-color: #ffff00\">En el cas de les oficines de l&#8217;ORGT, exigim tamb\u00e9 mesures de seguretat suplement\u00e0ries.<\/span><\/p>\n<p><strong><span style=\"font-family: 'arial black', sans-serif;color: #000000\"><span style=\"font-family: arial, helvetica, sans-serif\">(<\/span><\/span><\/strong><a href=\"http:\/\/ccoo.app\/diputacio-de-barcelona\/wp-content\/blogs.dir\/6\/files\/sites\/186\/2020\/04\/2-proposta-ccoo-mampares-a-les-oficines-orgt.pdf\"><span style=\"font-family: 'arial black', sans-serif;color: #0000ff\">Cliqueu aqu\u00ed<\/span><\/a> <strong><span style=\"font-family: arial, helvetica, sans-serif;color: #000000\">per veure proposta espec\u00edfica per a les oficines de l&#8217;ORGT)<\/span><\/strong><\/p>\n<p><a href=\"http:\/\/ccoo.app\/diputacio-de-barcelona\/wp-content\/blogs.dir\/6\/files\/sites\/186\/2020\/04\/2-proposta-ccoo-mampares-a-les-oficines-orgt.pdf\"><img loading=\"lazy\" decoding=\"async\" class=\"wp-image-5557 aligncenter\" src=\"http:\/\/ccoo.app\/diputacio-de-barcelona\/wp-content\/blogs.dir\/6\/files\/sites\/186\/2020\/04\/trabajadora-preocupada-300x267.png\" alt=\"\" width=\"97\" height=\"86\" srcset=\"https:\/\/ccoo.app\/diputacio-de-barcelona\/wp-content\/blogs.dir\/6\/files\/sites\/186\/2020\/04\/trabajadora-preocupada-300x267.png 300w, https:\/\/ccoo.app\/diputacio-de-barcelona\/wp-content\/blogs.dir\/6\/files\/sites\/186\/2020\/04\/trabajadora-preocupada.png 500w\" sizes=\"auto, (max-width: 97px) 100vw, 97px\" \/><\/a><\/p>\n<p style=\"text-align: justify\"><span style=\"color: #000000;font-family: arial, helvetica, sans-serif\">La crisi sanit\u00e0ria acabar\u00e0 sent una econ\u00f2mica amb greus repercucions socials. Molt m\u00e9s greu que la del 2008 i que comportar\u00e0:<\/span><\/p>\n<ul style=\"text-align: justify\">\n<li><span style=\"color: #000000;font-family: arial, helvetica, sans-serif\"><strong>Pressi\u00f3 i estr\u00e8s laboral<\/strong> arrel de l&#8217;augment de c\u00e0rregues de feina, acumulaci\u00f3 de tasques, increment d&#8217;expedients en per\u00edode executiu, subhastes,..<\/span><\/li>\n<li><span style=\"color: #000000;font-family: arial, helvetica, sans-serif\"><strong>Riscos laborals i psicosocials<\/strong> que, ja resta demostrat que en per\u00edodes de crisi econ\u00f2mica s&#8217;incrementen les accions violentes, insults i situacions de perill i vulnerabilitat que pateix el personal.<\/span><\/li>\n<\/ul>\n<p style=\"text-align: justify\"><span style=\"color: #000000;font-family: arial, helvetica, sans-serif\">CCOO ha expressat i denunciat en nombroses ocasions la necessitat d&#8217;instal\u00b7lar mampares\u00a0 de seguretat a totes les oficines de l\u2019ORGT per tal de minimitzar els riscos derivats de la viol\u00e8ncia ocupacional que pateixen les persones treballadores.<\/span><\/p>\n<p style=\"text-align: justify\"><span style=\"color: #000000;font-family: arial, helvetica, sans-serif\">\u00c9s per aix\u00f2, que els <strong>delegats i delegades de prevenci\u00f3 de CCOO<\/strong> a la Diputaci\u00f3 de Barcelona, en aplicaci\u00f3 de l\u2019article 36 de la llei 31\/1995 Llei de Prevenci\u00f3 de Riscos Laborals exigim als responsables de la Diputaci\u00f3 mesures que millorin els nivells de protecci\u00f3 de la seguretat i salut del seu personal:<\/span><\/p>\n<p style=\"text-align: justify\"><span style=\"color: #000000;font-family: arial, helvetica, sans-serif;background-color: #ffff00\"><strong>Sol\u00b7licitem la instal\u00b7laci\u00f3 de mampares de seguretat <u>a totes les oficines de l&#8217;ORGT<\/u>, i de barreres f\u00edsiques efectives per a\u00efllar l\u2019espai d\u2019atenci\u00f3 al p\u00fablic abans de que el personal es reincorpori al seu lloc de treball, per tal de garantir tant la seva seguretat f\u00edsica com la sanit\u00e0ria, com tamb\u00e9 sol\u00b7licitem al Servei de Prevenci\u00f3 i vigil\u00e0ncia de la Salud un<\/strong> <strong><u>informe de les mesures de seguretat <\/u><\/strong><strong>que s&#8217;hauran d&#8217;aplicar per fer front els possibles casos de viol\u00e8ncia en les oficines del ORGT.<\/strong><\/span><\/p>\n<p style=\"text-align: center\"><span style=\"font-size: 24px;color: #0000ff;font-family: 'arial black', sans-serif\"><strong>Primer les persones, sempre!<\/strong><\/span><\/p>\n<p>&nbsp;<\/p>\n<p><iframe loading=\"lazy\" title=\"#SenyorsAmbCorbata\" width=\"1200\" height=\"675\" src=\"https:\/\/www.youtube.com\/embed\/7y3O980TOk0?feature=oembed\" frameborder=\"0\" allow=\"accelerometer; autoplay; clipboard-write; encrypted-media; gyroscope; picture-in-picture; web-share\" allowfullscreen><\/iframe><\/p>\n<p>&nbsp;<\/p>\n<p><img loading=\"lazy\" decoding=\"async\" class=\"wp-image-5184 aligncenter\" src=\"http:\/\/ccoo.app\/diputacio-de-barcelona\/wp-content\/blogs.dir\/6\/files\/sites\/186\/2020\/03\/i-de-info-300x300.jpg\" alt=\"\" width=\"70\" height=\"70\" srcset=\"https:\/\/ccoo.app\/diputacio-de-barcelona\/wp-content\/blogs.dir\/6\/files\/sites\/186\/2020\/03\/i-de-info-300x300.jpg 300w, https:\/\/ccoo.app\/diputacio-de-barcelona\/wp-content\/blogs.dir\/6\/files\/sites\/186\/2020\/03\/i-de-info-150x150.jpg 150w, https:\/\/ccoo.app\/diputacio-de-barcelona\/wp-content\/blogs.dir\/6\/files\/sites\/186\/2020\/03\/i-de-info.jpg 626w\" sizes=\"auto, (max-width: 70px) 100vw, 70px\" \/><\/p>\n<p style=\"text-align: center\"><span style=\"font-family: 'arial black', sans-serif;font-size: 20px;color: #ffff00;background-color: #ff0000\">TOTA LA INFORMACI\u00d3 QUE NECESSITES<\/span><\/p>\n<p style=\"text-align: justify\"><span style=\"color: #000000;font-family: arial, helvetica, sans-serif\"><span style=\"background-color: #ffffff\">La <span style=\"font-family: 'arial black', sans-serif;background-color: #ffff00\">SECCI\u00d3 SINDICAL DE CCOO<\/span><\/span><strong> seguim treballant<\/strong> (de manera telem\u00e0tica) per poder <strong>donar resposta a tots els dubtes<\/strong> que tingueu o <strong>solucionar els problemes que es puguin generar.<\/strong><\/span><\/p>\n<p style=\"text-align: center\"><a href=\"mailto:ccoo@diba.cat\"><span style=\"color: #0000ff;font-family: 'arial black', sans-serif\"><strong>ccoo@diba.cat<\/strong><\/span><\/a><\/p>\n<p style=\"text-align: center\"><span style=\"font-family: 'arial black', sans-serif\"><a href=\"mailto:orgt.ssccoo@diba.cat\">orgt.ssccoo@diba.cat<\/a><\/span><\/p>\n<p><span style=\"font-family: arial, helvetica, sans-serif;color: #000000\">Podeu fer-nos arribar les vostres preguntes o dubtes. O si ho desitgeu, deixeu el vostre n\u00famero de tel\u00e8fon i ens posarem en contacte amb vosaltres.<\/span><\/p>\n<p><span style=\"font-family: arial, helvetica, sans-serif;color: #000000\">Tamb\u00e9 obtindreu informaci\u00f3 dia a dia a les xarxes socials: <span style=\"color: #0000ff;font-family: 'arial black', sans-serif\"><a style=\"color: #0000ff\" href=\"https:\/\/twitter.com\/CCOODiba\">Twitter<\/a><\/span> i <span style=\"font-family: 'arial black', sans-serif;color: #0000ff\"><a style=\"color: #0000ff\" href=\"https:\/\/www.facebook.com\/CcooDiputacioDeBarcelona\/\">Facebook.<\/a><\/span><\/span><\/p>\n<p style=\"text-align: justify\"><span style=\"font-family: arial, helvetica, sans-serif;color: #000000\">Recordeu que actualitzem constantment la nostra p\u00e0gina <span style=\"font-family: 'arial black', sans-serif;color: #0000ff\"><a style=\"color: #0000ff\" href=\"https:\/\/diba.ccoo.cat\/\">web<\/a><\/span><\/span><\/p>\n<p>&nbsp;<\/p>\n<p><img loading=\"lazy\" decoding=\"async\" class=\"wp-image-5130 aligncenter\" src=\"http:\/\/ccoo.app\/diputacio-de-barcelona\/wp-content\/blogs.dir\/6\/files\/sites\/186\/2020\/03\/diba-300x300.jpg\" alt=\"\" width=\"102\" height=\"102\" srcset=\"https:\/\/ccoo.app\/diputacio-de-barcelona\/wp-content\/blogs.dir\/6\/files\/sites\/186\/2020\/03\/diba-300x300.jpg 300w, https:\/\/ccoo.app\/diputacio-de-barcelona\/wp-content\/blogs.dir\/6\/files\/sites\/186\/2020\/03\/diba-150x150.jpg 150w, https:\/\/ccoo.app\/diputacio-de-barcelona\/wp-content\/blogs.dir\/6\/files\/sites\/186\/2020\/03\/diba.jpg 400w\" sizes=\"auto, (max-width: 102px) 100vw, 102px\" \/><\/p>\n<p style=\"text-align: justify\"><span style=\"color: #000000;font-family: arial, helvetica, sans-serif\"><span style=\"font-family: 'arial black', sans-serif;background-color: #ffff00\">INFORMACI\u00d3 CORPORATIVA<\/span> En termes generals \u00e9s important que:<\/span><\/p>\n<ul style=\"text-align: justify\">\n<li><span style=\"color: #000000;font-family: arial, helvetica, sans-serif\">Us mantingueu informats de les directrius i mesures que vagi adoptant la Diputaci\u00f3 de Barcelona mitjan\u00e7ant <strong>correu corporatiu<\/strong> i <strong>intradiba<\/strong> (<a href=\"https:\/\/dibaaps.diba.cat\/vus\/login.asp\"><span style=\"font-family: 'arial black', sans-serif;color: #0000ff\">cliqueu aqu\u00ed<\/span><\/a>)<\/span><\/li>\n<li><span style=\"color: #000000;font-family: arial, helvetica, sans-serif\">Estigueu pendents CONSTANTMENT de les directrius que us puguin fer arribar el vostres comandaments<\/span><\/li>\n<\/ul>\n<p>&nbsp;<\/p>\n<p><img loading=\"lazy\" decoding=\"async\" class=\"wp-image-5131 aligncenter\" src=\"http:\/\/ccoo.app\/diputacio-de-barcelona\/wp-content\/blogs.dir\/6\/files\/sites\/186\/2020\/03\/ccoo-catalunya-300x123.jpg\" alt=\"\" width=\"193\" height=\"79\" srcset=\"https:\/\/ccoo.app\/diputacio-de-barcelona\/wp-content\/blogs.dir\/6\/files\/sites\/186\/2020\/03\/ccoo-catalunya-300x123.jpg 300w, https:\/\/ccoo.app\/diputacio-de-barcelona\/wp-content\/blogs.dir\/6\/files\/sites\/186\/2020\/03\/ccoo-catalunya.jpg 350w\" sizes=\"auto, (max-width: 193px) 100vw, 193px\" \/><\/p>\n<p><span style=\"font-family: 'arial black', sans-serif;background-color: #ffff00;color: #000000\">TOTA LA INFORMACI\u00d3 A CCOO CATALUNYA<\/span><\/p>\n<ul>\n<li><span class=\"css-901oao css-16my406 r-1qd0xha r-ad9z0x r-bcqeeo r-qvutc0\" style=\"color: #000000\"><span style=\"font-family: arial, helvetica, sans-serif\">Preguntes freq\u00fcents sobre el Coronavirus i l&#8217;\u00e0mbit laboral:<\/span> <\/span>\u00a0<span style=\"font-family: 'arial black', sans-serif;color: #0000ff\"><a class=\"css-4rbku5 css-18t94o4 css-901oao css-16my406 r-1n1174f r-1loqt21 r-1qd0xha r-ad9z0x r-bcqeeo r-qvutc0\" style=\"color: #0000ff\" title=\"http:\/\/consultacoronavirus.ccoo.cat\" role=\"link\" href=\"https:\/\/t.co\/Xrpj3V7Bz3?amp=1\" target=\"_blank\" rel=\"noopener noreferrer\" data-focusable=\"true\"><span class=\"css-901oao css-16my406 r-1qd0xha r-hiw28u r-ad9z0x r-bcqeeo r-qvutc0\" aria-hidden=\"true\">http:\/\/<\/span>consultacoronavirus.ccoo.cat<\/a> <\/span><\/li>\n<li><span style=\"font-family: arial, helvetica, sans-serif;color: #000000\">Recull de totes les informacions ordenades sobre <\/span><strong><span style=\"font-family: arial, helvetica, sans-serif;color: #000000\">l&#8217;evoluci\u00f3 del coronavirus COVID-19 respecte del m\u00f3n del treball: <\/span><span style=\"font-family: 'arial black', sans-serif;color: #0000ff\"><a style=\"color: #0000ff\" href=\"https:\/\/www.ccoo.cat\/aspnet\/coronavirus.aspx\">https:\/\/www.ccoo.cat\/aspnet\/coronavirus.aspx<\/a><\/span><\/strong><\/li>\n<\/ul>\n<p>&nbsp;<\/p>\n<p style=\"text-align: center\"><span style=\"font-family: 'comic sans ms', sans-serif;font-size: 24px;background-color: #ffff00;color: #ff0000\"><strong>Tot i que no ens podem tocar, estem junts<\/strong><\/span><\/p>\n<p style=\"text-align: center\"><span style=\"font-family: 'comic sans ms', sans-serif;font-size: 24px;color: #0000ff\"><strong>(<a style=\"color: #0000ff\" href=\"https:\/\/www.youtube.com\/watch?v=rKrw7OFWXoI\">cliqueu aqu\u00ed per veure v\u00eddeo<\/a>)<\/strong><\/span><\/p>\n<p>&nbsp;<\/p>\n<p><a href=\"https:\/\/diba.ccoo.cat\/ccoo-torna-a-ser-primer-sindicat-a-catalunya\/\"><img loading=\"lazy\" decoding=\"async\" class=\"size-medium wp-image-4877 aligncenter\" src=\"http:\/\/ccoo.app\/diputacio-de-barcelona\/wp-content\/blogs.dir\/6\/files\/sites\/186\/2020\/01\/ccoo-primer-sindicat-catalunya-300x117.jpg\" alt=\"\" width=\"300\" height=\"117\" srcset=\"https:\/\/ccoo.app\/diputacio-de-barcelona\/wp-content\/blogs.dir\/6\/files\/sites\/186\/2020\/01\/ccoo-primer-sindicat-catalunya-300x117.jpg 300w, https:\/\/ccoo.app\/diputacio-de-barcelona\/wp-content\/blogs.dir\/6\/files\/sites\/186\/2020\/01\/ccoo-primer-sindicat-catalunya.jpg 490w\" sizes=\"auto, (max-width: 300px) 100vw, 300px\" \/><\/a><\/p>\n<p><a href=\"https:\/\/www.ccoo.es\/noticia:391405\"><img loading=\"lazy\" decoding=\"async\" class=\"size-medium wp-image-4878 aligncenter\" src=\"http:\/\/ccoo.app\/diputacio-de-barcelona\/wp-content\/blogs.dir\/6\/files\/sites\/186\/2020\/01\/ccoo-primer-sindicat-a-espana-300x91.jpg\" alt=\"\" width=\"300\" height=\"91\" srcset=\"https:\/\/ccoo.app\/diputacio-de-barcelona\/wp-content\/blogs.dir\/6\/files\/sites\/186\/2020\/01\/ccoo-primer-sindicat-a-espana-300x91.jpg 300w, https:\/\/ccoo.app\/diputacio-de-barcelona\/wp-content\/blogs.dir\/6\/files\/sites\/186\/2020\/01\/ccoo-primer-sindicat-a-espana.jpg 477w\" sizes=\"auto, (max-width: 300px) 100vw, 300px\" \/><\/a><\/p>\n<p><a href=\"https:\/\/www.ccoo.cat\/noticia\/224842\/ccoo-lliura-els-seus-comptes-auditats-del-2018-a-la-sindicatura-de-comptes-de-catalunya#.XjRZA-mWycz\"><img loading=\"lazy\" decoding=\"async\" class=\"size-medium wp-image-4879 aligncenter\" src=\"http:\/\/ccoo.app\/diputacio-de-barcelona\/wp-content\/blogs.dir\/6\/files\/sites\/186\/2020\/01\/ccoo-primer-sindicat-sindicatura-300x95.jpg\" alt=\"\" width=\"300\" height=\"95\" srcset=\"https:\/\/ccoo.app\/diputacio-de-barcelona\/wp-content\/blogs.dir\/6\/files\/sites\/186\/2020\/01\/ccoo-primer-sindicat-sindicatura-300x95.jpg 300w, https:\/\/ccoo.app\/diputacio-de-barcelona\/wp-content\/blogs.dir\/6\/files\/sites\/186\/2020\/01\/ccoo-primer-sindicat-sindicatura.jpg 476w\" sizes=\"auto, (max-width: 300px) 100vw, 300px\" \/><\/a><\/p>\n<p>&nbsp;<\/p>\n<p>&nbsp;<\/p>\n<p>&nbsp;<\/p>\n<p>&nbsp;<\/p>\n<p>&nbsp;<\/p>\n<p>&nbsp;<\/p>\n<p>&nbsp;<\/p>\n<p>&nbsp;<\/p>\n<p>&nbsp;<\/p>\n<p>&nbsp;<\/p>\n<p>&nbsp;<\/p>\n<p>&nbsp;<\/p>\n<p>&nbsp;<\/p>\n<p>&nbsp;<\/p>\n<p>&nbsp;<\/p>\n<p>&nbsp;<\/p>\n<p>&nbsp;<\/p>\n<p>&nbsp;    \t<\/p>\n","protected":false},"excerpt":{"rendered":"<p>CCOO ENVIEM PROPOSTA PER L\u2019IMPLEMENTACI\u00d3 DE MESURES DE SEGURETAT A TOTES LES OFICINES DE L\u2019ORGT TENINT EN COMPTE LA REPRESA DE L&#8217;ACTIVITAT DESPR\u00c9S DE L&#8217;ESTAT D&#8217;ALERTA DIJOUS 16 D&#8217;ABRIL: REUNI\u00d3 &#8230; <\/p>\n<p class=\"read-more-container\"><a title=\"48\/COVID-19. OFICINES DE L\u2019ORGT: CCOO EXIGIM DE NOU LA INSTAL\u00b7LACI\u00d3 DE MAMPARES DE SEGURETAT\" class=\"read-more button\" href=\"https:\/\/ccoo.app\/diputacio-de-barcelona\/propostes-pensades-per-despres-de-lestat-dalerta-3\/#more-5556\" aria-label=\"Leer m\u00e1s sobre 48\/COVID-19. OFICINES DE L\u2019ORGT: CCOO EXIGIM DE NOU LA INSTAL\u00b7LACI\u00d3 DE MAMPARES DE SEGURETAT\">Continuar llegint<\/a><\/p>\n","protected":false},"author":4519,"featured_media":5557,"comment_status":"closed","ping_status":"closed","sticky":false,"template":"","format":"standard","meta":{"footnotes":""},"categories":[38,19,23,29,35,37],"tags":[86,89,189,191,214],"class_list":["post-5556","post","type-post","status-publish","format-standard","has-post-thumbnail","hentry","category-a-tot-el-personal","category-comunicats","category-informacio-general","category-orgt-2","category-salut-laboral","category-xbm","tag-baixes-altes-mediques-embaras-maternitat-flexibilitat-fills-ebep-eleccions-jornada-horari-horaris-laboral-jornada-jornades-laborals-its-incapacitat-temporal-salut-inspeccio-treball","tag-coronavirus","tag-prevencio","tag-prevencio-teletreball","tag-seguretat","generate-columns","tablet-grid-50","mobile-grid-100","grid-parent","grid-50"],"_links":{"self":[{"href":"https:\/\/ccoo.app\/diputacio-de-barcelona\/wp-json\/wp\/v2\/posts\/5556","targetHints":{"allow":["GET"]}}],"collection":[{"href":"https:\/\/ccoo.app\/diputacio-de-barcelona\/wp-json\/wp\/v2\/posts"}],"about":[{"href":"https:\/\/ccoo.app\/diputacio-de-barcelona\/wp-json\/wp\/v2\/types\/post"}],"author":[{"embeddable":true,"href":"https:\/\/ccoo.app\/diputacio-de-barcelona\/wp-json\/wp\/v2\/users\/4519"}],"replies":[{"embeddable":true,"href":"https:\/\/ccoo.app\/diputacio-de-barcelona\/wp-json\/wp\/v2\/comments?post=5556"}],"version-history":[{"count":1,"href":"https:\/\/ccoo.app\/diputacio-de-barcelona\/wp-json\/wp\/v2\/posts\/5556\/revisions"}],"predecessor-version":[{"id":51829,"href":"https:\/\/ccoo.app\/diputacio-de-barcelona\/wp-json\/wp\/v2\/posts\/5556\/revisions\/51829"}],"wp:featuredmedia":[{"embeddable":true,"href":"https:\/\/ccoo.app\/diputacio-de-barcelona\/wp-json\/wp\/v2\/media\/5557"}],"wp:attachment":[{"href":"https:\/\/ccoo.app\/diputacio-de-barcelona\/wp-json\/wp\/v2\/media?parent=5556"}],"wp:term":[{"taxonomy":"category","embeddable":true,"href":"https:\/\/ccoo.app\/diputacio-de-barcelona\/wp-json\/wp\/v2\/categories?post=5556"},{"taxonomy":"post_tag","embeddable":true,"href":"https:\/\/ccoo.app\/diputacio-de-barcelona\/wp-json\/wp\/v2\/tags?post=5556"}],"curies":[{"name":"wp","href":"https:\/\/api.w.org\/{rel}","templated":true}]}}