{"id":5527,"date":"2020-04-14T08:06:53","date_gmt":"2020-04-14T07:06:53","guid":{"rendered":"https:\/\/diba.ccoo.cat\/?p=5527"},"modified":"2023-02-22T18:40:18","modified_gmt":"2023-02-22T17:40:18","slug":"fins-al-26-dabril-tot-segueix-igual","status":"publish","type":"post","link":"https:\/\/ccoo.app\/diputacio-de-barcelona\/fins-al-26-dabril-tot-segueix-igual\/","title":{"rendered":"45\/COVID-19. FINS AL 26 D&#8217;ABRIL TOT SEGUEIX IGUAL PER\u00d2, QU\u00c8 PASSAR\u00c0 DESPR\u00c9S?"},"content":{"rendered":"<p class=\"wp-caption-text\"><a href=\"https:\/\/diba.ccoo.cat\/\"><img loading=\"lazy\" decoding=\"async\" class=\"wp-image-1853 alignleft\" src=\"http:\/\/ccoo.app\/diputacio-de-barcelona\/wp-content\/blogs.dir\/6\/files\/sites\/186\/2018\/01\/logoccoov18.jpg\" alt=\"\" width=\"137\" height=\"63\" \/><\/a><\/p>\n<p><a href=\"http:\/\/ccoo.app\/diputacio-de-barcelona\/wp-content\/blogs.dir\/6\/files\/sites\/186\/2020\/04\/comunicat-14-04-2020.pdf\"> <img loading=\"lazy\" decoding=\"async\" class=\"alignnone wp-image-5366\" src=\"http:\/\/ccoo.app\/diputacio-de-barcelona\/wp-content\/blogs.dir\/6\/files\/sites\/186\/2020\/04\/documentacio-adjunta-300x296.png\" alt=\"\" width=\"122\" height=\"120\" srcset=\"https:\/\/ccoo.app\/diputacio-de-barcelona\/wp-content\/blogs.dir\/6\/files\/sites\/186\/2020\/04\/documentacio-adjunta-300x296.png 300w, https:\/\/ccoo.app\/diputacio-de-barcelona\/wp-content\/blogs.dir\/6\/files\/sites\/186\/2020\/04\/documentacio-adjunta.png 667w\" sizes=\"auto, (max-width: 122px) 100vw, 122px\" \/><\/a><\/p>\n<p style=\"text-align: center\"><span style=\"font-family: 'arial black', sans-serif;color: #0000ff;font-size: 24px\">FINS AL 26 D&#8217;ABRIL TOT SEGUEIX IGUAL<\/span><\/p>\n<p style=\"text-align: center\"><span style=\"font-family: 'arial black', sans-serif;color: #0000ff;font-size: 24px\">PER\u00d2, QU\u00c8 PASSAR\u00c0 DESPR\u00c9S?<\/span><\/p>\n<ul>\n<li style=\"text-align: left\"><span style=\"font-family: 'arial black', sans-serif;color: #000000\"><strong>LA <\/strong><a style=\"color: #000000\" href=\"https:\/\/www.diba.cat\/documents\/306225111\/306795174\/Decret+Pla+Conting%C3%A8ncia.pdf\/6c1338f1-5835-4adc-9bf4-040986c299d8\"><strong>RESOLUCI\u00d3 DE 22 DE MAR\u00c7 DE 2020<\/strong><\/a><strong> QUE REGULA LA PRESTACI\u00d3 DE SERVEIS DEL PERSONAL DE DIPUTACI\u00d3 SEGUEIX VIGENT<\/strong><\/span><\/li>\n<li style=\"text-align: left\"><span style=\"font-family: 'arial black', sans-serif;color: #000000\"><strong>QU\u00c8 PASSAR\u00c0 DESPR\u00c9S DE L\u2019ESTAT D\u2019ALARMA?<\/strong><\/span><\/li>\n<\/ul>\n<p><span style=\"font-family: 'arial black', sans-serif\">I A M\u00c9S:<\/span><\/p>\n<ul>\n<li style=\"text-align: left\"><span style=\"font-family: 'arial black', sans-serif;color: #000000\"><strong>AQUESTA SETMANA: PRIMERA REUNI\u00d3 TELEM\u00c0TICA AMB ELS SINDICATS<\/strong><\/span><\/li>\n<li style=\"text-align: left\"><span style=\"font-family: 'arial black', sans-serif;color: #000000\">EXPRESSEM EL NOSTRE CONDOL<\/span><\/li>\n<\/ul>\n<p style=\"text-align: center\"><span style=\"font-family: arial, helvetica, sans-serif;color: #000000\">-14 d&#8217;abril de 2020-<\/span><\/p>\n<p>&nbsp;<\/p>\n<p style=\"text-align: justify\"><span style=\"color: #000000;font-family: 'arial black', sans-serif;background-color: #ffff00\"><strong>LA <\/strong><span style=\"color: #0000ff\"><a style=\"color: #0000ff;background-color: #ffff00\" href=\"https:\/\/www.diba.cat\/documents\/306225111\/306795174\/Decret+Pla+Conting%C3%A8ncia.pdf\/6c1338f1-5835-4adc-9bf4-040986c299d8\"><strong>RESOLUCI\u00d3 DE 22 DE MAR\u00c7 DE 2020<\/strong><\/a><\/span><strong> QUE REGULA LA PRESTACI\u00d3 DE SERVEIS DEL PERSONAL DE DIPUTACI\u00d3 SEGUEIX VIGENT<\/strong><\/span><\/p>\n<p style=\"text-align: justify\"><span style=\"color: #000000;font-family: arial, helvetica, sans-serif\">Aquesta setmana s\u2019aixeca el confinament per a determinats sectors de l&#8217;\u00e0mbit privat no essencials: <strong>NO \u00c9S D\u2019APLICACI\u00d3 EN CAP CAS PER AL PERSONAL DE LA DIPUTACI\u00d3 DE BARCELONA.<\/strong> De moment, el confinament continua fins al 26 d\u2019abril sense modificacions respecte a les condicions de treball del personal.<\/span><\/p>\n<p style=\"text-align: justify\"><span style=\"color: #000000;font-family: arial, helvetica, sans-serif\"><span style=\"font-family: 'arial black', sans-serif;background-color: #ffffff;color: #0000ff\"><a style=\"color: #0000ff\" href=\"http:\/\/ccoo.app\/diputacio-de-barcelona\/wp-content\/blogs.dir\/6\/files\/sites\/186\/2020\/04\/documento-2.pdf\">Cliqueu aqu\u00ed<\/a>\u00a0<\/span>per llegir comunicat corporatiu.<\/span><\/p>\n<p style=\"text-align: justify\"><span style=\"color: #000000;font-family: arial, helvetica, sans-serif\">Reiterem de nou el nostre m\u00e9s profund reconeixement al personal que est\u00e0 treballant de forma presencial i que demostra, dia rere dia, la seva professionalitat i comprom\u00eds de servei p\u00fablic \u00a0(<a href=\"https:\/\/diba.ccoo.cat\/lagraiment-i-reconeixement-al-personal-de-la-diputacio\/\"><span style=\"color: #0000ff;font-family: 'arial black', sans-serif\">Cliqueu aqu\u00ed <\/span><\/a>per ampliar informaci\u00f3).<\/span><\/p>\n<p style=\"text-align: justify\"><span style=\"color: #000000;font-family: arial, helvetica, sans-serif\">No oblidem tampoc l\u2019immens m\u00e8rit del personal que, majorit\u00e0riament amb mitjans propis, est\u00e0 treballant a dist\u00e0ncia. Aquesta crisi ha agafat desprevinguda la Diputaci\u00f3 de Barcelona (sense cap regulaci\u00f3 ni prova pilot pr\u00e8via), per\u00f2 no obstant aix\u00f2, la plantilla est\u00e0 demostrant estar a l\u2019al\u00e7ada del repte de mantenir els serveis, no nom\u00e9s els essencials (<span style=\"font-family: 'arial black', sans-serif;color: #0000ff\"><a style=\"color: #0000ff\" href=\"https:\/\/diba.ccoo.cat\/teletreball-a-la-diba-valoracions-de-ccoo\/\">Cliqueu aqu\u00ed<\/a> <\/span>per ampliar informaci\u00f3).<\/span><\/p>\n<p style=\"text-align: justify\"><span style=\"color: #000000;font-family: arial, helvetica, sans-serif\">Lamentablement, tamb\u00e9 entre el personal corporatiu s&#8217;han detectat casos de positiu per <em><strong>COVID<\/strong><\/em><strong>-19<\/strong>: a tots i totes us desitgem una r\u00e0pida recuperaci\u00f3. Seguirem exigint que s\u2019apliquin sempre, quan es treballi de manera presencial, les m\u00e0ximes condicions de seguretat.<\/span><\/p>\n<p style=\"text-align: justify\"><span style=\"color: #000000;font-family: arial, helvetica, sans-serif\"><strong>CCOO-Diba seguim de gu\u00e0rdia permanent per a qualsevol dubte i consulta: <span style=\"font-family: 'arial black', sans-serif\">cliqueu <a href=\"https:\/\/diba.ccoo.cat\/informacio-pel-personal-de-diputacio\/\"><span style=\"color: #0000ff\">aqu\u00ed<\/span><\/a>!<\/span><\/strong><\/span><\/p>\n<p>&nbsp;<\/p>\n<p><span style=\"color: #000000;font-family: 'arial black', sans-serif;background-color: #ffff00\"><strong>QU\u00c8 PASSAR\u00c0 DESPR\u00c9S DE L\u2019ESTAT D\u2019ALARMA?<\/strong><\/span><\/p>\n<p style=\"text-align: justify\"><span style=\"color: #000000;font-family: arial, helvetica, sans-serif\"><strong>CCOO-Diba considerem imprescindible abordar les mesures preventives amb anterioritat a una possible represa de l\u2019activitat <\/strong>finalitzat l\u2019Estat d\u2019Alarma. Des del nostre punt de vista, ja s\u2019ha de comen\u00e7ar a treballar a la Diputaci\u00f3 un pla amb criteris consensuats i pactats, per aconseguir un retorn esglaonat que doni continu\u00eftat a l&#8217;esfor\u00e7 realitzat fins ara per doblegar la corba de contagis.<\/span><\/p>\n<p style=\"text-align: justify\"><span style=\"color: #000000;font-family: arial, helvetica, sans-serif\">Objectiu prioritari: protecci\u00f3 de la salut de totes les persones treballadores, especialment les m\u00e9s vulnerables i evitar la propagaci\u00f3 del coronavirus als llocs de treball. En termes generals, pensem que l\u2019estrat\u00e8gia hauria de seguir sent reduir la pres\u00e8ncia en els centres de treball al nombre de persones m\u00ednim imprescindible.<\/span><\/p>\n<p style=\"text-align: justify\"><span style=\"color: #000000;font-family: arial, helvetica, sans-serif\">Tot i que, \u00f2bviament estem pendents del que es decreti des del govern d\u2019Espanya i de la Generalitat, CCOO a la Diputaci\u00f3 de Barcelona pensem que les mesures relacionades amb el retorn a la normalitat haurien de tenir en compte els seg\u00fcent elements:<\/span><\/p>\n<ul style=\"text-align: justify\">\n<li><span style=\"color: #000000;font-family: arial, helvetica, sans-serif\">Mantenir el m\u00e0xim nombre de persones en el sistema de treball a dist\u00e0ncia (teletreball)<\/span><\/li>\n<\/ul>\n<ul style=\"text-align: justify\">\n<li><span style=\"color: #000000;font-family: arial, helvetica, sans-serif\">Reduir al m\u00e0xim, el nombre de treballs presencials<\/span><\/li>\n<\/ul>\n<ul>\n<li><span style=\"color: #000000;font-family: arial, helvetica, sans-serif\">En els casos justificats i imprescindibles on es determini treball presencial:<\/span>\n<ul>\n<li><span style=\"color: #000000;font-family: arial, helvetica, sans-serif\">Evitar massificacions en centres de treball (garantia que es podr\u00e0 mantenir la dist\u00e0ncia f\u00edsica de seguretat en tots els espais)<\/span><\/li>\n<li><span style=\"color: #000000;font-family: arial, helvetica, sans-serif\">Prioritzar la realitzaci\u00f3 de treballs de forma individual<\/span><\/li>\n<li><span style=\"color: #000000;font-family: arial, helvetica, sans-serif\">\u00das de mascaretes de protecci\u00f3 adequada per a tothom (entre altres materials de protecci\u00f3 d\u2019acord amb la tipologia del lloc de treball)<\/span><\/li>\n<li><span style=\"color: #000000;font-family: arial, helvetica, sans-serif\">Organitzaci\u00f3 de torns per evitar coincid\u00e8ncia en horari tenint en compte les entrades i les sortides de personal<\/span><\/li>\n<li><span style=\"color: #000000;font-family: arial, helvetica, sans-serif\">Evitar les hores punta de transport p\u00fablic<\/span><\/li>\n<li><span style=\"color: #000000;font-family: arial, helvetica, sans-serif\">Flexibilitat hor\u00e0ria per a tots els llocs afectats<\/span><\/li>\n<li><span style=\"color: #000000;font-family: arial, helvetica, sans-serif\">Prohibici\u00f3 de les reunions presencials i limitar aforament en sales, ascensors, etc.<\/span><\/li>\n<li><span style=\"color: #000000;font-family: arial, helvetica, sans-serif\">Refor\u00e7ar i intensificar la desinfecci\u00f3 de les zones comunes i llocs de treball<\/span><\/li>\n<li><span style=\"color: #000000;font-family: arial, helvetica, sans-serif\">Evitar l\u2019\u00fas d\u2019eines compartides (teclats, ratolins, material d\u2019oficina i maquin\u00e0ria entre d\u2019altres)<\/span><\/li>\n<li><span style=\"color: #000000;font-family: arial, helvetica, sans-serif\">Limitar l\u2019acc\u00e9s al centre de treball de personal extern al m\u00ednim imprescindible<\/span><\/li>\n<\/ul>\n<\/li>\n<\/ul>\n<ul style=\"text-align: justify\">\n<li><span style=\"color: #000000;font-family: arial, helvetica, sans-serif\">Garantir que les persones especialment vulnerables al contagi del COVID-19 no s\u2019hagin de despla\u00e7ar al centre de treball<\/span>\n<ul>\n<li style=\"text-align: justify\"><span style=\"color: #000000;font-family: arial, helvetica, sans-serif\">Ens referim a:<\/span>\n<ul>\n<li><span style=\"color: #000000;font-family: arial, helvetica, sans-serif\">Majors de 60 anys<\/span><\/li>\n<li><span style=\"color: #000000;font-family: arial, helvetica, sans-serif\">Les patologies pr\u00e8vies cr\u00f2niques relacionades amb el sistema respiratori, per exemple, asma, MPOC, etc. Les patologies pr\u00e8vies relacionades amb el sistema cardiovascular (hipertensi\u00f3, diabetis&#8230;)<\/span><\/li>\n<li><span style=\"color: #000000;font-family: arial, helvetica, sans-serif\">Persones amb malalties hep\u00e0tiques cr\u00f2niques<\/span><\/li>\n<li><span style=\"color: #000000;font-family: arial, helvetica, sans-serif\">Persones amb malalties renals cr\u00f2niques<\/span><\/li>\n<li><span style=\"color: #000000;font-family: arial, helvetica, sans-serif\">Persones amb medicaci\u00f3 relacionada amb elles<\/span><\/li>\n<li><span style=\"color: #000000;font-family: arial, helvetica, sans-serif\">Les persones que han patit algun tipus de c\u00e0ncer<\/span><\/li>\n<li><span style=\"color: #000000;font-family: arial, helvetica, sans-serif\">Trastorns immunitaris<\/span><\/li>\n<li><span style=\"color: #000000;font-family: arial, helvetica, sans-serif\">Embar\u00e0s<\/span><\/li>\n<\/ul>\n<\/li>\n<\/ul>\n<\/li>\n<\/ul>\n<p>&nbsp;<\/p>\n<ul style=\"text-align: justify\">\n<li><span style=\"color: #000000;font-family: arial, helvetica, sans-serif\">Control de temperatura a l&#8217;entrada del centre de treball<\/span><\/li>\n<\/ul>\n<p><img loading=\"lazy\" decoding=\"async\" class=\"size-medium wp-image-5514 aligncenter\" src=\"http:\/\/ccoo.app\/diputacio-de-barcelona\/wp-content\/blogs.dir\/6\/files\/sites\/186\/2020\/04\/mamparas-300x258.png\" alt=\"\" width=\"300\" height=\"258\" srcset=\"https:\/\/ccoo.app\/diputacio-de-barcelona\/wp-content\/blogs.dir\/6\/files\/sites\/186\/2020\/04\/mamparas-300x258.png 300w, https:\/\/ccoo.app\/diputacio-de-barcelona\/wp-content\/blogs.dir\/6\/files\/sites\/186\/2020\/04\/mamparas.png 540w\" sizes=\"auto, (max-width: 300px) 100vw, 300px\" \/><\/p>\n<ul style=\"text-align: justify\">\n<li><span style=\"color: #000000;font-family: arial, helvetica, sans-serif\">Per als llocs de treball d\u2019atenci\u00f3 directa: obligatorietat d\u2019introduir mesures suplement\u00e0ries de protecci\u00f3 negociades amb els sindicats:<\/span>\n<ul style=\"text-align: justify\">\n<li><span style=\"color: #000000;font-family: arial, helvetica, sans-serif\">Senyalitzaci\u00f3 al terra o elements f\u00edsics per ordenar l&#8217;acc\u00e9s a llocs d&#8217;atenci\u00f3 a persones usu\u00e0ries<\/span><\/li>\n<li><span style=\"color: #000000;font-family: arial, helvetica, sans-serif\">Instal\u00b7laci\u00f3 de mampares de protecci\u00f3<\/span><\/li>\n<li><span style=\"color: #000000;font-family: arial, helvetica, sans-serif\">Reducci\u00f3 d\u2019horaris d\u2019atenci\u00f3 presencial<\/span><\/li>\n<\/ul>\n<\/li>\n<\/ul>\n<p>&nbsp;<\/p>\n<p><span style=\"color: #000000;font-family: 'arial black', sans-serif;background-color: #ffff00\"><strong>AQUESTA SETMANA: PRIMERA REUNI\u00d3 TELEM\u00c0TICA AMB ELS SINDICATS<\/strong><\/span><\/p>\n<p style=\"text-align: justify\"><span style=\"color: #000000;font-family: arial, helvetica, sans-serif\">CCOO-Diba hem insistit reiteradament en les darreres setmanes que la manca de mobilitat, conseq\u00fc\u00e8ncia de l\u2019Estat d\u2019Alarma, no podia impedir que s\u2019abordessin les mesures preventives en l\u2019\u00e0mbit del Comit\u00e8 de Seguretat i Salut, i en coordinaci\u00f3 amb les seccions sindicals (<a href=\"https:\/\/diba.ccoo.cat\/peticio-de-reunio-del-comite-de-seguretat-i-salut\/\"><span style=\"font-family: 'arial black', sans-serif;color: #0000ff\">Cliqueu aqu\u00ed <\/span><\/a>per veure comunicat)<\/span><\/p>\n<p style=\"text-align: justify\"><span style=\"color: #000000;font-family: arial, helvetica, sans-serif\">Hem de dir que la Diputaci\u00f3 finalment acaba d\u2019atendre la petici\u00f3 feta i per tant, es celebraran reunions setmanals mitjan\u00e7ant el sistema de v\u00eddeo confer\u00e8ncia.<\/span><\/p>\n<p style=\"text-align: justify\"><span style=\"color: #000000;font-family: arial, helvetica, sans-serif\">La nostra petici\u00f3 va rebre el suport de tots els sindicats, per\u00f2 hem d\u2019agrair especialment les gestions fetes per UGT diba, que junt a les nostres, han resultat decisives per aconseguir-ho.<\/span><\/p>\n<p style=\"text-align: justify\"><span style=\"color: #000000;font-family: arial, helvetica, sans-serif\">Aix\u00ed doncs, a partir d\u2019aquesta setmana, tindrem reunions tots els divendres. Nom\u00e9s dir-vos que treballarem per a que aquest nou espai telem\u00e0tic de participaci\u00f3 sigui realment profit\u00f3s i ens permeti impulsar mesures pactades en benefici de totes les persones que treballen a la Diputaci\u00f3 de Barcelona.<\/span><\/p>\n<p>&nbsp;<\/p>\n<p><span style=\"color: #000000;font-family: 'arial black', sans-serif;background-color: #ffff00\">EXPRESSEM EL NOSTRE CONDOL<\/span><\/p>\n<p style=\"text-align: justify\"><span style=\"color: #000000;font-family: arial, helvetica, sans-serif\">No volem acabar aquest comunicat sense expressar <strong>el nostre m\u00e9s sentit condol<\/strong> a qui hagi patit la mort d\u2019un familiar o d\u2019una persona propera a causa de la pand\u00e8mia.<\/span><\/p>\n<p style=\"text-align: justify\"><span style=\"color: #000000;font-family: arial, helvetica, sans-serif\">Tristament, per experi\u00e8ncia pr\u00f2pia, sabem com les estrictes limitacions d\u2019acompanyament en els centres sanitaris, aix\u00ed com posteriorment en el moment del dol, tornen la p\u00e8rdua d\u2019un \u00e9sser estimat en un tr\u00e0ngol extraordin\u00e0riament dolor\u00f3s.\u00a0<\/span><\/p>\n<p style=\"text-align: justify\"><span style=\"color: #000000;font-family: arial, helvetica, sans-serif\">Davant l\u2019intens dolor d\u2019aquesta experi\u00e8ncia colpidora volem fer-vos arribar la nostra estima i una forta abra\u00e7ada.<\/span><\/p>\n<p><iframe loading=\"lazy\" title=\"#SenyorsAmbCorbata\" width=\"1200\" height=\"675\" src=\"https:\/\/www.youtube.com\/embed\/7y3O980TOk0?feature=oembed\" frameborder=\"0\" allow=\"accelerometer; autoplay; clipboard-write; encrypted-media; gyroscope; picture-in-picture; web-share\" allowfullscreen><\/iframe><\/p>\n<p>&nbsp;<\/p>\n<p><img loading=\"lazy\" decoding=\"async\" class=\"wp-image-5184 aligncenter\" src=\"http:\/\/ccoo.app\/diputacio-de-barcelona\/wp-content\/blogs.dir\/6\/files\/sites\/186\/2020\/03\/i-de-info-300x300.jpg\" alt=\"\" width=\"70\" height=\"70\" srcset=\"https:\/\/ccoo.app\/diputacio-de-barcelona\/wp-content\/blogs.dir\/6\/files\/sites\/186\/2020\/03\/i-de-info-300x300.jpg 300w, https:\/\/ccoo.app\/diputacio-de-barcelona\/wp-content\/blogs.dir\/6\/files\/sites\/186\/2020\/03\/i-de-info-150x150.jpg 150w, https:\/\/ccoo.app\/diputacio-de-barcelona\/wp-content\/blogs.dir\/6\/files\/sites\/186\/2020\/03\/i-de-info.jpg 626w\" sizes=\"auto, (max-width: 70px) 100vw, 70px\" \/><\/p>\n<p style=\"text-align: center\"><span style=\"font-family: 'arial black', sans-serif;font-size: 20px;color: #ffff00;background-color: #ff0000\">TOTA LA INFORMACI\u00d3 QUE NECESSITES<\/span><\/p>\n<p style=\"text-align: justify\"><span style=\"color: #000000;font-family: arial, helvetica, sans-serif\"><span style=\"background-color: #ffffff\">La <span style=\"font-family: 'arial black', sans-serif;background-color: #ffff00\">SECCI\u00d3 SINDICAL DE CCOO<\/span><\/span><strong> seguim treballant<\/strong> (de manera telem\u00e0tica) per poder <strong>donar resposta a tots els dubtes<\/strong> que tingueu o <strong>solucionar els problemes que es puguin generar.<\/strong><\/span><\/p>\n<p style=\"text-align: center\"><a href=\"mailto:ccoo@diba.cat\"><span style=\"color: #0000ff;font-family: 'arial black', sans-serif\"><strong>ccoo@diba.cat<\/strong><\/span><\/a><\/p>\n<p style=\"text-align: center\"><span style=\"font-family: 'arial black', sans-serif\"><a href=\"mailto:orgt.ssccoo@diba.cat\">orgt.ssccoo@diba.cat<\/a><\/span><\/p>\n<p><span style=\"font-family: arial, helvetica, sans-serif;color: #000000\">Podeu fer-nos arribar les vostres preguntes o dubtes. O si ho desitgeu, deixeu el vostre n\u00famero de tel\u00e8fon i ens posarem en contacte amb vosaltres.<\/span><\/p>\n<p><span style=\"font-family: arial, helvetica, sans-serif;color: #000000\">Tamb\u00e9 obtindreu informaci\u00f3 dia a dia a les xarxes socials: <span style=\"color: #0000ff;font-family: 'arial black', sans-serif\"><a style=\"color: #0000ff\" href=\"https:\/\/twitter.com\/CCOODiba\">Twitter<\/a><\/span> i <span style=\"font-family: 'arial black', sans-serif;color: #0000ff\"><a style=\"color: #0000ff\" href=\"https:\/\/www.facebook.com\/CcooDiputacioDeBarcelona\/\">Facebook.<\/a><\/span><\/span><\/p>\n<p style=\"text-align: justify\"><span style=\"font-family: arial, helvetica, sans-serif;color: #000000\">Recordeu que actualitzem constantment la nostra p\u00e0gina <span style=\"font-family: 'arial black', sans-serif;color: #0000ff\"><a style=\"color: #0000ff\" href=\"https:\/\/diba.ccoo.cat\/\">web<\/a><\/span><\/span><\/p>\n<p>&nbsp;<\/p>\n<p><img loading=\"lazy\" decoding=\"async\" class=\"wp-image-5130 aligncenter\" src=\"http:\/\/ccoo.app\/diputacio-de-barcelona\/wp-content\/blogs.dir\/6\/files\/sites\/186\/2020\/03\/diba-300x300.jpg\" alt=\"\" width=\"102\" height=\"102\" srcset=\"https:\/\/ccoo.app\/diputacio-de-barcelona\/wp-content\/blogs.dir\/6\/files\/sites\/186\/2020\/03\/diba-300x300.jpg 300w, https:\/\/ccoo.app\/diputacio-de-barcelona\/wp-content\/blogs.dir\/6\/files\/sites\/186\/2020\/03\/diba-150x150.jpg 150w, https:\/\/ccoo.app\/diputacio-de-barcelona\/wp-content\/blogs.dir\/6\/files\/sites\/186\/2020\/03\/diba.jpg 400w\" sizes=\"auto, (max-width: 102px) 100vw, 102px\" \/><\/p>\n<p style=\"text-align: justify\"><span style=\"color: #000000;font-family: arial, helvetica, sans-serif\"><span style=\"font-family: 'arial black', sans-serif;background-color: #ffff00\">INFORMACI\u00d3 CORPORATIVA<\/span> En termes generals \u00e9s important que:<\/span><\/p>\n<ul style=\"text-align: justify\">\n<li><span style=\"color: #000000;font-family: arial, helvetica, sans-serif\">Us mantingueu informats de les directrius i mesures que vagi adoptant la Diputaci\u00f3 de Barcelona mitjan\u00e7ant <strong>correu corporatiu<\/strong> i <strong>intradiba<\/strong> (<a href=\"https:\/\/dibaaps.diba.cat\/vus\/login.asp\"><span style=\"font-family: 'arial black', sans-serif;color: #0000ff\">cliqueu aqu\u00ed<\/span><\/a>)<\/span><\/li>\n<li><span style=\"color: #000000;font-family: arial, helvetica, sans-serif\">Estigueu pendents CONSTANTMENT de les directrius que us puguin fer arribar el vostres comandaments<\/span><\/li>\n<\/ul>\n<p>&nbsp;<\/p>\n<p><img loading=\"lazy\" decoding=\"async\" class=\"wp-image-5131 aligncenter\" src=\"http:\/\/ccoo.app\/diputacio-de-barcelona\/wp-content\/blogs.dir\/6\/files\/sites\/186\/2020\/03\/ccoo-catalunya-300x123.jpg\" alt=\"\" width=\"193\" height=\"79\" srcset=\"https:\/\/ccoo.app\/diputacio-de-barcelona\/wp-content\/blogs.dir\/6\/files\/sites\/186\/2020\/03\/ccoo-catalunya-300x123.jpg 300w, https:\/\/ccoo.app\/diputacio-de-barcelona\/wp-content\/blogs.dir\/6\/files\/sites\/186\/2020\/03\/ccoo-catalunya.jpg 350w\" sizes=\"auto, (max-width: 193px) 100vw, 193px\" \/><\/p>\n<p><span style=\"font-family: 'arial black', sans-serif;background-color: #ffff00;color: #000000\">TOTA LA INFORMACI\u00d3 A CCOO CATALUNYA<\/span><\/p>\n<ul>\n<li><span class=\"css-901oao css-16my406 r-1qd0xha r-ad9z0x r-bcqeeo r-qvutc0\" style=\"color: #000000\"><span style=\"font-family: arial, helvetica, sans-serif\">Preguntes freq\u00fcents sobre el Coronavirus i l&#8217;\u00e0mbit laboral:<\/span> <\/span>\u00a0<span style=\"font-family: 'arial black', sans-serif;color: #0000ff\"><a class=\"css-4rbku5 css-18t94o4 css-901oao css-16my406 r-1n1174f r-1loqt21 r-1qd0xha r-ad9z0x r-bcqeeo r-qvutc0\" style=\"color: #0000ff\" title=\"http:\/\/consultacoronavirus.ccoo.cat\" role=\"link\" href=\"https:\/\/t.co\/Xrpj3V7Bz3?amp=1\" target=\"_blank\" rel=\"noopener noreferrer\" data-focusable=\"true\"><span class=\"css-901oao css-16my406 r-1qd0xha r-hiw28u r-ad9z0x r-bcqeeo r-qvutc0\" aria-hidden=\"true\">http:\/\/<\/span>consultacoronavirus.ccoo.cat<\/a> <\/span><\/li>\n<li><span style=\"font-family: arial, helvetica, sans-serif;color: #000000\">Recull de totes les informacions ordenades sobre <\/span><strong><span style=\"font-family: arial, helvetica, sans-serif;color: #000000\">l&#8217;evoluci\u00f3 del coronavirus COVID-19 respecte del m\u00f3n del treball: <\/span><span style=\"font-family: 'arial black', sans-serif;color: #0000ff\"><a style=\"color: #0000ff\" href=\"https:\/\/www.ccoo.cat\/aspnet\/coronavirus.aspx\">https:\/\/www.ccoo.cat\/aspnet\/coronavirus.aspx<\/a><\/span><\/strong><\/li>\n<\/ul>\n<p>&nbsp;<\/p>\n<p style=\"text-align: center\"><span style=\"font-family: 'comic sans ms', sans-serif;font-size: 24px;background-color: #ffff00;color: #ff0000\"><strong>Tot i que no ens podem tocar, estem junts<\/strong><\/span><\/p>\n<p style=\"text-align: center\"><span style=\"font-family: 'comic sans ms', sans-serif;font-size: 24px;color: #0000ff\"><strong>(<a style=\"color: #0000ff\" href=\"https:\/\/www.youtube.com\/watch?v=rKrw7OFWXoI\">cliqueu aqu\u00ed per veure v\u00eddeo<\/a>)<\/strong><\/span><\/p>\n<p>&nbsp;<\/p>\n<p><a href=\"https:\/\/diba.ccoo.cat\/ccoo-torna-a-ser-primer-sindicat-a-catalunya\/\"><img loading=\"lazy\" decoding=\"async\" class=\"size-medium wp-image-4877 aligncenter\" src=\"http:\/\/ccoo.app\/diputacio-de-barcelona\/wp-content\/blogs.dir\/6\/files\/sites\/186\/2020\/01\/ccoo-primer-sindicat-catalunya-300x117.jpg\" alt=\"\" width=\"300\" height=\"117\" srcset=\"https:\/\/ccoo.app\/diputacio-de-barcelona\/wp-content\/blogs.dir\/6\/files\/sites\/186\/2020\/01\/ccoo-primer-sindicat-catalunya-300x117.jpg 300w, https:\/\/ccoo.app\/diputacio-de-barcelona\/wp-content\/blogs.dir\/6\/files\/sites\/186\/2020\/01\/ccoo-primer-sindicat-catalunya.jpg 490w\" sizes=\"auto, (max-width: 300px) 100vw, 300px\" \/><\/a><\/p>\n<p><a href=\"https:\/\/www.ccoo.es\/noticia:391405\"><img loading=\"lazy\" decoding=\"async\" class=\"size-medium wp-image-4878 aligncenter\" src=\"http:\/\/ccoo.app\/diputacio-de-barcelona\/wp-content\/blogs.dir\/6\/files\/sites\/186\/2020\/01\/ccoo-primer-sindicat-a-espana-300x91.jpg\" alt=\"\" width=\"300\" height=\"91\" srcset=\"https:\/\/ccoo.app\/diputacio-de-barcelona\/wp-content\/blogs.dir\/6\/files\/sites\/186\/2020\/01\/ccoo-primer-sindicat-a-espana-300x91.jpg 300w, https:\/\/ccoo.app\/diputacio-de-barcelona\/wp-content\/blogs.dir\/6\/files\/sites\/186\/2020\/01\/ccoo-primer-sindicat-a-espana.jpg 477w\" sizes=\"auto, (max-width: 300px) 100vw, 300px\" \/><\/a><\/p>\n<p><a href=\"https:\/\/www.ccoo.cat\/noticia\/224842\/ccoo-lliura-els-seus-comptes-auditats-del-2018-a-la-sindicatura-de-comptes-de-catalunya#.XjRZA-mWycz\"><img loading=\"lazy\" decoding=\"async\" class=\"size-medium wp-image-4879 aligncenter\" src=\"http:\/\/ccoo.app\/diputacio-de-barcelona\/wp-content\/blogs.dir\/6\/files\/sites\/186\/2020\/01\/ccoo-primer-sindicat-sindicatura-300x95.jpg\" alt=\"\" width=\"300\" height=\"95\" srcset=\"https:\/\/ccoo.app\/diputacio-de-barcelona\/wp-content\/blogs.dir\/6\/files\/sites\/186\/2020\/01\/ccoo-primer-sindicat-sindicatura-300x95.jpg 300w, https:\/\/ccoo.app\/diputacio-de-barcelona\/wp-content\/blogs.dir\/6\/files\/sites\/186\/2020\/01\/ccoo-primer-sindicat-sindicatura.jpg 476w\" sizes=\"auto, (max-width: 300px) 100vw, 300px\" \/><\/a><\/p>\n<p>&nbsp;<\/p>\n<p>&nbsp;<\/p>\n<p>&nbsp;<\/p>\n<p>&nbsp;<\/p>\n<p>&nbsp;<\/p>\n<p>&nbsp;<\/p>\n<p>&nbsp;<\/p>\n<p>&nbsp;<\/p>\n<p>&nbsp;<\/p>\n<p>&nbsp;<\/p>\n<p>&nbsp;<\/p>\n<p>&nbsp;<\/p>\n<p>&nbsp;<\/p>\n<p>&nbsp;<\/p>\n<p>&nbsp;<\/p>\n<p>&nbsp;<\/p>\n<p>&nbsp;<\/p>\n<p>&nbsp;    \t<\/p>\n","protected":false},"excerpt":{"rendered":"<p>FINS AL 26 D&#8217;ABRIL TOT SEGUEIX IGUAL PER\u00d2, QU\u00c8 PASSAR\u00c0 DESPR\u00c9S? LA RESOLUCI\u00d3 DE 22 DE MAR\u00c7 DE 2020 QUE REGULA LA PRESTACI\u00d3 DE SERVEIS DEL PERSONAL DE DIPUTACI\u00d3 SEGUEIX &#8230; <\/p>\n<p class=\"read-more-container\"><a title=\"45\/COVID-19. FINS AL 26 D&#8217;ABRIL TOT SEGUEIX IGUAL PER\u00d2, QU\u00c8 PASSAR\u00c0 DESPR\u00c9S?\" class=\"read-more button\" href=\"https:\/\/ccoo.app\/diputacio-de-barcelona\/fins-al-26-dabril-tot-segueix-igual\/#more-5527\" aria-label=\"Leer m\u00e1s sobre 45\/COVID-19. FINS AL 26 D&#8217;ABRIL TOT SEGUEIX IGUAL PER\u00d2, QU\u00c8 PASSAR\u00c0 DESPR\u00c9S?\">Continuar llegint<\/a><\/p>\n","protected":false},"author":4519,"featured_media":5514,"comment_status":"closed","ping_status":"closed","sticky":false,"template":"","format":"standard","meta":{"footnotes":""},"categories":[38,18,19,23,29,34,35,37],"tags":[86,89,154,189,191],"class_list":["post-5527","post","type-post","status-publish","format-standard","has-post-thumbnail","hentry","category-a-tot-el-personal","category-ccoo-info","category-comunicats","category-informacio-general","category-orgt-2","category-respir","category-salut-laboral","category-xbm","tag-baixes-altes-mediques-embaras-maternitat-flexibilitat-fills-ebep-eleccions-jornada-horari-horaris-laboral-jornada-jornades-laborals-its-incapacitat-temporal-salut-inspeccio-treball","tag-coronavirus","tag-mobilitat-teletreball","tag-prevencio","tag-prevencio-teletreball","generate-columns","tablet-grid-50","mobile-grid-100","grid-parent","grid-50"],"_links":{"self":[{"href":"https:\/\/ccoo.app\/diputacio-de-barcelona\/wp-json\/wp\/v2\/posts\/5527","targetHints":{"allow":["GET"]}}],"collection":[{"href":"https:\/\/ccoo.app\/diputacio-de-barcelona\/wp-json\/wp\/v2\/posts"}],"about":[{"href":"https:\/\/ccoo.app\/diputacio-de-barcelona\/wp-json\/wp\/v2\/types\/post"}],"author":[{"embeddable":true,"href":"https:\/\/ccoo.app\/diputacio-de-barcelona\/wp-json\/wp\/v2\/users\/4519"}],"replies":[{"embeddable":true,"href":"https:\/\/ccoo.app\/diputacio-de-barcelona\/wp-json\/wp\/v2\/comments?post=5527"}],"version-history":[{"count":1,"href":"https:\/\/ccoo.app\/diputacio-de-barcelona\/wp-json\/wp\/v2\/posts\/5527\/revisions"}],"predecessor-version":[{"id":51832,"href":"https:\/\/ccoo.app\/diputacio-de-barcelona\/wp-json\/wp\/v2\/posts\/5527\/revisions\/51832"}],"wp:featuredmedia":[{"embeddable":true,"href":"https:\/\/ccoo.app\/diputacio-de-barcelona\/wp-json\/wp\/v2\/media\/5514"}],"wp:attachment":[{"href":"https:\/\/ccoo.app\/diputacio-de-barcelona\/wp-json\/wp\/v2\/media?parent=5527"}],"wp:term":[{"taxonomy":"category","embeddable":true,"href":"https:\/\/ccoo.app\/diputacio-de-barcelona\/wp-json\/wp\/v2\/categories?post=5527"},{"taxonomy":"post_tag","embeddable":true,"href":"https:\/\/ccoo.app\/diputacio-de-barcelona\/wp-json\/wp\/v2\/tags?post=5527"}],"curies":[{"name":"wp","href":"https:\/\/api.w.org\/{rel}","templated":true}]}}