{"id":550,"date":"2016-09-22T09:50:15","date_gmt":"2016-09-22T08:50:15","guid":{"rendered":"https:\/\/diba.ccoo.cat\/?p=550"},"modified":"2016-09-22T09:50:15","modified_gmt":"2016-09-22T08:50:15","slug":"dijous-22-de-setembre-dia-mundial-sense-cotxes-mobilitat-2016","status":"publish","type":"post","link":"https:\/\/ccoo.app\/diputacio-de-barcelona\/dijous-22-de-setembre-dia-mundial-sense-cotxes-mobilitat-2016\/","title":{"rendered":"DIJOUS 22 DE SETEMBRE DIA MUNDIAL SENSE COTXES Mobilitat 2016"},"content":{"rendered":"<p>&nbsp;<\/p>\n<p><img loading=\"lazy\" decoding=\"async\" class=\"wp-image-189\" title=\"Secci\u00f3 Sindical de la Diutaci\u00f3 de Barcelona de la Federaci\u00f3 Sindical de Catalunya\" src=\"http:\/\/ccoo.app\/diputacio-de-barcelona\/wp-content\/blogs.dir\/6\/files\/sites\/186\/2015\/12\/ccoo-fsc-cat.png\" alt=\"Secci\u00f3 Sindical de la Diputaci\u00f3 de Barcelona de la Federaci\u00f3 Sindical de Catalunya\" width=\"469\" height=\"90\" \/><\/p>\n<p class=\"wp-caption-text\">Secci\u00f3 Sindical de la Diputaci\u00f3 de Barcelona<\/p>\n<h3 style=\"text-align: center\"><\/h3>\n<h3 class=\"widget-title\">DIJOUS 22 DE SETEMBRE DIA MUNDIAL SENSE COTXES Mobilitat 2016<\/h3>\n<h3 style=\"text-align: center\"><strong><span style=\"color: #ff0000\">DIJOUS 22 DE SETEMBRE DIA MUNDIAL SENSE COTXES <\/span><\/strong><\/h3>\n<p style=\"text-align: center\"><span style=\"color: #ff0000\">-20 SETEMBRE DE 2016-<\/span><\/p>\n<h3 style=\"text-align: center\"><span style=\"color: #ff0000\">Mobilitat 2016<\/span><\/h3>\n<p style=\"text-align: justify\">Del 16 al 22 de setembre es celebra a Catalunya la Setmana de la Mobilitat Sostenible sota el lema europeu<strong> \u2018Mobilitat intel\u00b7ligent. Economia potent.\u2019<\/strong>.<br \/>\nPracticar una mobilitat intel\u00b7ligent, a m\u00e9s de vetllar per una vida saludable, sostenible i segura, tamb\u00e9 contribueix al desenvolupament econ\u00f2mic de la nostra societat:<\/p>\n<p style=\"text-align: center\"><a href=\"https:\/\/www.youtube.com\/watch?v=eIwJLeEVVsU&amp;feature=youtu.be\">https:\/\/www.youtube.com\/watch?v=eIwJLeEVVsU&amp;feature=youtu.be<\/a><\/p>\n<p style=\"text-align: center\"><a href=\"http:\/\/territori.gencat.cat\/ca\/03_infraestructures_i_mobilitat\/setmana-de-la-mobilitat-sostenible-i-segura\/inici\/\">http:\/\/territori.gencat.cat\/ca\/03_infraestructures_i_mobilitat\/setmana-de-la-mobilitat-sostenible-i-segura\/inici\/<\/a><\/p>\n<p>Aquest DIJOUS 22 DE SETEMBRE es celebr\u00e0 el dia mundial sense cotxes. En aquest context, <strong>CCOO DiBa volem animar al conjunt del personal<\/strong> a aprofitar aquesta jornada per canviar el seu mode habitual de despla\u00e7ament a la feina venint en <strong>transport p\u00fablic, a peu o en bicicleta<\/strong>.<\/p>\n<p>Heu de tenir en compte que l\u2019ajuntament de Barcelona restringir\u00e0 la circulaci\u00f3 a 58 carrers. Per tant, \u00e9s un dia molt oport\u00fa per deixar el cotxe a casa i buscar altres maneres d&#8217;arribar a la feina.<\/p>\n<p>Com b\u00e9 sabeu, recentment, una de les nostres reivindicacions va ser assolida amb la Constituci\u00f3 de la <strong>Taula de Mobilitat<\/strong>. \u00c9s important destacar que la Diputaci\u00f3 de Barcelona \u00e9s la <strong>primera administraci\u00f3<\/strong> de Catalunya que <strong>constitueix una Taula de Mobilitat per decret<\/strong>, la qual cosa denota la seva transcend\u00e8ncia. Tot i que d\u2019aquesta Taula haur\u00e0 de sortir tot un seguit de mesures per afavorir el transport sostenible com s\u00f3n, entre d\u2019altres, els p\u00e0rquings segurs. Com que encara aquestes mesures no son una realitat,<strong> hem demanat a la corporaci\u00f3<\/strong> per a qu\u00e8 envi\u00ed una directriu a tots els serveis per a que <strong>facilitin als empleats que vinguin amb bici un lloc segur on deixar-la<\/strong>. Esperem que tinguin en compte la nostra petici\u00f3.<\/p>\n<p><strong>GRUP DE TREBALL INTERN MOBILITAT CCOO<\/strong><\/p>\n<p>Aprofitem per recordar-vos que aviat constituirem el nostre <strong>grup de treball intern de CCOO DIBa sobre Mobilitat<\/strong>. Un espai on debatrem i treballarem els temes i reivindicacions per posteriorment portar-los a la Taula de Mobilitat. Si encara no ho has fet, apunta-t\u2019hi! \uf0e0 ccoo@diba.cat<\/p>\n<p>Totes les nostres propostes sobre Mobilitat \uf0e0<\/p>\n<p style=\"text-align: center\"><a href=\"https:\/\/docs.google.com\/a\/sindicat.ccoo.cat\/viewer?a=v&amp;pid=sites&amp;srcid=Y2Nvby5jYXR8ZnNjX2RpcHV0X2JhcmNlbG9uYXxneDozOTBhYjMyYzRkN2E5NGMw\">https:\/\/docs.google.com\/a\/sindicat.ccoo.cat\/viewer?a=v&amp;pid=sites&amp;srcid=Y2Nvby5jYXR8ZnNjX2RpcHV0X2JhcmNlbG9uYXxneDozOTBhYjMyYzRkN2E5NGMw<\/a><\/p>\n<p style=\"text-align: center\"><a href=\"https:\/\/docs.google.com\/a\/sindicat.ccoo.cat\/viewer?a=v&amp;pid=sites&amp;srcid=Y2Nvby5jYXR8ZnNjX2RpcHV0X2JhcmNlbG9uYXxneDozOTBhYjMyYzRkN2E5NGMw\">https:\/\/docs.google.com\/a\/sindicat.ccoo.cat\/viewer?a=v&amp;pid=sites&amp;srcid=Y2Nvby5jYXR8ZnNjX2RpcHV0X2JhcmNlbG9uYXxneDozOTBhYjMyYzRkN2E5NGMw<\/a><\/p>\n<p style=\"text-align: center\"><a href=\"http:\/\/www.istas.net\/web\/subportada_2.asp\">http:\/\/www.istas.net\/web\/subportada_2.asp<\/a><\/p>\n<p style=\"text-align: justify\"><strong>BICICLETADA REIVINDICATIVA DISSABTE 1 D\u2019OCTUBRE 2016<\/strong><br \/>\nLes persones treballadores tenim dret a una mobilitat sostenible, segura i activa a trav\u00e9s de mitjans de transport m\u00e9s equitatius, eficients, saludables i econ\u00f2mics. Per aix\u00f2, \u00e9s menester implementar mesures i<br \/>\npropostes, per exemple, per potenciar la bicicleta i l\u2019anar a peu als despla\u00e7aments a la feina. Suma\u2019t a aquesta a aquest acte l\u00fadic reivindicatiu:<\/p>\n<p style=\"text-align: center\"><a href=\"https:\/\/fscsostenible.ccoo.cat\/ruta-activa\/\">https:\/\/fscsostenible.ccoo.cat\/ruta-activa\/<\/a><\/p>\n<p>Inscripcions:<\/p>\n<p style=\"text-align: center\"><a href=\"https:\/\/basicfront.easypromosapp.com\/p\/607633?lc=es-es\">https:\/\/basicfront.easypromosapp.com\/p\/607633?lc=es-es<\/a><\/p>\n<p>&nbsp;<\/p>\n<p>&nbsp;<\/p>\n<p style=\"text-align: center\">* \u00a0* \u00a0* \u00a0* \u00a0*<\/p>\n<p><img loading=\"lazy\" decoding=\"async\" class=\"alignleft wp-image-226\" src=\"http:\/\/ccoo.app\/diputacio-de-barcelona\/wp-content\/blogs.dir\/6\/files\/sites\/186\/2016\/04\/estem-decidits-acontinuar-lluitant.png\" alt=\"Estem decidits a continuar lluitant !\" width=\"213\" height=\"89\" \/><\/p>\n<p><img loading=\"lazy\" decoding=\"async\" class=\"wp-image-262 alignright\" src=\"http:\/\/ccoo.app\/diputacio-de-barcelona\/wp-content\/blogs.dir\/6\/files\/sites\/186\/2016\/04\/afiliat_ccoo_cat.gif\" alt=\"Tota la informaci\u00f3 de com afiliar-se a CCOO Catalunya i forlmulari d'alta o baxia.\" width=\"90\" height=\"80\" \/><\/p>\n<p><img loading=\"lazy\" decoding=\"async\" class=\"wp-image-227 aligncenter\" src=\"http:\/\/ccoo.app\/diputacio-de-barcelona\/wp-content\/blogs.dir\/6\/files\/sites\/186\/2016\/04\/logo-peu-300x69.png\" alt=\"logo-peu\" width=\"952\" height=\"219\" srcset=\"https:\/\/ccoo.app\/diputacio-de-barcelona\/wp-content\/blogs.dir\/6\/files\/sites\/186\/2016\/04\/logo-peu-300x69.png 300w, https:\/\/ccoo.app\/diputacio-de-barcelona\/wp-content\/blogs.dir\/6\/files\/sites\/186\/2016\/04\/logo-peu.png 557w\" sizes=\"auto, (max-width: 952px) 100vw, 952px\" \/><\/p>\n<p style=\"text-align: center\"><small><\/small><small>Formulari d&#8217;<a href=\"\/afiliat\/\">alta<\/a>, <a href=\"\/afiliat\/\">baixa <\/a>o <a href=\"\/afiliat\/\">modificaci\u00f3 <\/a>de les dades personals o<br \/>\ncontacta&#8217;ns a trav\u00e9s del tel\u00e8fon<strong> 934 022 985<\/strong> o correu: <a href=\"mailto:ccoo@diba.cat\"><strong>ccoo@diba.cat<\/strong><\/a><\/small><\/p>\n","protected":false},"excerpt":{"rendered":"<p>&nbsp; Secci\u00f3 Sindical de la Diputaci\u00f3 de Barcelona DIJOUS 22 DE SETEMBRE DIA MUNDIAL SENSE COTXES Mobilitat 2016 DIJOUS 22 DE SETEMBRE DIA MUNDIAL SENSE COTXES -20 SETEMBRE DE 2016- &#8230; <\/p>\n<p class=\"read-more-container\"><a title=\"DIJOUS 22 DE SETEMBRE DIA MUNDIAL SENSE COTXES Mobilitat 2016\" class=\"read-more button\" href=\"https:\/\/ccoo.app\/diputacio-de-barcelona\/dijous-22-de-setembre-dia-mundial-sense-cotxes-mobilitat-2016\/#more-550\" aria-label=\"Leer m\u00e1s sobre DIJOUS 22 DE SETEMBRE DIA MUNDIAL SENSE COTXES Mobilitat 2016\">Continuar llegint<\/a><\/p>\n","protected":false},"author":4519,"featured_media":255,"comment_status":"open","ping_status":"open","sticky":false,"template":"","format":"standard","meta":{"footnotes":""},"categories":[38,19,33],"tags":[154],"class_list":["post-550","post","type-post","status-publish","format-standard","has-post-thumbnail","hentry","category-a-tot-el-personal","category-comunicats","category-propostes-sindicals","tag-mobilitat-teletreball","generate-columns","tablet-grid-50","mobile-grid-100","grid-parent","grid-50"],"_links":{"self":[{"href":"https:\/\/ccoo.app\/diputacio-de-barcelona\/wp-json\/wp\/v2\/posts\/550","targetHints":{"allow":["GET"]}}],"collection":[{"href":"https:\/\/ccoo.app\/diputacio-de-barcelona\/wp-json\/wp\/v2\/posts"}],"about":[{"href":"https:\/\/ccoo.app\/diputacio-de-barcelona\/wp-json\/wp\/v2\/types\/post"}],"author":[{"embeddable":true,"href":"https:\/\/ccoo.app\/diputacio-de-barcelona\/wp-json\/wp\/v2\/users\/4519"}],"replies":[{"embeddable":true,"href":"https:\/\/ccoo.app\/diputacio-de-barcelona\/wp-json\/wp\/v2\/comments?post=550"}],"version-history":[{"count":0,"href":"https:\/\/ccoo.app\/diputacio-de-barcelona\/wp-json\/wp\/v2\/posts\/550\/revisions"}],"wp:featuredmedia":[{"embeddable":true,"href":"https:\/\/ccoo.app\/diputacio-de-barcelona\/wp-json\/wp\/v2\/media\/255"}],"wp:attachment":[{"href":"https:\/\/ccoo.app\/diputacio-de-barcelona\/wp-json\/wp\/v2\/media?parent=550"}],"wp:term":[{"taxonomy":"category","embeddable":true,"href":"https:\/\/ccoo.app\/diputacio-de-barcelona\/wp-json\/wp\/v2\/categories?post=550"},{"taxonomy":"post_tag","embeddable":true,"href":"https:\/\/ccoo.app\/diputacio-de-barcelona\/wp-json\/wp\/v2\/tags?post=550"}],"curies":[{"name":"wp","href":"https:\/\/api.w.org\/{rel}","templated":true}]}}