{"id":5460,"date":"2020-04-05T09:52:42","date_gmt":"2020-04-05T08:52:42","guid":{"rendered":"https:\/\/diba.ccoo.cat\/?p=5460"},"modified":"2023-02-22T18:40:33","modified_gmt":"2023-02-22T17:40:33","slug":"ccoo-un-sindicat-al-costat-de-les-dones-en-situacio-de-violencies-masclistes-tambe-durant-la-crisi-del-covid-19","status":"publish","type":"post","link":"https:\/\/ccoo.app\/diputacio-de-barcelona\/ccoo-un-sindicat-al-costat-de-les-dones-en-situacio-de-violencies-masclistes-tambe-durant-la-crisi-del-covid-19\/","title":{"rendered":"35\/COVID-19. CCOO, UN SINDICAT AL COSTAT DE LES DONES EN SITUACI\u00d3 DE VIOL\u00c8NCIES MASCLISTES TAMB\u00c9 DURANT LA CRISI DEL COVID-19"},"content":{"rendered":"<p class=\"wp-caption-text\"><img loading=\"lazy\" decoding=\"async\" class=\"alignnone wp-image-1853\" src=\"http:\/\/ccoo.app\/diputacio-de-barcelona\/wp-content\/blogs.dir\/6\/files\/sites\/186\/2018\/01\/logoccoov18.jpg\" alt=\"\" width=\"137\" height=\"63\" \/>\u00a0 <a href=\"https:\/\/www.ccoo.cat\/pdf_documents\/2020\/violencia_masclista_coronavirus.pdf\"><img loading=\"lazy\" decoding=\"async\" class=\"alignnone wp-image-5366\" src=\"http:\/\/ccoo.app\/diputacio-de-barcelona\/wp-content\/blogs.dir\/6\/files\/sites\/186\/2020\/04\/documentacio-adjunta-300x296.png\" alt=\"\" width=\"110\" height=\"109\" srcset=\"https:\/\/ccoo.app\/diputacio-de-barcelona\/wp-content\/blogs.dir\/6\/files\/sites\/186\/2020\/04\/documentacio-adjunta-300x296.png 300w, https:\/\/ccoo.app\/diputacio-de-barcelona\/wp-content\/blogs.dir\/6\/files\/sites\/186\/2020\/04\/documentacio-adjunta-150x150.png 150w, https:\/\/ccoo.app\/diputacio-de-barcelona\/wp-content\/blogs.dir\/6\/files\/sites\/186\/2020\/04\/documentacio-adjunta.png 667w\" sizes=\"auto, (max-width: 110px) 100vw, 110px\" \/><\/a><\/p>\n<p style=\"text-align: center\"><span style=\"font-family: 'arial black', sans-serif;font-size: 24px;color: #0000ff\">CCOO, UN SINDICAT AL COSTAT DE LES DONES EN SITUACI\u00d3 DE VIOL\u00c8NCIES MASCLISTES TAMB\u00c9 DURANT LA CRISI DEL COVID-19<\/span><\/p>\n<p style=\"text-align: justify\">\n<span style=\"color: #000000;font-family: arial, helvetica, sans-serif\">S\u00f3n dies dif\u00edcils per a totes i tots, i des de CCOO estem fent grans esfor\u00e7os amb la prioritat <\/span><span style=\"color: #000000;font-family: arial, helvetica, sans-serif\">d\u2019evitar al m\u00e0xim el patiment de tothom. <\/span><span style=\"color: #000000;font-family: arial, helvetica, sans-serif\">Tenim el convenciment que aquesta crisi sanit\u00e0ria tamb\u00e9 \u00e9s una crisi social, i cal vetllar per <\/span><span style=\"color: #000000;font-family: arial, helvetica, sans-serif\">aquella part de la poblaci\u00f3 que es troba en unes condicions de vulnerabilitat m\u00e9s grans.<\/span><\/p>\n<p style=\"text-align: justify\"><span style=\"color: #000000;font-family: arial, helvetica, sans-serif\">Davant de les mesures de confinament sabem que pot haver-hi dones que tinguin el risc de <\/span><span style=\"color: #000000;font-family: arial, helvetica, sans-serif\">patir una situaci\u00f3 de viol\u00e8ncia masclista, sigui per part de la seva parella o exparella, sigui en <\/span><span style=\"color: #000000;font-family: arial, helvetica, sans-serif\">forma d\u2019assetjament sexual a la feina.<\/span><\/p>\n<p style=\"text-align: justify\"><span style=\"color: #000000;font-family: arial, helvetica, sans-serif\">Des de CCOO sempre hem posat al centre de les nostres accions l\u2019erradicaci\u00f3 de totes les <\/span><span style=\"color: #000000;font-family: arial, helvetica, sans-serif\">viol\u00e8ncies masclistes i el suport a les dones que les pateixen. En aquests moments <\/span><span style=\"color: #000000;font-family: arial, helvetica, sans-serif\">excepcionals hem de pensar mesures extraordin\u00e0ries i, malgrat que aquesta situaci\u00f3 de <\/span><span style=\"color: #000000;font-family: arial, helvetica, sans-serif\">viol\u00e8ncia, malauradament, no en sigui gens, d\u2019excepcional, s\u00ed que \u00e9s cert que a causa del <\/span><span style=\"color: #000000;font-family: arial, helvetica, sans-serif\">confinament pot suposar un augment del risc d\u2019inseguretat per a les dones.<\/span><\/p>\n<p style=\"text-align: justify\"><span style=\"color: #000000;font-family: arial, helvetica, sans-serif\">Davant d\u2019aquesta realitat de risc, CCOO volem sumar-nos a la xarxa de recursos i serveis a <\/span><span style=\"color: #000000;font-family: arial, helvetica, sans-serif\">disposici\u00f3 de qualsevol dona que estigui patint una situaci\u00f3 de viol\u00e8ncia.<\/span><\/p>\n<p>&nbsp;<\/p>\n<p style=\"text-align: justify\"><span style=\"color: #000000;font-family: arial, helvetica, sans-serif;font-size: 20px\">Per aquest motiu, CCOO oferim el seg\u00fcent:<\/span><\/p>\n<p style=\"text-align: justify\">\n<span style=\"color: #000000;font-family: arial, helvetica, sans-serif\">1. <strong><span style=\"background-color: #ffff00\">EL NOSTRE TEL\u00c8FON 933 100 000 TAMB\u00c9 SER\u00c0 UN PUNT DE CONTACTE EN ELS CASOS <\/span><\/strong><\/span><span style=\"color: #000000;font-family: arial, helvetica, sans-serif\"><strong><span style=\"background-color: #ffff00\">DE VIOL\u00c8NCIA MASCLISTA. <\/span><\/strong>Les trucades seran redirigides al tel\u00e8fon d\u2019atenci\u00f3 a la <\/span><span style=\"color: #000000;font-family: arial, helvetica, sans-serif\">viol\u00e8ncia, que \u00e9s el 900 900 120, i, en el cas de situacions d\u2019emerg\u00e8ncia, al 112.<\/span><\/p>\n<p style=\"text-align: justify\">\n<span style=\"color: #000000;font-family: arial, helvetica, sans-serif\">2. <strong><span style=\"background-color: #ffff00\">POSEM ELS LOCALS DE CCOO A DISPOSICI\u00d3 DE LA CAMPANYA<\/span><\/strong> \u201cEstabliment segur <\/span><span style=\"color: #000000;font-family: arial, helvetica, sans-serif\">contra la viol\u00e8ncia masclista\u201d, impulsada per l\u2019Institut Catal\u00e0 de les Dones i el Consell <\/span><span style=\"color: #000000;font-family: arial, helvetica, sans-serif\">Nacional de les Dones de Catalunya. Aix\u00f2 vol dir que els nostres locals oberts tindran el <\/span><span style=\"color: #000000;font-family: arial, helvetica, sans-serif\">cartell de la campanya i la informaci\u00f3 per atendre la demanda de qualsevol dona que <\/span><span style=\"color: #000000;font-family: arial, helvetica, sans-serif\">estigui en situaci\u00f3 de viol\u00e8ncia, la qual podr\u00e0 adre\u00e7ar-s\u2019hi i des d\u2019all\u00e0 es podr\u00e0 posar en <\/span><span style=\"color: #000000;font-family: arial, helvetica, sans-serif\">contacte amb el 900 900 120 o b\u00e9 amb el 112. Amb aquesta trucada s\u2019activa l\u2019Institut <\/span><span style=\"color: #000000;font-family: arial, helvetica, sans-serif\">Catal\u00e0 de les Dones i, per tant, tamb\u00e9 ho fan els recursos especialitzats, com el Cos de <\/span><span style=\"color: #000000;font-family: arial, helvetica, sans-serif\">Mossos d\u2019Esquadra, si es tracta d\u2019una situaci\u00f3 de risc.<\/span><\/p>\n<p style=\"text-align: justify\">\n<span style=\"color: #000000;font-family: arial, helvetica, sans-serif\">3. <span style=\"background-color: #ffff00\"><strong>PROPORCIONEM ASSESSORAMENT EN CASOS D\u2019ASSETJAMENT SEXUAL A LA FEINA <\/strong><\/span><\/span><span style=\"color: #000000;font-family: arial, helvetica, sans-serif\">treballant conjuntament des del canal d\u2019assessorament i des de les responsables de les <\/span><span style=\"color: #000000;font-family: arial, helvetica, sans-serif\">secretaries de les Dones de les federacions i les unions del sindicat. El nostre objectiu <\/span><span style=\"color: #000000;font-family: arial, helvetica, sans-serif\">\u00e9s oferir atenci\u00f3 especialitzada a les dones, activant els protocols d\u2019assetjament i\/o <\/span><span style=\"color: #000000;font-family: arial, helvetica, sans-serif\">denunciant a la Inspecci\u00f3 de Treball les empreses que els incompleixin.<\/span><\/p>\n<p style=\"text-align: justify\">\n<span style=\"color: #000000;font-family: arial, helvetica, sans-serif\">4. <span style=\"background-color: #ffff00\"><strong>HEM AFEGIT A LA SECCI\u00d3 DE PREGUNTES FREQ\u00dcENTS DEL WEB DE CCOO <\/strong><\/span><\/span><span style=\"color: #000000;font-family: arial, helvetica, sans-serif\"><span style=\"background-color: #ffff00\"><strong>L\u2019ASSETJAMENT SEXUAL A LA FEINA,<\/strong><\/span> que atendrem a trav\u00e9s dels nostres canals de <\/span><span style=\"color: #000000;font-family: arial, helvetica, sans-serif\">consulta. Si ho considerem pertinent, dirigirem els casos que ens arribin als serveis <\/span><span style=\"color: #000000;font-family: arial, helvetica, sans-serif\">especialitzats locals, comarcals, d\u2019entitats o del mateix Institut Catal\u00e0 de les Dones. <\/span><\/p>\n<p style=\"text-align: justify\">\n<p><a href=\"http:\/\/ccoo.app\/diputacio-de-barcelona\/wp-content\/blogs.dir\/6\/files\/sites\/186\/2020\/03\/violencia-masclista-3-1.png\"><img loading=\"lazy\" decoding=\"async\" class=\"size-medium wp-image-5243 aligncenter\" src=\"http:\/\/ccoo.app\/diputacio-de-barcelona\/wp-content\/blogs.dir\/6\/files\/sites\/186\/2020\/03\/violencia-masclista-3-1-300x213.png\" alt=\"\" width=\"300\" height=\"213\" srcset=\"https:\/\/ccoo.app\/diputacio-de-barcelona\/wp-content\/blogs.dir\/6\/files\/sites\/186\/2020\/03\/violencia-masclista-3-1-300x213.png 300w, https:\/\/ccoo.app\/diputacio-de-barcelona\/wp-content\/blogs.dir\/6\/files\/sites\/186\/2020\/03\/violencia-masclista-3-1-768x545.png 768w, https:\/\/ccoo.app\/diputacio-de-barcelona\/wp-content\/blogs.dir\/6\/files\/sites\/186\/2020\/03\/violencia-masclista-3-1.png 953w\" sizes=\"auto, (max-width: 300px) 100vw, 300px\" \/><\/a><\/p>\n<p style=\"text-align: justify\">\n<p style=\"text-align: center\"><span style=\"font-family: 'arial black', sans-serif;color: #0000ff;font-size: 20px\">TRUCA\u2019NS 933 100 000<\/span><\/p>\n<p style=\"text-align: center\"><span style=\"font-family: 'arial black', sans-serif;color: #0000ff\"><a style=\"color: #0000ff\" href=\"https:\/\/frontend.ccoo.cat\/frmcoronavirus\/\">https:\/\/frontend.ccoo.cat\/frmcoronavirus\/<\/a><\/span><\/p>\n<p>&nbsp;<\/p>\n<p>&nbsp;<\/p>\n<p><span style=\"font-family: arial, helvetica, sans-serif\">Tamb\u00e9 et pot ser \u00fatil la seg\u00fcent APP:<\/span><\/p>\n<p style=\"text-align: center\"><a href=\"https:\/\/play.google.com\/store\/apps\/details?id=com.alertcops4.app&amp;hl=es\"><span style=\"color: #0000ff;font-family: 'arial black', sans-serif\">https:\/\/play.google.com\/store\/apps\/details?id=com.alertcops4.app&amp;hl=es<\/span><\/a><\/p>\n<p><iframe loading=\"lazy\" title=\"AlertCops 4.0\" width=\"1200\" height=\"675\" src=\"https:\/\/www.youtube.com\/embed\/HS8HlBBKpqE?start=32&#038;feature=oembed\" frameborder=\"0\" allow=\"accelerometer; autoplay; clipboard-write; encrypted-media; gyroscope; picture-in-picture; web-share\" allowfullscreen><\/iframe><\/p>\n<p>&nbsp;<\/p>\n<p><img loading=\"lazy\" decoding=\"async\" class=\"wp-image-5184 aligncenter\" src=\"http:\/\/ccoo.app\/diputacio-de-barcelona\/wp-content\/blogs.dir\/6\/files\/sites\/186\/2020\/03\/i-de-info-300x300.jpg\" alt=\"\" width=\"81\" height=\"81\" srcset=\"https:\/\/ccoo.app\/diputacio-de-barcelona\/wp-content\/blogs.dir\/6\/files\/sites\/186\/2020\/03\/i-de-info-300x300.jpg 300w, https:\/\/ccoo.app\/diputacio-de-barcelona\/wp-content\/blogs.dir\/6\/files\/sites\/186\/2020\/03\/i-de-info-150x150.jpg 150w, https:\/\/ccoo.app\/diputacio-de-barcelona\/wp-content\/blogs.dir\/6\/files\/sites\/186\/2020\/03\/i-de-info.jpg 626w\" sizes=\"auto, (max-width: 81px) 100vw, 81px\" \/><\/p>\n<p style=\"text-align: center\"><span style=\"font-family: 'arial black', sans-serif;font-size: 20px;color: #ffff00;background-color: #ff0000\">TOTA LA INFORMACI\u00d3 QUE NECESSITES<\/span><\/p>\n<p style=\"text-align: justify\"><span style=\"color: #000000;font-family: arial, helvetica, sans-serif\"><span style=\"background-color: #ffffff\">La <span style=\"font-family: 'arial black', sans-serif;background-color: #ffff00\">SECCI\u00d3 SINDICAL DE CCOO<\/span><\/span><strong> seguim treballant<\/strong> (de manera telem\u00e0tica) per poder <strong>donar resposta a tots els dubtes<\/strong> que tingueu o <strong>solucionar els problemes que es puguin generar.<\/strong><\/span><\/p>\n<p style=\"text-align: center\"><a href=\"mailto:ccoo@diba.cat\"><span style=\"color: #0000ff;font-family: 'arial black', sans-serif\"><strong>ccoo@diba.cat<\/strong><\/span><\/a><\/p>\n<p style=\"text-align: center\"><span style=\"font-family: 'arial black', sans-serif\"><a href=\"mailto:orgt.ssccoo@diba.cat\">orgt.ssccoo@diba.cat<\/a><\/span><\/p>\n<p><span style=\"font-family: arial, helvetica, sans-serif;color: #000000\">Podeu fer-nos arribar les vostres preguntes o dubtes. O si ho desitgeu, deixeu el vostre n\u00famero de tel\u00e8fon i ens posarem en contacte amb vosaltres.<\/span><\/p>\n<p><span style=\"font-family: arial, helvetica, sans-serif;color: #000000\">Tamb\u00e9 obtindreu informaci\u00f3 dia a dia a les xarxes socials: <span style=\"color: #0000ff;font-family: 'arial black', sans-serif\"><a style=\"color: #0000ff\" href=\"https:\/\/twitter.com\/CCOODiba\">Twitter<\/a><\/span> i <span style=\"font-family: 'arial black', sans-serif;color: #0000ff\"><a style=\"color: #0000ff\" href=\"https:\/\/www.facebook.com\/CcooDiputacioDeBarcelona\/\">Facebook.<\/a><\/span><\/span><\/p>\n<p style=\"text-align: justify\"><span style=\"font-family: arial, helvetica, sans-serif;color: #000000\">Recordeu que actualitzem constantment la nostra p\u00e0gina <span style=\"font-family: 'arial black', sans-serif;color: #0000ff\"><a style=\"color: #0000ff\" href=\"https:\/\/diba.ccoo.cat\/\">web<\/a><\/span><\/span><\/p>\n<p>&nbsp;<\/p>\n<p><img loading=\"lazy\" decoding=\"async\" class=\"wp-image-5130 aligncenter\" src=\"http:\/\/ccoo.app\/diputacio-de-barcelona\/wp-content\/blogs.dir\/6\/files\/sites\/186\/2020\/03\/diba-300x300.jpg\" alt=\"\" width=\"102\" height=\"102\" srcset=\"https:\/\/ccoo.app\/diputacio-de-barcelona\/wp-content\/blogs.dir\/6\/files\/sites\/186\/2020\/03\/diba-300x300.jpg 300w, https:\/\/ccoo.app\/diputacio-de-barcelona\/wp-content\/blogs.dir\/6\/files\/sites\/186\/2020\/03\/diba-150x150.jpg 150w, https:\/\/ccoo.app\/diputacio-de-barcelona\/wp-content\/blogs.dir\/6\/files\/sites\/186\/2020\/03\/diba.jpg 400w\" sizes=\"auto, (max-width: 102px) 100vw, 102px\" \/><\/p>\n<p style=\"text-align: justify\"><span style=\"color: #000000;font-family: arial, helvetica, sans-serif\"><span style=\"font-family: 'arial black', sans-serif;background-color: #ffff00\">INFORMACI\u00d3 CORPORATIVA<\/span> En termes generals \u00e9s important que:<\/span><\/p>\n<ul style=\"text-align: justify\">\n<li><span style=\"color: #000000;font-family: arial, helvetica, sans-serif\">Us mantingueu informats de les directrius i mesures que vagi adoptant la Diputaci\u00f3 de Barcelona mitjan\u00e7ant <strong>correu corporatiu<\/strong> i <strong>intradiba<\/strong> (<a href=\"https:\/\/dibaaps.diba.cat\/vus\/login.asp\"><span style=\"font-family: 'arial black', sans-serif;color: #0000ff\">cliqueu aqu\u00ed<\/span><\/a>)<\/span><\/li>\n<li><span style=\"color: #000000;font-family: arial, helvetica, sans-serif\">Estigueu pendents CONSTANTMENT de les directrius que us puguin fer arribar el vostres comandaments<\/span><\/li>\n<\/ul>\n<p>&nbsp;<\/p>\n<p><img loading=\"lazy\" decoding=\"async\" class=\"wp-image-5131 aligncenter\" src=\"http:\/\/ccoo.app\/diputacio-de-barcelona\/wp-content\/blogs.dir\/6\/files\/sites\/186\/2020\/03\/ccoo-catalunya-300x123.jpg\" alt=\"\" width=\"193\" height=\"79\" srcset=\"https:\/\/ccoo.app\/diputacio-de-barcelona\/wp-content\/blogs.dir\/6\/files\/sites\/186\/2020\/03\/ccoo-catalunya-300x123.jpg 300w, https:\/\/ccoo.app\/diputacio-de-barcelona\/wp-content\/blogs.dir\/6\/files\/sites\/186\/2020\/03\/ccoo-catalunya.jpg 350w\" sizes=\"auto, (max-width: 193px) 100vw, 193px\" \/><\/p>\n<p><span style=\"font-family: 'arial black', sans-serif;background-color: #ffff00;color: #000000\">TOTA LA INFORMACI\u00d3 A CCOO CATALUNYA<\/span><\/p>\n<ul>\n<li><span class=\"css-901oao css-16my406 r-1qd0xha r-ad9z0x r-bcqeeo r-qvutc0\" style=\"color: #000000\"><span style=\"font-family: arial, helvetica, sans-serif\">Preguntes freq\u00fcents sobre el Coronavirus i l&#8217;\u00e0mbit laboral:<\/span> <\/span>\u00a0<span style=\"font-family: 'arial black', sans-serif;color: #0000ff\"><a class=\"css-4rbku5 css-18t94o4 css-901oao css-16my406 r-1n1174f r-1loqt21 r-1qd0xha r-ad9z0x r-bcqeeo r-qvutc0\" style=\"color: #0000ff\" title=\"http:\/\/consultacoronavirus.ccoo.cat\" role=\"link\" href=\"https:\/\/t.co\/Xrpj3V7Bz3?amp=1\" target=\"_blank\" rel=\"noopener noreferrer\" data-focusable=\"true\"><span class=\"css-901oao css-16my406 r-1qd0xha r-hiw28u r-ad9z0x r-bcqeeo r-qvutc0\" aria-hidden=\"true\">http:\/\/<\/span>consultacoronavirus.ccoo.cat<\/a> <\/span><\/li>\n<li><span style=\"font-family: arial, helvetica, sans-serif;color: #000000\">Recull de totes les informacions ordenades sobre <\/span><strong><span style=\"font-family: arial, helvetica, sans-serif;color: #000000\">l&#8217;evoluci\u00f3 del coronavirus COVID-19 respecte del m\u00f3n del treball: <\/span><span style=\"font-family: 'arial black', sans-serif;color: #0000ff\"><a style=\"color: #0000ff\" href=\"https:\/\/www.ccoo.cat\/aspnet\/coronavirus.aspx\">https:\/\/www.ccoo.cat\/aspnet\/coronavirus.aspx<\/a><\/span><\/strong><\/li>\n<\/ul>\n<p>&nbsp;<\/p>\n<p style=\"text-align: center\"><span style=\"font-family: 'comic sans ms', sans-serif;font-size: 24px;background-color: #ffff00;color: #ff0000\"><strong>Tot i que no ens podem tocar, estem junts<\/strong><\/span><\/p>\n<p style=\"text-align: center\"><span style=\"font-family: 'comic sans ms', sans-serif;font-size: 24px;color: #0000ff\"><strong>(<a style=\"color: #0000ff\" href=\"https:\/\/www.youtube.com\/watch?v=rKrw7OFWXoI\">cliqueu aqu\u00ed per veure v\u00eddeo<\/a>)<\/strong><\/span><\/p>\n<p>&nbsp;<\/p>\n<p><a href=\"https:\/\/diba.ccoo.cat\/ccoo-torna-a-ser-primer-sindicat-a-catalunya\/\"><img loading=\"lazy\" decoding=\"async\" class=\"size-medium wp-image-4877 aligncenter\" src=\"http:\/\/ccoo.app\/diputacio-de-barcelona\/wp-content\/blogs.dir\/6\/files\/sites\/186\/2020\/01\/ccoo-primer-sindicat-catalunya-300x117.jpg\" alt=\"\" width=\"300\" height=\"117\" srcset=\"https:\/\/ccoo.app\/diputacio-de-barcelona\/wp-content\/blogs.dir\/6\/files\/sites\/186\/2020\/01\/ccoo-primer-sindicat-catalunya-300x117.jpg 300w, https:\/\/ccoo.app\/diputacio-de-barcelona\/wp-content\/blogs.dir\/6\/files\/sites\/186\/2020\/01\/ccoo-primer-sindicat-catalunya.jpg 490w\" sizes=\"auto, (max-width: 300px) 100vw, 300px\" \/><\/a><\/p>\n<p><a href=\"https:\/\/www.ccoo.es\/noticia:391405\"><img loading=\"lazy\" decoding=\"async\" class=\"size-medium wp-image-4878 aligncenter\" src=\"http:\/\/ccoo.app\/diputacio-de-barcelona\/wp-content\/blogs.dir\/6\/files\/sites\/186\/2020\/01\/ccoo-primer-sindicat-a-espana-300x91.jpg\" alt=\"\" width=\"300\" height=\"91\" srcset=\"https:\/\/ccoo.app\/diputacio-de-barcelona\/wp-content\/blogs.dir\/6\/files\/sites\/186\/2020\/01\/ccoo-primer-sindicat-a-espana-300x91.jpg 300w, https:\/\/ccoo.app\/diputacio-de-barcelona\/wp-content\/blogs.dir\/6\/files\/sites\/186\/2020\/01\/ccoo-primer-sindicat-a-espana.jpg 477w\" sizes=\"auto, (max-width: 300px) 100vw, 300px\" \/><\/a><\/p>\n<p><a href=\"https:\/\/www.ccoo.cat\/noticia\/224842\/ccoo-lliura-els-seus-comptes-auditats-del-2018-a-la-sindicatura-de-comptes-de-catalunya#.XjRZA-mWycz\"><img loading=\"lazy\" decoding=\"async\" class=\"size-medium wp-image-4879 aligncenter\" src=\"http:\/\/ccoo.app\/diputacio-de-barcelona\/wp-content\/blogs.dir\/6\/files\/sites\/186\/2020\/01\/ccoo-primer-sindicat-sindicatura-300x95.jpg\" alt=\"\" width=\"300\" height=\"95\" srcset=\"https:\/\/ccoo.app\/diputacio-de-barcelona\/wp-content\/blogs.dir\/6\/files\/sites\/186\/2020\/01\/ccoo-primer-sindicat-sindicatura-300x95.jpg 300w, https:\/\/ccoo.app\/diputacio-de-barcelona\/wp-content\/blogs.dir\/6\/files\/sites\/186\/2020\/01\/ccoo-primer-sindicat-sindicatura.jpg 476w\" sizes=\"auto, (max-width: 300px) 100vw, 300px\" \/><\/a><\/p>\n<p>&nbsp;<\/p>\n<p>&nbsp;<\/p>\n<p>&nbsp;<\/p>\n<p>&nbsp;<\/p>\n<p>&nbsp;<\/p>\n<p>&nbsp;<\/p>\n<p>&nbsp;<\/p>\n<p>&nbsp;<\/p>\n<p>&nbsp;<\/p>\n<p>&nbsp;<\/p>\n<p>&nbsp;<\/p>\n<p>&nbsp;<\/p>\n<p>&nbsp;<\/p>\n<p>&nbsp;<\/p>\n<p>&nbsp;<\/p>\n<p>&nbsp;<\/p>\n<p>&nbsp;<\/p>\n<p>&nbsp;    \t<\/p>\n","protected":false},"excerpt":{"rendered":"<p>\u00a0 CCOO, UN SINDICAT AL COSTAT DE LES DONES EN SITUACI\u00d3 DE VIOL\u00c8NCIES MASCLISTES TAMB\u00c9 DURANT LA CRISI DEL COVID-19 S\u00f3n dies dif\u00edcils per a totes i tots, i des &#8230; <\/p>\n<p class=\"read-more-container\"><a title=\"35\/COVID-19. CCOO, UN SINDICAT AL COSTAT DE LES DONES EN SITUACI\u00d3 DE VIOL\u00c8NCIES MASCLISTES TAMB\u00c9 DURANT LA CRISI DEL COVID-19\" class=\"read-more button\" href=\"https:\/\/ccoo.app\/diputacio-de-barcelona\/ccoo-un-sindicat-al-costat-de-les-dones-en-situacio-de-violencies-masclistes-tambe-durant-la-crisi-del-covid-19\/#more-5460\" aria-label=\"Leer m\u00e1s sobre 35\/COVID-19. CCOO, UN SINDICAT AL COSTAT DE LES DONES EN SITUACI\u00d3 DE VIOL\u00c8NCIES MASCLISTES TAMB\u00c9 DURANT LA CRISI DEL COVID-19\">Continuar llegint<\/a><\/p>\n","protected":false},"author":4519,"featured_media":5237,"comment_status":"closed","ping_status":"closed","sticky":false,"template":"","format":"standard","meta":{"footnotes":""},"categories":[18],"tags":[89],"class_list":["post-5460","post","type-post","status-publish","format-standard","has-post-thumbnail","hentry","category-ccoo-info","tag-coronavirus","generate-columns","tablet-grid-50","mobile-grid-100","grid-parent","grid-50"],"_links":{"self":[{"href":"https:\/\/ccoo.app\/diputacio-de-barcelona\/wp-json\/wp\/v2\/posts\/5460","targetHints":{"allow":["GET"]}}],"collection":[{"href":"https:\/\/ccoo.app\/diputacio-de-barcelona\/wp-json\/wp\/v2\/posts"}],"about":[{"href":"https:\/\/ccoo.app\/diputacio-de-barcelona\/wp-json\/wp\/v2\/types\/post"}],"author":[{"embeddable":true,"href":"https:\/\/ccoo.app\/diputacio-de-barcelona\/wp-json\/wp\/v2\/users\/4519"}],"replies":[{"embeddable":true,"href":"https:\/\/ccoo.app\/diputacio-de-barcelona\/wp-json\/wp\/v2\/comments?post=5460"}],"version-history":[{"count":1,"href":"https:\/\/ccoo.app\/diputacio-de-barcelona\/wp-json\/wp\/v2\/posts\/5460\/revisions"}],"predecessor-version":[{"id":51846,"href":"https:\/\/ccoo.app\/diputacio-de-barcelona\/wp-json\/wp\/v2\/posts\/5460\/revisions\/51846"}],"wp:featuredmedia":[{"embeddable":true,"href":"https:\/\/ccoo.app\/diputacio-de-barcelona\/wp-json\/wp\/v2\/media\/5237"}],"wp:attachment":[{"href":"https:\/\/ccoo.app\/diputacio-de-barcelona\/wp-json\/wp\/v2\/media?parent=5460"}],"wp:term":[{"taxonomy":"category","embeddable":true,"href":"https:\/\/ccoo.app\/diputacio-de-barcelona\/wp-json\/wp\/v2\/categories?post=5460"},{"taxonomy":"post_tag","embeddable":true,"href":"https:\/\/ccoo.app\/diputacio-de-barcelona\/wp-json\/wp\/v2\/tags?post=5460"}],"curies":[{"name":"wp","href":"https:\/\/api.w.org\/{rel}","templated":true}]}}