{"id":54299,"date":"2025-10-28T21:26:23","date_gmt":"2025-10-28T20:26:23","guid":{"rendered":"https:\/\/ccoo.app\/diputacio-de-barcelona\/?p=54299"},"modified":"2025-10-28T21:26:25","modified_gmt":"2025-10-28T20:26:25","slug":"mobilitzat-millors-salaris-i-mes-ocupacio","status":"publish","type":"post","link":"https:\/\/ccoo.app\/diputacio-de-barcelona\/mobilitzat-millors-salaris-i-mes-ocupacio\/","title":{"rendered":"Mobilitza&#8217;t. Millors salaris i m\u00e9s ocupaci\u00f3!"},"content":{"rendered":"\n<div style=\"height:40px\" aria-hidden=\"true\" class=\"wp-block-spacer\"><\/div>\n\n\n\n<h4 class=\"gb-headline gb-headline-0187c6da gb-headline-text\">El dia 30 d\u2019octubre comencen les protestes coordinades arreu de l\u2019estat espanyol en protesta pel bloqueig a la negociaci\u00f3 col\u00b7lectiva del Ministeri de Funci\u00f3 P\u00fablica.<\/h4>\n\n\n\n<div style=\"height:10px\" aria-hidden=\"true\" class=\"wp-block-spacer\"><\/div>\n\n\n\n<figure class=\"gb-block-image gb-block-image-1c53e729\"><img loading=\"lazy\" decoding=\"async\" width=\"1024\" height=\"576\" class=\"gb-image gb-image-1c53e729\" src=\"https:\/\/ccoo.app\/diputacio-de-barcelona\/wp-content\/blogs.dir\/6\/files\/sites\/186\/2025\/10\/per-un-millor-salari-i-mes-ocupacio-publica.png\" alt=\"\" title=\"per-un-millor-salari-i-mes-ocupacio-publica\" srcset=\"https:\/\/ccoo.app\/diputacio-de-barcelona\/wp-content\/blogs.dir\/6\/files\/sites\/186\/2025\/10\/per-un-millor-salari-i-mes-ocupacio-publica.png 1024w, https:\/\/ccoo.app\/diputacio-de-barcelona\/wp-content\/blogs.dir\/6\/files\/sites\/186\/2025\/10\/per-un-millor-salari-i-mes-ocupacio-publica-300x169.png 300w, https:\/\/ccoo.app\/diputacio-de-barcelona\/wp-content\/blogs.dir\/6\/files\/sites\/186\/2025\/10\/per-un-millor-salari-i-mes-ocupacio-publica-768x432.png 768w\" sizes=\"auto, (max-width: 1024px) 100vw, 1024px\" \/><\/figure>\n\n\n\n<div style=\"height:20px\" aria-hidden=\"true\" class=\"wp-block-spacer\"><\/div>\n\n\n\n<p class=\"gb-headline gb-headline-819ee757 gb-headline-text\">Funci\u00f3 P\u00fablica mant\u00e9 congelades les n\u00f2mines d\u2019enguany i impedeix un nou acord salarial, entre altres millores de condicions laborals, tot i que ja vam advertir el mes de setembre passat les tres organitzacions que representem m\u00e9s del 80% del personal p\u00fablic (CCOO, UGT i CSIF) que si no es reprenia la negociaci\u00f3 de manera immediata es prendrien les mesures que es consideressin adients.&nbsp;<\/p>\n\n\n\n<p class=\"gb-headline gb-headline-14b91937 gb-headline-text\">Per tot aix\u00f2 hem convocat concentracions al Ministeri de Funci\u00f3 P\u00fablica i a totes les delegacions i subdelegacions de Govern de l\u2019estat. La <strong>convocat\u00f2ria de Barcelona<\/strong> \u00e9s:<\/p>\n\n\n<div class=\"gb-grid-wrapper gb-grid-wrapper-e23a851a\">\n<div class=\"gb-grid-column gb-grid-column-e045e70f\"><div class=\"gb-container gb-container-e045e70f\">\n\n<figure class=\"gb-block-image gb-block-image-d8e62685\"><img loading=\"lazy\" decoding=\"async\" width=\"512\" height=\"512\" class=\"gb-image gb-image-d8e62685\" src=\"https:\/\/ccoo.app\/diputacio-de-barcelona\/wp-content\/blogs.dir\/6\/files\/sites\/186\/2025\/02\/calendario.png\" alt=\"\" title=\"calendario\" srcset=\"https:\/\/ccoo.app\/diputacio-de-barcelona\/wp-content\/blogs.dir\/6\/files\/sites\/186\/2025\/02\/calendario.png 512w, https:\/\/ccoo.app\/diputacio-de-barcelona\/wp-content\/blogs.dir\/6\/files\/sites\/186\/2025\/02\/calendario-300x300.png 300w, https:\/\/ccoo.app\/diputacio-de-barcelona\/wp-content\/blogs.dir\/6\/files\/sites\/186\/2025\/02\/calendario-150x150.png 150w\" sizes=\"auto, (max-width: 512px) 100vw, 512px\" \/><\/figure>\n\n<\/div><\/div>\n\n<div class=\"gb-grid-column gb-grid-column-ca344ea0\"><div class=\"gb-container gb-container-ca344ea0\">\n\n<p class=\"gb-headline gb-headline-28732390 gb-headline-text\"><strong>30 d&#8217;OCTUBRE<\/strong><\/p>\n\n<\/div><\/div>\n<\/div>\n\n<div class=\"gb-grid-wrapper gb-grid-wrapper-25e66b05\">\n<div class=\"gb-grid-column gb-grid-column-c2b38e7a\"><div class=\"gb-container gb-container-c2b38e7a\">\n\n<figure class=\"gb-block-image gb-block-image-95849103\"><img loading=\"lazy\" decoding=\"async\" width=\"512\" height=\"512\" class=\"gb-image gb-image-95849103\" src=\"https:\/\/ccoo.app\/diputacio-de-barcelona\/wp-content\/blogs.dir\/6\/files\/sites\/186\/2025\/02\/reloj-circular.png\" alt=\"\" title=\"reloj-circular\" srcset=\"https:\/\/ccoo.app\/diputacio-de-barcelona\/wp-content\/blogs.dir\/6\/files\/sites\/186\/2025\/02\/reloj-circular.png 512w, https:\/\/ccoo.app\/diputacio-de-barcelona\/wp-content\/blogs.dir\/6\/files\/sites\/186\/2025\/02\/reloj-circular-300x300.png 300w, https:\/\/ccoo.app\/diputacio-de-barcelona\/wp-content\/blogs.dir\/6\/files\/sites\/186\/2025\/02\/reloj-circular-150x150.png 150w\" sizes=\"auto, (max-width: 512px) 100vw, 512px\" \/><\/figure>\n\n<\/div><\/div>\n\n<div class=\"gb-grid-column gb-grid-column-ef50cacc\"><div class=\"gb-container gb-container-ef50cacc\">\n\n<p class=\"gb-headline gb-headline-90f396d4 gb-headline-text\"><strong>12 HORES<\/strong><\/p>\n\n<\/div><\/div>\n<\/div>\n\n<div class=\"gb-grid-wrapper gb-grid-wrapper-f541aa1d\">\n<div class=\"gb-grid-column gb-grid-column-a04e012f\"><div class=\"gb-container gb-container-a04e012f\">\n\n<figure class=\"gb-block-image gb-block-image-98295fb2\"><img loading=\"lazy\" decoding=\"async\" width=\"512\" height=\"512\" class=\"gb-image gb-image-98295fb2\" src=\"https:\/\/ccoo.app\/diputacio-de-barcelona\/wp-content\/blogs.dir\/6\/files\/sites\/186\/2025\/02\/alfiler.png\" alt=\"\" title=\"alfiler\" srcset=\"https:\/\/ccoo.app\/diputacio-de-barcelona\/wp-content\/blogs.dir\/6\/files\/sites\/186\/2025\/02\/alfiler.png 512w, https:\/\/ccoo.app\/diputacio-de-barcelona\/wp-content\/blogs.dir\/6\/files\/sites\/186\/2025\/02\/alfiler-300x300.png 300w, https:\/\/ccoo.app\/diputacio-de-barcelona\/wp-content\/blogs.dir\/6\/files\/sites\/186\/2025\/02\/alfiler-150x150.png 150w\" sizes=\"auto, (max-width: 512px) 100vw, 512px\" \/><\/figure>\n\n<\/div><\/div>\n\n<div class=\"gb-grid-column gb-grid-column-f2d402b2\"><div class=\"gb-container gb-container-f2d402b2\">\n\n<p class=\"gb-headline gb-headline-dacea260 gb-headline-text\">Davant de la <strong>Delegaci\u00f3 del Govern de Barcelona<\/strong><br>Carrer de Mallorca, 278<\/p>\n\n<\/div><\/div>\n<\/div>\n\n\n<h3 class=\"gb-headline gb-headline-8295c607 gb-headline-text\"><strong>DEMANDES URGENTS:<\/strong><\/h3>\n\n\n\n<ul class=\"wp-block-list\">\n<li><strong>Nou acord salarial<\/strong>.<\/li>\n\n\n\n<li>Cobrament del\u00a0<strong>100% del salari en les pagues<\/strong>\u00a0<strong>extraordin\u00e0ries<\/strong>.<\/li>\n\n\n\n<li><strong>Jubilaci\u00f3 parcial<\/strong>. Implantaci\u00f3 plena per a\u00a0<strong>funcionari i estatutari<\/strong>.<\/li>\n\n\n\n<li><strong>Revertir les retallades<\/strong>&nbsp;del 2010.<\/li>\n<\/ul>\n\n\n\n<p class=\"gb-headline gb-headline-a38b9035 gb-headline-text\">Els problemes de les treballadores i treballadors de l\u2019\u00e0mbit del p\u00fablic i els serveis que rep la ciutadania s\u2019agreugen di\u00e0riament per la inacci\u00f3 del Ministeri per a resoldre assumptes molt preocupants, tant a nivell salarial com en mat\u00e8ria d\u2019ocupaci\u00f3 i condicions laborals.<\/p>\n\n\n\n<p class=\"gb-headline gb-headline-63d5b552 gb-headline-text\">En el cas que&nbsp;<strong>Funci\u00f3 P\u00fablica persisteixi en aquesta actitud de bloqueig<\/strong>, les tres organitzacions sindicals&nbsp;<strong>convocarem una jornada de vaga a nivell nacional el mes vinent de desembre<\/strong>.<\/p>\n\n\n\n<p class=\"gb-headline gb-headline-28b4658c gb-headline-text\">Per conseg\u00fcent, exigim iniciar la negociaci\u00f3 d\u2019un nou acord que permeti aplicar la pujada salarial d\u2019enguany i recuperar poder adquisitiu al conjunt d\u2019empleades i empleats p\u00fablics, millorar les seves condicions laborals i establir un pla d\u2019ocupaci\u00f3 que millori els nostres serveis p\u00fablics.<\/p>\n\n\n\n<div style=\"height:20px\" aria-hidden=\"true\" class=\"wp-block-spacer\"><\/div>\n\n\n<div class=\"wp-block-image\">\n<figure class=\"aligncenter size-large\"><img loading=\"lazy\" decoding=\"async\" width=\"725\" height=\"1024\" src=\"https:\/\/ccoo.app\/diputacio-de-barcelona\/wp-content\/blogs.dir\/6\/files\/sites\/186\/2025\/10\/Mobilitzacio-30-octubre-725x1024.png\" alt=\"\" class=\"wp-image-54301\" srcset=\"https:\/\/ccoo.app\/diputacio-de-barcelona\/wp-content\/blogs.dir\/6\/files\/sites\/186\/2025\/10\/Mobilitzacio-30-octubre-725x1024.png 725w, https:\/\/ccoo.app\/diputacio-de-barcelona\/wp-content\/blogs.dir\/6\/files\/sites\/186\/2025\/10\/Mobilitzacio-30-octubre-212x300.png 212w, https:\/\/ccoo.app\/diputacio-de-barcelona\/wp-content\/blogs.dir\/6\/files\/sites\/186\/2025\/10\/Mobilitzacio-30-octubre-768x1085.png 768w, https:\/\/ccoo.app\/diputacio-de-barcelona\/wp-content\/blogs.dir\/6\/files\/sites\/186\/2025\/10\/Mobilitzacio-30-octubre.png 1024w\" sizes=\"auto, (max-width: 725px) 100vw, 725px\" \/><\/figure>\n<\/div>\n\n\n<div style=\"height:100px\" aria-hidden=\"true\" class=\"wp-block-spacer\"><\/div>\n","protected":false},"excerpt":{"rendered":"<p>El dia 30 d\u2019octubre comencen les protestes coordinades arreu de l\u2019estat espanyol en protesta pel bloqueig a la negociaci\u00f3 col\u00b7lectiva del Ministeri de Funci\u00f3 P\u00fablica. Funci\u00f3 P\u00fablica mant\u00e9 congelades les &#8230; <\/p>\n<p class=\"read-more-container\"><a title=\"Mobilitza&#8217;t. Millors salaris i m\u00e9s ocupaci\u00f3!\" class=\"read-more button\" href=\"https:\/\/ccoo.app\/diputacio-de-barcelona\/mobilitzat-millors-salaris-i-mes-ocupacio\/#more-54299\" aria-label=\"Leer m\u00e1s sobre Mobilitza&#8217;t. Millors salaris i m\u00e9s ocupaci\u00f3!\">Continuar llegint<\/a><\/p>\n","protected":false},"author":88639,"featured_media":54303,"comment_status":"closed","ping_status":"closed","sticky":false,"template":"","format":"standard","meta":{"footnotes":""},"categories":[38,19],"tags":[],"class_list":["post-54299","post","type-post","status-publish","format-standard","has-post-thumbnail","hentry","category-a-tot-el-personal","category-comunicats","generate-columns","tablet-grid-50","mobile-grid-100","grid-parent","grid-50"],"_links":{"self":[{"href":"https:\/\/ccoo.app\/diputacio-de-barcelona\/wp-json\/wp\/v2\/posts\/54299","targetHints":{"allow":["GET"]}}],"collection":[{"href":"https:\/\/ccoo.app\/diputacio-de-barcelona\/wp-json\/wp\/v2\/posts"}],"about":[{"href":"https:\/\/ccoo.app\/diputacio-de-barcelona\/wp-json\/wp\/v2\/types\/post"}],"author":[{"embeddable":true,"href":"https:\/\/ccoo.app\/diputacio-de-barcelona\/wp-json\/wp\/v2\/users\/88639"}],"replies":[{"embeddable":true,"href":"https:\/\/ccoo.app\/diputacio-de-barcelona\/wp-json\/wp\/v2\/comments?post=54299"}],"version-history":[{"count":4,"href":"https:\/\/ccoo.app\/diputacio-de-barcelona\/wp-json\/wp\/v2\/posts\/54299\/revisions"}],"predecessor-version":[{"id":54306,"href":"https:\/\/ccoo.app\/diputacio-de-barcelona\/wp-json\/wp\/v2\/posts\/54299\/revisions\/54306"}],"wp:featuredmedia":[{"embeddable":true,"href":"https:\/\/ccoo.app\/diputacio-de-barcelona\/wp-json\/wp\/v2\/media\/54303"}],"wp:attachment":[{"href":"https:\/\/ccoo.app\/diputacio-de-barcelona\/wp-json\/wp\/v2\/media?parent=54299"}],"wp:term":[{"taxonomy":"category","embeddable":true,"href":"https:\/\/ccoo.app\/diputacio-de-barcelona\/wp-json\/wp\/v2\/categories?post=54299"},{"taxonomy":"post_tag","embeddable":true,"href":"https:\/\/ccoo.app\/diputacio-de-barcelona\/wp-json\/wp\/v2\/tags?post=54299"}],"curies":[{"name":"wp","href":"https:\/\/api.w.org\/{rel}","templated":true}]}}