{"id":54293,"date":"2025-10-27T08:13:51","date_gmt":"2025-10-27T07:13:51","guid":{"rendered":"https:\/\/ccoo.app\/diputacio-de-barcelona\/?p=54293"},"modified":"2025-11-24T07:49:22","modified_gmt":"2025-11-24T06:49:22","slug":"assemblea-general-%c2%b7-millores-socials","status":"publish","type":"post","link":"https:\/\/ccoo.app\/diputacio-de-barcelona\/assemblea-general-%c2%b7-millores-socials\/","title":{"rendered":"Assemblea general \u00b7 Millores socials"},"content":{"rendered":"\n<div style=\"height:30px\" aria-hidden=\"true\" class=\"wp-block-spacer\"><\/div>\n\n\n\n<h4 class=\"gb-headline gb-headline-c33f0a59 gb-headline-text\"><strong>ASSEMBLEES GENERALS<\/strong><\/h4>\n\n\n\n<div style=\"height:30px\" aria-hidden=\"true\" class=\"wp-block-spacer\"><\/div>\n\n\n\n<p>Adre\u00e7ades&nbsp;<strong>a tota la plantilla de la Diputaci\u00f3 de Barcelona<\/strong>&nbsp;en els diferents centres de treball.&nbsp;<strong>S\u00f3n assemblees personalitzades a cada centre de treball<\/strong>&nbsp;i resta autoritzada l\u2019assist\u00e8ncia dels treballadors i treballadores adscrits a cada centre de treball.<\/p>\n\n\n\n<p>Properament anirem realitzant assemblees a altres centres de treball.&nbsp;<strong>Us anirem informant<\/strong>.<\/p>\n\n\n\n<p><strong>ORDRE DEL DIA:<\/strong><strong><\/strong><\/p>\n\n\n\n<ul class=\"wp-block-list is-style-arrow\">\n<li>MILLORES SOCIALS<\/li>\n\n\n\n<li>PRECS I PREGUNTES<\/li>\n<\/ul>\n\n\n\n<div style=\"height:10px\" aria-hidden=\"true\" class=\"wp-block-spacer\"><\/div>\n\n\n\n<figure class=\"wp-block-table\"><table><tbody><tr><td class=\"has-text-align-center\" data-align=\"center\"><strong>DIMARTS<\/strong><br><strong>28 D&#8217;OCTUBRE<\/strong><\/td><td class=\"has-text-align-center\" data-align=\"center\"><strong>CAN SERRA<\/strong> i <strong>BONNEMAISON<\/strong><br><strong>(Can Serra &#8211; Sala 0A)<\/strong><br><strong><em><u>Semipresencial<\/u><\/em><\/strong><br><br>Enlla\u00e7 telem\u00e0tic per si no hi pots assistir presencialment:<br><a href=\"https:\/\/teams.microsoft.com\/l\/meetup-join\/19%3ameeting_ODM4YmFlZjMtODdjMS00YmExLWE0MmUtNDVmN2M4OWRhNDFj%40thread.v2\/0?context=%7b%22Tid%22%3a%22aa01e5b0-699e-4538-8596-e820ccf95d45%22%2c%22Oid%22%3a%22146d65b5-0269-40d2-868f-67d49d598e0b%22%7d\" target=\"_blank\" rel=\"noreferrer noopener\"><strong>Unir-se a l&#8217;assemblea!<\/strong><\/a><br>Meeting ID: 374 206 916 289 8<br>Clau d&#8217;acc\u00e9s: 5kP2R4kf<\/td><td class=\"has-text-align-center\" data-align=\"center\"><strong>12:00 \u2013 14:00<\/strong><\/td><\/tr><tr><td class=\"has-text-align-center\" data-align=\"center\"><strong>DILLUNS<\/strong><br><strong>3 DE NOVEMBRE<\/strong><\/td><td class=\"has-text-align-center\" data-align=\"center\"><strong>ESCOLA INDUSTRIAL<\/strong><br><strong>(Edifici 25 Aula S7)<\/strong><br><strong><em><u>Semipresencial<\/u><\/em><\/strong><br><br>Enlla\u00e7 telem\u00e0tic per si no hi pots assistir presencialment:<br><a href=\"https:\/\/teams.microsoft.com\/l\/meetup-join\/19%3ameeting_ZjYwMjk5NjctMjZjZS00NmJmLWExODctY2IzOTllNGM3M2My%40thread.v2\/0?context=%7b%22Tid%22%3a%22aa01e5b0-699e-4538-8596-e820ccf95d45%22%2c%22Oid%22%3a%22e008723e-c1e8-4d0e-b576-30844b1ff868%22%7d\" target=\"_blank\" rel=\"noreferrer noopener\"><strong>Unir-se a l&#8217;assemblea!<\/strong><\/a><br>Meeting ID:&nbsp;370 934 610 971 7<br>Clau d&#8217;acc\u00e9s:&nbsp;YT6iJ7k5<\/td><td class=\"has-text-align-center\" data-align=\"center\"><strong><strong>12:00 \u2013 14:00<\/strong><\/strong><\/td><\/tr><tr><td class=\"has-text-align-center\" data-align=\"center\"><strong>DIMARTS<br>4 DE NOVEMBRE<\/strong><\/td><td class=\"has-text-align-center\" data-align=\"center\"><strong>BOGATELL<\/strong><br><strong>(Auditori A0.1)<\/strong><br><strong><em><u>Semipresencial<\/u><\/em><\/strong><br><br>Enlla\u00e7 telem\u00e0tic per si no hi pots assistir presencialment:<br><a href=\"https:\/\/teams.microsoft.com\/l\/meetup-join\/19%3ameeting_YjM5ZTg4MzYtMzVkNS00OWUyLTkxOGItNjQ5Yjg1Yzg0YjAw%40thread.v2\/0?context=%7b%22Tid%22%3a%22aa01e5b0-699e-4538-8596-e820ccf95d45%22%2c%22Oid%22%3a%22e008723e-c1e8-4d0e-b576-30844b1ff868%22%7d\" target=\"_blank\" rel=\"noreferrer noopener\"><strong>Unir-se a l&#8217;assemblea!<\/strong><\/a><br>Meeting ID:&nbsp;373 619 607 167 1<br>Clau d&#8217;acc\u00e9s:&nbsp;Ai7Ea6HJ<\/td><td class=\"has-text-align-center\" data-align=\"center\"><strong>12:00 \u2013 14:00<\/strong><\/td><\/tr><tr><td class=\"has-text-align-center\" data-align=\"center\"><strong>DIJOUS<br>13 DE NOVEMBRE<\/strong><\/td><td class=\"has-text-align-center\" data-align=\"center\"><strong>INSTITUT DEL TEATRE (BCN)<br>(Auditori)<\/strong><br><strong><em><u>Semipresencial<\/u><\/em><\/strong><br><br>Enlla\u00e7 telem\u00e0tic per si no hi pots assistir presencialment:<br><a href=\"https:\/\/teams.microsoft.com\/l\/meetup-join\/19%3ameeting_NDc4YTkzZmMtOTUxZC00NzcwLTk4YTMtMzBmMDQwMDUwZDc1%40thread.v2\/0?context=%7b%22Tid%22%3a%22aa01e5b0-699e-4538-8596-e820ccf95d45%22%2c%22Oid%22%3a%22e008723e-c1e8-4d0e-b576-30844b1ff868%22%7d\" target=\"_blank\" rel=\"noreferrer noopener\"><strong>Unir-se a l&#8217;assemblea!<\/strong><\/a><br>Meeting ID:&nbsp;377 051 884 751<br>Clau d&#8217;acc\u00e9s:&nbsp;Ks7of2ph<\/td><td class=\"has-text-align-center\" data-align=\"center\"><strong>12:30 \u2013 14:30<\/strong><\/td><\/tr><tr><td class=\"has-text-align-center\" data-align=\"center\"><strong>DIMECRES<br>19 DE NOVEMBRE<\/strong><\/td><td class=\"has-text-align-center\" data-align=\"center\"><strong>MATERNITAT<br>(Sala de formaci\u00f3 de l&#8217;ORGT)<\/strong><br><strong><em><u>Semipresencial<\/u><\/em><\/strong><br><br>Enlla\u00e7 telem\u00e0tic per si no hi pots assistir presencialment:<br><a href=\"https:\/\/teams.microsoft.com\/l\/meetup-join\/19%3ameeting_N2UwMTc2MDgtYWQ4MS00ZmUzLTg2ZGEtOWRlZWM3YTdkMWYy%40thread.v2\/0?context=%7b%22Tid%22%3a%22aa01e5b0-699e-4538-8596-e820ccf95d45%22%2c%22Oid%22%3a%228d0a4642-a5b0-450a-9ffa-45f8336996c2%22%7d\" target=\"_blank\" rel=\"noreferrer noopener\"><strong>Unir-se a l&#8217;assemblea!<\/strong><\/a><br>Meeting ID:&nbsp;323 653 666 954 3<br>Clau d&#8217;acc\u00e9s:&nbsp;Se2ur7za<\/td><td class=\"has-text-align-center\" data-align=\"center\"><strong>12:00 \u2013 14:00<\/strong><\/td><\/tr><tr><td class=\"has-text-align-center\" data-align=\"center\"><strong>DILLUNS<br>24 DE NOVEMBRE<\/strong><\/td><td class=\"has-text-align-center\" data-align=\"center\"><strong>MUNDET<br>(Edifici Serradell Sala D1)<\/strong><br><strong><em><u>Semipresencial<\/u><\/em><\/strong><br><br>Enlla\u00e7 telem\u00e0tic per si no hi pots assistir presencialment:<br><a href=\"https:\/\/eur04.safelinks.protection.outlook.com\/ap\/t-59584e83\/?url=https%3A%2F%2Fteams.microsoft.com%2Fl%2Fmeetup-join%2F19%253ameeting_ODVlYzRjNDQtNDEyOC00MzI0LWJkNTUtZmI5MWFlYjhkNDlm%2540thread.v2%2F0%3Fcontext%3D%257b%2522Tid%2522%253a%2522aa01e5b0-699e-4538-8596-e820ccf95d45%2522%252c%2522Oid%2522%253a%25228d0a4642-a5b0-450a-9ffa-45f8336996c2%2522%257d&amp;data=05%7C02%7Cccoo%40diba.cat%7C46fbdea155604555396908de229af810%7Caa01e5b0699e45388596e820ccf95d45%7C0%7C0%7C638986246164279291%7CUnknown%7CTWFpbGZsb3d8eyJFbXB0eU1hcGkiOnRydWUsIlYiOiIwLjAuMDAwMCIsIlAiOiJXaW4zMiIsIkFOIjoiTWFpbCIsIldUIjoyfQ%3D%3D%7C0%7C%7C%7C&amp;sdata=CFspQN3kzoV5lyNMB0N3JPEAkCf0oACvx9bAUNizQ9s%3D&amp;reserved=0\" target=\"_blank\" rel=\"noreferrer noopener\"><strong>Unir-se a l&#8217;assemblea!<\/strong><\/a><br>Meeting ID:\u00a0371 861 989 064 7<br>Clau d&#8217;acc\u00e9s:\u00a0kL2VL3BK<\/td><td class=\"has-text-align-center\" data-align=\"center\"><strong>12:00 \u2013 14:00<\/strong><\/td><\/tr><\/tbody><\/table><\/figure>\n\n\n\n<p class=\"has-text-align-center\">\u00c9s una assemblea autoritzada i s\u2019ha de justificar<br>pel <strong>PORTAL DE L&#8217;EMPLEAT<\/strong><\/p>\n\n\n\n<div class=\"wp-block-group\"><div class=\"wp-block-group__inner-container is-layout-constrained wp-block-group-is-layout-constrained\"><div class=\"gb-grid-wrapper gb-grid-wrapper-d65739e2\">\n<div class=\"gb-grid-column gb-grid-column-ecc8725d\"><div class=\"gb-container gb-container-ecc8725d\"><div class=\"gb-inside-container\">\n<div class=\"wp-block-image\">\n<figure class=\"aligncenter size-full\"><img loading=\"lazy\" decoding=\"async\" width=\"129\" height=\"38\" src=\"https:\/\/ccoo.app\/diputacio-de-barcelona\/wp-content\/blogs.dir\/6\/files\/sites\/186\/2022\/03\/tel.png\" alt=\"Tel\" class=\"wp-image-49915\" \/><\/figure>\n<\/div>\n<\/div><\/div><\/div>\n\n<div class=\"gb-grid-column gb-grid-column-4c28778f\"><div class=\"gb-container gb-container-4c28778f\"><div class=\"gb-inside-container\">\n<div class=\"wp-block-image\">\n<figure class=\"aligncenter size-full\"><a href=\"mailto:ccoo@diba.cat\"><img loading=\"lazy\" decoding=\"async\" width=\"51\" height=\"37\" src=\"https:\/\/ccoo.app\/diputacio-de-barcelona\/wp-content\/blogs.dir\/6\/files\/sites\/186\/2022\/03\/mail.png\" alt=\"Mail\" class=\"wp-image-49916\" \/><\/a><\/figure>\n<\/div>\n<\/div><\/div><\/div>\n\n<div class=\"gb-grid-column gb-grid-column-c6cc0957\"><div class=\"gb-container gb-container-c6cc0957\"><div class=\"gb-inside-container\">\n<div class=\"wp-block-image\">\n<figure class=\"aligncenter size-full\"><a href=\"https:\/\/twitter.com\/ccoodiba\"><img loading=\"lazy\" decoding=\"async\" width=\"44\" height=\"38\" src=\"https:\/\/ccoo.app\/diputacio-de-barcelona\/wp-content\/blogs.dir\/6\/files\/sites\/186\/2022\/03\/tw.png\" alt=\"Tw\" class=\"wp-image-49917\" \/><\/a><\/figure>\n<\/div>\n<\/div><\/div><\/div>\n\n<div class=\"gb-grid-column gb-grid-column-1598237d\"><div class=\"gb-container gb-container-1598237d\"><div class=\"gb-inside-container\">\n<div class=\"wp-block-image\">\n<figure class=\"aligncenter size-full\"><a href=\"https:\/\/www.instagram.com\/ccoo_diba\/\"><img loading=\"lazy\" decoding=\"async\" width=\"45\" height=\"44\" src=\"https:\/\/ccoo.app\/diputacio-de-barcelona\/wp-content\/blogs.dir\/6\/files\/sites\/186\/2022\/03\/ig.png\" alt=\"Ig\" class=\"wp-image-49918\" \/><\/a><\/figure>\n<\/div>\n<\/div><\/div><\/div>\n\n<div class=\"gb-grid-column gb-grid-column-2db731fe\"><div class=\"gb-container gb-container-2db731fe\"><div class=\"gb-inside-container\">\n<div class=\"wp-block-image\">\n<figure class=\"aligncenter size-full\"><a href=\"https:\/\/ccoo.app\/diputacio-de-barcelona\"><img loading=\"lazy\" decoding=\"async\" width=\"39\" height=\"40\" src=\"https:\/\/ccoo.app\/diputacio-de-barcelona\/wp-content\/blogs.dir\/6\/files\/sites\/186\/2022\/03\/www.png\" alt=\"Www\" class=\"wp-image-49919\" \/><\/a><\/figure>\n<\/div>\n<\/div><\/div><\/div>\n\n<div class=\"gb-grid-column gb-grid-column-f3651540\"><div class=\"gb-container gb-container-f3651540\"><div class=\"gb-inside-container\">\n<div class=\"wp-block-image\">\n<figure class=\"aligncenter size-full is-resized\"><a href=\"https:\/\/www.ccoo.cat\/afiliat\/?_sfm_aff_situation=94\"><img loading=\"lazy\" decoding=\"async\" width=\"125\" height=\"38\" src=\"https:\/\/ccoo.app\/diputacio-de-barcelona\/wp-content\/blogs.dir\/6\/files\/sites\/186\/2022\/03\/af.png\" alt=\"Af\" class=\"wp-image-49920\" style=\"width:125px;height:38px\" \/><\/a><\/figure>\n<\/div>\n<\/div><\/div><\/div>\n<\/div><\/div><\/div>\n","protected":false},"excerpt":{"rendered":"<p>ASSEMBLEES GENERALS Adre\u00e7ades&nbsp;a tota la plantilla de la Diputaci\u00f3 de Barcelona&nbsp;en els diferents centres de treball.&nbsp;S\u00f3n assemblees personalitzades a cada centre de treball&nbsp;i resta autoritzada l\u2019assist\u00e8ncia dels treballadors i treballadores &#8230; <\/p>\n<p class=\"read-more-container\"><a title=\"Assemblea general \u00b7 Millores socials\" class=\"read-more button\" href=\"https:\/\/ccoo.app\/diputacio-de-barcelona\/assemblea-general-%c2%b7-millores-socials\/#more-54293\" aria-label=\"Leer m\u00e1s sobre Assemblea general \u00b7 Millores socials\">Continuar llegint<\/a><\/p>\n","protected":false},"author":88639,"featured_media":54297,"comment_status":"closed","ping_status":"closed","sticky":false,"template":"","format":"standard","meta":{"footnotes":""},"categories":[250,19],"tags":[],"class_list":["post-54293","post","type-post","status-publish","format-standard","has-post-thumbnail","hentry","category-assemblees","category-comunicats","generate-columns","tablet-grid-50","mobile-grid-100","grid-parent","grid-50"],"_links":{"self":[{"href":"https:\/\/ccoo.app\/diputacio-de-barcelona\/wp-json\/wp\/v2\/posts\/54293","targetHints":{"allow":["GET"]}}],"collection":[{"href":"https:\/\/ccoo.app\/diputacio-de-barcelona\/wp-json\/wp\/v2\/posts"}],"about":[{"href":"https:\/\/ccoo.app\/diputacio-de-barcelona\/wp-json\/wp\/v2\/types\/post"}],"author":[{"embeddable":true,"href":"https:\/\/ccoo.app\/diputacio-de-barcelona\/wp-json\/wp\/v2\/users\/88639"}],"replies":[{"embeddable":true,"href":"https:\/\/ccoo.app\/diputacio-de-barcelona\/wp-json\/wp\/v2\/comments?post=54293"}],"version-history":[{"count":5,"href":"https:\/\/ccoo.app\/diputacio-de-barcelona\/wp-json\/wp\/v2\/posts\/54293\/revisions"}],"predecessor-version":[{"id":56182,"href":"https:\/\/ccoo.app\/diputacio-de-barcelona\/wp-json\/wp\/v2\/posts\/54293\/revisions\/56182"}],"wp:featuredmedia":[{"embeddable":true,"href":"https:\/\/ccoo.app\/diputacio-de-barcelona\/wp-json\/wp\/v2\/media\/54297"}],"wp:attachment":[{"href":"https:\/\/ccoo.app\/diputacio-de-barcelona\/wp-json\/wp\/v2\/media?parent=54293"}],"wp:term":[{"taxonomy":"category","embeddable":true,"href":"https:\/\/ccoo.app\/diputacio-de-barcelona\/wp-json\/wp\/v2\/categories?post=54293"},{"taxonomy":"post_tag","embeddable":true,"href":"https:\/\/ccoo.app\/diputacio-de-barcelona\/wp-json\/wp\/v2\/tags?post=54293"}],"curies":[{"name":"wp","href":"https:\/\/api.w.org\/{rel}","templated":true}]}}