{"id":54265,"date":"2025-10-14T14:40:32","date_gmt":"2025-10-14T12:40:32","guid":{"rendered":"https:\/\/ccoo.app\/diputacio-de-barcelona\/?p=54265"},"modified":"2025-10-14T14:40:34","modified_gmt":"2025-10-14T12:40:34","slug":"recordatori-15-doctubre-mobilitzacions-i-aturades-justicia-per-palestina-can-serra-1000h-1015h","status":"publish","type":"post","link":"https:\/\/ccoo.app\/diputacio-de-barcelona\/recordatori-15-doctubre-mobilitzacions-i-aturades-justicia-per-palestina-can-serra-1000h-1015h\/","title":{"rendered":"Recordatori 15 d\u2019octubre: Mobilitzacions i aturades &#8211; JUST\u00cdCIA PER PALESTINA! Can Serra (10:00h &#8211; 10:15h)"},"content":{"rendered":"\n<div style=\"height:40px\" aria-hidden=\"true\" class=\"wp-block-spacer\"><\/div>\n\n\n\n<p class=\"gb-headline gb-headline-9bffc685 gb-headline-text\">Totes les persones treballadores tenen dret a exercir la vaga. Tota la ciutadania est\u00e0 cridada a la mobilitzaci\u00f3 el proper<strong>&nbsp;15 d\u2019octubre<\/strong>&nbsp;<strong>en aturades parcials de dues hores<\/strong>. Les franges hor\u00e0ries s\u00f3n: de 10 a 12 h del mat\u00ed, de 17 a 19 h de la tarda i de 2 a 4 h de la nit. Estan previstes diferents activitats i mobilitzacions als centres de treball. A la <strong>Diputaci\u00f3 de Barcelona<\/strong> es far\u00e0 un acte conjunt CCOO i UGT de <strong>10:00h a 10:15h<\/strong> davant l&#8217;edifici de <strong>Can Serra<\/strong>, on es llegir\u00e0 el <strong>manifest conjunt<\/strong> en solidaritat amb palestina.<\/p>\n\n\n<div class=\"gb-grid-wrapper gb-grid-wrapper-e23a851a\">\n<div class=\"gb-grid-column gb-grid-column-e045e70f\"><div class=\"gb-container gb-container-e045e70f\">\n\n<figure class=\"gb-block-image gb-block-image-d8e62685\"><img loading=\"lazy\" decoding=\"async\" width=\"512\" height=\"512\" class=\"gb-image gb-image-d8e62685\" src=\"https:\/\/ccoo.app\/diputacio-de-barcelona\/wp-content\/blogs.dir\/6\/files\/sites\/186\/2025\/02\/calendario.png\" alt=\"\" title=\"calendario\" srcset=\"https:\/\/ccoo.app\/diputacio-de-barcelona\/wp-content\/blogs.dir\/6\/files\/sites\/186\/2025\/02\/calendario.png 512w, https:\/\/ccoo.app\/diputacio-de-barcelona\/wp-content\/blogs.dir\/6\/files\/sites\/186\/2025\/02\/calendario-300x300.png 300w, https:\/\/ccoo.app\/diputacio-de-barcelona\/wp-content\/blogs.dir\/6\/files\/sites\/186\/2025\/02\/calendario-150x150.png 150w\" sizes=\"auto, (max-width: 512px) 100vw, 512px\" \/><\/figure>\n\n<\/div><\/div>\n\n<div class=\"gb-grid-column gb-grid-column-ca344ea0\"><div class=\"gb-container gb-container-ca344ea0\">\n\n<p class=\"gb-headline gb-headline-28732390 gb-headline-text\"><strong>15 OCTUBRE<\/strong><\/p>\n\n<\/div><\/div>\n<\/div>\n\n<div class=\"gb-grid-wrapper gb-grid-wrapper-25e66b05\">\n<div class=\"gb-grid-column gb-grid-column-c2b38e7a\"><div class=\"gb-container gb-container-c2b38e7a\">\n\n<figure class=\"gb-block-image gb-block-image-95849103\"><img loading=\"lazy\" decoding=\"async\" width=\"512\" height=\"512\" class=\"gb-image gb-image-95849103\" src=\"https:\/\/ccoo.app\/diputacio-de-barcelona\/wp-content\/blogs.dir\/6\/files\/sites\/186\/2025\/02\/reloj-circular.png\" alt=\"\" title=\"reloj-circular\" srcset=\"https:\/\/ccoo.app\/diputacio-de-barcelona\/wp-content\/blogs.dir\/6\/files\/sites\/186\/2025\/02\/reloj-circular.png 512w, https:\/\/ccoo.app\/diputacio-de-barcelona\/wp-content\/blogs.dir\/6\/files\/sites\/186\/2025\/02\/reloj-circular-300x300.png 300w, https:\/\/ccoo.app\/diputacio-de-barcelona\/wp-content\/blogs.dir\/6\/files\/sites\/186\/2025\/02\/reloj-circular-150x150.png 150w\" sizes=\"auto, (max-width: 512px) 100vw, 512px\" \/><\/figure>\n\n<\/div><\/div>\n\n<div class=\"gb-grid-column gb-grid-column-ef50cacc\"><div class=\"gb-container gb-container-ef50cacc\">\n\n<p class=\"gb-headline gb-headline-90f396d4 gb-headline-text\"><strong>10:00 &#8211; 10:15 HORES<\/strong><\/p>\n\n<\/div><\/div>\n<\/div>\n\n<div class=\"gb-grid-wrapper gb-grid-wrapper-f541aa1d\">\n<div class=\"gb-grid-column gb-grid-column-a04e012f\"><div class=\"gb-container gb-container-a04e012f\">\n\n<figure class=\"gb-block-image gb-block-image-98295fb2\"><img loading=\"lazy\" decoding=\"async\" width=\"512\" height=\"512\" class=\"gb-image gb-image-98295fb2\" src=\"https:\/\/ccoo.app\/diputacio-de-barcelona\/wp-content\/blogs.dir\/6\/files\/sites\/186\/2025\/02\/alfiler.png\" alt=\"\" title=\"alfiler\" srcset=\"https:\/\/ccoo.app\/diputacio-de-barcelona\/wp-content\/blogs.dir\/6\/files\/sites\/186\/2025\/02\/alfiler.png 512w, https:\/\/ccoo.app\/diputacio-de-barcelona\/wp-content\/blogs.dir\/6\/files\/sites\/186\/2025\/02\/alfiler-300x300.png 300w, https:\/\/ccoo.app\/diputacio-de-barcelona\/wp-content\/blogs.dir\/6\/files\/sites\/186\/2025\/02\/alfiler-150x150.png 150w\" sizes=\"auto, (max-width: 512px) 100vw, 512px\" \/><\/figure>\n\n<\/div><\/div>\n\n<div class=\"gb-grid-column gb-grid-column-f2d402b2\"><div class=\"gb-container gb-container-f2d402b2\">\n\n<p class=\"gb-headline gb-headline-dacea260 gb-headline-text\">DAVANT DE <strong>CAN SERRA<\/strong><\/p>\n\n<\/div><\/div>\n<\/div>\n\n\n<div style=\"height:30px\" aria-hidden=\"true\" class=\"wp-block-spacer\"><\/div>\n\n\n\n<h4 class=\"gb-headline gb-headline-962b105c gb-headline-text\">Hi ha m\u00e9s d&#8217;un mili\u00f3 de raons per fer vaga, te&#8217;n donem 8<\/h4>\n\n\n\n<div style=\"height:10px\" aria-hidden=\"true\" class=\"wp-block-spacer\"><\/div>\n\n\n\n<figure class=\"gb-block-image gb-block-image-1c53e729\"><img loading=\"lazy\" decoding=\"async\" width=\"1080\" height=\"1350\" class=\"gb-image gb-image-1c53e729\" src=\"https:\/\/ccoo.app\/diputacio-de-barcelona\/wp-content\/blogs.dir\/6\/files\/sites\/186\/2025\/10\/RAONS.jpg\" alt=\"\" title=\"RAONS\" srcset=\"https:\/\/ccoo.app\/diputacio-de-barcelona\/wp-content\/blogs.dir\/6\/files\/sites\/186\/2025\/10\/RAONS.jpg 1080w, https:\/\/ccoo.app\/diputacio-de-barcelona\/wp-content\/blogs.dir\/6\/files\/sites\/186\/2025\/10\/RAONS-240x300.jpg 240w, https:\/\/ccoo.app\/diputacio-de-barcelona\/wp-content\/blogs.dir\/6\/files\/sites\/186\/2025\/10\/RAONS-819x1024.jpg 819w, https:\/\/ccoo.app\/diputacio-de-barcelona\/wp-content\/blogs.dir\/6\/files\/sites\/186\/2025\/10\/RAONS-768x960.jpg 768w\" sizes=\"auto, (max-width: 1080px) 100vw, 1080px\" \/><\/figure>\n\n\n<div class=\"gb-grid-wrapper gb-grid-wrapper-4d49796c\">\n<div class=\"gb-grid-column gb-grid-column-1e7204ea\"><div class=\"gb-container gb-container-1e7204ea\">\n<div class=\"wp-block-image\">\n<figure class=\"aligncenter size-large is-resized\"><img loading=\"lazy\" decoding=\"async\" width=\"819\" height=\"1024\" src=\"https:\/\/ccoo.app\/diputacio-de-barcelona\/wp-content\/blogs.dir\/6\/files\/sites\/186\/2025\/10\/RAO-1-819x1024.jpg\" alt=\"\" class=\"wp-image-54267\" style=\"width:450px\" srcset=\"https:\/\/ccoo.app\/diputacio-de-barcelona\/wp-content\/blogs.dir\/6\/files\/sites\/186\/2025\/10\/RAO-1-819x1024.jpg 819w, https:\/\/ccoo.app\/diputacio-de-barcelona\/wp-content\/blogs.dir\/6\/files\/sites\/186\/2025\/10\/RAO-1-240x300.jpg 240w, https:\/\/ccoo.app\/diputacio-de-barcelona\/wp-content\/blogs.dir\/6\/files\/sites\/186\/2025\/10\/RAO-1-768x960.jpg 768w, https:\/\/ccoo.app\/diputacio-de-barcelona\/wp-content\/blogs.dir\/6\/files\/sites\/186\/2025\/10\/RAO-1.jpg 1080w\" sizes=\"auto, (max-width: 819px) 100vw, 819px\" \/><\/figure>\n<\/div>\n<\/div><\/div>\n\n<div class=\"gb-grid-column gb-grid-column-5ce2f249\"><div class=\"gb-container gb-container-5ce2f249\">\n<div class=\"wp-block-image is-style-default\">\n<figure class=\"aligncenter size-large is-resized\"><img loading=\"lazy\" decoding=\"async\" width=\"819\" height=\"1024\" src=\"https:\/\/ccoo.app\/diputacio-de-barcelona\/wp-content\/blogs.dir\/6\/files\/sites\/186\/2025\/10\/RAO-2-819x1024.jpg\" alt=\"\" class=\"wp-image-54268\" style=\"width:450px\" srcset=\"https:\/\/ccoo.app\/diputacio-de-barcelona\/wp-content\/blogs.dir\/6\/files\/sites\/186\/2025\/10\/RAO-2-819x1024.jpg 819w, https:\/\/ccoo.app\/diputacio-de-barcelona\/wp-content\/blogs.dir\/6\/files\/sites\/186\/2025\/10\/RAO-2-240x300.jpg 240w, https:\/\/ccoo.app\/diputacio-de-barcelona\/wp-content\/blogs.dir\/6\/files\/sites\/186\/2025\/10\/RAO-2-768x960.jpg 768w, https:\/\/ccoo.app\/diputacio-de-barcelona\/wp-content\/blogs.dir\/6\/files\/sites\/186\/2025\/10\/RAO-2.jpg 1080w\" sizes=\"auto, (max-width: 819px) 100vw, 819px\" \/><\/figure>\n<\/div>\n<\/div><\/div>\n<\/div>\n\n<div class=\"gb-grid-wrapper gb-grid-wrapper-23e96912\">\n<div class=\"gb-grid-column gb-grid-column-adb98d3d\"><div class=\"gb-container gb-container-adb98d3d\">\n<div class=\"wp-block-image\">\n<figure class=\"aligncenter size-large is-resized\"><img loading=\"lazy\" decoding=\"async\" width=\"819\" height=\"1024\" src=\"https:\/\/ccoo.app\/diputacio-de-barcelona\/wp-content\/blogs.dir\/6\/files\/sites\/186\/2025\/10\/RAO-3-819x1024.jpg\" alt=\"\" class=\"wp-image-54269\" style=\"width:450px\" srcset=\"https:\/\/ccoo.app\/diputacio-de-barcelona\/wp-content\/blogs.dir\/6\/files\/sites\/186\/2025\/10\/RAO-3-819x1024.jpg 819w, https:\/\/ccoo.app\/diputacio-de-barcelona\/wp-content\/blogs.dir\/6\/files\/sites\/186\/2025\/10\/RAO-3-240x300.jpg 240w, https:\/\/ccoo.app\/diputacio-de-barcelona\/wp-content\/blogs.dir\/6\/files\/sites\/186\/2025\/10\/RAO-3-768x960.jpg 768w, https:\/\/ccoo.app\/diputacio-de-barcelona\/wp-content\/blogs.dir\/6\/files\/sites\/186\/2025\/10\/RAO-3.jpg 1080w\" sizes=\"auto, (max-width: 819px) 100vw, 819px\" \/><\/figure>\n<\/div>\n<\/div><\/div>\n\n<div class=\"gb-grid-column gb-grid-column-325d82d4\"><div class=\"gb-container gb-container-325d82d4\">\n<div class=\"wp-block-image is-style-default\">\n<figure class=\"aligncenter size-large is-resized\"><img loading=\"lazy\" decoding=\"async\" width=\"819\" height=\"1024\" src=\"https:\/\/ccoo.app\/diputacio-de-barcelona\/wp-content\/blogs.dir\/6\/files\/sites\/186\/2025\/10\/RAO-4-819x1024.jpg\" alt=\"\" class=\"wp-image-54270\" style=\"width:450px\" srcset=\"https:\/\/ccoo.app\/diputacio-de-barcelona\/wp-content\/blogs.dir\/6\/files\/sites\/186\/2025\/10\/RAO-4-819x1024.jpg 819w, https:\/\/ccoo.app\/diputacio-de-barcelona\/wp-content\/blogs.dir\/6\/files\/sites\/186\/2025\/10\/RAO-4-240x300.jpg 240w, https:\/\/ccoo.app\/diputacio-de-barcelona\/wp-content\/blogs.dir\/6\/files\/sites\/186\/2025\/10\/RAO-4-768x960.jpg 768w, https:\/\/ccoo.app\/diputacio-de-barcelona\/wp-content\/blogs.dir\/6\/files\/sites\/186\/2025\/10\/RAO-4.jpg 1080w\" sizes=\"auto, (max-width: 819px) 100vw, 819px\" \/><\/figure>\n<\/div>\n<\/div><\/div>\n<\/div>\n\n<div class=\"gb-grid-wrapper gb-grid-wrapper-80c92779\">\n<div class=\"gb-grid-column gb-grid-column-723a14f1\"><div class=\"gb-container gb-container-723a14f1\">\n<div class=\"wp-block-image\">\n<figure class=\"aligncenter size-large is-resized\"><img loading=\"lazy\" decoding=\"async\" width=\"819\" height=\"1024\" src=\"https:\/\/ccoo.app\/diputacio-de-barcelona\/wp-content\/blogs.dir\/6\/files\/sites\/186\/2025\/10\/RAO-5-819x1024.jpg\" alt=\"\" class=\"wp-image-54272\" style=\"width:450px\" srcset=\"https:\/\/ccoo.app\/diputacio-de-barcelona\/wp-content\/blogs.dir\/6\/files\/sites\/186\/2025\/10\/RAO-5-819x1024.jpg 819w, https:\/\/ccoo.app\/diputacio-de-barcelona\/wp-content\/blogs.dir\/6\/files\/sites\/186\/2025\/10\/RAO-5-240x300.jpg 240w, https:\/\/ccoo.app\/diputacio-de-barcelona\/wp-content\/blogs.dir\/6\/files\/sites\/186\/2025\/10\/RAO-5-768x960.jpg 768w, https:\/\/ccoo.app\/diputacio-de-barcelona\/wp-content\/blogs.dir\/6\/files\/sites\/186\/2025\/10\/RAO-5.jpg 1080w\" sizes=\"auto, (max-width: 819px) 100vw, 819px\" \/><\/figure>\n<\/div>\n<\/div><\/div>\n\n<div class=\"gb-grid-column gb-grid-column-6e37caca\"><div class=\"gb-container gb-container-6e37caca\">\n<div class=\"wp-block-image is-style-default\">\n<figure class=\"aligncenter size-large is-resized\"><img loading=\"lazy\" decoding=\"async\" width=\"819\" height=\"1024\" src=\"https:\/\/ccoo.app\/diputacio-de-barcelona\/wp-content\/blogs.dir\/6\/files\/sites\/186\/2025\/10\/RAO-6-819x1024.jpg\" alt=\"\" class=\"wp-image-54273\" style=\"width:450px\" srcset=\"https:\/\/ccoo.app\/diputacio-de-barcelona\/wp-content\/blogs.dir\/6\/files\/sites\/186\/2025\/10\/RAO-6-819x1024.jpg 819w, https:\/\/ccoo.app\/diputacio-de-barcelona\/wp-content\/blogs.dir\/6\/files\/sites\/186\/2025\/10\/RAO-6-240x300.jpg 240w, https:\/\/ccoo.app\/diputacio-de-barcelona\/wp-content\/blogs.dir\/6\/files\/sites\/186\/2025\/10\/RAO-6-768x960.jpg 768w, https:\/\/ccoo.app\/diputacio-de-barcelona\/wp-content\/blogs.dir\/6\/files\/sites\/186\/2025\/10\/RAO-6.jpg 1080w\" sizes=\"auto, (max-width: 819px) 100vw, 819px\" \/><\/figure>\n<\/div>\n<\/div><\/div>\n<\/div>\n\n<div class=\"gb-grid-wrapper gb-grid-wrapper-90cb4a96\">\n<div class=\"gb-grid-column gb-grid-column-b52db3a0\"><div class=\"gb-container gb-container-b52db3a0\">\n<div class=\"wp-block-image\">\n<figure class=\"aligncenter size-large is-resized\"><img loading=\"lazy\" decoding=\"async\" width=\"819\" height=\"1024\" src=\"https:\/\/ccoo.app\/diputacio-de-barcelona\/wp-content\/blogs.dir\/6\/files\/sites\/186\/2025\/10\/RAO-7-819x1024.jpg\" alt=\"\" class=\"wp-image-54274\" style=\"width:450px\" srcset=\"https:\/\/ccoo.app\/diputacio-de-barcelona\/wp-content\/blogs.dir\/6\/files\/sites\/186\/2025\/10\/RAO-7-819x1024.jpg 819w, https:\/\/ccoo.app\/diputacio-de-barcelona\/wp-content\/blogs.dir\/6\/files\/sites\/186\/2025\/10\/RAO-7-240x300.jpg 240w, https:\/\/ccoo.app\/diputacio-de-barcelona\/wp-content\/blogs.dir\/6\/files\/sites\/186\/2025\/10\/RAO-7-768x960.jpg 768w, https:\/\/ccoo.app\/diputacio-de-barcelona\/wp-content\/blogs.dir\/6\/files\/sites\/186\/2025\/10\/RAO-7.jpg 1080w\" sizes=\"auto, (max-width: 819px) 100vw, 819px\" \/><\/figure>\n<\/div>\n<\/div><\/div>\n\n<div class=\"gb-grid-column gb-grid-column-a2a22d33\"><div class=\"gb-container gb-container-a2a22d33\">\n<div class=\"wp-block-image is-style-default\">\n<figure class=\"aligncenter size-large is-resized\"><img loading=\"lazy\" decoding=\"async\" width=\"819\" height=\"1024\" src=\"https:\/\/ccoo.app\/diputacio-de-barcelona\/wp-content\/blogs.dir\/6\/files\/sites\/186\/2025\/10\/RAO-8-819x1024.jpg\" alt=\"\" class=\"wp-image-54275\" style=\"width:450px\" srcset=\"https:\/\/ccoo.app\/diputacio-de-barcelona\/wp-content\/blogs.dir\/6\/files\/sites\/186\/2025\/10\/RAO-8-819x1024.jpg 819w, https:\/\/ccoo.app\/diputacio-de-barcelona\/wp-content\/blogs.dir\/6\/files\/sites\/186\/2025\/10\/RAO-8-240x300.jpg 240w, https:\/\/ccoo.app\/diputacio-de-barcelona\/wp-content\/blogs.dir\/6\/files\/sites\/186\/2025\/10\/RAO-8-768x960.jpg 768w, https:\/\/ccoo.app\/diputacio-de-barcelona\/wp-content\/blogs.dir\/6\/files\/sites\/186\/2025\/10\/RAO-8.jpg 1080w\" sizes=\"auto, (max-width: 819px) 100vw, 819px\" \/><\/figure>\n<\/div>\n<\/div><\/div>\n<\/div>\n\n\n<div style=\"height:20px\" aria-hidden=\"true\" class=\"wp-block-spacer\"><\/div>\n\n\n\n<h4 class=\"gb-headline gb-headline-c4b057f8 gb-headline-text\">JUST\u00cdCIA PER PALESTINA!<\/h4>\n\n\n\n<h4 class=\"gb-headline gb-headline-f5ce96ec gb-headline-text\">STOP GENOCIDI!<\/h4>\n\n\n\n<div style=\"height:100px\" aria-hidden=\"true\" class=\"wp-block-spacer\"><\/div>\n","protected":false},"excerpt":{"rendered":"<p>Totes les persones treballadores tenen dret a exercir la vaga. Tota la ciutadania est\u00e0 cridada a la mobilitzaci\u00f3 el proper&nbsp;15 d\u2019octubre&nbsp;en aturades parcials de dues hores. Les franges hor\u00e0ries s\u00f3n: &#8230; <\/p>\n<p class=\"read-more-container\"><a title=\"Recordatori 15 d\u2019octubre: Mobilitzacions i aturades &#8211; JUST\u00cdCIA PER PALESTINA! Can Serra (10:00h &#8211; 10:15h)\" class=\"read-more button\" href=\"https:\/\/ccoo.app\/diputacio-de-barcelona\/recordatori-15-doctubre-mobilitzacions-i-aturades-justicia-per-palestina-can-serra-1000h-1015h\/#more-54265\" aria-label=\"Leer m\u00e1s sobre Recordatori 15 d\u2019octubre: Mobilitzacions i aturades &#8211; JUST\u00cdCIA PER PALESTINA! Can Serra (10:00h &#8211; 10:15h)\">Continuar llegint<\/a><\/p>\n","protected":false},"author":88639,"featured_media":54280,"comment_status":"closed","ping_status":"closed","sticky":false,"template":"","format":"standard","meta":{"footnotes":""},"categories":[38,19],"tags":[],"class_list":["post-54265","post","type-post","status-publish","format-standard","has-post-thumbnail","hentry","category-a-tot-el-personal","category-comunicats","generate-columns","tablet-grid-50","mobile-grid-100","grid-parent","grid-50"],"_links":{"self":[{"href":"https:\/\/ccoo.app\/diputacio-de-barcelona\/wp-json\/wp\/v2\/posts\/54265","targetHints":{"allow":["GET"]}}],"collection":[{"href":"https:\/\/ccoo.app\/diputacio-de-barcelona\/wp-json\/wp\/v2\/posts"}],"about":[{"href":"https:\/\/ccoo.app\/diputacio-de-barcelona\/wp-json\/wp\/v2\/types\/post"}],"author":[{"embeddable":true,"href":"https:\/\/ccoo.app\/diputacio-de-barcelona\/wp-json\/wp\/v2\/users\/88639"}],"replies":[{"embeddable":true,"href":"https:\/\/ccoo.app\/diputacio-de-barcelona\/wp-json\/wp\/v2\/comments?post=54265"}],"version-history":[{"count":5,"href":"https:\/\/ccoo.app\/diputacio-de-barcelona\/wp-json\/wp\/v2\/posts\/54265\/revisions"}],"predecessor-version":[{"id":54290,"href":"https:\/\/ccoo.app\/diputacio-de-barcelona\/wp-json\/wp\/v2\/posts\/54265\/revisions\/54290"}],"wp:featuredmedia":[{"embeddable":true,"href":"https:\/\/ccoo.app\/diputacio-de-barcelona\/wp-json\/wp\/v2\/media\/54280"}],"wp:attachment":[{"href":"https:\/\/ccoo.app\/diputacio-de-barcelona\/wp-json\/wp\/v2\/media?parent=54265"}],"wp:term":[{"taxonomy":"category","embeddable":true,"href":"https:\/\/ccoo.app\/diputacio-de-barcelona\/wp-json\/wp\/v2\/categories?post=54265"},{"taxonomy":"post_tag","embeddable":true,"href":"https:\/\/ccoo.app\/diputacio-de-barcelona\/wp-json\/wp\/v2\/tags?post=54265"}],"curies":[{"name":"wp","href":"https:\/\/api.w.org\/{rel}","templated":true}]}}