{"id":54247,"date":"2025-10-13T14:02:23","date_gmt":"2025-10-13T12:02:23","guid":{"rendered":"https:\/\/ccoo.app\/diputacio-de-barcelona\/?p=54247"},"modified":"2025-10-13T14:02:25","modified_gmt":"2025-10-13T12:02:25","slug":"15-doctubre-mobilitzacions-i-aturades-stop-genocidi-can-serra-1000h-1015h","status":"publish","type":"post","link":"https:\/\/ccoo.app\/diputacio-de-barcelona\/15-doctubre-mobilitzacions-i-aturades-stop-genocidi-can-serra-1000h-1015h\/","title":{"rendered":"15 d\u2019octubre: Mobilitzacions i aturades &#8211; Stop Genocidi! &#8211; Can Serra (10:00h-10:15h)"},"content":{"rendered":"\n<div style=\"height:40px\" aria-hidden=\"true\" class=\"wp-block-spacer\"><\/div>\n\n\n\n<figure class=\"gb-block-image gb-block-image-1c53e729\"><img loading=\"lazy\" decoding=\"async\" width=\"819\" height=\"1024\" class=\"gb-image gb-image-1c53e729\" src=\"https:\/\/ccoo.app\/diputacio-de-barcelona\/wp-content\/blogs.dir\/6\/files\/sites\/186\/2025\/10\/ITant_es-genocidi.jpg\" alt=\"\" title=\"ITant_es genocidi\" srcset=\"https:\/\/ccoo.app\/diputacio-de-barcelona\/wp-content\/blogs.dir\/6\/files\/sites\/186\/2025\/10\/ITant_es-genocidi.jpg 819w, https:\/\/ccoo.app\/diputacio-de-barcelona\/wp-content\/blogs.dir\/6\/files\/sites\/186\/2025\/10\/ITant_es-genocidi-240x300.jpg 240w, https:\/\/ccoo.app\/diputacio-de-barcelona\/wp-content\/blogs.dir\/6\/files\/sites\/186\/2025\/10\/ITant_es-genocidi-768x960.jpg 768w\" sizes=\"auto, (max-width: 819px) 100vw, 819px\" \/><\/figure>\n\n\n\n<div style=\"height:20px\" aria-hidden=\"true\" class=\"wp-block-spacer\"><\/div>\n\n\n\n<h4 class=\"gb-headline gb-headline-0187c6da gb-headline-text\">Les treballadores i els treballadors diem prou al genocidi contra el poble palest\u00ed!<\/h4>\n\n\n\n<div style=\"height:20px\" aria-hidden=\"true\" class=\"wp-block-spacer\"><\/div>\n\n\n\n<p class=\"gb-headline gb-headline-819ee757 gb-headline-text\"><strong>CCOO i UGT Diputaci\u00f3 de Barcelona, convoquen una jornada de lluita, el proper dimecres 15 d\u2019octubre<\/strong>, per expressar la nostra solidaritat amb el poble palest\u00ed. Aquesta convocat\u00f2ria \u00e9s un clam de la gent treballadora perqu\u00e8 els governs prenguin mesures contundents per\u00a0<strong>aturar el genocidi a Palestina i reclamar responsabilitats al Govern d\u2019Israel pels crims comesos.<\/strong>\u00a0 CCOO mostra, un cop m\u00e9s, el seu comprom\u00eds amb la pau, la just\u00edcia social i l\u2019internacionalisme de classe.\u00a0<\/p>\n\n\n\n<p class=\"gb-headline gb-headline-14b91937 gb-headline-text\">Tota la ciutadania est\u00e0 cridada a la mobilitzaci\u00f3 el proper<strong>&nbsp;15 d\u2019octubre<\/strong>&nbsp;<strong>en aturades parcials de dues hores&nbsp;<\/strong>perqu\u00e8 tothom pugui exercir el seu dret a vaga. Les franges hor\u00e0ries s\u00f3n: de 10 a 12 h del mat\u00ed, de 17 a 19 h de la tarda i de 2 a 4 h de la nit. Estan previstes diferents activitats i mobilitzacions als centres de treball i als territoris.<\/p>\n\n\n\n<p class=\"gb-headline gb-headline-a38b9035 gb-headline-text\">A la <strong>Diputaci\u00f3 de Barcelona<\/strong> es far\u00e0 un acte conjunt CCOO i UGT de <strong>10:00h a 10:15h<\/strong> davant l&#8217;edifici de <strong>Can Serra<\/strong>, on es llegir\u00e0 el <strong>manifest conjunt<\/strong> en solidaritat amb palestina.<\/p>\n\n\n\n<div class=\"wp-block-buttons is-content-justification-center is-layout-flex wp-container-core-buttons-is-layout-16018d1d wp-block-buttons-is-layout-flex\">\n<div class=\"wp-block-button is-style-fill\"><a class=\"wp-block-button__link has-text-align-center wp-element-button\" href=\"https:\/\/ccoo.app\/diputacio-de-barcelona\/wp-content\/blogs.dir\/6\/files\/sites\/186\/2025\/10\/manifest-jornada-lluita-palestina-2025.pdf\" style=\"border-radius:0px\">VEURE EL MANIFEST CONJUNT EN FORMAT PDF<\/a><\/div>\n<\/div>\n\n\n\n<div style=\"height:20px\" aria-hidden=\"true\" class=\"wp-block-spacer\"><\/div>\n\n\n\n<figure class=\"gb-block-image gb-block-image-6a683577\"><img loading=\"lazy\" decoding=\"async\" width=\"1536\" height=\"864\" class=\"gb-image gb-image-6a683577\" src=\"https:\/\/ccoo.app\/diputacio-de-barcelona\/wp-content\/blogs.dir\/6\/files\/sites\/186\/2025\/10\/banner-15oct-16-9-2048x1152-1-1536x864-1.png\" alt=\"\" title=\"banner-15oct-16-9-2048x1152-1-1536x864\" srcset=\"https:\/\/ccoo.app\/diputacio-de-barcelona\/wp-content\/blogs.dir\/6\/files\/sites\/186\/2025\/10\/banner-15oct-16-9-2048x1152-1-1536x864-1.png 1536w, https:\/\/ccoo.app\/diputacio-de-barcelona\/wp-content\/blogs.dir\/6\/files\/sites\/186\/2025\/10\/banner-15oct-16-9-2048x1152-1-1536x864-1-300x169.png 300w, https:\/\/ccoo.app\/diputacio-de-barcelona\/wp-content\/blogs.dir\/6\/files\/sites\/186\/2025\/10\/banner-15oct-16-9-2048x1152-1-1536x864-1-1024x576.png 1024w, https:\/\/ccoo.app\/diputacio-de-barcelona\/wp-content\/blogs.dir\/6\/files\/sites\/186\/2025\/10\/banner-15oct-16-9-2048x1152-1-1536x864-1-768x432.png 768w\" sizes=\"auto, (max-width: 1536px) 100vw, 1536px\" \/><\/figure>\n\n\n\n<div style=\"height:20px\" aria-hidden=\"true\" class=\"wp-block-spacer\"><\/div>\n\n\n\n<h4 class=\"gb-headline gb-headline-4201abdd gb-headline-text\">UNEIX-TE A LA JORNADA DE LLUITA PERQU\u00c8 ACABI EL GENOCIDI! <br>PER PALESTINA, PER LES SEVES TREBALLADORES I TREBALLADORS!<\/h4>\n\n\n\n<h4 class=\"gb-headline gb-headline-c4b057f8 gb-headline-text\">STOP GENOCIDI!<\/h4>\n\n\n\n<div style=\"height:100px\" aria-hidden=\"true\" class=\"wp-block-spacer\"><\/div>\n","protected":false},"excerpt":{"rendered":"<p>Les treballadores i els treballadors diem prou al genocidi contra el poble palest\u00ed! CCOO i UGT Diputaci\u00f3 de Barcelona, convoquen una jornada de lluita, el proper dimecres 15 d\u2019octubre, per &#8230; <\/p>\n<p class=\"read-more-container\"><a title=\"15 d\u2019octubre: Mobilitzacions i aturades &#8211; Stop Genocidi! &#8211; Can Serra (10:00h-10:15h)\" class=\"read-more button\" href=\"https:\/\/ccoo.app\/diputacio-de-barcelona\/15-doctubre-mobilitzacions-i-aturades-stop-genocidi-can-serra-1000h-1015h\/#more-54247\" aria-label=\"Leer m\u00e1s sobre 15 d\u2019octubre: Mobilitzacions i aturades &#8211; Stop Genocidi! &#8211; Can Serra (10:00h-10:15h)\">Continuar llegint<\/a><\/p>\n","protected":false},"author":88639,"featured_media":54251,"comment_status":"closed","ping_status":"closed","sticky":false,"template":"","format":"standard","meta":{"footnotes":""},"categories":[38,19],"tags":[],"class_list":["post-54247","post","type-post","status-publish","format-standard","has-post-thumbnail","hentry","category-a-tot-el-personal","category-comunicats","generate-columns","tablet-grid-50","mobile-grid-100","grid-parent","grid-50"],"_links":{"self":[{"href":"https:\/\/ccoo.app\/diputacio-de-barcelona\/wp-json\/wp\/v2\/posts\/54247","targetHints":{"allow":["GET"]}}],"collection":[{"href":"https:\/\/ccoo.app\/diputacio-de-barcelona\/wp-json\/wp\/v2\/posts"}],"about":[{"href":"https:\/\/ccoo.app\/diputacio-de-barcelona\/wp-json\/wp\/v2\/types\/post"}],"author":[{"embeddable":true,"href":"https:\/\/ccoo.app\/diputacio-de-barcelona\/wp-json\/wp\/v2\/users\/88639"}],"replies":[{"embeddable":true,"href":"https:\/\/ccoo.app\/diputacio-de-barcelona\/wp-json\/wp\/v2\/comments?post=54247"}],"version-history":[{"count":5,"href":"https:\/\/ccoo.app\/diputacio-de-barcelona\/wp-json\/wp\/v2\/posts\/54247\/revisions"}],"predecessor-version":[{"id":54263,"href":"https:\/\/ccoo.app\/diputacio-de-barcelona\/wp-json\/wp\/v2\/posts\/54247\/revisions\/54263"}],"wp:featuredmedia":[{"embeddable":true,"href":"https:\/\/ccoo.app\/diputacio-de-barcelona\/wp-json\/wp\/v2\/media\/54251"}],"wp:attachment":[{"href":"https:\/\/ccoo.app\/diputacio-de-barcelona\/wp-json\/wp\/v2\/media?parent=54247"}],"wp:term":[{"taxonomy":"category","embeddable":true,"href":"https:\/\/ccoo.app\/diputacio-de-barcelona\/wp-json\/wp\/v2\/categories?post=54247"},{"taxonomy":"post_tag","embeddable":true,"href":"https:\/\/ccoo.app\/diputacio-de-barcelona\/wp-json\/wp\/v2\/tags?post=54247"}],"curies":[{"name":"wp","href":"https:\/\/api.w.org\/{rel}","templated":true}]}}