{"id":54221,"date":"2025-10-10T08:42:28","date_gmt":"2025-10-10T06:42:28","guid":{"rendered":"https:\/\/ccoo.app\/diputacio-de-barcelona\/?p=54221"},"modified":"2025-10-10T08:42:30","modified_gmt":"2025-10-10T06:42:30","slug":"comite-de-seguretat-i-salut-5","status":"publish","type":"post","link":"https:\/\/ccoo.app\/diputacio-de-barcelona\/comite-de-seguretat-i-salut-5\/","title":{"rendered":"COMIT\u00c8 DE SEGURETAT I SALUT"},"content":{"rendered":"\n<div style=\"height:40px\" aria-hidden=\"true\" class=\"wp-block-spacer\"><\/div>\n\n\n\n<h4 class=\"wp-block-heading has-text-align-center has-text-color\" style=\"color:#d42e12;font-size:28px\">26 DE SETEMBRE DE 2025<\/h4>\n\n\n\n<figure class=\"gb-block-image gb-block-image-1bd8cee7\"><img loading=\"lazy\" decoding=\"async\" width=\"390\" height=\"390\" class=\"gb-image gb-image-1bd8cee7\" src=\"https:\/\/ccoo.app\/diputacio-de-barcelona\/wp-content\/blogs.dir\/6\/files\/sites\/186\/2023\/03\/informacio-salud-laboral.png\" alt=\"Informacio Salud Laboral\" title=\"Informacio Salud Laboral\" srcset=\"https:\/\/ccoo.app\/diputacio-de-barcelona\/wp-content\/blogs.dir\/6\/files\/sites\/186\/2023\/03\/informacio-salud-laboral.png 390w, https:\/\/ccoo.app\/diputacio-de-barcelona\/wp-content\/blogs.dir\/6\/files\/sites\/186\/2023\/03\/informacio-salud-laboral-300x300.png 300w, https:\/\/ccoo.app\/diputacio-de-barcelona\/wp-content\/blogs.dir\/6\/files\/sites\/186\/2023\/03\/informacio-salud-laboral-150x150.png 150w\" sizes=\"auto, (max-width: 390px) 100vw, 390px\" \/><\/figure>\n\n\n\n<div style=\"height:40px\" aria-hidden=\"true\" class=\"wp-block-spacer\"><\/div>\n\n\n\n<p class=\"gb-headline gb-headline-00a0bfc5 gb-headline-text\">A la darrera reuni\u00f3 del Comit\u00e8 de Seguretat i Salut de la Diputaci\u00f3 de Barcelona del dia 26 de setembre&nbsp;<span style=\"text-decoration: underline\"><strong>des de CCOO vam fer una crida a la responsabilitat pel que fa a l\u2019assist\u00e8ncia a les convocat\u00f2ries de comit\u00e8s, subcomit\u00e8s, comissions i grups de treball, ja que \u00faltimament alguna d\u2019elles s\u2019ha hagut d\u2019anul\u00b7lar per manca de qu\u00f2rum<\/strong><\/span>.<\/p>\n\n\n\n<p class=\"gb-headline gb-headline-8700892b gb-headline-text\">A banda d&#8217;aix\u00f2, <span style=\"text-decoration: underline\"><strong>des de CCOO es van tractar els seg\u00fcents punts, entre d\u2019altres, que afecten les condicions de seguretat i salut<\/strong><\/span>&nbsp;dels treballadors i treballadores de la corporaci\u00f3:<\/p>\n\n\n\n<div style=\"height:10px\" aria-hidden=\"true\" class=\"wp-block-spacer\"><\/div>\n\n\n<div class=\"gb-container gb-container-5d0fa1dd\">\n\n<h4 class=\"gb-headline gb-headline-b555aa4e gb-headline-text\">FORMACI\u00d3<\/h4>\n\n\n\n<ul class=\"wp-block-list\">\n<li><strong><span style=\"text-decoration: underline\">Demanem informaci\u00f3 sobre la formaci\u00f3 b\u00e0sica en prevenci\u00f3 de riscos, Recurs Preventiu<\/span><\/strong>, ja que estava planificada pel segon semestre d\u2019aquest any i encara no s\u2019ha ofert als <strong><span style=\"text-decoration: underline\">col\u00b7lectius susceptibles de fer-la (brigades d\u2019Edificaci\u00f3, Parcs Naturals i Infraestructures Vi\u00e0ries)<\/span><\/strong>. La resposta que obtenim \u00e9s que aquesta formaci\u00f3 ja est\u00e0 preparada, que \u00e9s probable que s\u2019inici\u00ef abans de finalitzar l\u2019any, per\u00f2 que no es podr\u00e0 acabar segurament fins a l\u2019any vinent.<\/li>\n\n\n\n<li><strong><span style=\"text-decoration: underline\">Sol\u00b7licitem que la formaci\u00f3 dirigida als treballadors i treballadores de Parcs Naturals es realitzi<\/span><\/strong>, sempre que sigui possible, <strong><span style=\"text-decoration: underline\">dins de l\u2019horari laboral<\/span><\/strong>, sobretot quan aquest personal s\u2019ha de traslladar de Parc per realitzar la formaci\u00f3.<\/li>\n\n\n\n<li><strong><span style=\"text-decoration: underline\">Agra\u00efm a l\u2019OPRL tota la feina feta en l&#8217;\u00e0mbit de formaci\u00f3 tant a la Diputaci\u00f3 de Barcelona com a l\u2019ORGT i insistim en la manca de dades tant de l\u2019Institut del Teatre com del Patronat d\u2019Apostes<\/span><\/strong>.<\/li>\n<\/ul>\n\n<\/div>\n\n<div class=\"gb-container gb-container-f2168796\">\n\n<h4 class=\"gb-headline gb-headline-4a3ce4b2 gb-headline-text\">ULLERES GRADUADES<\/h4>\n\n\n\n<ul class=\"wp-block-list\">\n<li>Derivat de la sent\u00e8ncia de 22 de setembre del 2022 del TJUE, l\u2019OPRL ens va presentar un informe sobre <span style=\"text-decoration: underline\"><strong>l\u2019obligaci\u00f3 de la Diputaci\u00f3 de Barcelona de compensar l\u2019adquisici\u00f3 de dispositius correctors especials als empleats i empleades considerades usu\u00e0ries de pantalles de visualitzaci\u00f3 de dades.&nbsp; Des de CCOO vam fer la proposta de fer extensius aquests correctors per a totes les dist\u00e0ncies visuals<\/strong><\/span><strong><span style=\"text-decoration: underline\">, per\u00f2 malauradament, el dia d\u2019avui, continuem sense resposta<\/span><\/strong>.<\/li>\n<\/ul>\n\n<\/div>\n\n<div class=\"gb-container gb-container-1728f33b\">\n\n<h4 class=\"gb-headline gb-headline-938a8999 gb-headline-text\">PLA DE SEGURETAT<\/h4>\n\n\n\n<ul class=\"wp-block-list\">\n<li><strong><span style=\"text-decoration: underline\">Tornem a reclamar una reuni\u00f3<\/span><\/strong> per tenir coneixement de la informaci\u00f3 que hi ha en mat\u00e8ria de seguretat i poder treballar amb les diferents Ger\u00e8ncies. <strong><span style=\"text-decoration: underline\">Ens proposen reunir-nos al desembre per fer la presentaci\u00f3 de la proposta del nou del Pla Estrat\u00e8gic de Seguretat<\/span><\/strong>.<\/li>\n<\/ul>\n\n<\/div>\n\n<div class=\"gb-container gb-container-03901ee1\">\n\n<h4 class=\"gb-headline gb-headline-dac42f6e gb-headline-text\">PLA DE SALUT MENTAL<\/h4>\n\n\n\n<ul class=\"wp-block-list\">\n<li><strong><span style=\"text-decoration: underline\">Insistim en la import\u00e0ncia d&#8217;elaborar un Pla de Salut Mental a la Diputaci\u00f3 de Barcelona<\/span><\/strong>. Ens informen que hi estan treballant i que pr\u00f2ximament rebrem not\u00edcies.<\/li>\n<\/ul>\n\n<\/div>\n\n<div class=\"gb-container gb-container-af3216ca\">\n\n<h4 class=\"gb-headline gb-headline-561c98a7 gb-headline-text\">INSTITUT DEL TEATRE<\/h4>\n\n\n\n<ul class=\"wp-block-list\">\n<li><strong><span style=\"text-decoration: underline\">Sol\u00b7licitem que se\u2019ns faci arribar totes les convocat\u00f2ries relacionades amb la seguretat i la salut dels treballadors i treballadores d\u2019aquest organisme per tal de garantir la nostra participaci\u00f3<\/span><\/strong>.<\/li>\n\n\n\n<li><strong><span style=\"text-decoration: underline\">Sol\u00b7licitem les dades de l\u2019avaluaci\u00f3 de riscos psicosocials segregades pel tipus de personal que integra l\u2019Institut del Teatre<\/span><\/strong>, funcionari o laboral, <strong><span style=\"text-decoration: underline\">per poder con\u00e8ixer la problem\u00e0tica real del col\u00b7lectiu al qual representem<\/span><\/strong>, aix\u00ed com <strong><span style=\"text-decoration: underline\">el document complet<\/span><\/strong>, ja que hi ha dades sobre les quals es fa refer\u00e8ncia, per\u00f2 que no apareixen (taules, esquemes, resultats, responsables, recursos, calendari d\u2019execuci\u00f3, etc.) <strong><span style=\"text-decoration: underline\">i demanem la nostra participaci\u00f3 en el seguiment de les mesures preventives adoptades<\/span><\/strong>.<\/li>\n\n\n\n<li><strong><span style=\"text-decoration: underline\">Exigim que se\u2019ns garanteixi l\u2019acc\u00e9s a tota la informaci\u00f3 en mat\u00e8ria de seguretat i salut que afecta el personal funcionari<\/span><\/strong> DiBa adscrit a l\u2019Institut del Teatre. Des de l\u2019OPRL se\u2019ns informa que s\u2019est\u00e0 treballant en aquesta l\u00ednia per tal que tots els delegats i delegades de prevenci\u00f3 puguem disposar de tota aquesta informaci\u00f3.<\/li>\n<\/ul>\n\n<\/div>\n\n\n<p class=\"gb-headline gb-headline-a186248c gb-headline-text\">Volem fer tamb\u00e9 una menci\u00f3 especial en aquest comunicat al nou espai que s\u2019est\u00e0 habilitant com a <strong><u>sala de lact\u00e0ncia a l\u2019Edifici Serradell de Mundet, acci\u00f3 emmarcada dins del II Pla d&#8217;Igualtat de G\u00e8nere de la Diputaci\u00f3 de Barcelona<\/u><\/strong>.<\/p>\n\n\n\n<p class=\"gb-headline gb-headline-e3286b67 gb-headline-text\"><strong><u>Des de l\u2019OPRL vam ser convidades, totes quatre seccions sindicals, a fer una primera visita a aquestes depend\u00e8ncies<\/u><\/strong>, la qual inclo\u00efa l\u2019avaluaci\u00f3 de riscos laborals, <strong><u>per\u00f2 nom\u00e9s va haver-hi representaci\u00f3 sindical de les nostres delegades de prevenci\u00f3 de CCOO<\/u><\/strong>.<\/p>\n\n\n\n<p class=\"gb-headline gb-headline-f15df651 gb-headline-text\">Arran d\u2019aquesta visita, <strong><u>CCOO va presentar per registre una proposta de millora d\u2019aquest espai obtenint molt bona acceptaci\u00f3 per part de la corporaci\u00f3<\/u><\/strong> a la reuni\u00f3 de la Comissi\u00f3 de Seguiment del II Pla d&#8217;Igualtat de G\u00e8nere <strong><u>i aconseguint el comprom\u00eds per\u00a0fixar properament una reuni\u00f3 per fixar criteris per a la millora d\u2019aquesta sala<\/u><\/strong>.<\/p>\n\n\n\n<div style=\"height:40px\" aria-hidden=\"true\" class=\"wp-block-spacer\"><\/div>\n\n\n<div class=\"wp-block-image\">\n<figure class=\"aligncenter size-full is-resized\"><img loading=\"lazy\" decoding=\"async\" width=\"512\" height=\"512\" src=\"https:\/\/ccoo.app\/diputacio-de-barcelona\/wp-content\/blogs.dir\/6\/files\/sites\/186\/2023\/04\/preguntes.png\" alt=\"Preguntes\" class=\"wp-image-52698\" style=\"width:128px;height:128px\" srcset=\"https:\/\/ccoo.app\/diputacio-de-barcelona\/wp-content\/blogs.dir\/6\/files\/sites\/186\/2023\/04\/preguntes.png 512w, https:\/\/ccoo.app\/diputacio-de-barcelona\/wp-content\/blogs.dir\/6\/files\/sites\/186\/2023\/04\/preguntes-300x300.png 300w, https:\/\/ccoo.app\/diputacio-de-barcelona\/wp-content\/blogs.dir\/6\/files\/sites\/186\/2023\/04\/preguntes-150x150.png 150w\" sizes=\"auto, (max-width: 512px) 100vw, 512px\" \/><\/figure>\n<\/div>\n\n<div class=\"gb-container gb-container-d4283c0a\">\n\n<div style=\"height:25px\" aria-hidden=\"true\" class=\"wp-block-spacer\"><\/div>\n\n\n\n<h4 class=\"gb-headline gb-headline-66b0aa8f gb-headline-text\">SALUT LABORAL<\/h4>\n\n\n\n<h3 class=\"gb-headline gb-headline-f5c8f4d8 gb-headline-text\"><strong>No et quedis mai amb el dubte,<br>contacta amb  CCOO<\/strong><\/h3>\n\n\n\n<div class=\"wp-block-buttons is-content-justification-center is-layout-flex wp-container-core-buttons-is-layout-16018d1d wp-block-buttons-is-layout-flex\">\n<div class=\"wp-block-button is-style-fill\"><a class=\"wp-block-button__link has-base-3-color has-contrast-2-background-color has-text-color has-background wp-element-button\" href=\"https:\/\/ccoo.app\/diputacio-de-barcelona\/seccio-sindical-de-ccoo\/\" style=\"border-radius:0px\">CONTACTA&#8217;NS<\/a><\/div>\n<\/div>\n\n<\/div>\n\n\n<div style=\"height:40px\" aria-hidden=\"true\" class=\"wp-block-spacer\"><\/div>\n\n\n\n<div class=\"wp-block-group\"><div class=\"wp-block-group__inner-container is-layout-constrained wp-block-group-is-layout-constrained\"><div class=\"gb-grid-wrapper gb-grid-wrapper-d65739e2\">\n<div class=\"gb-grid-column gb-grid-column-ecc8725d\"><div class=\"gb-container gb-container-ecc8725d\"><div class=\"gb-inside-container\">\n<div class=\"wp-block-image\">\n<figure class=\"aligncenter size-full\"><img loading=\"lazy\" decoding=\"async\" width=\"129\" height=\"38\" src=\"https:\/\/ccoo.app\/diputacio-de-barcelona\/wp-content\/blogs.dir\/6\/files\/sites\/186\/2022\/03\/tel.png\" alt=\"Tel\" class=\"wp-image-49915\" \/><\/figure>\n<\/div>\n<\/div><\/div><\/div>\n\n<div class=\"gb-grid-column gb-grid-column-4c28778f\"><div class=\"gb-container gb-container-4c28778f\"><div class=\"gb-inside-container\">\n<div class=\"wp-block-image\">\n<figure class=\"aligncenter size-full\"><a href=\"mailto:ccoo@diba.cat\"><img loading=\"lazy\" decoding=\"async\" width=\"51\" height=\"37\" src=\"https:\/\/ccoo.app\/diputacio-de-barcelona\/wp-content\/blogs.dir\/6\/files\/sites\/186\/2022\/03\/mail.png\" alt=\"Mail\" class=\"wp-image-49916\" \/><\/a><\/figure>\n<\/div>\n<\/div><\/div><\/div>\n\n<div class=\"gb-grid-column gb-grid-column-c6cc0957\"><div class=\"gb-container gb-container-c6cc0957\"><div class=\"gb-inside-container\">\n<div class=\"wp-block-image\">\n<figure class=\"aligncenter size-full\"><a href=\"https:\/\/twitter.com\/ccoodiba\"><img loading=\"lazy\" decoding=\"async\" width=\"44\" height=\"38\" src=\"https:\/\/ccoo.app\/diputacio-de-barcelona\/wp-content\/blogs.dir\/6\/files\/sites\/186\/2022\/03\/tw.png\" alt=\"Tw\" class=\"wp-image-49917\" \/><\/a><\/figure>\n<\/div>\n<\/div><\/div><\/div>\n\n<div class=\"gb-grid-column gb-grid-column-1598237d\"><div class=\"gb-container gb-container-1598237d\"><div class=\"gb-inside-container\">\n<div class=\"wp-block-image\">\n<figure class=\"aligncenter size-full\"><a href=\"https:\/\/www.instagram.com\/ccoo_diba\/\"><img loading=\"lazy\" decoding=\"async\" width=\"45\" height=\"44\" src=\"https:\/\/ccoo.app\/diputacio-de-barcelona\/wp-content\/blogs.dir\/6\/files\/sites\/186\/2022\/03\/ig.png\" alt=\"Ig\" class=\"wp-image-49918\" \/><\/a><\/figure>\n<\/div>\n<\/div><\/div><\/div>\n\n<div class=\"gb-grid-column gb-grid-column-2db731fe\"><div class=\"gb-container gb-container-2db731fe\"><div class=\"gb-inside-container\">\n<div class=\"wp-block-image\">\n<figure class=\"aligncenter size-full\"><a href=\"https:\/\/ccoo.app\/diputacio-de-barcelona\"><img loading=\"lazy\" decoding=\"async\" width=\"39\" height=\"40\" src=\"https:\/\/ccoo.app\/diputacio-de-barcelona\/wp-content\/blogs.dir\/6\/files\/sites\/186\/2022\/03\/www.png\" alt=\"Www\" class=\"wp-image-49919\" \/><\/a><\/figure>\n<\/div>\n<\/div><\/div><\/div>\n\n<div class=\"gb-grid-column gb-grid-column-f3651540\"><div class=\"gb-container gb-container-f3651540\"><div class=\"gb-inside-container\">\n<div class=\"wp-block-image is-resized\">\n<figure class=\"aligncenter size-full\"><a href=\"https:\/\/www.ccoo.cat\/afiliat\/?_sfm_aff_situation=94\"><img loading=\"lazy\" decoding=\"async\" width=\"125\" height=\"38\" src=\"https:\/\/ccoo.app\/diputacio-de-barcelona\/wp-content\/blogs.dir\/6\/files\/sites\/186\/2022\/03\/af.png\" alt=\"Af\" class=\"wp-image-49920\" \/><\/a><\/figure>\n<\/div>\n<\/div><\/div><\/div>\n<\/div><\/div><\/div>\n","protected":false},"excerpt":{"rendered":"<p>26 DE SETEMBRE DE 2025 A la darrera reuni\u00f3 del Comit\u00e8 de Seguretat i Salut de la Diputaci\u00f3 de Barcelona del dia 26 de setembre&nbsp;des de CCOO vam fer una &#8230; <\/p>\n<p class=\"read-more-container\"><a title=\"COMIT\u00c8 DE SEGURETAT I SALUT\" class=\"read-more button\" href=\"https:\/\/ccoo.app\/diputacio-de-barcelona\/comite-de-seguretat-i-salut-5\/#more-54221\" aria-label=\"Leer m\u00e1s sobre COMIT\u00c8 DE SEGURETAT I SALUT\">Continuar llegint<\/a><\/p>\n","protected":false},"author":88639,"featured_media":52365,"comment_status":"closed","ping_status":"closed","sticky":false,"template":"","format":"standard","meta":{"footnotes":""},"categories":[38,19,35],"tags":[],"class_list":["post-54221","post","type-post","status-publish","format-standard","has-post-thumbnail","hentry","category-a-tot-el-personal","category-comunicats","category-salut-laboral","generate-columns","tablet-grid-50","mobile-grid-100","grid-parent","grid-50"],"_links":{"self":[{"href":"https:\/\/ccoo.app\/diputacio-de-barcelona\/wp-json\/wp\/v2\/posts\/54221","targetHints":{"allow":["GET"]}}],"collection":[{"href":"https:\/\/ccoo.app\/diputacio-de-barcelona\/wp-json\/wp\/v2\/posts"}],"about":[{"href":"https:\/\/ccoo.app\/diputacio-de-barcelona\/wp-json\/wp\/v2\/types\/post"}],"author":[{"embeddable":true,"href":"https:\/\/ccoo.app\/diputacio-de-barcelona\/wp-json\/wp\/v2\/users\/88639"}],"replies":[{"embeddable":true,"href":"https:\/\/ccoo.app\/diputacio-de-barcelona\/wp-json\/wp\/v2\/comments?post=54221"}],"version-history":[{"count":4,"href":"https:\/\/ccoo.app\/diputacio-de-barcelona\/wp-json\/wp\/v2\/posts\/54221\/revisions"}],"predecessor-version":[{"id":54246,"href":"https:\/\/ccoo.app\/diputacio-de-barcelona\/wp-json\/wp\/v2\/posts\/54221\/revisions\/54246"}],"wp:featuredmedia":[{"embeddable":true,"href":"https:\/\/ccoo.app\/diputacio-de-barcelona\/wp-json\/wp\/v2\/media\/52365"}],"wp:attachment":[{"href":"https:\/\/ccoo.app\/diputacio-de-barcelona\/wp-json\/wp\/v2\/media?parent=54221"}],"wp:term":[{"taxonomy":"category","embeddable":true,"href":"https:\/\/ccoo.app\/diputacio-de-barcelona\/wp-json\/wp\/v2\/categories?post=54221"},{"taxonomy":"post_tag","embeddable":true,"href":"https:\/\/ccoo.app\/diputacio-de-barcelona\/wp-json\/wp\/v2\/tags?post=54221"}],"curies":[{"name":"wp","href":"https:\/\/api.w.org\/{rel}","templated":true}]}}