{"id":54216,"date":"2025-10-08T15:28:09","date_gmt":"2025-10-08T13:28:09","guid":{"rendered":"https:\/\/ccoo.app\/diputacio-de-barcelona\/?p=54216"},"modified":"2025-10-08T15:28:11","modified_gmt":"2025-10-08T13:28:11","slug":"trobada-institucional-2-doctubre-de-2025-ccoo-diputacio-de-barcelona","status":"publish","type":"post","link":"https:\/\/ccoo.app\/diputacio-de-barcelona\/trobada-institucional-2-doctubre-de-2025-ccoo-diputacio-de-barcelona\/","title":{"rendered":"TROBADA INSTITUCIONAL 2 D&#8217;OCTUBRE DE 2025 CCOO-DIPUTACI\u00d3 DE BARCELONA"},"content":{"rendered":"\n<div style=\"height:40px\" aria-hidden=\"true\" class=\"wp-block-spacer\"><\/div>\n\n\n\n<p class=\"gb-headline gb-headline-330d3586 gb-headline-text\">El passat 2 d\u2019octubre, la <strong>Secci\u00f3 Sindical de CCOO a la Diputaci\u00f3 de Barcelona va mantenir una reuni\u00f3 amb la Presidenta de la Diputaci\u00f3, Sra. Llu\u00efsa Moret<\/strong>. A la reuni\u00f3 ens va acompanyar la nostra <strong>Secret\u00e0ria general, Sra. Bel\u00e9n L\u00f3pez<\/strong>.<\/p>\n\n\n<div class=\"gb-grid-wrapper gb-grid-wrapper-4d49796c\">\n<div class=\"gb-grid-column gb-grid-column-1e7204ea\"><div class=\"gb-container gb-container-1e7204ea\">\n<div class=\"wp-block-image\">\n<figure class=\"aligncenter size-large is-resized\"><img loading=\"lazy\" decoding=\"async\" width=\"1024\" height=\"768\" src=\"https:\/\/ccoo.app\/diputacio-de-barcelona\/wp-content\/blogs.dir\/6\/files\/sites\/186\/2025\/10\/Trobada-institucional-2025-10-08-04-1024x768.jpeg\" alt=\"\" class=\"wp-image-54235\" style=\"width:400px\" srcset=\"https:\/\/ccoo.app\/diputacio-de-barcelona\/wp-content\/blogs.dir\/6\/files\/sites\/186\/2025\/10\/Trobada-institucional-2025-10-08-04-1024x768.jpeg 1024w, https:\/\/ccoo.app\/diputacio-de-barcelona\/wp-content\/blogs.dir\/6\/files\/sites\/186\/2025\/10\/Trobada-institucional-2025-10-08-04-300x225.jpeg 300w, https:\/\/ccoo.app\/diputacio-de-barcelona\/wp-content\/blogs.dir\/6\/files\/sites\/186\/2025\/10\/Trobada-institucional-2025-10-08-04-768x576.jpeg 768w, https:\/\/ccoo.app\/diputacio-de-barcelona\/wp-content\/blogs.dir\/6\/files\/sites\/186\/2025\/10\/Trobada-institucional-2025-10-08-04-1536x1152.jpeg 1536w, https:\/\/ccoo.app\/diputacio-de-barcelona\/wp-content\/blogs.dir\/6\/files\/sites\/186\/2025\/10\/Trobada-institucional-2025-10-08-04.jpeg 1600w\" sizes=\"auto, (max-width: 1024px) 100vw, 1024px\" \/><\/figure>\n<\/div>\n<\/div><\/div>\n\n<div class=\"gb-grid-column gb-grid-column-5ce2f249\"><div class=\"gb-container gb-container-5ce2f249\">\n<div class=\"wp-block-image is-style-default\">\n<figure class=\"aligncenter size-large is-resized\"><img loading=\"lazy\" decoding=\"async\" width=\"1024\" height=\"732\" src=\"https:\/\/ccoo.app\/diputacio-de-barcelona\/wp-content\/blogs.dir\/6\/files\/sites\/186\/2025\/10\/Trobada-institucional-2025-10-08-02-1024x732.jpeg\" alt=\"\" class=\"wp-image-54233\" style=\"width:400px\" srcset=\"https:\/\/ccoo.app\/diputacio-de-barcelona\/wp-content\/blogs.dir\/6\/files\/sites\/186\/2025\/10\/Trobada-institucional-2025-10-08-02-1024x732.jpeg 1024w, https:\/\/ccoo.app\/diputacio-de-barcelona\/wp-content\/blogs.dir\/6\/files\/sites\/186\/2025\/10\/Trobada-institucional-2025-10-08-02-300x215.jpeg 300w, https:\/\/ccoo.app\/diputacio-de-barcelona\/wp-content\/blogs.dir\/6\/files\/sites\/186\/2025\/10\/Trobada-institucional-2025-10-08-02-768x549.jpeg 768w, https:\/\/ccoo.app\/diputacio-de-barcelona\/wp-content\/blogs.dir\/6\/files\/sites\/186\/2025\/10\/Trobada-institucional-2025-10-08-02-1536x1098.jpeg 1536w, https:\/\/ccoo.app\/diputacio-de-barcelona\/wp-content\/blogs.dir\/6\/files\/sites\/186\/2025\/10\/Trobada-institucional-2025-10-08-02.jpeg 1600w\" sizes=\"auto, (max-width: 1024px) 100vw, 1024px\" \/><\/figure>\n<\/div>\n<\/div><\/div>\n<\/div>\n\n\n<p class=\"gb-headline gb-headline-2b2b30b1 gb-headline-text\"><br>Aquesta trobada es va concebre com un espai de di\u00e0leg i interlocuci\u00f3 institucional on es va traslladar, de primera m\u00e0, la visi\u00f3, les demandes i les propostes del nostre sindicat sobre la situaci\u00f3 actual de la plantilla.<\/p>\n\n\n\n<p>Entre d\u2019altres, des del nostre sindicat vam arrencar els seg\u00fcent compromisos a la Presidenta:<\/p>\n\n\n\n<div style=\"height:10px\" aria-hidden=\"true\" class=\"wp-block-spacer\"><\/div>\n\n\n\n<h4 class=\"gb-headline gb-headline-1436ff06 gb-headline-text\">Implementaci\u00f3 grup B<\/h4>\n\n\n\n<p class=\"gb-headline gb-headline-85189713 gb-headline-text\">Hem recordat a la Presidenta la necessitat de reactivar la comissi\u00f3 de valoraci\u00f3 de llocs de treball per, entre d\u2019altres coses, <strong>treballar per a la implementaci\u00f3 del grup B<\/strong>. Actualment, la comissi\u00f3 es troba aturada des de fa mesos i des de CCOO vam demanar la seva reactivaci\u00f3. En aquest sentit, <strong>la Presidenta ha expressat la seva voluntat d\u2019impulsar aquest tema<\/strong> i de <strong>reprendre els treballs de la comissi\u00f3<\/strong> Properament us podrem informar de com avan\u00e7a aquest tema.<\/p>\n\n\n\n<h4 class=\"gb-headline gb-headline-25efd0b0 gb-headline-text\">Reactivaci\u00f3 Plans de Pensions<\/h4>\n\n\n\n<p class=\"gb-headline gb-headline-6d09dc84 gb-headline-text\">A la <strong>Diputaci\u00f3 de Barcelona <\/strong>disposem d\u2019un <strong>pla de pensions<\/strong> al qual actualment nom\u00e9s poden aportar-hi els empleats i empleades que ho desitgin, ja que <strong>des del 2018 la corporaci\u00f3 no hi fa cap aportaci\u00f3 econ\u00f2mica<\/strong>.<br><br><strong>Des del nostre sindicat seguim reclamant que els diners que estaven destinats als incentius per jubilaci\u00f3 anticipada<\/strong> que el Tribunal Suprem ens va sentenciar que no pod\u00edem percebre, siguin els diners que s\u2019apliquin en els Plans de Pensions. La presidenta de la Diputaci\u00f3 ens va afirmar que, en el moment que sigui viable, es posaran tots els diners que siguin necessaris. <strong>Tot i que som l\u2019\u00fanic sindicat que hem fet aquesta reclamaci\u00f3<\/strong>.<\/p>\n\n\n\n<h4 class=\"gb-headline gb-headline-1c852d90 gb-headline-text\">Teletreball<\/h4>\n\n\n\n<p class=\"gb-headline gb-headline-af29f387 gb-headline-text\">Actualment disposem d\u2019una regulaci\u00f3 de teletreball que contempla fins a un m\u00e0xim de <strong>3 jornades de jornades a la setmana en remot i 2 presencials<\/strong>. Des de CCOO <strong>volem mantenir aquesta manera de prestaci\u00f3 del servei<\/strong> sense perjudici de la vocaci\u00f3 de servei p\u00fablic i la Presidenta ens ha garantit que se seguir\u00e0 en aquest model de prestaci\u00f3 del servei.<\/p>\n\n\n\n<h4 class=\"gb-headline gb-headline-0291b391 gb-headline-text\">Carrera professional<\/h4>\n\n\n\n<p class=\"gb-headline gb-headline-b57f1117 gb-headline-text\">A la Diputaci\u00f3 de Barcelona disposem d\u2019un <strong>acord signat l\u2019any 2020 per regular la carrera professional<\/strong> per al conjunt de la plantilla. Aquest acord, que va estar durant uns anys pressupostat en 6 milions d\u2019euros i que hores d\u2019ara no ho est\u00e0 (per tant, la plantilla hem perdut aquests diners), <strong>no ha estat possible executar-lo per les dificultats jur\u00eddiques<\/strong> al ser la DIBA una administraci\u00f3 sense cap compet\u00e8ncia legislativa. <strong>Cal una llei de funci\u00f3 p\u00fablica catalana<\/strong> i exhortem a la DIBA a que com a 3a administraci\u00f3 del pa\u00eds encap\u00e7ali el m\u00f3n local i faciliti aquesta tramitaci\u00f3 parlament\u00e0ria i legislativa a Catalunya. <strong>Cal aprofitar les sinergies del Govern Central amb el Govern de la Generalitat sumant-hi la Diputaci\u00f3 de Barcelona<\/strong>. Totes 3 administracions governades pel Partit Socialista.<\/p>\n\n\n\n<h4 class=\"gb-headline gb-headline-47455c4f gb-headline-text\">Jubilaci\u00f3 parcial anticipada<\/h4>\n\n\n\n<p class=\"gb-headline gb-headline-6d692af6 gb-headline-text\">D\u2019igual manera que en l\u2019apartat anterior, <strong>el funcionariat no pot acollir-se a una jubilaci\u00f3 parcial anticipada<\/strong>. En aquest cas, <strong>cal fer les gestions<\/strong> i pressions oportunes als ministeris competents -especialment al de Funci\u00f3 P\u00fablica- per tal que doni viabilitat legislativa i jur\u00eddica amb <strong>canvis substancials per propiciar que aquest dret sigui factible per al conjunt d\u2019empleats p\u00fablics<\/strong>.<\/p>\n\n\n\n<h4 class=\"gb-headline gb-headline-82b691ac gb-headline-text\">Increment salarial<\/h4>\n\n\n\n<p class=\"gb-headline gb-headline-3189e2a5 gb-headline-text\">Tal com&nbsp;<strong>hem reclamat en les darreres mobilitzacions<\/strong>&nbsp;davant del Ministeri d\u2019Hisenda, cal seguir treballant amb els ministeris competents en programes plurianuals d\u2019increment salarial per als i les funcion\u00e0ries. La&nbsp;<strong>Diputaci\u00f3 de Barcelona<\/strong>&nbsp;no t\u00e9 compet\u00e8ncies legislatives en aquest \u00e0mbit, per\u00f2 s\u00ed un&nbsp;<strong>prestigi dins del m\u00f3n local que pot afavorir aquestes negociacions i la sensibilitat d\u2019un personal que es troba com a refer\u00e8ncia de la ciutadania<\/strong>&nbsp;en ser la primera administraci\u00f3 d\u2019actuaci\u00f3 en els nostres municipis.<\/p>\n\n\n\n<div style=\"height:10px\" aria-hidden=\"true\" class=\"wp-block-spacer\"><\/div>\n\n\n\n<h4 class=\"gb-headline gb-headline-1c6bee61 gb-headline-text\">LA DIPUTACI\u00d3 DE BARCELONA. INSTITUCI\u00d3 DE REFER\u00c8NCIA<\/h4>\n\n\n\n<p class=\"gb-headline gb-headline-6101be3f gb-headline-text\"><strong>La Diputaci\u00f3 de Barcelona<\/strong>, com d\u00e8iem abans,&nbsp;<strong>t\u00e9 un reconegut prestigi<\/strong>&nbsp;dins de l\u2019\u00e0mbit del m\u00f3n local. No nom\u00e9s per les condicions de treball del seu personal sin\u00f3, tamb\u00e9, per ser refer\u00e8ncia en l\u2019excel\u00b7l\u00e8ncia de la&nbsp;<strong>prestaci\u00f3 dels serveis p\u00fablics<\/strong>. Serveis p\u00fablics que compten amb els i les millors professionals i que, a m\u00e9s a m\u00e9s, resten garantits per una forta injecci\u00f3 pressupost\u00e0ria. Des de CCOO sempre hem valorat que no nom\u00e9s cal fer pol\u00edtiques p\u00fabliques per millorar les condicions de vida de la classe treballadora sin\u00f3 que han d\u2019anar acompanyades de recursos per portar-les a terme i quedar-se en un simple esl\u00f2gan. Per aquest motiu&nbsp;<strong>volem recon\u00e8ixer la feina de la Diputaci\u00f3 de Barcelona<\/strong>: des de l\u2019\u00e0mbit sanitari amb el&nbsp;<strong>servei de teleassist\u00e8ncia<\/strong>&nbsp;o del&nbsp;<strong>RESPIR<\/strong>; passant per la&nbsp;<strong>conservaci\u00f3 de carreteres o dels parcs naturals<\/strong>; les&nbsp;<strong>oficines de recaptaci\u00f3 i gesti\u00f3 de tributs<\/strong>; la&nbsp;<strong>Xarxa de Biblioteques Municipals<\/strong>&nbsp;o la quantitat ingent de&nbsp;<strong>serveis que es presten als ajuntaments<\/strong>&nbsp;en mat\u00e8ria d\u2019arquitectura, esports, urbanisme, etc.<\/p>\n\n\n\n<p class=\"gb-headline gb-headline-d5bb29f6 gb-headline-text\"><strong>Des de CCOO reconeixem i valorem aquest comprom\u00eds amb el servei p\u00fablic<\/strong>, i&nbsp;<strong>encoratgem la corporaci\u00f3 i la seva Presidenta a continuar treballant en aquesta l\u00ednia<\/strong>, consolidant una Diputaci\u00f3 de Barcelona forta, moderna i al servei de la ciutadania i de la seva plantilla.<\/p>\n\n\n<div class=\"gb-grid-wrapper gb-grid-wrapper-c49f8fbf\">\n<div class=\"gb-grid-column gb-grid-column-cb6d8702\"><div class=\"gb-container gb-container-cb6d8702\">\n<div class=\"wp-block-image\">\n<figure class=\"aligncenter size-large is-resized\"><img loading=\"lazy\" decoding=\"async\" width=\"1024\" height=\"662\" src=\"https:\/\/ccoo.app\/diputacio-de-barcelona\/wp-content\/blogs.dir\/6\/files\/sites\/186\/2025\/10\/Trobada-institucional-2025-10-08-03-1024x662.jpeg\" alt=\"\" class=\"wp-image-54234\" style=\"width:400px\" srcset=\"https:\/\/ccoo.app\/diputacio-de-barcelona\/wp-content\/blogs.dir\/6\/files\/sites\/186\/2025\/10\/Trobada-institucional-2025-10-08-03-1024x662.jpeg 1024w, https:\/\/ccoo.app\/diputacio-de-barcelona\/wp-content\/blogs.dir\/6\/files\/sites\/186\/2025\/10\/Trobada-institucional-2025-10-08-03-300x194.jpeg 300w, https:\/\/ccoo.app\/diputacio-de-barcelona\/wp-content\/blogs.dir\/6\/files\/sites\/186\/2025\/10\/Trobada-institucional-2025-10-08-03-768x496.jpeg 768w, https:\/\/ccoo.app\/diputacio-de-barcelona\/wp-content\/blogs.dir\/6\/files\/sites\/186\/2025\/10\/Trobada-institucional-2025-10-08-03-1536x993.jpeg 1536w, https:\/\/ccoo.app\/diputacio-de-barcelona\/wp-content\/blogs.dir\/6\/files\/sites\/186\/2025\/10\/Trobada-institucional-2025-10-08-03.jpeg 1600w\" sizes=\"auto, (max-width: 1024px) 100vw, 1024px\" \/><\/figure>\n<\/div>\n<\/div><\/div>\n\n<div class=\"gb-grid-column gb-grid-column-477f5c68\"><div class=\"gb-container gb-container-477f5c68\">\n<div class=\"wp-block-image is-style-default\">\n<figure class=\"aligncenter size-large is-resized\"><img loading=\"lazy\" decoding=\"async\" width=\"1024\" height=\"630\" src=\"https:\/\/ccoo.app\/diputacio-de-barcelona\/wp-content\/blogs.dir\/6\/files\/sites\/186\/2025\/10\/Trobada-institucional-2025-10-08-01-1024x630.jpeg\" alt=\"\" class=\"wp-image-54232\" style=\"width:400px\" srcset=\"https:\/\/ccoo.app\/diputacio-de-barcelona\/wp-content\/blogs.dir\/6\/files\/sites\/186\/2025\/10\/Trobada-institucional-2025-10-08-01-1024x630.jpeg 1024w, https:\/\/ccoo.app\/diputacio-de-barcelona\/wp-content\/blogs.dir\/6\/files\/sites\/186\/2025\/10\/Trobada-institucional-2025-10-08-01-300x185.jpeg 300w, https:\/\/ccoo.app\/diputacio-de-barcelona\/wp-content\/blogs.dir\/6\/files\/sites\/186\/2025\/10\/Trobada-institucional-2025-10-08-01-768x473.jpeg 768w, https:\/\/ccoo.app\/diputacio-de-barcelona\/wp-content\/blogs.dir\/6\/files\/sites\/186\/2025\/10\/Trobada-institucional-2025-10-08-01-1536x946.jpeg 1536w, https:\/\/ccoo.app\/diputacio-de-barcelona\/wp-content\/blogs.dir\/6\/files\/sites\/186\/2025\/10\/Trobada-institucional-2025-10-08-01.jpeg 1600w\" sizes=\"auto, (max-width: 1024px) 100vw, 1024px\" \/><\/figure>\n<\/div>\n<\/div><\/div>\n<\/div>\n\n\n<div style=\"height:60px\" aria-hidden=\"true\" class=\"wp-block-spacer\"><\/div>\n\n\n<div class=\"gb-container gb-container-e98089b5\">\n\n<div style=\"height:30px\" aria-hidden=\"true\" class=\"wp-block-spacer\"><\/div>\n\n\n<div class=\"wp-block-image\">\n<figure class=\"aligncenter size-full is-resized\"><img loading=\"lazy\" decoding=\"async\" width=\"512\" height=\"512\" src=\"https:\/\/ccoo.app\/diputacio-de-barcelona\/wp-content\/blogs.dir\/6\/files\/sites\/186\/2023\/04\/preguntes.png\" alt=\"Preguntes\" class=\"wp-image-52698\" style=\"width:128px;height:128px\" srcset=\"https:\/\/ccoo.app\/diputacio-de-barcelona\/wp-content\/blogs.dir\/6\/files\/sites\/186\/2023\/04\/preguntes.png 512w, https:\/\/ccoo.app\/diputacio-de-barcelona\/wp-content\/blogs.dir\/6\/files\/sites\/186\/2023\/04\/preguntes-300x300.png 300w, https:\/\/ccoo.app\/diputacio-de-barcelona\/wp-content\/blogs.dir\/6\/files\/sites\/186\/2023\/04\/preguntes-150x150.png 150w\" sizes=\"auto, (max-width: 512px) 100vw, 512px\" \/><\/figure>\n<\/div>\n\n\n<div style=\"height:60px\" aria-hidden=\"true\" class=\"wp-block-spacer\"><\/div>\n\n\n\n<h3 class=\"gb-headline gb-headline-c5bcf253 gb-headline-text\"><strong>No et quedis mai amb el dubte,<br><\/strong>contacta amb CCOO<\/h3>\n\n\n\n<div class=\"wp-block-buttons is-content-justification-center is-layout-flex wp-container-core-buttons-is-layout-16018d1d wp-block-buttons-is-layout-flex\">\n<div class=\"wp-block-button is-style-fill\"><a class=\"wp-block-button__link has-base-3-color has-contrast-2-background-color has-text-color has-background wp-element-button\" href=\"https:\/\/ccoo.app\/diputacio-de-barcelona\/seccio-sindical-de-ccoo\/\" style=\"border-radius:0px\">CONTACTA&#8217;NS<\/a><\/div>\n<\/div>\n\n<\/div>\n\n\n<div style=\"height:100px\" aria-hidden=\"true\" class=\"wp-block-spacer\"><\/div>\n\n\n\n<div class=\"wp-block-group\"><div class=\"wp-block-group__inner-container is-layout-constrained wp-block-group-is-layout-constrained\"><div class=\"gb-grid-wrapper gb-grid-wrapper-d65739e2\">\n<div class=\"gb-grid-column gb-grid-column-ecc8725d\"><div class=\"gb-container gb-container-ecc8725d\"><div class=\"gb-inside-container\">\n<div class=\"wp-block-image\">\n<figure class=\"aligncenter size-full\"><img loading=\"lazy\" decoding=\"async\" width=\"129\" height=\"38\" src=\"https:\/\/ccoo.app\/diputacio-de-barcelona\/wp-content\/blogs.dir\/6\/files\/sites\/186\/2022\/03\/tel.png\" alt=\"Tel\" class=\"wp-image-49915\" \/><\/figure>\n<\/div>\n<\/div><\/div><\/div>\n\n<div class=\"gb-grid-column gb-grid-column-4c28778f\"><div class=\"gb-container gb-container-4c28778f\"><div class=\"gb-inside-container\">\n<div class=\"wp-block-image\">\n<figure class=\"aligncenter size-full\"><a href=\"mailto:ccoo@diba.cat\"><img loading=\"lazy\" decoding=\"async\" width=\"51\" height=\"37\" src=\"https:\/\/ccoo.app\/diputacio-de-barcelona\/wp-content\/blogs.dir\/6\/files\/sites\/186\/2022\/03\/mail.png\" alt=\"Mail\" class=\"wp-image-49916\" \/><\/a><\/figure>\n<\/div>\n<\/div><\/div><\/div>\n\n<div class=\"gb-grid-column gb-grid-column-c6cc0957\"><div class=\"gb-container gb-container-c6cc0957\"><div class=\"gb-inside-container\">\n<div class=\"wp-block-image\">\n<figure class=\"aligncenter size-full\"><a href=\"https:\/\/twitter.com\/ccoodiba\"><img loading=\"lazy\" decoding=\"async\" width=\"44\" height=\"38\" src=\"https:\/\/ccoo.app\/diputacio-de-barcelona\/wp-content\/blogs.dir\/6\/files\/sites\/186\/2022\/03\/tw.png\" alt=\"Tw\" class=\"wp-image-49917\" \/><\/a><\/figure>\n<\/div>\n<\/div><\/div><\/div>\n\n<div class=\"gb-grid-column gb-grid-column-1598237d\"><div class=\"gb-container gb-container-1598237d\"><div class=\"gb-inside-container\">\n<div class=\"wp-block-image\">\n<figure class=\"aligncenter size-full\"><a href=\"https:\/\/www.instagram.com\/ccoo_diba\/\"><img loading=\"lazy\" decoding=\"async\" width=\"45\" height=\"44\" src=\"https:\/\/ccoo.app\/diputacio-de-barcelona\/wp-content\/blogs.dir\/6\/files\/sites\/186\/2022\/03\/ig.png\" alt=\"Ig\" class=\"wp-image-49918\" \/><\/a><\/figure>\n<\/div>\n<\/div><\/div><\/div>\n\n<div class=\"gb-grid-column gb-grid-column-2db731fe\"><div class=\"gb-container gb-container-2db731fe\"><div class=\"gb-inside-container\">\n<div class=\"wp-block-image\">\n<figure class=\"aligncenter size-full\"><a href=\"https:\/\/ccoo.app\/diputacio-de-barcelona\"><img loading=\"lazy\" decoding=\"async\" width=\"39\" height=\"40\" src=\"https:\/\/ccoo.app\/diputacio-de-barcelona\/wp-content\/blogs.dir\/6\/files\/sites\/186\/2022\/03\/www.png\" alt=\"Www\" class=\"wp-image-49919\" \/><\/a><\/figure>\n<\/div>\n<\/div><\/div><\/div>\n\n<div class=\"gb-grid-column gb-grid-column-f3651540\"><div class=\"gb-container gb-container-f3651540\"><div class=\"gb-inside-container\">\n<div class=\"wp-block-image\">\n<figure class=\"aligncenter size-full is-resized\"><a href=\"https:\/\/www.ccoo.cat\/afiliat\/?_sfm_aff_situation=94\"><img loading=\"lazy\" decoding=\"async\" width=\"125\" height=\"38\" src=\"https:\/\/ccoo.app\/diputacio-de-barcelona\/wp-content\/blogs.dir\/6\/files\/sites\/186\/2022\/03\/af.png\" alt=\"Af\" class=\"wp-image-49920\" style=\"width:125px;height:38px\" \/><\/a><\/figure>\n<\/div>\n<\/div><\/div><\/div>\n<\/div><\/div><\/div>\n","protected":false},"excerpt":{"rendered":"<p>El passat 2 d\u2019octubre, la Secci\u00f3 Sindical de CCOO a la Diputaci\u00f3 de Barcelona va mantenir una reuni\u00f3 amb la Presidenta de la Diputaci\u00f3, Sra. Llu\u00efsa Moret. A la reuni\u00f3 &#8230; <\/p>\n<p class=\"read-more-container\"><a title=\"TROBADA INSTITUCIONAL 2 D&#8217;OCTUBRE DE 2025 CCOO-DIPUTACI\u00d3 DE BARCELONA\" class=\"read-more button\" href=\"https:\/\/ccoo.app\/diputacio-de-barcelona\/trobada-institucional-2-doctubre-de-2025-ccoo-diputacio-de-barcelona\/#more-54216\" aria-label=\"Leer m\u00e1s sobre TROBADA INSTITUCIONAL 2 D&#8217;OCTUBRE DE 2025 CCOO-DIPUTACI\u00d3 DE BARCELONA\">Continuar llegint<\/a><\/p>\n","protected":false},"author":88639,"featured_media":54219,"comment_status":"closed","ping_status":"closed","sticky":false,"template":"","format":"standard","meta":{"footnotes":""},"categories":[38,19],"tags":[],"class_list":["post-54216","post","type-post","status-publish","format-standard","has-post-thumbnail","hentry","category-a-tot-el-personal","category-comunicats","generate-columns","tablet-grid-50","mobile-grid-100","grid-parent","grid-50"],"_links":{"self":[{"href":"https:\/\/ccoo.app\/diputacio-de-barcelona\/wp-json\/wp\/v2\/posts\/54216","targetHints":{"allow":["GET"]}}],"collection":[{"href":"https:\/\/ccoo.app\/diputacio-de-barcelona\/wp-json\/wp\/v2\/posts"}],"about":[{"href":"https:\/\/ccoo.app\/diputacio-de-barcelona\/wp-json\/wp\/v2\/types\/post"}],"author":[{"embeddable":true,"href":"https:\/\/ccoo.app\/diputacio-de-barcelona\/wp-json\/wp\/v2\/users\/88639"}],"replies":[{"embeddable":true,"href":"https:\/\/ccoo.app\/diputacio-de-barcelona\/wp-json\/wp\/v2\/comments?post=54216"}],"version-history":[{"count":5,"href":"https:\/\/ccoo.app\/diputacio-de-barcelona\/wp-json\/wp\/v2\/posts\/54216\/revisions"}],"predecessor-version":[{"id":54244,"href":"https:\/\/ccoo.app\/diputacio-de-barcelona\/wp-json\/wp\/v2\/posts\/54216\/revisions\/54244"}],"wp:featuredmedia":[{"embeddable":true,"href":"https:\/\/ccoo.app\/diputacio-de-barcelona\/wp-json\/wp\/v2\/media\/54219"}],"wp:attachment":[{"href":"https:\/\/ccoo.app\/diputacio-de-barcelona\/wp-json\/wp\/v2\/media?parent=54216"}],"wp:term":[{"taxonomy":"category","embeddable":true,"href":"https:\/\/ccoo.app\/diputacio-de-barcelona\/wp-json\/wp\/v2\/categories?post=54216"},{"taxonomy":"post_tag","embeddable":true,"href":"https:\/\/ccoo.app\/diputacio-de-barcelona\/wp-json\/wp\/v2\/tags?post=54216"}],"curies":[{"name":"wp","href":"https:\/\/api.w.org\/{rel}","templated":true}]}}