{"id":54210,"date":"2025-10-02T15:29:11","date_gmt":"2025-10-02T13:29:11","guid":{"rendered":"https:\/\/ccoo.app\/diputacio-de-barcelona\/?p=54210"},"modified":"2025-10-02T15:29:13","modified_gmt":"2025-10-02T13:29:13","slug":"ccoo-condemna-el-bloqueig-militar-il%c2%b7legal-a-la-global-sumud-flotilla","status":"publish","type":"post","link":"https:\/\/ccoo.app\/diputacio-de-barcelona\/ccoo-condemna-el-bloqueig-militar-il%c2%b7legal-a-la-global-sumud-flotilla\/","title":{"rendered":"CCOO condemna el bloqueig militar il\u00b7legal a la Global Sumud Flotilla"},"content":{"rendered":"\n<div style=\"height:40px\" aria-hidden=\"true\" class=\"wp-block-spacer\"><\/div>\n\n\n\n<figure class=\"gb-block-image gb-block-image-1c53e729\"><img loading=\"lazy\" decoding=\"async\" width=\"1023\" height=\"1278\" class=\"gb-image gb-image-1c53e729\" src=\"https:\/\/ccoo.app\/diputacio-de-barcelona\/wp-content\/blogs.dir\/6\/files\/sites\/186\/2025\/10\/imagen-de-whatsapp-2025-10-02-a-las-10-45-43_e3f921b7.jpg\" alt=\"\" title=\"imagen-de-whatsapp-2025-10-02-a-las-10-45-43_e3f921b7\" srcset=\"https:\/\/ccoo.app\/diputacio-de-barcelona\/wp-content\/blogs.dir\/6\/files\/sites\/186\/2025\/10\/imagen-de-whatsapp-2025-10-02-a-las-10-45-43_e3f921b7.jpg 1023w, https:\/\/ccoo.app\/diputacio-de-barcelona\/wp-content\/blogs.dir\/6\/files\/sites\/186\/2025\/10\/imagen-de-whatsapp-2025-10-02-a-las-10-45-43_e3f921b7-240x300.jpg 240w, https:\/\/ccoo.app\/diputacio-de-barcelona\/wp-content\/blogs.dir\/6\/files\/sites\/186\/2025\/10\/imagen-de-whatsapp-2025-10-02-a-las-10-45-43_e3f921b7-820x1024.jpg 820w, https:\/\/ccoo.app\/diputacio-de-barcelona\/wp-content\/blogs.dir\/6\/files\/sites\/186\/2025\/10\/imagen-de-whatsapp-2025-10-02-a-las-10-45-43_e3f921b7-768x959.jpg 768w\" sizes=\"auto, (max-width: 1023px) 100vw, 1023px\" \/><\/figure>\n\n\n\n<div style=\"height:20px\" aria-hidden=\"true\" class=\"wp-block-spacer\"><\/div>\n\n\n\n<p class=\"gb-headline gb-headline-cc62d7a9 gb-headline-text\">CCOO de Catalunya condemna el bloqueig militar il\u00b7legal imposat per Netanyahu a la Flotilla i exigeix a les autoritats espanyoles i internacionals la m\u00e0xima implicaci\u00f3 per a la protecci\u00f3 de totes les tripulacions d\u2019aquestes embarcacions davant la manifesta violaci\u00f3 del dret internacional que duu a terme Israel amb aquestes detencions.<\/p>\n\n\n\n<p class=\"gb-headline gb-headline-22d34641 gb-headline-text\">CCOO fa una crida a la participaci\u00f3 com a mostra de rebuig a l\u2019atac a la Flotilla a les concentracions d\u2019<strong>avui 2 d\u2019octubre a la tarda<\/strong> als diferents municipis catalans. A\u00a0<strong>Barcelona, el punt de trobada \u00e9s a la pla\u00e7a de la Carbonera,<\/strong>\u00a0on s\u2019ha convocat a les\u00a0<strong>18 h<\/strong>\u00a0una concentraci\u00f3. A Girona, la crida \u00e9s a les 19 h davant l\u2019Ajuntament. Tamb\u00e9 a altres localitats s\u2019estan convocant mobilitzacions a les portes dels Consistoris.<\/p>\n\n\n\n<p class=\"gb-headline gb-headline-819ee757 gb-headline-text\">Comissions Obreres no faltar\u00e0 a la cita amb els drets humans, amb la protecci\u00f3 de la poblaci\u00f3 palestina i de tots els activistes que en el m\u00f3n emprenen iniciatives per denunciar el genocidi i les violacions sistem\u00e0tiques dels acords internacionals per part d\u2019Israel des de fa d\u00e8cades i amb el poble palest\u00ed.<\/p>\n\n\n\n<h2 class=\"gb-headline gb-headline-4201abdd gb-headline-text\"><strong> Us hi esperem!<\/strong><\/h2>\n\n\n\n<div style=\"height:20px\" aria-hidden=\"true\" class=\"wp-block-spacer\"><\/div>\n\n\n\n<p>Per a m\u00e9s informaci\u00f3:<br><a href=\"https:\/\/www.ccoo.cat\/noticies\/ccoo-condemna-el-bloqueig-militar-illegal-a-la-global-sumud-flotilla\/\"><strong>CCOO condemna el bloqueig militar il\u00b7legal a la Global Sumud Flotilla<\/strong><\/a><\/p>\n\n\n\n<div style=\"height:20px\" aria-hidden=\"true\" class=\"wp-block-spacer\"><\/div>\n\n\n\n<div style=\"height:100px\" aria-hidden=\"true\" class=\"wp-block-spacer\"><\/div>\n","protected":false},"excerpt":{"rendered":"<p>CCOO de Catalunya condemna el bloqueig militar il\u00b7legal imposat per Netanyahu a la Flotilla i exigeix a les autoritats espanyoles i internacionals la m\u00e0xima implicaci\u00f3 per a la protecci\u00f3 de &#8230; <\/p>\n<p class=\"read-more-container\"><a title=\"CCOO condemna el bloqueig militar il\u00b7legal a la Global Sumud Flotilla\" class=\"read-more button\" href=\"https:\/\/ccoo.app\/diputacio-de-barcelona\/ccoo-condemna-el-bloqueig-militar-il%c2%b7legal-a-la-global-sumud-flotilla\/#more-54210\" aria-label=\"Leer m\u00e1s sobre CCOO condemna el bloqueig militar il\u00b7legal a la Global Sumud Flotilla\">Continuar llegint<\/a><\/p>\n","protected":false},"author":88639,"featured_media":54213,"comment_status":"closed","ping_status":"closed","sticky":false,"template":"","format":"standard","meta":{"footnotes":""},"categories":[38,19],"tags":[],"class_list":["post-54210","post","type-post","status-publish","format-standard","has-post-thumbnail","hentry","category-a-tot-el-personal","category-comunicats","generate-columns","tablet-grid-50","mobile-grid-100","grid-parent","grid-50"],"_links":{"self":[{"href":"https:\/\/ccoo.app\/diputacio-de-barcelona\/wp-json\/wp\/v2\/posts\/54210","targetHints":{"allow":["GET"]}}],"collection":[{"href":"https:\/\/ccoo.app\/diputacio-de-barcelona\/wp-json\/wp\/v2\/posts"}],"about":[{"href":"https:\/\/ccoo.app\/diputacio-de-barcelona\/wp-json\/wp\/v2\/types\/post"}],"author":[{"embeddable":true,"href":"https:\/\/ccoo.app\/diputacio-de-barcelona\/wp-json\/wp\/v2\/users\/88639"}],"replies":[{"embeddable":true,"href":"https:\/\/ccoo.app\/diputacio-de-barcelona\/wp-json\/wp\/v2\/comments?post=54210"}],"version-history":[{"count":2,"href":"https:\/\/ccoo.app\/diputacio-de-barcelona\/wp-json\/wp\/v2\/posts\/54210\/revisions"}],"predecessor-version":[{"id":54214,"href":"https:\/\/ccoo.app\/diputacio-de-barcelona\/wp-json\/wp\/v2\/posts\/54210\/revisions\/54214"}],"wp:featuredmedia":[{"embeddable":true,"href":"https:\/\/ccoo.app\/diputacio-de-barcelona\/wp-json\/wp\/v2\/media\/54213"}],"wp:attachment":[{"href":"https:\/\/ccoo.app\/diputacio-de-barcelona\/wp-json\/wp\/v2\/media?parent=54210"}],"wp:term":[{"taxonomy":"category","embeddable":true,"href":"https:\/\/ccoo.app\/diputacio-de-barcelona\/wp-json\/wp\/v2\/categories?post=54210"},{"taxonomy":"post_tag","embeddable":true,"href":"https:\/\/ccoo.app\/diputacio-de-barcelona\/wp-json\/wp\/v2\/tags?post=54210"}],"curies":[{"name":"wp","href":"https:\/\/api.w.org\/{rel}","templated":true}]}}