{"id":54205,"date":"2025-10-02T10:24:55","date_gmt":"2025-10-02T08:24:55","guid":{"rendered":"https:\/\/ccoo.app\/diputacio-de-barcelona\/?p=54205"},"modified":"2025-10-02T10:24:56","modified_gmt":"2025-10-02T08:24:56","slug":"ccoo-crida-a-la-manifestacio-per-palestina-el-4-o","status":"publish","type":"post","link":"https:\/\/ccoo.app\/diputacio-de-barcelona\/ccoo-crida-a-la-manifestacio-per-palestina-el-4-o\/","title":{"rendered":"CCOO crida a la manifestaci\u00f3 per Palestina el 4-O"},"content":{"rendered":"\n<div style=\"height:40px\" aria-hidden=\"true\" class=\"wp-block-spacer\"><\/div>\n\n\n\n<figure class=\"gb-block-image gb-block-image-1c53e729\"><img loading=\"lazy\" decoding=\"async\" width=\"567\" height=\"802\" class=\"gb-image gb-image-1c53e729\" src=\"https:\/\/ccoo.app\/diputacio-de-barcelona\/wp-content\/blogs.dir\/6\/files\/sites\/186\/2025\/10\/cartell-mani-4-o_cat-ccoo-web.png\" alt=\"\" title=\"cartell-mani-4-o_cat-ccoo-web\" srcset=\"https:\/\/ccoo.app\/diputacio-de-barcelona\/wp-content\/blogs.dir\/6\/files\/sites\/186\/2025\/10\/cartell-mani-4-o_cat-ccoo-web.png 567w, https:\/\/ccoo.app\/diputacio-de-barcelona\/wp-content\/blogs.dir\/6\/files\/sites\/186\/2025\/10\/cartell-mani-4-o_cat-ccoo-web-212x300.png 212w\" sizes=\"auto, (max-width: 567px) 100vw, 567px\" \/><\/figure>\n\n\n\n<div style=\"height:20px\" aria-hidden=\"true\" class=\"wp-block-spacer\"><\/div>\n\n\n\n<p class=\"gb-headline gb-headline-cc62d7a9 gb-headline-text\">CCOO de Catalunya convoca, juntament amb moltes altres entitats, una manifestaci\u00f3 per reclamar la fi del genocidi a Palestina que es preveu multitudin\u00e0ria. I les persones de CCOO hi hem de ser! Demostrarem, una vegada m\u00e9s, que la classe treballadora est\u00e0 amb el poble palest\u00ed. I no pararem fins a tallar tota la complicitat que fa possible que Israel continu\u00ef massacrant el poble palest\u00ed.<\/p>\n\n\n\n<p class=\"gb-headline gb-headline-22d34641 gb-headline-text\">La manifestaci\u00f3<strong>\u00a0surt dels jardinets de Gr\u00e0cia a les 12 h el dissabte 4 d\u2019octubre<\/strong>. El punt de trobada de la gent de CCOO de Catalunya \u00e9s\u00a0<strong>davant del Palau Robert a les 11.30 h<\/strong>.<\/p>\n\n\n\n<p class=\"gb-headline gb-headline-819ee757 gb-headline-text\">Les demandes s\u00f3n:<\/p>\n\n\n\n<ul class=\"wp-block-list\">\n<li><strong>Al Govern espanyol<\/strong>:\n<ul class=\"wp-block-list\">\n<li>La fi immediata del comer\u00e7 d\u2019armes i de tecnologia militar i de seguretat amb Israel, incloent-hi venda, compra i tr\u00e0nsit, mitjan\u00e7ant l\u2019aprovaci\u00f3 urgent d\u2019un reial decret llei.<\/li>\n\n\n\n<li>La ruptura total de relacions diplom\u00e0tiques, institucionals, econ\u00f2miques, esportives i culturals amb Israel.<\/li>\n\n\n\n<li>El suport ple a les demandes judicials contra Israel, sumant-se a Sud-\u00e0frica davant la Cort Internacional de Just\u00edcia i donant suport al treball del Tribunal Penal Internacional per jutjar els l\u00edders israelians per genocidi i crims de guerra.<\/li>\n\n\n\n<li>La fi de la persecuci\u00f3 i la criminalitzaci\u00f3 de la solidaritat amb Palestina, derogant la llei mordassa.<\/li>\n<\/ul>\n<\/li>\n\n\n\n<li><strong>A la Generalitat de Catalunya<\/strong>:\n<ul class=\"wp-block-list\">\n<li>Que apliqui la resoluci\u00f3 aprovada el passat 24 de juliol i trenqui relacions amb el Govern d\u2019Israel.<\/li>\n<\/ul>\n<\/li>\n\n\n\n<li><strong>Conjuntament amb l\u2019Ajuntament de Barcelona<\/strong>:\n<ul class=\"wp-block-list\">\n<li>Que s\u2019assegurin que a la Fira de Barcelona -consorci format per l\u2019Ajuntament de Barcelona i la Generalitat de Catalunya- no s\u2019hi acullin pavellons israelians -el proper est\u00e0 previst per al 4 de novembre- ni tampoc acullin empreses que es lucren del colonialisme, l\u2019ocupaci\u00f3, l\u2019apartheid i el genocidi contra el poble palest\u00ed.<\/li>\n\n\n\n<li>Que no permetin que al port de Barcelona arribin vaixells involucrats en el tr\u00e0fic d\u2019armes amb Israel.<\/li>\n<\/ul>\n<\/li>\n<\/ul>\n\n\n\n<div style=\"height:20px\" aria-hidden=\"true\" class=\"wp-block-spacer\"><\/div>\n\n\n\n<h2 class=\"gb-headline gb-headline-4201abdd gb-headline-text\"><strong> Us hi esperem!<\/strong><\/h2>\n\n\n\n<div style=\"height:20px\" aria-hidden=\"true\" class=\"wp-block-spacer\"><\/div>\n\n\n\n<figure class=\"wp-block-image size-full\"><img loading=\"lazy\" decoding=\"async\" width=\"1024\" height=\"1024\" src=\"https:\/\/ccoo.app\/diputacio-de-barcelona\/wp-content\/blogs.dir\/6\/files\/sites\/186\/2025\/10\/4-o-avatar_jo-tambe-vaig-a-la-mani-1-1-1024x1024-1.png\" alt=\"\" class=\"wp-image-54207\" srcset=\"https:\/\/ccoo.app\/diputacio-de-barcelona\/wp-content\/blogs.dir\/6\/files\/sites\/186\/2025\/10\/4-o-avatar_jo-tambe-vaig-a-la-mani-1-1-1024x1024-1.png 1024w, https:\/\/ccoo.app\/diputacio-de-barcelona\/wp-content\/blogs.dir\/6\/files\/sites\/186\/2025\/10\/4-o-avatar_jo-tambe-vaig-a-la-mani-1-1-1024x1024-1-300x300.png 300w, https:\/\/ccoo.app\/diputacio-de-barcelona\/wp-content\/blogs.dir\/6\/files\/sites\/186\/2025\/10\/4-o-avatar_jo-tambe-vaig-a-la-mani-1-1-1024x1024-1-150x150.png 150w, https:\/\/ccoo.app\/diputacio-de-barcelona\/wp-content\/blogs.dir\/6\/files\/sites\/186\/2025\/10\/4-o-avatar_jo-tambe-vaig-a-la-mani-1-1-1024x1024-1-768x768.png 768w\" sizes=\"auto, (max-width: 1024px) 100vw, 1024px\" \/><\/figure>\n\n\n\n<div style=\"height:100px\" aria-hidden=\"true\" class=\"wp-block-spacer\"><\/div>\n","protected":false},"excerpt":{"rendered":"<p>CCOO de Catalunya convoca, juntament amb moltes altres entitats, una manifestaci\u00f3 per reclamar la fi del genocidi a Palestina que es preveu multitudin\u00e0ria. I les persones de CCOO hi hem &#8230; <\/p>\n<p class=\"read-more-container\"><a title=\"CCOO crida a la manifestaci\u00f3 per Palestina el 4-O\" class=\"read-more button\" href=\"https:\/\/ccoo.app\/diputacio-de-barcelona\/ccoo-crida-a-la-manifestacio-per-palestina-el-4-o\/#more-54205\" aria-label=\"Leer m\u00e1s sobre CCOO crida a la manifestaci\u00f3 per Palestina el 4-O\">Continuar llegint<\/a><\/p>\n","protected":false},"author":88639,"featured_media":54207,"comment_status":"closed","ping_status":"closed","sticky":false,"template":"","format":"standard","meta":{"footnotes":""},"categories":[38,19],"tags":[],"class_list":["post-54205","post","type-post","status-publish","format-standard","has-post-thumbnail","hentry","category-a-tot-el-personal","category-comunicats","generate-columns","tablet-grid-50","mobile-grid-100","grid-parent","grid-50"],"_links":{"self":[{"href":"https:\/\/ccoo.app\/diputacio-de-barcelona\/wp-json\/wp\/v2\/posts\/54205","targetHints":{"allow":["GET"]}}],"collection":[{"href":"https:\/\/ccoo.app\/diputacio-de-barcelona\/wp-json\/wp\/v2\/posts"}],"about":[{"href":"https:\/\/ccoo.app\/diputacio-de-barcelona\/wp-json\/wp\/v2\/types\/post"}],"author":[{"embeddable":true,"href":"https:\/\/ccoo.app\/diputacio-de-barcelona\/wp-json\/wp\/v2\/users\/88639"}],"replies":[{"embeddable":true,"href":"https:\/\/ccoo.app\/diputacio-de-barcelona\/wp-json\/wp\/v2\/comments?post=54205"}],"version-history":[{"count":2,"href":"https:\/\/ccoo.app\/diputacio-de-barcelona\/wp-json\/wp\/v2\/posts\/54205\/revisions"}],"predecessor-version":[{"id":54209,"href":"https:\/\/ccoo.app\/diputacio-de-barcelona\/wp-json\/wp\/v2\/posts\/54205\/revisions\/54209"}],"wp:featuredmedia":[{"embeddable":true,"href":"https:\/\/ccoo.app\/diputacio-de-barcelona\/wp-json\/wp\/v2\/media\/54207"}],"wp:attachment":[{"href":"https:\/\/ccoo.app\/diputacio-de-barcelona\/wp-json\/wp\/v2\/media?parent=54205"}],"wp:term":[{"taxonomy":"category","embeddable":true,"href":"https:\/\/ccoo.app\/diputacio-de-barcelona\/wp-json\/wp\/v2\/categories?post=54205"},{"taxonomy":"post_tag","embeddable":true,"href":"https:\/\/ccoo.app\/diputacio-de-barcelona\/wp-json\/wp\/v2\/tags?post=54205"}],"curies":[{"name":"wp","href":"https:\/\/api.w.org\/{rel}","templated":true}]}}