{"id":54125,"date":"2025-07-18T12:02:31","date_gmt":"2025-07-18T10:02:31","guid":{"rendered":"https:\/\/ccoo.app\/diputacio-de-barcelona\/?p=54125"},"modified":"2025-07-18T12:07:38","modified_gmt":"2025-07-18T10:07:38","slug":"pla-daprenentatge-de-la-llengua-catalana-i-acces-a-la-funcio-publica-%c2%b7-increment-addicional-del-05-en-les-retribucions-%c2%b7-millores-socials-%c2%b7-vacances-destiu","status":"publish","type":"post","link":"https:\/\/ccoo.app\/diputacio-de-barcelona\/pla-daprenentatge-de-la-llengua-catalana-i-acces-a-la-funcio-publica-%c2%b7-increment-addicional-del-05-en-les-retribucions-%c2%b7-millores-socials-%c2%b7-vacances-destiu\/","title":{"rendered":"Pla d&#8217;aprenentatge de la llengua catalana i acc\u00e9s a la funci\u00f3 p\u00fablica \u00b7 Increment addicional del 0,5% en les retribucions \u00b7 Millores Socials \u00b7 Vacances d&#8217;estiu"},"content":{"rendered":"\n<div style=\"height:60px\" aria-hidden=\"true\" class=\"wp-block-spacer\"><\/div>\n\n\n\n<h4 class=\"gb-headline gb-headline-70170656 gb-headline-text\">PLA D&#8217;APRENENTATGE DE LA LLENGUA CATALANA I ACC\u00c9S A LA FUNCI\u00d3 P\u00daBLICA<\/h4>\n\n\n\n<div style=\"height:10px\" aria-hidden=\"true\" class=\"wp-block-spacer\"><\/div>\n\n\n\n<p class=\"gb-headline gb-headline-953b79ef gb-headline-text\"><strong>Des de CCOO volem informar-vos que, segons ens trasllada la Direcci\u00f3 de Serveis de Recursos Humans, s\u2019ha comen\u00e7at a dissenyar un pla per promoure i facilitar l\u2019aprenentatge de la llengua catalana. Aquest pla s\u2019adre\u00e7a especialment als col\u00b7lectius que poden tenir m\u00e9s dificultats per acreditar-ne el coneixement, amb l\u2019objectiu de garantir la igualtat d\u2019oportunitats en l\u2019acc\u00e9s a la funci\u00f3 p\u00fablica.<\/strong><\/p>\n\n\n\n<p class=\"gb-headline gb-headline-0fc51e5d gb-headline-text\">Aquesta l\u00ednia de treball s\u2019inicia amb un projecte pilot adre\u00e7at al col\u00b7lectiu de metges i metgesses, un servei p\u00fablic essencial prestat des de la Ger\u00e8ncia de Serveis Residencials d\u2019Estades Temporals i Respir, on s\u2019ha detectat un dels nivells m\u00e9s cr\u00edtics de coneixement de la llengua.<\/p>\n\n\n\n<p class=\"gb-headline gb-headline-932a509c gb-headline-text\">En concret, s\u2019estan elaborant unes bases per al pr\u00f2xim proc\u00e9s selectiu per cobrir aquests llocs de treball, que contemplaran una proposta esglaonada per acreditar el nivell de catal\u00e0 requerit:<\/p>\n\n\n\n<ul class=\"wp-block-list\">\n<li><strong>En primer lloc<\/strong>, la possibilitat d\u2019acreditar el nivell mitjan\u00e7ant t\u00edtol oficial.<\/li>\n\n\n\n<li><strong>En segon lloc<\/strong>, la realitzaci\u00f3 d\u2019una prova espec\u00edfica, ajustada al perfil professional del lloc (per exemple, vocabulari sanitari) tant en la forma com en el contingut.<\/li>\n\n\n\n<li><strong>Finalment<\/strong>, per a aquelles persones que no superin les fases anteriors, s\u2019oferir\u00e0 la possibilitat de fer un curs de formaci\u00f3 per assolir el nivell necessari.<\/li>\n<\/ul>\n\n\n\n<p class=\"gb-headline gb-headline-359ad2bb gb-headline-text\"><strong>Des de CCOO celebrem la posada en marxa d\u2019aquest programa, que dona resposta a una reivindicaci\u00f3 hist\u00f2rica del nostre sindicat: promoure i garantir l\u2019ensenyament i l\u2019\u00fas del catal\u00e0 per a totes les persones aspirants que, per diverses circumst\u00e0ncies, no puguin acreditar el nivell requerit. Esperem que, mesures com aquesta, puguin millorar la captaci\u00f3 de talent en diversos col\u00b7lectius<\/strong>.<\/p>\n\n\n\n<p class=\"gb-headline gb-headline-c7538318 gb-headline-text\"><strong>Continuarem treballant per garantir la igualtat d\u2019oportunitats, la qualitat del servei p\u00fablic i la millora de les condicions per a tot el personal.<\/strong><\/p>\n\n\n\n<div style=\"height:60px\" aria-hidden=\"true\" class=\"wp-block-spacer\"><\/div>\n\n\n\n<h4 class=\"gb-headline gb-headline-c3a91e00 gb-headline-text\">INCREMENT ADDICIONAL DEL 0,5% EN LES RETRIBUCIONS<\/h4>\n\n\n\n<div style=\"height:10px\" aria-hidden=\"true\" class=\"wp-block-spacer\"><\/div>\n\n\n\n<p class=\"gb-headline gb-headline-19a90c39 gb-headline-text\">Des de CCOO us informem que ja est\u00e0 publicat al BOE l\u2019Acord del Consell de Ministres de l\u20191 de juliol de 2025, pel qual s\u2019aprova l\u2019aplicaci\u00f3 de l\u2019increment addicional del 0,5% en les retribucions, amb efectes retroactius des de l\u20191 de gener de 2024.<\/p>\n\n\n\n<p class=\"gb-headline gb-headline-db8ed908 gb-headline-text\">Aquest increment estava previst a l\u2019<strong>Acord Marc per a una Administraci\u00f3 P\u00fablica del segle XXI<\/strong>, signat per CCOO i UGT amb el Govern l\u2019octubre de 2022, i abasta el per\u00edode 2022-2024. L\u2019increment s\u2019aplicar\u00e0 sobre les retribucions vigents a 31 de desembre de 2023.<\/p>\n\n\n\n<p class=\"gb-headline gb-headline-a3a467ea gb-headline-text\">Segons ens ha informat Recursos Humans, la previsi\u00f3 \u00e9s elevar aquesta actualitzaci\u00f3 al pr\u00f2xim Ple corporatiu <strong>per a fer efectiu l\u2019abonament en la n\u00f2mina del mes de setembre, amb els corresponents endarreriments des de l\u20191 de gener de 2024<\/strong>.<\/p>\n\n\n\n<p class=\"gb-headline gb-headline-5701ca22 gb-headline-text\"><strong>Des de CCOO continuarem vetllant pel compliment dels acords signats i per la defensa dels drets laborals de totes i tots els treballadors de la Diputaci\u00f3.<\/strong><\/p>\n\n\n\n<div style=\"height:60px\" aria-hidden=\"true\" class=\"wp-block-spacer\"><\/div>\n\n\n\n<h4 class=\"gb-headline gb-headline-2a4e6bdb gb-headline-text\">MILLORES SOCIALS<\/h4>\n\n\n\n<p class=\"gb-headline gb-headline-330d3586 gb-headline-text\">Com ja us vam informar en anteriors comunicats, estem negociant en seu de Mesa de Negociaci\u00f3 una nova regulaci\u00f3 per les millores socials.<\/p>\n\n\n\n<p class=\"gb-headline gb-headline-11c01463 gb-headline-text\">Com b\u00e9 sabeu, aquest any 2025 nom\u00e9s es podr\u00e0 fer front a la millora social complement\u00e0ria per edat (ja cobrada al mes de maig), l&#8217;ajut per fill menor de 18 anys (tamb\u00e9 cobrada a la n\u00f2mina del mes de mar\u00e7) i l&#8217;ajut per familiar amb discapacitat a c\u00e0rrec. No cobrarem, per tant, la millora social ordin\u00e0ria que normalment perceb\u00edem a la n\u00f2mina de novembre. Aix\u00f2 \u00e9s degut al fet que <strong>la partida pressupost\u00e0ria no es pot incrementar per culpa de la Llei General de Pressupostos de l&#8217;Estat<\/strong> que impedeix, taxativament, incrementar les partides pressupost\u00e0ries de les AAPP en les mesures d&#8217;acci\u00f3 social.<\/p>\n\n\n\n<p class=\"gb-headline gb-headline-e01f3d0d gb-headline-text\">Per aquest motiu, des de CCOO, <strong>vam demanar una Mesa General de Negociaci\u00f3<\/strong> <strong>extraordin\u00e0ria<\/strong> per abordar aquest tema i ens hem marcat dos objectius per poder assolir un nou acord: per una banda, <strong>mantenir \u00edntegrament les quantitats de la millora social complement\u00e0ria per edat. I, d&#8217;altra banda, dotar d&#8217;una quantitat considerable per a cadascun de nosaltres de la millora social ordin\u00e0ria<\/strong>. Estem en negociacions que ara deixarem aparcades per\u00f2 que reprendrem a la tornada de les vacances. Us mantindrem informats. <\/p>\n\n\n\n<div style=\"height:60px\" aria-hidden=\"true\" class=\"wp-block-spacer\"><\/div>\n\n\n\n<h4 class=\"gb-headline gb-headline-07d3a0c4 gb-headline-text\">VACANCES D&#8217;ESTIU<\/h4>\n\n\n\n<div style=\"height:10px\" aria-hidden=\"true\" class=\"wp-block-spacer\"><\/div>\n\n\n<div class=\"wp-block-image\">\n<figure class=\"aligncenter size-large is-resized\"><img loading=\"lazy\" decoding=\"async\" width=\"1024\" height=\"1024\" src=\"https:\/\/ccoo.app\/diputacio-de-barcelona\/wp-content\/blogs.dir\/6\/files\/sites\/186\/2025\/07\/VACANCES2025-1024x1024.png\" alt=\"\" class=\"wp-image-54127\" style=\"width:800px\" srcset=\"https:\/\/ccoo.app\/diputacio-de-barcelona\/wp-content\/blogs.dir\/6\/files\/sites\/186\/2025\/07\/VACANCES2025-1024x1024.png 1024w, https:\/\/ccoo.app\/diputacio-de-barcelona\/wp-content\/blogs.dir\/6\/files\/sites\/186\/2025\/07\/VACANCES2025-300x300.png 300w, https:\/\/ccoo.app\/diputacio-de-barcelona\/wp-content\/blogs.dir\/6\/files\/sites\/186\/2025\/07\/VACANCES2025-150x150.png 150w, https:\/\/ccoo.app\/diputacio-de-barcelona\/wp-content\/blogs.dir\/6\/files\/sites\/186\/2025\/07\/VACANCES2025-768x768.png 768w, https:\/\/ccoo.app\/diputacio-de-barcelona\/wp-content\/blogs.dir\/6\/files\/sites\/186\/2025\/07\/VACANCES2025-1536x1536.png 1536w, https:\/\/ccoo.app\/diputacio-de-barcelona\/wp-content\/blogs.dir\/6\/files\/sites\/186\/2025\/07\/VACANCES2025.png 1600w\" sizes=\"auto, (max-width: 1024px) 100vw, 1024px\" \/><\/figure>\n<\/div>\n\n\n<div style=\"height:60px\" aria-hidden=\"true\" class=\"wp-block-spacer\"><\/div>\n\n\n<div class=\"gb-container gb-container-e98089b5\">\n\n<div style=\"height:30px\" aria-hidden=\"true\" class=\"wp-block-spacer\"><\/div>\n\n\n<div class=\"wp-block-image\">\n<figure class=\"aligncenter size-full is-resized\"><img loading=\"lazy\" decoding=\"async\" width=\"512\" height=\"512\" src=\"https:\/\/ccoo.app\/diputacio-de-barcelona\/wp-content\/blogs.dir\/6\/files\/sites\/186\/2023\/04\/preguntes.png\" alt=\"Preguntes\" class=\"wp-image-52698\" style=\"width:128px;height:128px\" srcset=\"https:\/\/ccoo.app\/diputacio-de-barcelona\/wp-content\/blogs.dir\/6\/files\/sites\/186\/2023\/04\/preguntes.png 512w, https:\/\/ccoo.app\/diputacio-de-barcelona\/wp-content\/blogs.dir\/6\/files\/sites\/186\/2023\/04\/preguntes-300x300.png 300w, https:\/\/ccoo.app\/diputacio-de-barcelona\/wp-content\/blogs.dir\/6\/files\/sites\/186\/2023\/04\/preguntes-150x150.png 150w\" sizes=\"auto, (max-width: 512px) 100vw, 512px\" \/><\/figure>\n<\/div>\n\n\n<div style=\"height:60px\" aria-hidden=\"true\" class=\"wp-block-spacer\"><\/div>\n\n\n\n<h3 class=\"gb-headline gb-headline-c5bcf253 gb-headline-text\"><strong>No et quedis mai amb el dubte,<br><\/strong>contacta amb CCOO<\/h3>\n\n\n\n<div class=\"wp-block-buttons is-content-justification-center is-layout-flex wp-container-core-buttons-is-layout-16018d1d wp-block-buttons-is-layout-flex\">\n<div class=\"wp-block-button is-style-fill\"><a class=\"wp-block-button__link has-base-3-color has-contrast-2-background-color has-text-color has-background wp-element-button\" href=\"https:\/\/ccoo.app\/diputacio-de-barcelona\/seccio-sindical-de-ccoo\/\" style=\"border-radius:0px\">CONTACTA&#8217;NS<\/a><\/div>\n<\/div>\n\n<\/div>\n\n\n<div style=\"height:100px\" aria-hidden=\"true\" class=\"wp-block-spacer\"><\/div>\n\n\n\n<div class=\"wp-block-group\"><div class=\"wp-block-group__inner-container is-layout-constrained wp-block-group-is-layout-constrained\"><div class=\"gb-grid-wrapper gb-grid-wrapper-d65739e2\">\n<div class=\"gb-grid-column gb-grid-column-ecc8725d\"><div class=\"gb-container gb-container-ecc8725d\"><div class=\"gb-inside-container\">\n<div class=\"wp-block-image\">\n<figure class=\"aligncenter size-full\"><img loading=\"lazy\" decoding=\"async\" width=\"129\" height=\"38\" src=\"https:\/\/ccoo.app\/diputacio-de-barcelona\/wp-content\/blogs.dir\/6\/files\/sites\/186\/2022\/03\/tel.png\" alt=\"Tel\" class=\"wp-image-49915\" \/><\/figure>\n<\/div>\n<\/div><\/div><\/div>\n\n<div class=\"gb-grid-column gb-grid-column-4c28778f\"><div class=\"gb-container gb-container-4c28778f\"><div class=\"gb-inside-container\">\n<div class=\"wp-block-image\">\n<figure class=\"aligncenter size-full\"><a href=\"mailto:ccoo@diba.cat\"><img loading=\"lazy\" decoding=\"async\" width=\"51\" height=\"37\" src=\"https:\/\/ccoo.app\/diputacio-de-barcelona\/wp-content\/blogs.dir\/6\/files\/sites\/186\/2022\/03\/mail.png\" alt=\"Mail\" class=\"wp-image-49916\" \/><\/a><\/figure>\n<\/div>\n<\/div><\/div><\/div>\n\n<div class=\"gb-grid-column gb-grid-column-c6cc0957\"><div class=\"gb-container gb-container-c6cc0957\"><div class=\"gb-inside-container\">\n<div class=\"wp-block-image\">\n<figure class=\"aligncenter size-full\"><a href=\"https:\/\/twitter.com\/ccoodiba\"><img loading=\"lazy\" decoding=\"async\" width=\"44\" height=\"38\" src=\"https:\/\/ccoo.app\/diputacio-de-barcelona\/wp-content\/blogs.dir\/6\/files\/sites\/186\/2022\/03\/tw.png\" alt=\"Tw\" class=\"wp-image-49917\" \/><\/a><\/figure>\n<\/div>\n<\/div><\/div><\/div>\n\n<div class=\"gb-grid-column gb-grid-column-1598237d\"><div class=\"gb-container gb-container-1598237d\"><div class=\"gb-inside-container\">\n<div class=\"wp-block-image\">\n<figure class=\"aligncenter size-full\"><a href=\"https:\/\/www.instagram.com\/ccoo_diba\/\"><img loading=\"lazy\" decoding=\"async\" width=\"45\" height=\"44\" src=\"https:\/\/ccoo.app\/diputacio-de-barcelona\/wp-content\/blogs.dir\/6\/files\/sites\/186\/2022\/03\/ig.png\" alt=\"Ig\" class=\"wp-image-49918\" \/><\/a><\/figure>\n<\/div>\n<\/div><\/div><\/div>\n\n<div class=\"gb-grid-column gb-grid-column-2db731fe\"><div class=\"gb-container gb-container-2db731fe\"><div class=\"gb-inside-container\">\n<div class=\"wp-block-image\">\n<figure class=\"aligncenter size-full\"><a href=\"https:\/\/ccoo.app\/diputacio-de-barcelona\"><img loading=\"lazy\" decoding=\"async\" width=\"39\" height=\"40\" src=\"https:\/\/ccoo.app\/diputacio-de-barcelona\/wp-content\/blogs.dir\/6\/files\/sites\/186\/2022\/03\/www.png\" alt=\"Www\" class=\"wp-image-49919\" \/><\/a><\/figure>\n<\/div>\n<\/div><\/div><\/div>\n\n<div class=\"gb-grid-column gb-grid-column-f3651540\"><div class=\"gb-container gb-container-f3651540\"><div class=\"gb-inside-container\">\n<div class=\"wp-block-image\">\n<figure class=\"aligncenter size-full is-resized\"><a href=\"https:\/\/www.ccoo.cat\/afiliat\/?_sfm_aff_situation=94\"><img loading=\"lazy\" decoding=\"async\" width=\"125\" height=\"38\" src=\"https:\/\/ccoo.app\/diputacio-de-barcelona\/wp-content\/blogs.dir\/6\/files\/sites\/186\/2022\/03\/af.png\" alt=\"Af\" class=\"wp-image-49920\" style=\"width:125px;height:38px\" \/><\/a><\/figure>\n<\/div>\n<\/div><\/div><\/div>\n<\/div><\/div><\/div>\n","protected":false},"excerpt":{"rendered":"<p>PLA D&#8217;APRENENTATGE DE LA LLENGUA CATALANA I ACC\u00c9S A LA FUNCI\u00d3 P\u00daBLICA Des de CCOO volem informar-vos que, segons ens trasllada la Direcci\u00f3 de Serveis de Recursos Humans, s\u2019ha comen\u00e7at &#8230; <\/p>\n<p class=\"read-more-container\"><a title=\"Pla d&#8217;aprenentatge de la llengua catalana i acc\u00e9s a la funci\u00f3 p\u00fablica \u00b7 Increment addicional del 0,5% en les retribucions \u00b7 Millores Socials \u00b7 Vacances d&#8217;estiu\" class=\"read-more button\" href=\"https:\/\/ccoo.app\/diputacio-de-barcelona\/pla-daprenentatge-de-la-llengua-catalana-i-acces-a-la-funcio-publica-%c2%b7-increment-addicional-del-05-en-les-retribucions-%c2%b7-millores-socials-%c2%b7-vacances-destiu\/#more-54125\" aria-label=\"Leer m\u00e1s sobre Pla d&#8217;aprenentatge de la llengua catalana i acc\u00e9s a la funci\u00f3 p\u00fablica \u00b7 Increment addicional del 0,5% en les retribucions \u00b7 Millores Socials \u00b7 Vacances d&#8217;estiu\">Continuar llegint<\/a><\/p>\n","protected":false},"author":88639,"featured_media":53358,"comment_status":"closed","ping_status":"closed","sticky":false,"template":"","format":"standard","meta":{"footnotes":""},"categories":[38,19],"tags":[],"class_list":["post-54125","post","type-post","status-publish","format-standard","has-post-thumbnail","hentry","category-a-tot-el-personal","category-comunicats","generate-columns","tablet-grid-50","mobile-grid-100","grid-parent","grid-50"],"_links":{"self":[{"href":"https:\/\/ccoo.app\/diputacio-de-barcelona\/wp-json\/wp\/v2\/posts\/54125","targetHints":{"allow":["GET"]}}],"collection":[{"href":"https:\/\/ccoo.app\/diputacio-de-barcelona\/wp-json\/wp\/v2\/posts"}],"about":[{"href":"https:\/\/ccoo.app\/diputacio-de-barcelona\/wp-json\/wp\/v2\/types\/post"}],"author":[{"embeddable":true,"href":"https:\/\/ccoo.app\/diputacio-de-barcelona\/wp-json\/wp\/v2\/users\/88639"}],"replies":[{"embeddable":true,"href":"https:\/\/ccoo.app\/diputacio-de-barcelona\/wp-json\/wp\/v2\/comments?post=54125"}],"version-history":[{"count":4,"href":"https:\/\/ccoo.app\/diputacio-de-barcelona\/wp-json\/wp\/v2\/posts\/54125\/revisions"}],"predecessor-version":[{"id":54136,"href":"https:\/\/ccoo.app\/diputacio-de-barcelona\/wp-json\/wp\/v2\/posts\/54125\/revisions\/54136"}],"wp:featuredmedia":[{"embeddable":true,"href":"https:\/\/ccoo.app\/diputacio-de-barcelona\/wp-json\/wp\/v2\/media\/53358"}],"wp:attachment":[{"href":"https:\/\/ccoo.app\/diputacio-de-barcelona\/wp-json\/wp\/v2\/media?parent=54125"}],"wp:term":[{"taxonomy":"category","embeddable":true,"href":"https:\/\/ccoo.app\/diputacio-de-barcelona\/wp-json\/wp\/v2\/categories?post=54125"},{"taxonomy":"post_tag","embeddable":true,"href":"https:\/\/ccoo.app\/diputacio-de-barcelona\/wp-json\/wp\/v2\/tags?post=54125"}],"curies":[{"name":"wp","href":"https:\/\/api.w.org\/{rel}","templated":true}]}}