{"id":54100,"date":"2025-06-17T10:02:41","date_gmt":"2025-06-17T08:02:41","guid":{"rendered":"https:\/\/ccoo.app\/diputacio-de-barcelona\/?p=54100"},"modified":"2025-06-17T10:02:42","modified_gmt":"2025-06-17T08:02:42","slug":"comite-de-seguretat-i-salut-4","status":"publish","type":"post","link":"https:\/\/ccoo.app\/diputacio-de-barcelona\/comite-de-seguretat-i-salut-4\/","title":{"rendered":"COMIT\u00c8 DE SEGURETAT I SALUT"},"content":{"rendered":"\n<div style=\"height:40px\" aria-hidden=\"true\" class=\"wp-block-spacer\"><\/div>\n\n\n\n<h4 class=\"wp-block-heading has-text-align-center has-text-color\" style=\"color:#d42e12;font-size:28px\">6 DE JUNY DE 2025<\/h4>\n\n\n\n<figure class=\"gb-block-image gb-block-image-1bd8cee7\"><img loading=\"lazy\" decoding=\"async\" width=\"390\" height=\"390\" class=\"gb-image gb-image-1bd8cee7\" src=\"https:\/\/ccoo.app\/diputacio-de-barcelona\/wp-content\/blogs.dir\/6\/files\/sites\/186\/2023\/03\/informacio-salud-laboral.png\" alt=\"Informacio Salud Laboral\" title=\"Informacio Salud Laboral\" srcset=\"https:\/\/ccoo.app\/diputacio-de-barcelona\/wp-content\/blogs.dir\/6\/files\/sites\/186\/2023\/03\/informacio-salud-laboral.png 390w, https:\/\/ccoo.app\/diputacio-de-barcelona\/wp-content\/blogs.dir\/6\/files\/sites\/186\/2023\/03\/informacio-salud-laboral-300x300.png 300w, https:\/\/ccoo.app\/diputacio-de-barcelona\/wp-content\/blogs.dir\/6\/files\/sites\/186\/2023\/03\/informacio-salud-laboral-150x150.png 150w\" sizes=\"auto, (max-width: 390px) 100vw, 390px\" \/><\/figure>\n\n\n\n<div style=\"height:40px\" aria-hidden=\"true\" class=\"wp-block-spacer\"><\/div>\n\n\n\n<p class=\"gb-headline gb-headline-00a0bfc5 gb-headline-text\">A la darrera reuni\u00f3 del Comit\u00e8 de Seguretat i Salut de la Diputaci\u00f3 de Barcelona del dia 6 de juny&nbsp;<span style=\"text-decoration: underline\"><strong>des de CCOO vam tractar els seg\u00fcents punts, entre d\u2019altres, que afecten les condicions de seguretat i salut<\/strong><\/span>&nbsp;dels treballadors i treballadores de la corporaci\u00f3:<\/p>\n\n\n\n<div style=\"height:10px\" aria-hidden=\"true\" class=\"wp-block-spacer\"><\/div>\n\n\n<div class=\"gb-container gb-container-5d0fa1dd\">\n\n<h4 class=\"gb-headline gb-headline-b555aa4e gb-headline-text\">FORMACI\u00d3<\/h4>\n\n\n\n<ul class=\"wp-block-list\">\n<li><strong><u>Donem la nostra conformitat a la formaci\u00f3 realitzada durant aquests mesos de l\u2019any tant a la Diputaci\u00f3 de Barcelona com a l\u2019ORGT, per\u00f2 insistim en el fet que ens manquen i volem que ens facin arribar les dades de l\u2019Institut del Teatre<\/u><\/strong>.<\/li>\n<\/ul>\n\n<\/div>\n\n<div class=\"gb-container gb-container-f2168796\">\n\n<h4 class=\"gb-headline gb-headline-4a3ce4b2 gb-headline-text\">ULLERES GRADUADES<\/h4>\n\n\n\n<ul class=\"wp-block-list\">\n<li>Derivat de la sent\u00e8ncia de 22 de setembre del 2022 del TJUE, l\u2019OPRL ens presenta un informe sobre <span style=\"text-decoration: underline\"><strong>l\u2019obligaci\u00f3 de la Diputaci\u00f3 de Barcelona de compensar l\u2019adquisici\u00f3 de dispositius correctors especials als empleats i empleades considerades usu\u00e0ries de pantalles de visualitzaci\u00f3 de dades.&nbsp; Demanem que aquests dispositius correctors es facin extensius per a totes les dist\u00e0ncies visuals<\/strong><\/span>.<\/li>\n<\/ul>\n\n<\/div>\n\n<div class=\"gb-container gb-container-1728f33b\">\n\n<h4 class=\"gb-headline gb-headline-938a8999 gb-headline-text\">PARCS NATURALS<\/h4>\n\n\n\n<ul class=\"wp-block-list\">\n<li><strong><span style=\"text-decoration: underline\">Sol\u00b7licitem que es tornin a enviar els recordatoris de com, els empleats i empleades, han de procedir en cas de picades per vespes velutines o paparres<\/span><\/strong>.<\/li>\n<\/ul>\n\n<\/div>\n\n<div class=\"gb-container gb-container-aca0b916\">\n\n<h4 class=\"gb-headline gb-headline-cdfdfed6 gb-headline-text\">M\u00daTUA<\/h4>\n\n\n\n<ul class=\"wp-block-list\">\n<li><strong><u>Insistim en la necessitat de poder reunir-nos amb la M\u00fatua<\/u><\/strong> de la Diputaci\u00f3 de Barcelona <strong><u>per poder fer seguiment i realitzar aclariments o resoldre dubtes<\/u><span style=\"text-decoration: underline\">, degut a la gran quantitat de queixes que hem rebut per part dels treballadors i treballadores<\/span><\/strong>. Ens informen que, per motius d\u2019agenda, est\u00e0 prevista per inicis de setembre.&nbsp; La reuni\u00f3 amb la M\u00fatua de l\u2019ORGT es va celebrar a finals del mes passat.<\/li>\n<\/ul>\n\n<\/div>\n\n<div class=\"gb-container gb-container-03901ee1\">\n\n<h4 class=\"gb-headline gb-headline-dac42f6e gb-headline-text\">PLA DE SEGURETAT<\/h4>\n\n\n\n<ul class=\"wp-block-list\">\n<li><strong><u>Tornem a reclamar una reuni\u00f3<\/u><\/strong> per tenir coneixement de la informaci\u00f3 que hi ha en mat\u00e8ria de seguretat i poder treballar amb les diferents Ger\u00e8ncies.&nbsp; Ens informen que ens convocaran un cop estigui validat pels coordinadors.<\/li>\n<\/ul>\n\n<\/div>\n\n<div class=\"gb-container gb-container-af3216ca\">\n\n<h4 class=\"gb-headline gb-headline-561c98a7 gb-headline-text\">ORGT I INSTITUT DEL TEATRE<\/h4>\n\n\n\n<ul class=\"wp-block-list\">\n<li><strong><u>Tornem a reclamar c\u00f2pia de tots els accidents de treball que es produeixin en aquests dos organismes aut\u00f2noms<\/u>.<\/strong><\/li>\n\n\n\n<li><strong><u>Insistim en la necessitat d\u2019accedir a tota la documentaci\u00f3 en mat\u00e8ria de prevenci\u00f3 de riscos laborals de l\u2019Institut del Teatre<\/u> <\/strong>(avaluacions de riscos, sonometries, simulacres, comunicats d\u2019accidents, etc.)<strong> <u>per a tots els delegats i delegades de prevenci\u00f3, aix\u00ed com se\u2019ns faci arribar totes les convocat\u00f2ries que es realitzin en aquest sentit per tal de garantir la nostra participaci\u00f3<\/u>.<\/strong><\/li>\n\n\n\n<li><strong><u>Sol\u00b7licitem novament informaci\u00f3 respecte a l\u2019empresa adjudicat\u00e0ria del servei de vigil\u00e0ncia de la salut de l\u2019Institut del Teatre<\/u><\/strong>, ja que ens consta que encara es troba en proc\u00e9s de licitaci\u00f3, <strong><u>per\u00f2 no obtenim resposta<\/u>.<\/strong><\/li>\n\n\n\n<li><strong><u>Tornem a exigir les dades dels resultats de l\u2019enquesta de riscos psicosocials feta a tot el personal de l\u2019Institut del Teatre, perqu\u00e8 inclou personal funcionari, com tamb\u00e9 la planificaci\u00f3 de les mesures preventives.<\/u><\/strong>\u00a0 Volem poder consultar i analitzar aquestes dades.<\/li>\n<\/ul>\n\n<\/div>\n\n\n<div style=\"height:40px\" aria-hidden=\"true\" class=\"wp-block-spacer\"><\/div>\n\n\n<div class=\"wp-block-image\">\n<figure class=\"aligncenter size-full is-resized\"><img loading=\"lazy\" decoding=\"async\" width=\"512\" height=\"512\" src=\"https:\/\/ccoo.app\/diputacio-de-barcelona\/wp-content\/blogs.dir\/6\/files\/sites\/186\/2023\/04\/preguntes.png\" alt=\"Preguntes\" class=\"wp-image-52698\" style=\"width:128px;height:128px\" srcset=\"https:\/\/ccoo.app\/diputacio-de-barcelona\/wp-content\/blogs.dir\/6\/files\/sites\/186\/2023\/04\/preguntes.png 512w, https:\/\/ccoo.app\/diputacio-de-barcelona\/wp-content\/blogs.dir\/6\/files\/sites\/186\/2023\/04\/preguntes-300x300.png 300w, https:\/\/ccoo.app\/diputacio-de-barcelona\/wp-content\/blogs.dir\/6\/files\/sites\/186\/2023\/04\/preguntes-150x150.png 150w\" sizes=\"auto, (max-width: 512px) 100vw, 512px\" \/><\/figure>\n<\/div>\n\n<div class=\"gb-container gb-container-d4283c0a\">\n\n<div style=\"height:25px\" aria-hidden=\"true\" class=\"wp-block-spacer\"><\/div>\n\n\n\n<h4 class=\"gb-headline gb-headline-66b0aa8f gb-headline-text\">SALUT LABORAL<\/h4>\n\n\n\n<h3 class=\"gb-headline gb-headline-f5c8f4d8 gb-headline-text\"><strong>No et quedis mai amb el dubte,<br>contacta amb  CCOO<\/strong><\/h3>\n\n\n\n<div class=\"wp-block-buttons is-content-justification-center is-layout-flex wp-container-core-buttons-is-layout-16018d1d wp-block-buttons-is-layout-flex\">\n<div class=\"wp-block-button is-style-fill\"><a class=\"wp-block-button__link has-base-3-color has-contrast-2-background-color has-text-color has-background wp-element-button\" href=\"https:\/\/ccoo.app\/diputacio-de-barcelona\/seccio-sindical-de-ccoo\/\" style=\"border-radius:0px\">CONTACTA&#8217;NS<\/a><\/div>\n<\/div>\n\n<\/div>\n\n\n<div style=\"height:40px\" aria-hidden=\"true\" class=\"wp-block-spacer\"><\/div>\n\n\n\n<div class=\"wp-block-group\"><div class=\"wp-block-group__inner-container is-layout-constrained wp-block-group-is-layout-constrained\"><div class=\"gb-grid-wrapper gb-grid-wrapper-d65739e2\">\n<div class=\"gb-grid-column gb-grid-column-ecc8725d\"><div class=\"gb-container gb-container-ecc8725d\"><div class=\"gb-inside-container\">\n<div class=\"wp-block-image\">\n<figure class=\"aligncenter size-full\"><img loading=\"lazy\" decoding=\"async\" width=\"129\" height=\"38\" src=\"https:\/\/ccoo.app\/diputacio-de-barcelona\/wp-content\/blogs.dir\/6\/files\/sites\/186\/2022\/03\/tel.png\" alt=\"Tel\" class=\"wp-image-49915\" \/><\/figure>\n<\/div>\n<\/div><\/div><\/div>\n\n<div class=\"gb-grid-column gb-grid-column-4c28778f\"><div class=\"gb-container gb-container-4c28778f\"><div class=\"gb-inside-container\">\n<div class=\"wp-block-image\">\n<figure class=\"aligncenter size-full\"><a href=\"mailto:ccoo@diba.cat\"><img loading=\"lazy\" decoding=\"async\" width=\"51\" height=\"37\" src=\"https:\/\/ccoo.app\/diputacio-de-barcelona\/wp-content\/blogs.dir\/6\/files\/sites\/186\/2022\/03\/mail.png\" alt=\"Mail\" class=\"wp-image-49916\" \/><\/a><\/figure>\n<\/div>\n<\/div><\/div><\/div>\n\n<div class=\"gb-grid-column gb-grid-column-c6cc0957\"><div class=\"gb-container gb-container-c6cc0957\"><div class=\"gb-inside-container\">\n<div class=\"wp-block-image\">\n<figure class=\"aligncenter size-full\"><a href=\"https:\/\/twitter.com\/ccoodiba\"><img loading=\"lazy\" decoding=\"async\" width=\"44\" height=\"38\" src=\"https:\/\/ccoo.app\/diputacio-de-barcelona\/wp-content\/blogs.dir\/6\/files\/sites\/186\/2022\/03\/tw.png\" alt=\"Tw\" class=\"wp-image-49917\" \/><\/a><\/figure>\n<\/div>\n<\/div><\/div><\/div>\n\n<div class=\"gb-grid-column gb-grid-column-1598237d\"><div class=\"gb-container gb-container-1598237d\"><div class=\"gb-inside-container\">\n<div class=\"wp-block-image\">\n<figure class=\"aligncenter size-full\"><a href=\"https:\/\/www.instagram.com\/ccoo_diba\/\"><img loading=\"lazy\" decoding=\"async\" width=\"45\" height=\"44\" src=\"https:\/\/ccoo.app\/diputacio-de-barcelona\/wp-content\/blogs.dir\/6\/files\/sites\/186\/2022\/03\/ig.png\" alt=\"Ig\" class=\"wp-image-49918\" \/><\/a><\/figure>\n<\/div>\n<\/div><\/div><\/div>\n\n<div class=\"gb-grid-column gb-grid-column-2db731fe\"><div class=\"gb-container gb-container-2db731fe\"><div class=\"gb-inside-container\">\n<div class=\"wp-block-image\">\n<figure class=\"aligncenter size-full\"><a href=\"https:\/\/ccoo.app\/diputacio-de-barcelona\"><img loading=\"lazy\" decoding=\"async\" width=\"39\" height=\"40\" src=\"https:\/\/ccoo.app\/diputacio-de-barcelona\/wp-content\/blogs.dir\/6\/files\/sites\/186\/2022\/03\/www.png\" alt=\"Www\" class=\"wp-image-49919\" \/><\/a><\/figure>\n<\/div>\n<\/div><\/div><\/div>\n\n<div class=\"gb-grid-column gb-grid-column-f3651540\"><div class=\"gb-container gb-container-f3651540\"><div class=\"gb-inside-container\">\n<div class=\"wp-block-image is-resized\">\n<figure class=\"aligncenter size-full\"><a href=\"https:\/\/www.ccoo.cat\/afiliat\/?_sfm_aff_situation=94\"><img loading=\"lazy\" decoding=\"async\" width=\"125\" height=\"38\" src=\"https:\/\/ccoo.app\/diputacio-de-barcelona\/wp-content\/blogs.dir\/6\/files\/sites\/186\/2022\/03\/af.png\" alt=\"Af\" class=\"wp-image-49920\" \/><\/a><\/figure>\n<\/div>\n<\/div><\/div><\/div>\n<\/div><\/div><\/div>\n","protected":false},"excerpt":{"rendered":"<p>6 DE JUNY DE 2025 A la darrera reuni\u00f3 del Comit\u00e8 de Seguretat i Salut de la Diputaci\u00f3 de Barcelona del dia 6 de juny&nbsp;des de CCOO vam tractar els &#8230; <\/p>\n<p class=\"read-more-container\"><a title=\"COMIT\u00c8 DE SEGURETAT I SALUT\" class=\"read-more button\" href=\"https:\/\/ccoo.app\/diputacio-de-barcelona\/comite-de-seguretat-i-salut-4\/#more-54100\" aria-label=\"Leer m\u00e1s sobre COMIT\u00c8 DE SEGURETAT I SALUT\">Continuar llegint<\/a><\/p>\n","protected":false},"author":88639,"featured_media":52365,"comment_status":"closed","ping_status":"closed","sticky":false,"template":"","format":"standard","meta":{"footnotes":""},"categories":[38,19,35],"tags":[],"class_list":["post-54100","post","type-post","status-publish","format-standard","has-post-thumbnail","hentry","category-a-tot-el-personal","category-comunicats","category-salut-laboral","generate-columns","tablet-grid-50","mobile-grid-100","grid-parent","grid-50"],"_links":{"self":[{"href":"https:\/\/ccoo.app\/diputacio-de-barcelona\/wp-json\/wp\/v2\/posts\/54100","targetHints":{"allow":["GET"]}}],"collection":[{"href":"https:\/\/ccoo.app\/diputacio-de-barcelona\/wp-json\/wp\/v2\/posts"}],"about":[{"href":"https:\/\/ccoo.app\/diputacio-de-barcelona\/wp-json\/wp\/v2\/types\/post"}],"author":[{"embeddable":true,"href":"https:\/\/ccoo.app\/diputacio-de-barcelona\/wp-json\/wp\/v2\/users\/88639"}],"replies":[{"embeddable":true,"href":"https:\/\/ccoo.app\/diputacio-de-barcelona\/wp-json\/wp\/v2\/comments?post=54100"}],"version-history":[{"count":5,"href":"https:\/\/ccoo.app\/diputacio-de-barcelona\/wp-json\/wp\/v2\/posts\/54100\/revisions"}],"predecessor-version":[{"id":54109,"href":"https:\/\/ccoo.app\/diputacio-de-barcelona\/wp-json\/wp\/v2\/posts\/54100\/revisions\/54109"}],"wp:featuredmedia":[{"embeddable":true,"href":"https:\/\/ccoo.app\/diputacio-de-barcelona\/wp-json\/wp\/v2\/media\/52365"}],"wp:attachment":[{"href":"https:\/\/ccoo.app\/diputacio-de-barcelona\/wp-json\/wp\/v2\/media?parent=54100"}],"wp:term":[{"taxonomy":"category","embeddable":true,"href":"https:\/\/ccoo.app\/diputacio-de-barcelona\/wp-json\/wp\/v2\/categories?post=54100"},{"taxonomy":"post_tag","embeddable":true,"href":"https:\/\/ccoo.app\/diputacio-de-barcelona\/wp-json\/wp\/v2\/tags?post=54100"}],"curies":[{"name":"wp","href":"https:\/\/api.w.org\/{rel}","templated":true}]}}