{"id":54095,"date":"2025-06-04T10:59:58","date_gmt":"2025-06-04T08:59:58","guid":{"rendered":"https:\/\/ccoo.app\/diputacio-de-barcelona\/?p=54095"},"modified":"2025-06-04T10:59:59","modified_gmt":"2025-06-04T08:59:59","slug":"preparacio-oposicions-pamo-diputacio-de-barcelona-tecnic-a-mitja-ana-de-gestio-part-especifica-ultimes-places","status":"publish","type":"post","link":"https:\/\/ccoo.app\/diputacio-de-barcelona\/preparacio-oposicions-pamo-diputacio-de-barcelona-tecnic-a-mitja-ana-de-gestio-part-especifica-ultimes-places\/","title":{"rendered":"Preparaci\u00f3 Oposicions &#8211; PAMO &#8211; Diputaci\u00f3 de Barcelona &#8211; T\u00e8cnic\/a mitj\u00e0\/ana de gesti\u00f3. Part Espec\u00edfica: \u00daLTIMES PLACES!!!"},"content":{"rendered":"\n<div style=\"height:50px\" aria-hidden=\"true\" class=\"wp-block-spacer\"><\/div>\n\n\n\n<h2 class=\"gb-headline gb-headline-3d728974 gb-headline-text\"><strong>Aconsegueix la teva pla\u00e7a PAMO<\/strong><\/h2>\n\n\n\n<h2 class=\"gb-headline gb-headline-4201abdd gb-headline-text\"><strong> No perdis aquesta oportunitat!<\/strong><\/h2>\n\n\n\n<div style=\"height:40px\" aria-hidden=\"true\" class=\"wp-block-spacer\"><\/div>\n\n\n<div class=\"gb-grid-wrapper gb-grid-wrapper-a41b084a\">\n<div class=\"gb-grid-column gb-grid-column-491c7a06\"><div class=\"gb-container gb-container-491c7a06\"><\/div><\/div>\n\n<div class=\"gb-grid-column gb-grid-column-94ca783f\"><div class=\"gb-container gb-container-94ca783f\">\n\n<h4 class=\"gb-headline gb-headline-f693ff26 gb-headline-text\">PREPARACI\u00d3 OPOSICI\u00d3 DIPUTACI\u00d3 DE BARCELONA<br>T\u00c8CNIC\/A MITJ\u00c0\/ANA DE GESTI\u00d3. PART ESPEC\u00cdFICA<\/h4>\n\n<\/div><\/div>\n<\/div>\n\n<div class=\"gb-grid-wrapper gb-grid-wrapper-e23a851a\">\n<div class=\"gb-grid-column gb-grid-column-e045e70f\"><div class=\"gb-container gb-container-e045e70f\">\n\n<figure class=\"gb-block-image gb-block-image-d8e62685\"><img loading=\"lazy\" decoding=\"async\" width=\"512\" height=\"512\" class=\"gb-image gb-image-d8e62685\" src=\"https:\/\/ccoo.app\/diputacio-de-barcelona\/wp-content\/blogs.dir\/6\/files\/sites\/186\/2025\/02\/calendario.png\" alt=\"\" title=\"calendario\" srcset=\"https:\/\/ccoo.app\/diputacio-de-barcelona\/wp-content\/blogs.dir\/6\/files\/sites\/186\/2025\/02\/calendario.png 512w, https:\/\/ccoo.app\/diputacio-de-barcelona\/wp-content\/blogs.dir\/6\/files\/sites\/186\/2025\/02\/calendario-300x300.png 300w, https:\/\/ccoo.app\/diputacio-de-barcelona\/wp-content\/blogs.dir\/6\/files\/sites\/186\/2025\/02\/calendario-150x150.png 150w\" sizes=\"auto, (max-width: 512px) 100vw, 512px\" \/><\/figure>\n\n<\/div><\/div>\n\n<div class=\"gb-grid-column gb-grid-column-ca344ea0\"><div class=\"gb-container gb-container-ca344ea0\">\n\n<h4 class=\"gb-headline gb-headline-28732390 gb-headline-text\"><strong>INICI: 17\/06\/2025<\/strong><\/h4>\n\n<\/div><\/div>\n\n<div class=\"gb-grid-column gb-grid-column-43c7db90\"><div class=\"gb-container gb-container-43c7db90\"><\/div><\/div>\n<\/div>\n\n<div class=\"gb-grid-wrapper gb-grid-wrapper-7b7bada9\">\n<div class=\"gb-grid-column gb-grid-column-6f4ae83b\"><div class=\"gb-container gb-container-6f4ae83b\">\n\n<figure class=\"gb-block-image gb-block-image-98295fb2\"><img loading=\"lazy\" decoding=\"async\" width=\"512\" height=\"512\" class=\"gb-image gb-image-98295fb2\" src=\"https:\/\/ccoo.app\/diputacio-de-barcelona\/wp-content\/blogs.dir\/6\/files\/sites\/186\/2025\/02\/alfiler.png\" alt=\"\" title=\"alfiler\" srcset=\"https:\/\/ccoo.app\/diputacio-de-barcelona\/wp-content\/blogs.dir\/6\/files\/sites\/186\/2025\/02\/alfiler.png 512w, https:\/\/ccoo.app\/diputacio-de-barcelona\/wp-content\/blogs.dir\/6\/files\/sites\/186\/2025\/02\/alfiler-300x300.png 300w, https:\/\/ccoo.app\/diputacio-de-barcelona\/wp-content\/blogs.dir\/6\/files\/sites\/186\/2025\/02\/alfiler-150x150.png 150w\" sizes=\"auto, (max-width: 512px) 100vw, 512px\" \/><\/figure>\n\n<\/div><\/div>\n\n<div class=\"gb-grid-column gb-grid-column-6d0a8a61\"><div class=\"gb-container gb-container-6d0a8a61\">\n\n<h4 class=\"gb-headline gb-headline-c6d8025e gb-headline-text\"><strong>AULA VIRTUAL<\/strong><\/h4>\n\n<\/div><\/div>\n\n<div class=\"gb-grid-column gb-grid-column-5a43d580\"><div class=\"gb-container gb-container-5a43d580\"><\/div><\/div>\n<\/div>\n\n<div class=\"gb-grid-wrapper gb-grid-wrapper-b65566aa\">\n<div class=\"gb-grid-column gb-grid-column-f6aec929\"><div class=\"gb-container gb-container-f6aec929\"><\/div><\/div>\n\n<div class=\"gb-grid-column gb-grid-column-3ae1e5be\"><div class=\"gb-container gb-container-3ae1e5be\">\n\n<h4 class=\"gb-headline gb-headline-3bf2096d gb-headline-text\"><strong>CONTINGUT<\/strong><\/h4>\n\n\n\n<p>1. La configuraci\u00f3 de l\u2019Administraci\u00f3 p\u00fablica a la Constituci\u00f3. La regulaci\u00f3 de l\u2019Administraci\u00f3 en la Llei 40\/2015, d\u20191 d\u2019octubre, de r\u00e8gim jur\u00eddic del sector p\u00fablic.<br>2. Submissi\u00f3 de l\u2019Administraci\u00f3 a la llei i al dret. Fonts del dret administratiu. El reglament: titularitat de la potestat reglament\u00e0ria. El procediment d\u2019elaboraci\u00f3 dels reglaments. Efic\u00e0cia del reglament. Control dels reglaments il\u00b7legals i efectes de la seva anul\u00b7laci\u00f3.<br>3. L\u2019acte administratiu. Concepte. Elements. Classes. Requisits: la motivaci\u00f3 i la forma. Efic\u00e0cia dels actes administratius. El principi d\u2019inderogabilitat singular, executivitat, efectes, suspensi\u00f3, validesa i invalidesa dels actes administratius. Convalidaci\u00f3, conservaci\u00f3 i conversi\u00f3. La notificaci\u00f3 i la publicaci\u00f3.<br>4. Disposicions generals sobre els procediments administratius i normes reguladores dels diferents procediments. Les parts en el procediment administratiu: les persones interessades en el procediment administratiu. La capacitat d\u2019obrar i les seves causes modificatives. Les situacions jur\u00eddiques de les persones interessades en el procediment.<br>5. Fases del procediment administratiu. La iniciaci\u00f3: classes, esmena i millora de sol\u00b7licituds. Presentaci\u00f3 de sol\u00b7licituds, escrits i comunicacions. Els registres administratius. Terminis: c\u00f2mput, ampliaci\u00f3 i tramitaci\u00f3 d\u2019urg\u00e8ncia. L\u2019ordenaci\u00f3. La instrucci\u00f3: intervenci\u00f3 dels interessats, prova i informes.<br>6. La finalitzaci\u00f3 del procediment. L\u2019obligaci\u00f3 de resoldre. Contingut de la resoluci\u00f3 expressa: principis de congru\u00e8ncia i de no agreujament de la situaci\u00f3 inicial. La terminaci\u00f3 convencional. La manca de resoluci\u00f3 expressa: el r\u00e8gim del silenci administratiu. El desistiment i la ren\u00fancia. La caducitat.<br>7. Recursos administratius: principis generals. Classes de recursos.<br>8. La jurisdicci\u00f3 contenciosa administrativa. Naturalesa, extensi\u00f3 i l\u00edmits. \u00d2rgans de la jurisdicci\u00f3 i compet\u00e8ncies. Les parts: legitimaci\u00f3. L\u2019objecte del recurs contenci\u00f3s administratiu.<br>9. La potestat sancionadora. Concepte i significat. Principis de l\u2019exercici de la potestat sancionadora. El procediment sancionador i les seves garanties. Tipus de sancions administratives. Especial refer\u00e8ncia a la potestat sancionadora local.<br>10. Activitat local d\u2019ordenaci\u00f3 i intervenci\u00f3 administrativa: principis. Ordenances i bans. Llic\u00e8ncies i altres actes de control preventiu.<br>11. Les fonts del dret local. Regulaci\u00f3 b\u00e0sica de l\u2019Estat i normativa de les comunitats aut\u00f2nomes en mat\u00e8ria de r\u00e8gim local. La incid\u00e8ncia de la legislaci\u00f3 sectorial sobre el r\u00e8gim local.<br>12. La potestat reglament\u00e0ria de les entitats locals. Reglaments i ordenances. Procediment d\u2019elaboraci\u00f3. El reglament org\u00e0nic. Els bans.<br>13. Autonomia local, diputacions catalanes i cooperaci\u00f3 econ\u00f2mica amb els municipis. El sistema d\u2019atribuci\u00f3 de compet\u00e8ncies dels ens locals.<br>14. L\u2019organitzaci\u00f3 municipal. \u00d2rgans necessaris. \u00d2rgans complementaris.<br>15. L\u2019organitzaci\u00f3 provincial. \u00d2rgans necessaris. \u00d2rgans complementaris.<br>16. L\u2019assist\u00e8ncia als municipis en l\u2019\u00e0mbit de la Diputaci\u00f3 de Barcelona. Marc jur\u00eddic. El pla de cooperaci\u00f3 Xarxa de Governs Locals 2024-2027 i altres instruments de cooperaci\u00f3.<br>17. R\u00e8gim de sessions i acords dels \u00f2rgans de govern local. Actes, certificacions, comunicacions, notificacions i publicaci\u00f3 dels acords. Especialitats dels organismes aut\u00f2noms i consorcis.<br>18. T\u00e8cniques d\u2019alteraci\u00f3 de les compet\u00e8ncies org\u00e0niques: delegaci\u00f3, desconcentraci\u00f3. L\u2019encomanda o enc\u00e0rrec de gesti\u00f3 a l\u2019Administraci\u00f3 local.<br>19. Descentralitzaci\u00f3 en l\u2019\u00e0mbit local: els organismes aut\u00f2noms i la constituci\u00f3 de consorcis com a personificaci\u00f3 associativa en l\u2019\u00e0mbit local.<br>20. Les formes d\u2019activitat administrativa de les entitats locals. L\u2019activitat de foment: especial refer\u00e8ncia a les subvencions; legislaci\u00f3 b\u00e0sica i legislaci\u00f3 auton\u00f2mica aplicable als ens locals de Catalunya.<br>21. Serveis p\u00fablics locals (I): principis. Establiment, prestaci\u00f3 i supressi\u00f3. Serveis m\u00ednims obligatoris i essencials reservats.<br>22. Serveis p\u00fablics locals (II): formes de gesti\u00f3 directa. Principis generals.<br>23. Serveis p\u00fablics locals (III): formes de gesti\u00f3 indirecta. Principis generals.<br>24. La responsabilitat patrimonial de l\u2019Administraci\u00f3 p\u00fablica: car\u00e0cters. Els pressup\u00f2sits de la responsabilitat. Danys rescabalables. L\u2019acci\u00f3 i el procediment administratiu en mat\u00e8ria de responsabilitat.<br>25. El patrimoni dels ens locals: utilitzaci\u00f3 i aprofitament dels b\u00e9ns. Utilitzaci\u00f3 dels b\u00e9ns de domini p\u00fablic. Utilitzaci\u00f3 dels b\u00e9ns patrimonials. Aprofitament dels b\u00e9ns comunals. Conservaci\u00f3, protecci\u00f3 i defensa dels b\u00e9ns. Prerrogatives respecte dels b\u00e9ns (acci\u00f3 investigadora, atermenament, recuperaci\u00f3 d\u2019ofici i desnonament administratiu).<br>26. La contractaci\u00f3 del sector p\u00fablic. Objecte i \u00e0mbit d\u2019aplicaci\u00f3 de la llei 9\/2017. Contractes del sector p\u00fablic: delimitaci\u00f3 dels tipus contractuals, contractes subjectes a una regulaci\u00f3 harmonitzada, contractes administratius i contractes privats. Racionalitat i consist\u00e8ncia de la contractaci\u00f3, llibertat de pactes i contingut m\u00ednim, perfecci\u00f3 i forma del contracte. R\u00e8gim d\u2019invalidesa i recurs especial.<br>27. Parts en el contracte: \u00f2rgan de contractaci\u00f3, capacitat i solv\u00e8ncia de l\u2019empresari i successi\u00f3 del contractista. Objecte, pressupost base de licitaci\u00f3, valor estimat, preu del contracte i la seva revisi\u00f3. Garanties exigibles.<br>28. Contractes de les administracions p\u00fabliques. Actuacions relatives a la contractaci\u00f3 de les administracions p\u00fabliques: preparaci\u00f3, adjudicaci\u00f3, efectes, compliment i extinci\u00f3 dels contractes de les administracions p\u00fabliques. Racionalitzaci\u00f3 t\u00e8cnica de la contractaci\u00f3.<br>29. Diferents tipus de contractes de les administracions p\u00fabliques: obres, concessi\u00f3 d\u2019obres, concessi\u00f3 de serveis, subministrament, serveis. Contractes d\u2019altres ens del sector p\u00fablic. Organitzaci\u00f3 administrativa per a la gesti\u00f3 de la contractaci\u00f3.<br>30. La funci\u00f3 p\u00fablica local (I). El personal al servei de les administracions p\u00fabliques. Classes de personal: funcionari, laboral i eventual. El personal directiu professional.<br>31. La funci\u00f3 p\u00fablica local (II). Els instruments de planificaci\u00f3 dels recursos humans, en especial ofertes d\u2019ocupaci\u00f3 p\u00fablica. L\u2019acc\u00e9s a l\u2019ocupaci\u00f3 p\u00fablica. La selecci\u00f3 de personal: sistemes de selecci\u00f3, requisits de participaci\u00f3 i procediment selectiu. La promoci\u00f3 interna. La selecci\u00f3 del personal inter\u00ed.<br>32. La funci\u00f3 p\u00fablica local (III). Mobilitat i sistemes de provisi\u00f3 de llocs de treball. La carrera professional. Els instruments d\u2019ordenaci\u00f3 de l\u2019ocupaci\u00f3 p\u00fablica, en especial relacions de llocs de treball. Agrupaci\u00f3 i classificaci\u00f3 del personal funcionari.<br>33. La funci\u00f3 p\u00fablica local (IV). La relaci\u00f3 de serveis dels funcionaris p\u00fablics locals. Drets, deures i situacions administratives. Drets econ\u00f2mics i seguretat social. R\u00e8gim d\u2019incompatibilitats del personal al servei de les administracions p\u00fabliques. R\u00e8gim disciplinari.<br>34. La prevenci\u00f3 de riscos laborals. Legislaci\u00f3 b\u00e0sica. Objecte, \u00e0mbit d\u2019aplicaci\u00f3 i definicions. La pol\u00edtica de prevenci\u00f3 de riscos. Drets i obligacions. Serveis de prevenci\u00f3. Consulta i participaci\u00f3 dels treballadors. Responsabilitat i sancions.<br>35. Els recursos de les hisendes locals en el marc del Reial Decret Legislatiu 2\/2004, de 5 de mar\u00e7, pel qual s\u2019aprova el text ref\u00f3s de la llei reguladora de les hisendes locals: dels municipis, les prov\u00edncies i altres entitats locals. La imposici\u00f3 i ordenaci\u00f3 de tributs i l\u2019establiment de recursos no tributaris.<br>36. Les taxes. Els preus p\u00fablics. Les contribucions especials.<br>37. La participaci\u00f3 dels municipis i prov\u00edncies en els tributs de l\u2019Estat i de la comunitat aut\u00f2noma. R\u00e8gims especials. La cooperaci\u00f3 de l\u2019Estat en les inversions de les entitats locals.<br>38. La Llei general pressupost\u00e0ria. El cicle pressupostari. El pressupost en l\u2019\u00e0mbit local. Principis pressupostaris.<br>39. El pressupost general de les entitats locals. Elaboraci\u00f3 i aprovaci\u00f3. Bases d\u2019execuci\u00f3 del pressupost. La pr\u00f2rroga del pressupost.<br>40. Estructura del pressupost de despeses. Estructura del pressupost d\u2019ingressos.<br>41. Les modificacions de cr\u00e8dit: concepte, classes i tramitaci\u00f3.<br>42. Les fases d\u2019execuci\u00f3 del pressupost. Documents que origina. Pagaments a justificar. Bestreta de caixa fixa. Despeses de car\u00e0cter plurianual.<br>43. La liquidaci\u00f3 del pressupost: confecci\u00f3 i aprovaci\u00f3, els romanents de cr\u00e8dit, el resultat pressupostari i el romanent de tresoreria.<br>44. El control intern de l\u2019activitat economicofinancera de les entitats locals i dels ens que en depenen. La funci\u00f3 interventora. Garantia dels \u00f2rgans de control intern.<br>45. El control extern dels ens locals. El Tribunal de Comptes. La Sindicatura de Comptes. Altres \u00f2rgans no jurisdiccionals amb funcions de control, fiscalitzaci\u00f3 i supervisi\u00f3 de l\u2019activitat dels ens locals.<br>46. La protecci\u00f3 de dades personals. El r\u00e8gim jur\u00eddic i l\u2019obligaci\u00f3 del seu compliment. Drets dels ciutadans: drets d\u2019acc\u00e9s, rectificaci\u00f3, supressi\u00f3, limitaci\u00f3 del tractament, portabilitat i d\u2019oposici\u00f3 de les dades. \u00c0mbit d\u2019aplicaci\u00f3 del r\u00e8gim fixat per la Llei de bases de r\u00e8gim local quant a la transmissi\u00f3 de les dades del Padr\u00f3 municipal d\u2019habitants; incid\u00e8ncia de la normativa en mat\u00e8ria de protecci\u00f3 de dades de car\u00e0cter personal.<br>47. Transpar\u00e8ncia, acc\u00e9s a la informaci\u00f3 p\u00fablica i bon govern. Marc normatiu: la Llei estatal 19\/2013 i la Llei catalana 19\/2014, de transpar\u00e8ncia, acc\u00e9s a la informaci\u00f3 p\u00fablica i bon govern, i el Decret 8\/2021 que la desenvolupa.<br>48. Les Administracions P\u00fabliques i la societat de la informaci\u00f3. L\u2019administraci\u00f3 electr\u00f2nica: principis. El r\u00e8gim jur\u00eddic de l\u2019administraci\u00f3 electr\u00f2nica.<\/p>\n\n\n\n<div style=\"height:40px\" aria-hidden=\"true\" class=\"wp-block-spacer\"><\/div>\n\n\n\n<p class=\"gb-headline gb-headline-d3ac8f97 gb-headline-text\">Aquest curs permetr\u00e0\u00a0preparar-se per a l\u2019examen amb l&#8217;assist\u00e8ncia de la professora. Les persones que desitgeu aprofitar aquesta oportunitat podreu accedir al curs des del seg\u00fcent enlla\u00e7:<\/p>\n\n\n\n<div class=\"wp-block-buttons is-content-justification-center is-layout-flex wp-container-core-buttons-is-layout-16018d1d wp-block-buttons-is-layout-flex\">\n<div class=\"wp-block-button is-style-fill\"><a class=\"wp-block-button__link wp-element-button\" href=\"https:\/\/fundaciopacopuerto.cat\/cursos-formacio\/funcio-publica-oposicions\/local-ajuntaments-i-diputacions\/preparacio-oposicio-diputacio-barcelona-tecnic-a-mitja-ana-de-gestio-a2-part-especifica-88769\/\" style=\"border-radius:0px\">Preparaci\u00f3 Oposici\u00f3 Diputaci\u00f3 de Barcelona. T\u00e8cnic\/a mitj\u00e0\/ana de gesti\u00f3. Part espec\u00edfica<\/a><\/div>\n<\/div>\n\n<\/div><\/div>\n\n<div class=\"gb-grid-column gb-grid-column-f0e7eb7d\"><div class=\"gb-container gb-container-f0e7eb7d\"><\/div><\/div>\n<\/div>\n\n\n<div style=\"height:80px\" aria-hidden=\"true\" class=\"wp-block-spacer\"><\/div>\n\n\n<div class=\"wp-block-image\">\n<figure class=\"aligncenter size-full is-resized\"><img loading=\"lazy\" decoding=\"async\" width=\"512\" height=\"512\" src=\"https:\/\/ccoo.app\/diputacio-de-barcelona\/wp-content\/blogs.dir\/6\/files\/sites\/186\/2023\/04\/preguntes.png\" alt=\"Preguntes\" class=\"wp-image-52698\" style=\"width:128px;height:128px\" srcset=\"https:\/\/ccoo.app\/diputacio-de-barcelona\/wp-content\/blogs.dir\/6\/files\/sites\/186\/2023\/04\/preguntes.png 512w, https:\/\/ccoo.app\/diputacio-de-barcelona\/wp-content\/blogs.dir\/6\/files\/sites\/186\/2023\/04\/preguntes-300x300.png 300w, https:\/\/ccoo.app\/diputacio-de-barcelona\/wp-content\/blogs.dir\/6\/files\/sites\/186\/2023\/04\/preguntes-150x150.png 150w\" sizes=\"auto, (max-width: 512px) 100vw, 512px\" \/><\/figure>\n<\/div>\n\n<div class=\"gb-container gb-container-d4283c0a\">\n\n<div style=\"height:25px\" aria-hidden=\"true\" class=\"wp-block-spacer\"><\/div>\n\n\n\n<h3 class=\"gb-headline gb-headline-f5c8f4d8 gb-headline-text\"><strong>No et quedis mai amb el dubte,<br>contacta amb  CCOO<\/strong><\/h3>\n\n\n\n<div class=\"wp-block-buttons is-content-justification-center is-layout-flex wp-container-core-buttons-is-layout-16018d1d wp-block-buttons-is-layout-flex\">\n<div class=\"wp-block-button is-style-fill\"><a class=\"wp-block-button__link has-base-3-color has-contrast-2-background-color has-text-color has-background wp-element-button\" href=\"https:\/\/ccoo.app\/diputacio-de-barcelona\/seccio-sindical-de-ccoo\/\" style=\"border-radius:0px\">CONTACTA&#8217;NS<\/a><\/div>\n<\/div>\n\n<\/div>\n\n\n<p><\/p>\n\n\n\n<div style=\"height:100px\" aria-hidden=\"true\" class=\"wp-block-spacer\"><\/div>\n","protected":false},"excerpt":{"rendered":"<p>Aconsegueix la teva pla\u00e7a PAMO No perdis aquesta oportunitat! No et quedis mai amb el dubte,contacta amb CCOO<\/p>\n","protected":false},"author":88639,"featured_media":52922,"comment_status":"closed","ping_status":"closed","sticky":false,"template":"","format":"standard","meta":{"footnotes":""},"categories":[38,19,20],"tags":[],"class_list":["post-54095","post","type-post","status-publish","format-standard","has-post-thumbnail","hentry","category-a-tot-el-personal","category-comunicats","category-cursos","generate-columns","tablet-grid-50","mobile-grid-100","grid-parent","grid-50"],"_links":{"self":[{"href":"https:\/\/ccoo.app\/diputacio-de-barcelona\/wp-json\/wp\/v2\/posts\/54095","targetHints":{"allow":["GET"]}}],"collection":[{"href":"https:\/\/ccoo.app\/diputacio-de-barcelona\/wp-json\/wp\/v2\/posts"}],"about":[{"href":"https:\/\/ccoo.app\/diputacio-de-barcelona\/wp-json\/wp\/v2\/types\/post"}],"author":[{"embeddable":true,"href":"https:\/\/ccoo.app\/diputacio-de-barcelona\/wp-json\/wp\/v2\/users\/88639"}],"replies":[{"embeddable":true,"href":"https:\/\/ccoo.app\/diputacio-de-barcelona\/wp-json\/wp\/v2\/comments?post=54095"}],"version-history":[{"count":2,"href":"https:\/\/ccoo.app\/diputacio-de-barcelona\/wp-json\/wp\/v2\/posts\/54095\/revisions"}],"predecessor-version":[{"id":54098,"href":"https:\/\/ccoo.app\/diputacio-de-barcelona\/wp-json\/wp\/v2\/posts\/54095\/revisions\/54098"}],"wp:featuredmedia":[{"embeddable":true,"href":"https:\/\/ccoo.app\/diputacio-de-barcelona\/wp-json\/wp\/v2\/media\/52922"}],"wp:attachment":[{"href":"https:\/\/ccoo.app\/diputacio-de-barcelona\/wp-json\/wp\/v2\/media?parent=54095"}],"wp:term":[{"taxonomy":"category","embeddable":true,"href":"https:\/\/ccoo.app\/diputacio-de-barcelona\/wp-json\/wp\/v2\/categories?post=54095"},{"taxonomy":"post_tag","embeddable":true,"href":"https:\/\/ccoo.app\/diputacio-de-barcelona\/wp-json\/wp\/v2\/tags?post=54095"}],"curies":[{"name":"wp","href":"https:\/\/api.w.org\/{rel}","templated":true}]}}