{"id":54083,"date":"2025-05-19T08:48:56","date_gmt":"2025-05-19T06:48:56","guid":{"rendered":"https:\/\/ccoo.app\/diputacio-de-barcelona\/?p=54083"},"modified":"2025-05-19T08:48:58","modified_gmt":"2025-05-19T06:48:58","slug":"comite-de-seguretat-i-salut-3","status":"publish","type":"post","link":"https:\/\/ccoo.app\/diputacio-de-barcelona\/comite-de-seguretat-i-salut-3\/","title":{"rendered":"COMIT\u00c8 DE SEGURETAT I SALUT"},"content":{"rendered":"\n<div style=\"height:40px\" aria-hidden=\"true\" class=\"wp-block-spacer\"><\/div>\n\n\n\n<h4 class=\"wp-block-heading has-text-align-center has-text-color\" style=\"color:#d42e12;font-size:28px\">9 DE MAIG DE 2025<\/h4>\n\n\n\n<figure class=\"gb-block-image gb-block-image-1bd8cee7\"><img loading=\"lazy\" decoding=\"async\" width=\"390\" height=\"390\" class=\"gb-image gb-image-1bd8cee7\" src=\"https:\/\/ccoo.app\/diputacio-de-barcelona\/wp-content\/blogs.dir\/6\/files\/sites\/186\/2023\/03\/informacio-salud-laboral.png\" alt=\"Informacio Salud Laboral\" title=\"Informacio Salud Laboral\" srcset=\"https:\/\/ccoo.app\/diputacio-de-barcelona\/wp-content\/blogs.dir\/6\/files\/sites\/186\/2023\/03\/informacio-salud-laboral.png 390w, https:\/\/ccoo.app\/diputacio-de-barcelona\/wp-content\/blogs.dir\/6\/files\/sites\/186\/2023\/03\/informacio-salud-laboral-300x300.png 300w, https:\/\/ccoo.app\/diputacio-de-barcelona\/wp-content\/blogs.dir\/6\/files\/sites\/186\/2023\/03\/informacio-salud-laboral-150x150.png 150w\" sizes=\"auto, (max-width: 390px) 100vw, 390px\" \/><\/figure>\n\n\n\n<div style=\"height:40px\" aria-hidden=\"true\" class=\"wp-block-spacer\"><\/div>\n\n\n\n<p class=\"gb-headline gb-headline-00a0bfc5 gb-headline-text\">A la darrera reuni\u00f3 del Comit\u00e8 de Seguretat i Salut de la Diputaci\u00f3 de Barcelona del dia 9 de maig\u00a0<span style=\"text-decoration: underline\"><strong>des de CCOO vam tractar els seg\u00fcents punts, entre d\u2019altres, que afecten les condicions de seguretat i salut<\/strong><\/span>\u00a0dels treballadors i treballadores de la corporaci\u00f3:<\/p>\n\n\n\n<div style=\"height:10px\" aria-hidden=\"true\" class=\"wp-block-spacer\"><\/div>\n\n\n<div class=\"gb-container gb-container-5d0fa1dd\">\n\n<h4 class=\"gb-headline gb-headline-b555aa4e gb-headline-text\">FORMACI\u00d3<\/h4>\n\n\n\n<ul class=\"wp-block-list\">\n<li><strong><span style=\"text-decoration: underline\">Sol\u00b7licitem a l\u2019OPRL que es realitzi formaci\u00f3 de vehicles 4&#215;4 i conducci\u00f3 segura al personal de Laboratori de Medi Ambient i presa de mostres<\/span><\/strong>.<\/li>\n\n\n\n<li><strong><span style=\"text-decoration: underline\">Demanem que es faci l\u2019activitat formativa Emmagatzematge i transport de productes qu\u00edmics al personal de Magatzem\/Log\u00edstica d\u2019Edificaci\u00f3<\/span><\/strong>, ja que ens consta que nom\u00e9s va ser realitzada pel personal de Brigades.<\/li>\n\n\n\n<li><strong><span style=\"text-decoration: underline\">Sol\u00b7licitem tamb\u00e9 que es faci la formaci\u00f3 Primers auxilis i \u00fas del DEA a tot el personal dels Centres de Conservaci\u00f3 de Carreteres<\/span><\/strong>.<\/li>\n<\/ul>\n\n<\/div>\n\n<div class=\"gb-container gb-container-06e08d6c\">\n\n<h4 class=\"gb-headline gb-headline-616b5429 gb-headline-text\">EPI<\/h4>\n\n\n\n<ul class=\"wp-block-list\">\n<li><strong><span style=\"text-decoration: underline\">Agra\u00efm que ja hi hagi col\u00b7lectius als quals se\u2019ls hagi adaptat les ulleres de protecci\u00f3 amb filtre solar, per\u00f2 insistim en l\u2019adaptaci\u00f3 de totes aquestes ulleres<\/span><\/strong>, no nom\u00e9s les de sol, per a tots aquells col\u00b7lectius que siguin susceptibles de dur a terme tasques amb projecci\u00f3 de part\u00edcules.<\/li>\n<\/ul>\n\n<\/div>\n\n<div class=\"gb-container gb-container-aca0b916\">\n\n<h4 class=\"gb-headline gb-headline-cdfdfed6 gb-headline-text\">INFRAESTRUCTURES VI\u00c0RIES<\/h4>\n\n\n\n<ul class=\"wp-block-list\">\n<li><strong><span style=\"text-decoration: underline\">Sol\u00b7licitem que tots els Centres de Conservaci\u00f3 de Carreteres disposin d\u2019emissores o walkie-talkie per a quan han de fer talls o desviacions de tr\u00e0nsit a les carreteres<\/span><\/strong>, ja que ens consta que hi ha algun d\u2019aquests centres de treball que no en disposa, <strong><span style=\"text-decoration: underline\">igual que tamb\u00e9 reclamem que es faci un manteniment peri\u00f2dic d\u2019aquests aparells<\/span><\/strong>.<\/li>\n<\/ul>\n\n<\/div>\n\n<div class=\"gb-container gb-container-8b31f49d\">\n\n<h4 class=\"gb-headline gb-headline-3d12cab4 gb-headline-text\">VIGIL\u00c0NCIA DE LA SALUT<\/h4>\n\n\n\n<ul class=\"wp-block-list\">\n<li><strong><span style=\"text-decoration: underline\">Sol\u00b7licitem que el personal d\u2019oficis pugui realitzar-se la revisi\u00f3 m\u00e8dica obligat\u00f2ria en la major brevetat possible <\/span><\/strong>i <strong><span style=\"text-decoration: underline\">que aquesta obligatorietat<\/span><\/strong> en aquestes revisions <strong><span style=\"text-decoration: underline\">es faci extensiva al personal d\u2019oficis de l\u2019Institut del Teatre<\/span><\/strong>.<\/li>\n<\/ul>\n\n<\/div>\n\n<div class=\"gb-container gb-container-af3216ca\">\n\n<h4 class=\"gb-headline gb-headline-561c98a7 gb-headline-text\">M\u00daTUA<\/h4>\n\n\n\n<ul class=\"wp-block-list\">\n<li><strong><span style=\"text-decoration: underline\">Reclamem poder reunir-nos amb la M\u00fatua<\/span><\/strong>, tant de la Diputaci\u00f3 de Barcelona com de l\u2019ORGT, com de l\u2019Institut del Teatre, <strong><span style=\"text-decoration: underline\">per poder fer seguiment i realitzar aclariments o resoldre dubtes<\/span><\/strong>. Avui en dia, nom\u00e9s hem estat convocats a una reuni\u00f3 amb la M\u00fatua de l\u2019ORGT.<\/li>\n<\/ul>\n\n<\/div>\n\n<div class=\"gb-container gb-container-62f5d64f\">\n\n<h4 class=\"gb-headline gb-headline-f4f2fd85 gb-headline-text\">PLA DE SEGURETAT<\/h4>\n\n\n\n<ul class=\"wp-block-list\">\n<li><strong><span style=\"text-decoration: underline\">Tornem a reclamar una reuni\u00f3<\/span><\/strong> per tenir coneixement de la informaci\u00f3 que hi ha en mat\u00e8ria de seguretat i poder treballar amb les diferents Ger\u00e8ncies.<\/li>\n<\/ul>\n\n<\/div>\n\n\n<p><\/p>\n\n\n<div class=\"gb-container gb-container-57cd04b8\">\n\n<h4 class=\"gb-headline gb-headline-19ca5b63 gb-headline-text\">ORGT I INSTITUT DEL TEATRE<\/h4>\n\n\n\n<ul class=\"wp-block-list\">\n<li><span style=\"text-decoration: underline\"><strong>Sol\u00b7licitem que quan es produeixi una situaci\u00f3 d\u2019alerta<\/strong><\/span> (ja sigui meteorol\u00f2gica, apagada de llum, etc.) <strong><span style=\"text-decoration: underline\">les comunicacions s\u2019envi\u00efn, no nom\u00e9s al personal propi de la Diputaci\u00f3 de Barcelona, sin\u00f3 tamb\u00e9 al dels organismes aut\u00f2noms<\/span><\/strong>, ja sigui ORGT, Institut del Teatre o Patronat d\u2019Apostes.<\/li>\n\n\n\n<li><strong><span style=\"text-decoration: underline\">Sol\u00b7licitem c\u00f2pia de tots els accidents de treball<\/span><\/strong> que es produeixin en aquests organismes aut\u00f2noms.<\/li>\n\n\n\n<li><strong><span style=\"text-decoration: underline\">Demanem formaci\u00f3 espec\u00edfica del Pla de Mobilitat de l\u2019ORGT<\/span><\/strong> per tots els delegats i delegades de prevenci\u00f3.<\/li>\n\n\n\n<li><strong><span style=\"text-decoration: underline\">Demanem la participaci\u00f3 dels delegats i delegades de prevenci\u00f3 en totes aquelles adaptacions de protocols o procediments<\/span><\/strong> que es realitzin en aquests organismes.<\/li>\n\n\n\n<li><strong><span style=\"text-decoration: underline\">Exigim l\u2019acc\u00e9s a tota la documentaci\u00f3 en mat\u00e8ria de prevenci\u00f3 de riscos laborals de l\u2019Institut del Teatre<\/span><\/strong> (avaluacions de riscos, sonometries, simulacres, comunicats d\u2019accidents, etc.) per a tots els delegats i delegades de prevenci\u00f3, aix\u00ed com <strong><span style=\"text-decoration: underline\">insistim en la necessitat que se\u2019ns faci arribar totes les convocat\u00f2ries que es realitzin en aquest sentit<\/span><\/strong> per garantir la nostra participaci\u00f3.<\/li>\n\n\n\n<li><strong><span style=\"text-decoration: underline\">Reclamem la necessitat d\u2019ampliar el termini de realitzaci\u00f3 de les revisions m\u00e8diques anuals i complement\u00e0ries<\/span><\/strong> <strong><span style=\"text-decoration: underline\">de l\u2019Institut del Teatre<\/span><\/strong>, i <strong><span style=\"text-decoration: underline\">sol\u00b7licitem informaci\u00f3 al respecte<\/span><\/strong>, ja que ens consta que aquest servei actualment es troba en proc\u00e9s de licitaci\u00f3.<\/li>\n\n\n\n<li><strong><span style=\"text-decoration: underline\">Sol\u00b7licitem tamb\u00e9 les dades dels resultats de l\u2019enquesta de riscos psicosocials<\/span><\/strong> feta a tot el personal de l\u2019Institut del Teatre <strong><span style=\"text-decoration: underline\">com tamb\u00e9 la planificaci\u00f3 de les mesures preventives<\/span><\/strong>. Volem poder consultar i analitzar aquestes dades.<\/li>\n<\/ul>\n\n<\/div>\n\n\n<div style=\"height:40px\" aria-hidden=\"true\" class=\"wp-block-spacer\"><\/div>\n\n\n<div class=\"wp-block-image\">\n<figure class=\"aligncenter size-full is-resized\"><img loading=\"lazy\" decoding=\"async\" width=\"512\" height=\"512\" src=\"https:\/\/ccoo.app\/diputacio-de-barcelona\/wp-content\/blogs.dir\/6\/files\/sites\/186\/2023\/04\/preguntes.png\" alt=\"Preguntes\" class=\"wp-image-52698\" style=\"width:128px;height:128px\" srcset=\"https:\/\/ccoo.app\/diputacio-de-barcelona\/wp-content\/blogs.dir\/6\/files\/sites\/186\/2023\/04\/preguntes.png 512w, https:\/\/ccoo.app\/diputacio-de-barcelona\/wp-content\/blogs.dir\/6\/files\/sites\/186\/2023\/04\/preguntes-300x300.png 300w, https:\/\/ccoo.app\/diputacio-de-barcelona\/wp-content\/blogs.dir\/6\/files\/sites\/186\/2023\/04\/preguntes-150x150.png 150w\" sizes=\"auto, (max-width: 512px) 100vw, 512px\" \/><\/figure>\n<\/div>\n\n<div class=\"gb-container gb-container-d4283c0a\">\n\n<div style=\"height:25px\" aria-hidden=\"true\" class=\"wp-block-spacer\"><\/div>\n\n\n\n<h4 class=\"gb-headline gb-headline-66b0aa8f gb-headline-text\">SALUT LABORAL<\/h4>\n\n\n\n<h3 class=\"gb-headline gb-headline-f5c8f4d8 gb-headline-text\"><strong>No et quedis mai amb el dubte,<br>contacta amb  CCOO<\/strong><\/h3>\n\n\n\n<div class=\"wp-block-buttons is-content-justification-center is-layout-flex wp-container-core-buttons-is-layout-16018d1d wp-block-buttons-is-layout-flex\">\n<div class=\"wp-block-button is-style-fill\"><a class=\"wp-block-button__link has-base-3-color has-contrast-2-background-color has-text-color has-background wp-element-button\" href=\"https:\/\/ccoo.app\/diputacio-de-barcelona\/seccio-sindical-de-ccoo\/\" style=\"border-radius:0px\">CONTACTA&#8217;NS<\/a><\/div>\n<\/div>\n\n<\/div>\n\n\n<div style=\"height:40px\" aria-hidden=\"true\" class=\"wp-block-spacer\"><\/div>\n\n\n\n<div class=\"wp-block-group\"><div class=\"wp-block-group__inner-container is-layout-constrained wp-block-group-is-layout-constrained\"><div class=\"gb-grid-wrapper gb-grid-wrapper-d65739e2\">\n<div class=\"gb-grid-column gb-grid-column-ecc8725d\"><div class=\"gb-container gb-container-ecc8725d\"><div class=\"gb-inside-container\">\n<div class=\"wp-block-image\">\n<figure class=\"aligncenter size-full\"><img loading=\"lazy\" decoding=\"async\" width=\"129\" height=\"38\" src=\"https:\/\/ccoo.app\/diputacio-de-barcelona\/wp-content\/blogs.dir\/6\/files\/sites\/186\/2022\/03\/tel.png\" alt=\"Tel\" class=\"wp-image-49915\" \/><\/figure>\n<\/div>\n<\/div><\/div><\/div>\n\n<div class=\"gb-grid-column gb-grid-column-4c28778f\"><div class=\"gb-container gb-container-4c28778f\"><div class=\"gb-inside-container\">\n<div class=\"wp-block-image\">\n<figure class=\"aligncenter size-full\"><a href=\"mailto:ccoo@diba.cat\"><img loading=\"lazy\" decoding=\"async\" width=\"51\" height=\"37\" src=\"https:\/\/ccoo.app\/diputacio-de-barcelona\/wp-content\/blogs.dir\/6\/files\/sites\/186\/2022\/03\/mail.png\" alt=\"Mail\" class=\"wp-image-49916\" \/><\/a><\/figure>\n<\/div>\n<\/div><\/div><\/div>\n\n<div class=\"gb-grid-column gb-grid-column-c6cc0957\"><div class=\"gb-container gb-container-c6cc0957\"><div class=\"gb-inside-container\">\n<div class=\"wp-block-image\">\n<figure class=\"aligncenter size-full\"><a href=\"https:\/\/twitter.com\/ccoodiba\"><img loading=\"lazy\" decoding=\"async\" width=\"44\" height=\"38\" src=\"https:\/\/ccoo.app\/diputacio-de-barcelona\/wp-content\/blogs.dir\/6\/files\/sites\/186\/2022\/03\/tw.png\" alt=\"Tw\" class=\"wp-image-49917\" \/><\/a><\/figure>\n<\/div>\n<\/div><\/div><\/div>\n\n<div class=\"gb-grid-column gb-grid-column-1598237d\"><div class=\"gb-container gb-container-1598237d\"><div class=\"gb-inside-container\">\n<div class=\"wp-block-image\">\n<figure class=\"aligncenter size-full\"><a href=\"https:\/\/www.instagram.com\/ccoo_diba\/\"><img loading=\"lazy\" decoding=\"async\" width=\"45\" height=\"44\" src=\"https:\/\/ccoo.app\/diputacio-de-barcelona\/wp-content\/blogs.dir\/6\/files\/sites\/186\/2022\/03\/ig.png\" alt=\"Ig\" class=\"wp-image-49918\" \/><\/a><\/figure>\n<\/div>\n<\/div><\/div><\/div>\n\n<div class=\"gb-grid-column gb-grid-column-2db731fe\"><div class=\"gb-container gb-container-2db731fe\"><div class=\"gb-inside-container\">\n<div class=\"wp-block-image\">\n<figure class=\"aligncenter size-full\"><a href=\"https:\/\/ccoo.app\/diputacio-de-barcelona\"><img loading=\"lazy\" decoding=\"async\" width=\"39\" height=\"40\" src=\"https:\/\/ccoo.app\/diputacio-de-barcelona\/wp-content\/blogs.dir\/6\/files\/sites\/186\/2022\/03\/www.png\" alt=\"Www\" class=\"wp-image-49919\" \/><\/a><\/figure>\n<\/div>\n<\/div><\/div><\/div>\n\n<div class=\"gb-grid-column gb-grid-column-f3651540\"><div class=\"gb-container gb-container-f3651540\"><div class=\"gb-inside-container\">\n<div class=\"wp-block-image is-resized\">\n<figure class=\"aligncenter size-full\"><a href=\"https:\/\/www.ccoo.cat\/afiliat\/?_sfm_aff_situation=94\"><img loading=\"lazy\" decoding=\"async\" width=\"125\" height=\"38\" src=\"https:\/\/ccoo.app\/diputacio-de-barcelona\/wp-content\/blogs.dir\/6\/files\/sites\/186\/2022\/03\/af.png\" alt=\"Af\" class=\"wp-image-49920\" \/><\/a><\/figure>\n<\/div>\n<\/div><\/div><\/div>\n<\/div><\/div><\/div>\n","protected":false},"excerpt":{"rendered":"<p>9 DE MAIG DE 2025 A la darrera reuni\u00f3 del Comit\u00e8 de Seguretat i Salut de la Diputaci\u00f3 de Barcelona del dia 9 de maig\u00a0des de CCOO vam tractar els &#8230; <\/p>\n<p class=\"read-more-container\"><a title=\"COMIT\u00c8 DE SEGURETAT I SALUT\" class=\"read-more button\" href=\"https:\/\/ccoo.app\/diputacio-de-barcelona\/comite-de-seguretat-i-salut-3\/#more-54083\" aria-label=\"Leer m\u00e1s sobre COMIT\u00c8 DE SEGURETAT I SALUT\">Continuar llegint<\/a><\/p>\n","protected":false},"author":88639,"featured_media":52365,"comment_status":"closed","ping_status":"closed","sticky":false,"template":"","format":"standard","meta":{"footnotes":""},"categories":[38,19,35],"tags":[],"class_list":["post-54083","post","type-post","status-publish","format-standard","has-post-thumbnail","hentry","category-a-tot-el-personal","category-comunicats","category-salut-laboral","generate-columns","tablet-grid-50","mobile-grid-100","grid-parent","grid-50"],"_links":{"self":[{"href":"https:\/\/ccoo.app\/diputacio-de-barcelona\/wp-json\/wp\/v2\/posts\/54083","targetHints":{"allow":["GET"]}}],"collection":[{"href":"https:\/\/ccoo.app\/diputacio-de-barcelona\/wp-json\/wp\/v2\/posts"}],"about":[{"href":"https:\/\/ccoo.app\/diputacio-de-barcelona\/wp-json\/wp\/v2\/types\/post"}],"author":[{"embeddable":true,"href":"https:\/\/ccoo.app\/diputacio-de-barcelona\/wp-json\/wp\/v2\/users\/88639"}],"replies":[{"embeddable":true,"href":"https:\/\/ccoo.app\/diputacio-de-barcelona\/wp-json\/wp\/v2\/comments?post=54083"}],"version-history":[{"count":3,"href":"https:\/\/ccoo.app\/diputacio-de-barcelona\/wp-json\/wp\/v2\/posts\/54083\/revisions"}],"predecessor-version":[{"id":54086,"href":"https:\/\/ccoo.app\/diputacio-de-barcelona\/wp-json\/wp\/v2\/posts\/54083\/revisions\/54086"}],"wp:featuredmedia":[{"embeddable":true,"href":"https:\/\/ccoo.app\/diputacio-de-barcelona\/wp-json\/wp\/v2\/media\/52365"}],"wp:attachment":[{"href":"https:\/\/ccoo.app\/diputacio-de-barcelona\/wp-json\/wp\/v2\/media?parent=54083"}],"wp:term":[{"taxonomy":"category","embeddable":true,"href":"https:\/\/ccoo.app\/diputacio-de-barcelona\/wp-json\/wp\/v2\/categories?post=54083"},{"taxonomy":"post_tag","embeddable":true,"href":"https:\/\/ccoo.app\/diputacio-de-barcelona\/wp-json\/wp\/v2\/tags?post=54083"}],"curies":[{"name":"wp","href":"https:\/\/api.w.org\/{rel}","templated":true}]}}