{"id":54057,"date":"2025-04-30T08:39:04","date_gmt":"2025-04-30T06:39:04","guid":{"rendered":"https:\/\/ccoo.app\/diputacio-de-barcelona\/?p=54057"},"modified":"2025-04-30T08:39:05","modified_gmt":"2025-04-30T06:39:05","slug":"primer-de-maig-del-2025-%c2%b7-defensem-les-conquestes-guanyem-el-futur","status":"publish","type":"post","link":"https:\/\/ccoo.app\/diputacio-de-barcelona\/primer-de-maig-del-2025-%c2%b7-defensem-les-conquestes-guanyem-el-futur\/","title":{"rendered":"Primer de Maig del 2025 \u00b7 Defensem les conquestes, guanyem el futur"},"content":{"rendered":"\n<div style=\"height:40px\" aria-hidden=\"true\" class=\"wp-block-spacer\"><\/div>\n\n\n\n<figure class=\"gb-block-image gb-block-image-1c53e729\"><img loading=\"lazy\" decoding=\"async\" width=\"1465\" height=\"2048\" class=\"gb-image gb-image-1c53e729\" src=\"https:\/\/ccoo.app\/diputacio-de-barcelona\/wp-content\/blogs.dir\/6\/files\/sites\/186\/2025\/04\/ccoo_1mayo_cartel_a3_v1-1465x2048-1.jpg\" alt=\"\" title=\"ccoo_1mayo_cartel_a3_v1-1465x2048\" srcset=\"https:\/\/ccoo.app\/diputacio-de-barcelona\/wp-content\/blogs.dir\/6\/files\/sites\/186\/2025\/04\/ccoo_1mayo_cartel_a3_v1-1465x2048-1.jpg 1465w, https:\/\/ccoo.app\/diputacio-de-barcelona\/wp-content\/blogs.dir\/6\/files\/sites\/186\/2025\/04\/ccoo_1mayo_cartel_a3_v1-1465x2048-1-215x300.jpg 215w, https:\/\/ccoo.app\/diputacio-de-barcelona\/wp-content\/blogs.dir\/6\/files\/sites\/186\/2025\/04\/ccoo_1mayo_cartel_a3_v1-1465x2048-1-733x1024.jpg 733w, https:\/\/ccoo.app\/diputacio-de-barcelona\/wp-content\/blogs.dir\/6\/files\/sites\/186\/2025\/04\/ccoo_1mayo_cartel_a3_v1-1465x2048-1-768x1074.jpg 768w, https:\/\/ccoo.app\/diputacio-de-barcelona\/wp-content\/blogs.dir\/6\/files\/sites\/186\/2025\/04\/ccoo_1mayo_cartel_a3_v1-1465x2048-1-1099x1536.jpg 1099w\" sizes=\"auto, (max-width: 1465px) 100vw, 1465px\" \/><\/figure>\n\n\n\n<div style=\"height:20px\" aria-hidden=\"true\" class=\"wp-block-spacer\"><\/div>\n\n\n\n<p class=\"gb-headline gb-headline-cc62d7a9 gb-headline-text\"><strong>CCOO Diputaci\u00f3 de Barcelona<\/strong> celebrar\u00e0 aquest <strong>Primer de Maig del 2025<\/strong>, <strong>Dia Internacional dels Treballadors i les Treballadores<\/strong>, amb el lema: <\/p>\n\n\n\n<h4 class=\"gb-headline gb-headline-0187c6da gb-headline-text\">DEFENSEM LES CONQUESTES,<br>GUANYEM EL FUTUR<\/h4>\n\n\n\n<div style=\"height:20px\" aria-hidden=\"true\" class=\"wp-block-spacer\"><\/div>\n\n\n\n<p class=\"gb-headline gb-headline-ac9c74fb gb-headline-text\">S\u2019ha organitzat una\u00a0<strong><span class=\"ek-underline\" style=\"text-decoration: underline\">manifestaci\u00f3<\/span>\u00a0<\/strong>que tindr\u00e0 lloc a:<\/p>\n\n\n\n<ul class=\"wp-block-list is-style-arrow has-custom-size has-contrast-color has-text-color\">\n<li><strong>Barcelona, 11:30 h, pla\u00e7a Urquinaona<\/strong><\/li>\n<\/ul>\n\n\n\n<p class=\"gb-headline gb-headline-d70f6601 gb-headline-text\">Si no et va b\u00e9 anar a Barcelona tamb\u00e9 pots anar als seg\u00fcents <strong>punts de concentraci\u00f3 de Catalunya<\/strong>:<\/p>\n\n\n\n<ul class=\"wp-block-list is-style-arrow has-custom-size has-contrast-color has-text-color\">\n<li><strong>Tarragona, 12:00 h, pla\u00e7a\u00a0Imperial T\u00e0rraco<\/strong><\/li>\n\n\n\n<li><a class=\"ek-link\" href=\"https:\/\/www.ccoo.cat\/wp-content\/uploads\/2023\/04\/cartell-1-maig-2023-tarragona.pdf\"><strong>G<\/strong><\/a><strong>irona, 12:00 h, pla\u00e7a de la Independ\u00e8ncia<\/strong><\/li>\n\n\n\n<li><strong>Lleida, 12:00 h, pla\u00e7a del Treball<\/strong><\/li>\n\n\n\n<li><strong>Terrassa, 11:00 h, pla\u00e7a de Llu\u00eds Companys<\/strong><\/li>\n\n\n\n<li><strong>Tortosa, 12:00 h, pla\u00e7a del Carrilet<\/strong><\/li>\n\n\n\n<li><strong>Igualada, 11:30 h, passeig de Jacint Verdaguer \/ carrer de Sant Mag\u00ed<\/strong><\/li>\n<\/ul>\n\n\n\n<div style=\"height:20px\" aria-hidden=\"true\" class=\"wp-block-spacer\"><\/div>\n\n\n\n<h2 class=\"gb-headline gb-headline-3d728974 gb-headline-text\"><strong>Vine, participa i camina amb nosaltres.<\/strong><\/h2>\n\n\n\n<h2 class=\"gb-headline gb-headline-4201abdd gb-headline-text\"><strong> Fem pinya, fem for\u00e7a!<\/strong><\/h2>\n\n\n\n<div style=\"height:20px\" aria-hidden=\"true\" class=\"wp-block-spacer\"><\/div>\n\n\n\n<p class=\"gb-headline gb-headline-d3ac8f97 gb-headline-text\">Feu clic per descarregar-vos el manifest conjunt:<\/p>\n\n\n\n<div class=\"wp-block-buttons is-content-justification-center is-layout-flex wp-container-core-buttons-is-layout-16018d1d wp-block-buttons-is-layout-flex\">\n<div class=\"wp-block-button is-style-fill\"><a class=\"wp-block-button__link wp-element-button\" href=\"https:\/\/ccoo.app\/diputacio-de-barcelona\/wp-content\/blogs.dir\/6\/files\/sites\/186\/2025\/04\/ugt-cat_ccoo_manifest_primer-de-maig_2025_a4.pdf\" style=\"border-radius:0px\">Protegir les conquestes, guanyar el futur<\/a><\/div>\n<\/div>\n\n\n\n<p class=\"gb-headline gb-headline-57332d4d gb-headline-text\">Per a m\u00e9s informaci\u00f3:<br><a href=\"https:\/\/www.ccoo.cat\/noticies\/primer-de-maig-de-2025\/\"><strong>Primer de Maig de 2025 \u00b7 Defensem les conquestes, guanyem el futur<\/strong><\/a><\/p>\n\n\n\n<div style=\"height:40px\" aria-hidden=\"true\" class=\"wp-block-spacer\"><\/div>\n\n\n\n<h2 class=\"wp-block-heading has-text-align-center has-text-color\" style=\"color:#d42e12\"><strong>#1rMaigCCOO<\/strong><\/h2>\n\n\n\n<p><\/p>\n\n\n\n<div style=\"height:100px\" aria-hidden=\"true\" class=\"wp-block-spacer\"><\/div>\n","protected":false},"excerpt":{"rendered":"<p>CCOO Diputaci\u00f3 de Barcelona celebrar\u00e0 aquest Primer de Maig del 2025, Dia Internacional dels Treballadors i les Treballadores, amb el lema: DEFENSEM LES CONQUESTES,GUANYEM EL FUTUR S\u2019ha organitzat una\u00a0manifestaci\u00f3\u00a0que tindr\u00e0 &#8230; <\/p>\n<p class=\"read-more-container\"><a title=\"Primer de Maig del 2025 \u00b7 Defensem les conquestes, guanyem el futur\" class=\"read-more button\" href=\"https:\/\/ccoo.app\/diputacio-de-barcelona\/primer-de-maig-del-2025-%c2%b7-defensem-les-conquestes-guanyem-el-futur\/#more-54057\" aria-label=\"Leer m\u00e1s sobre Primer de Maig del 2025 \u00b7 Defensem les conquestes, guanyem el futur\">Continuar llegint<\/a><\/p>\n","protected":false},"author":88639,"featured_media":54064,"comment_status":"closed","ping_status":"closed","sticky":false,"template":"","format":"standard","meta":{"footnotes":""},"categories":[38,19],"tags":[],"class_list":["post-54057","post","type-post","status-publish","format-standard","has-post-thumbnail","hentry","category-a-tot-el-personal","category-comunicats","generate-columns","tablet-grid-50","mobile-grid-100","grid-parent","grid-50"],"_links":{"self":[{"href":"https:\/\/ccoo.app\/diputacio-de-barcelona\/wp-json\/wp\/v2\/posts\/54057","targetHints":{"allow":["GET"]}}],"collection":[{"href":"https:\/\/ccoo.app\/diputacio-de-barcelona\/wp-json\/wp\/v2\/posts"}],"about":[{"href":"https:\/\/ccoo.app\/diputacio-de-barcelona\/wp-json\/wp\/v2\/types\/post"}],"author":[{"embeddable":true,"href":"https:\/\/ccoo.app\/diputacio-de-barcelona\/wp-json\/wp\/v2\/users\/88639"}],"replies":[{"embeddable":true,"href":"https:\/\/ccoo.app\/diputacio-de-barcelona\/wp-json\/wp\/v2\/comments?post=54057"}],"version-history":[{"count":6,"href":"https:\/\/ccoo.app\/diputacio-de-barcelona\/wp-json\/wp\/v2\/posts\/54057\/revisions"}],"predecessor-version":[{"id":54096,"href":"https:\/\/ccoo.app\/diputacio-de-barcelona\/wp-json\/wp\/v2\/posts\/54057\/revisions\/54096"}],"wp:featuredmedia":[{"embeddable":true,"href":"https:\/\/ccoo.app\/diputacio-de-barcelona\/wp-json\/wp\/v2\/media\/54064"}],"wp:attachment":[{"href":"https:\/\/ccoo.app\/diputacio-de-barcelona\/wp-json\/wp\/v2\/media?parent=54057"}],"wp:term":[{"taxonomy":"category","embeddable":true,"href":"https:\/\/ccoo.app\/diputacio-de-barcelona\/wp-json\/wp\/v2\/categories?post=54057"},{"taxonomy":"post_tag","embeddable":true,"href":"https:\/\/ccoo.app\/diputacio-de-barcelona\/wp-json\/wp\/v2\/tags?post=54057"}],"curies":[{"name":"wp","href":"https:\/\/api.w.org\/{rel}","templated":true}]}}