{"id":54012,"date":"2025-03-31T12:33:20","date_gmt":"2025-03-31T10:33:20","guid":{"rendered":"https:\/\/ccoo.app\/diputacio-de-barcelona\/?p=54012"},"modified":"2025-04-09T12:05:02","modified_gmt":"2025-04-09T10:05:02","slug":"per-necessitats-del-servei-les-biblioteques-diem-prou","status":"publish","type":"post","link":"https:\/\/ccoo.app\/diputacio-de-barcelona\/per-necessitats-del-servei-les-biblioteques-diem-prou\/","title":{"rendered":"Per necessitats del servei, les biblioteques diem prou"},"content":{"rendered":"\n<div style=\"height:20px\" aria-hidden=\"true\" class=\"wp-block-spacer\"><\/div>\n\n\n\n<figure class=\"gb-block-image gb-block-image-8e102c70\"><img loading=\"lazy\" decoding=\"async\" width=\"390\" height=\"279\" class=\"gb-image gb-image-8e102c70\" src=\"https:\/\/ccoo.app\/diputacio-de-barcelona\/wp-content\/blogs.dir\/6\/files\/sites\/186\/2025\/03\/informacio-assemblea-biblioteques-2-1.jpg\" alt=\"\" title=\"informacio-assemblea-biblioteques-2\" srcset=\"https:\/\/ccoo.app\/diputacio-de-barcelona\/wp-content\/blogs.dir\/6\/files\/sites\/186\/2025\/03\/informacio-assemblea-biblioteques-2-1.jpg 390w, https:\/\/ccoo.app\/diputacio-de-barcelona\/wp-content\/blogs.dir\/6\/files\/sites\/186\/2025\/03\/informacio-assemblea-biblioteques-2-1-300x215.jpg 300w\" sizes=\"auto, (max-width: 390px) 100vw, 390px\" \/><\/figure>\n\n\n\n<figure class=\"gb-block-image gb-block-image-88f73f58\"><img loading=\"lazy\" decoding=\"async\" width=\"1440\" height=\"230\" class=\"gb-image gb-image-88f73f58\" src=\"https:\/\/ccoo.app\/diputacio-de-barcelona\/wp-content\/blogs.dir\/6\/files\/sites\/186\/2025\/03\/sindicats.jpg\" alt=\"\" title=\"sindicats\" srcset=\"https:\/\/ccoo.app\/diputacio-de-barcelona\/wp-content\/blogs.dir\/6\/files\/sites\/186\/2025\/03\/sindicats.jpg 1440w, https:\/\/ccoo.app\/diputacio-de-barcelona\/wp-content\/blogs.dir\/6\/files\/sites\/186\/2025\/03\/sindicats-300x48.jpg 300w, https:\/\/ccoo.app\/diputacio-de-barcelona\/wp-content\/blogs.dir\/6\/files\/sites\/186\/2025\/03\/sindicats-1024x164.jpg 1024w, https:\/\/ccoo.app\/diputacio-de-barcelona\/wp-content\/blogs.dir\/6\/files\/sites\/186\/2025\/03\/sindicats-768x123.jpg 768w\" sizes=\"auto, (max-width: 1440px) 100vw, 1440px\" \/><\/figure>\n\n\n\n<div style=\"height:20px\" aria-hidden=\"true\" class=\"wp-block-spacer\"><\/div>\n\n\n\n<p class=\"gb-headline gb-headline-da9d5814 gb-headline-text\"><strong>Convoquem assemblea del personal de les biblioteques i roda de premsa<\/strong>:<\/p>\n\n\n<div class=\"gb-grid-wrapper gb-grid-wrapper-a41b084a\">\n<div class=\"gb-grid-column gb-grid-column-491c7a06\"><div class=\"gb-container gb-container-491c7a06\"><\/div><\/div>\n\n<div class=\"gb-grid-column gb-grid-column-94ca783f\"><div class=\"gb-container gb-container-94ca783f\">\n\n<h4 class=\"gb-headline gb-headline-f693ff26 gb-headline-text\">ASSEMBLEA\/RODA DE PREMSA 9\/4<\/h4>\n\n<\/div><\/div>\n<\/div>\n\n<div class=\"gb-grid-wrapper gb-grid-wrapper-e23a851a\">\n<div class=\"gb-grid-column gb-grid-column-e045e70f\"><div class=\"gb-container gb-container-e045e70f\">\n\n<figure class=\"gb-block-image gb-block-image-d8e62685\"><img loading=\"lazy\" decoding=\"async\" width=\"512\" height=\"512\" class=\"gb-image gb-image-d8e62685\" src=\"https:\/\/ccoo.app\/diputacio-de-barcelona\/wp-content\/blogs.dir\/6\/files\/sites\/186\/2025\/02\/calendario.png\" alt=\"\" title=\"calendario\" srcset=\"https:\/\/ccoo.app\/diputacio-de-barcelona\/wp-content\/blogs.dir\/6\/files\/sites\/186\/2025\/02\/calendario.png 512w, https:\/\/ccoo.app\/diputacio-de-barcelona\/wp-content\/blogs.dir\/6\/files\/sites\/186\/2025\/02\/calendario-300x300.png 300w, https:\/\/ccoo.app\/diputacio-de-barcelona\/wp-content\/blogs.dir\/6\/files\/sites\/186\/2025\/02\/calendario-150x150.png 150w\" sizes=\"auto, (max-width: 512px) 100vw, 512px\" \/><\/figure>\n\n<\/div><\/div>\n\n<div class=\"gb-grid-column gb-grid-column-ca344ea0\"><div class=\"gb-container gb-container-ca344ea0\">\n\n<p class=\"gb-headline gb-headline-28732390 gb-headline-text\"><strong>9 d&#8217;abril<\/strong><\/p>\n\n<\/div><\/div>\n<\/div>\n\n<div class=\"gb-grid-wrapper gb-grid-wrapper-25e66b05\">\n<div class=\"gb-grid-column gb-grid-column-c2b38e7a\"><div class=\"gb-container gb-container-c2b38e7a\">\n\n<figure class=\"gb-block-image gb-block-image-95849103\"><img loading=\"lazy\" decoding=\"async\" width=\"512\" height=\"512\" class=\"gb-image gb-image-95849103\" src=\"https:\/\/ccoo.app\/diputacio-de-barcelona\/wp-content\/blogs.dir\/6\/files\/sites\/186\/2025\/02\/reloj-circular.png\" alt=\"\" title=\"reloj-circular\" srcset=\"https:\/\/ccoo.app\/diputacio-de-barcelona\/wp-content\/blogs.dir\/6\/files\/sites\/186\/2025\/02\/reloj-circular.png 512w, https:\/\/ccoo.app\/diputacio-de-barcelona\/wp-content\/blogs.dir\/6\/files\/sites\/186\/2025\/02\/reloj-circular-300x300.png 300w, https:\/\/ccoo.app\/diputacio-de-barcelona\/wp-content\/blogs.dir\/6\/files\/sites\/186\/2025\/02\/reloj-circular-150x150.png 150w\" sizes=\"auto, (max-width: 512px) 100vw, 512px\" \/><\/figure>\n\n<\/div><\/div>\n\n<div class=\"gb-grid-column gb-grid-column-ef50cacc\"><div class=\"gb-container gb-container-ef50cacc\">\n\n<p class=\"gb-headline gb-headline-90f396d4 gb-headline-text\"><strong>11 hores<\/strong><\/p>\n\n<\/div><\/div>\n<\/div>\n\n<div class=\"gb-grid-wrapper gb-grid-wrapper-f541aa1d\">\n<div class=\"gb-grid-column gb-grid-column-a04e012f\"><div class=\"gb-container gb-container-a04e012f\">\n\n<figure class=\"gb-block-image gb-block-image-98295fb2\"><img loading=\"lazy\" decoding=\"async\" width=\"512\" height=\"512\" class=\"gb-image gb-image-98295fb2\" src=\"https:\/\/ccoo.app\/diputacio-de-barcelona\/wp-content\/blogs.dir\/6\/files\/sites\/186\/2025\/02\/alfiler.png\" alt=\"\" title=\"alfiler\" srcset=\"https:\/\/ccoo.app\/diputacio-de-barcelona\/wp-content\/blogs.dir\/6\/files\/sites\/186\/2025\/02\/alfiler.png 512w, https:\/\/ccoo.app\/diputacio-de-barcelona\/wp-content\/blogs.dir\/6\/files\/sites\/186\/2025\/02\/alfiler-300x300.png 300w, https:\/\/ccoo.app\/diputacio-de-barcelona\/wp-content\/blogs.dir\/6\/files\/sites\/186\/2025\/02\/alfiler-150x150.png 150w\" sizes=\"auto, (max-width: 512px) 100vw, 512px\" \/><\/figure>\n\n<\/div><\/div>\n\n<div class=\"gb-grid-column gb-grid-column-f2d402b2\"><div class=\"gb-container gb-container-f2d402b2\">\n\n<p class=\"gb-headline gb-headline-dacea260 gb-headline-text\"><strong>Cuina de l&#8217;espai Bonnemaison<\/strong><br>Carrer de Sant Pere M\u00e9s Baix, 7<br>08003 Barcelona (Ciutat Vella)<\/p>\n\n\n\n<p>Si no hi podeu assistir podeu <a href=\"https:\/\/teams.microsoft.com\/l\/meetup-join\/19%3ameeting_MzkwZGU2NGMtZjExMS00NDkyLWExMmYtMWE1MmE3N2MxZjNm%40thread.v2\/0?context=%7b%22Tid%22%3a%22aa01e5b0-699e-4538-8596-e820ccf95d45%22%2c%22Oid%22%3a%2217c13bd9-ab91-42b7-9494-70921152a1d0%22%7d\"><strong>unir-vos-hi<\/strong><\/a>.<br><strong>Meeting ID: 391 280 786 878<\/strong><br><strong>Clau d&#8217;acc\u00e9s: aJ2hY9<\/strong><\/p>\n\n<\/div><\/div>\n<\/div>\n\n\n<div style=\"height:20px\" aria-hidden=\"true\" class=\"wp-block-spacer\"><\/div>\n\n\n\n<p>Les <strong>Biblioteques de la Xarxa de Biblioteques Municipals<\/strong> s\u00f3n un dels serveis m\u00e9s ben valorats que ofereix la Diputaci\u00f3 de Barcelona. Ciutadania, <strong>classe pol\u00edtica i ens locals en destaquen la qualitat i capacitat d&#8217;evoluci\u00f3.<\/strong> Actualment, viuen una gran transformaci\u00f3 <strong>per continuar responent a les necessitats socials<\/strong>. Aquest \u00e8xit \u00e9s possible <strong>gr\u00e0cies a un personal dedicat<\/strong>, <strong>amb vocaci\u00f3<\/strong>, motivaci\u00f3 i capacitat d\u2019adaptaci\u00f3. Creiem que aquest personal mereix el millor tracte i condicions laborals justes. Com que les nostres demandes no han estat escoltades, <strong>iniciem aquesta campanya per aconseguir una negociaci\u00f3 efectiva<\/strong>, defensant tant el servei com la salut del col\u00b7lectiu.<\/p>\n\n\n\n<div style=\"height:20px\" aria-hidden=\"true\" class=\"wp-block-spacer\"><\/div>\n\n\n\n<h4 class=\"gb-headline gb-headline-e1a03f5a gb-headline-text\">Situaci\u00f3 del personal de les biblioteques p\u00fabliques (XBM)<\/h4>\n\n\n\n<p class=\"gb-headline gb-headline-94f5c629 gb-headline-text\">El personal de les biblioteques p\u00fabliques afronta diverses tensions:<\/p>\n\n\n\n<ul class=\"wp-block-list\">\n<li><strong>Dificultats per conciliar vida laboral i personal<\/strong> per horaris, manca de personal i dissabtes mal retribu\u00efts.<\/li>\n\n\n\n<li><strong>Abs\u00e8ncia de plantilles hor\u00e0ries clares<\/strong>.<\/li>\n\n\n\n<li><strong>Augment de c\u00e0rregues de treball i responsabilitats<\/strong> despla\u00e7ades cap a les direccions.<\/li>\n\n\n\n<li><strong>Relacions institucionals desiguals<\/strong> <strong>per l\u2019incompliment del convenis<\/strong> i gesti\u00f3 deficient dels recursos humans municipals (manca de personal).<\/li>\n\n\n\n<li><strong>Conviv\u00e8ncia complicada per riscos psicosocials mal gestionats<\/strong> i conflictes amb companys i usuaris.<\/li>\n<\/ul>\n\n\n\n<div style=\"height:20px\" aria-hidden=\"true\" class=\"wp-block-spacer\"><\/div>\n\n\n\n<h4 class=\"gb-headline gb-headline-5f1adf14 gb-headline-text\">Estat de la negociaci\u00f3<\/h4>\n\n\n\n<p class=\"gb-headline gb-headline-7397f1bf gb-headline-text\">El 14 de novembre <strong>es va celebrar una <em>M<\/em><\/strong><em><strong>esa de Negociaci\u00f3 monogr\u00e0fica<\/strong> de biblioteques. Tot i algunes<\/em> certeses, continuem amb moltes inc\u00f2gnites.<\/p>\n\n\n\n<p class=\"gb-headline gb-headline-67de772d gb-headline-text\">Aquesta reuni\u00f3 <strong>es va aconseguir gr\u00e0cies a la plataforma reivindicativa unit\u00e0ria de les quatre seccions sindicals<\/strong> de la corporaci\u00f3. La Diputaci\u00f3 va acceptar revisar algunes demandes, per\u00f2 en va derivar d&#8217;altres a diferents espais de treball, com el Comit\u00e8 de Seguretat i Salut, o les va descartar com a \u201ctemes de gesti\u00f3\u201d (per exemple, c\u00e0rregues de treball i convenis amb els Ajuntaments).<\/p>\n\n\n\n<p class=\"gb-headline gb-headline-0a01fef2 gb-headline-text\">A m\u00e9s, la <strong>Diputaci\u00f3 de Barcelona es nega, de moment, a crear una comissi\u00f3 espec\u00edfica per tractar les condicions laborals de la XBM<\/strong>. Aix\u00f2 fa que molts temes quedin fora de la negociaci\u00f3 o es tractin de manera dispersa, difi cultant-ne el seguiment i la millora de les condicions laborals del personal de les biblioteques.<\/p>\n\n\n\n<div style=\"height:20px\" aria-hidden=\"true\" class=\"wp-block-spacer\"><\/div>\n\n\n\n<h4 class=\"gb-headline gb-headline-613d73ad gb-headline-text\">Documents<\/h4>\n\n\n\n<p><a href=\"https:\/\/drive.google.com\/file\/d\/1MCd0QBGu_zOByQ22EDupFjZU8dooA24h\/view\">Document inici de la campanya (octubre 2024)<\/a><\/p>\n\n\n\n<p><a href=\"https:\/\/drive.google.com\/file\/d\/1A_ii5nnJGYG1Wr5Prt5S96zwDy6xxiO5\/view\">Presentaci\u00f3 dels resultats (abril 2024)<\/a><\/p>\n\n\n\n<div style=\"height:60px\" aria-hidden=\"true\" class=\"wp-block-spacer\"><\/div>\n\n\n\n<p class=\"gb-headline gb-headline-0a580427 gb-headline-text\">Per un servei de qualitat a la ciutadania, que respecti els drets del personal<\/p>\n\n\n\n<figure class=\"gb-block-image gb-block-image-145e26a8\"><img loading=\"lazy\" decoding=\"async\" width=\"1440\" height=\"230\" class=\"gb-image gb-image-145e26a8\" src=\"https:\/\/ccoo.app\/diputacio-de-barcelona\/wp-content\/blogs.dir\/6\/files\/sites\/186\/2025\/03\/sindicats.jpg\" alt=\"\" title=\"sindicats\" srcset=\"https:\/\/ccoo.app\/diputacio-de-barcelona\/wp-content\/blogs.dir\/6\/files\/sites\/186\/2025\/03\/sindicats.jpg 1440w, https:\/\/ccoo.app\/diputacio-de-barcelona\/wp-content\/blogs.dir\/6\/files\/sites\/186\/2025\/03\/sindicats-300x48.jpg 300w, https:\/\/ccoo.app\/diputacio-de-barcelona\/wp-content\/blogs.dir\/6\/files\/sites\/186\/2025\/03\/sindicats-1024x164.jpg 1024w, https:\/\/ccoo.app\/diputacio-de-barcelona\/wp-content\/blogs.dir\/6\/files\/sites\/186\/2025\/03\/sindicats-768x123.jpg 768w\" sizes=\"auto, (max-width: 1440px) 100vw, 1440px\" \/><\/figure>\n\n\n\n<div style=\"height:100px\" aria-hidden=\"true\" class=\"wp-block-spacer\"><\/div>\n","protected":false},"excerpt":{"rendered":"<p>Convoquem assemblea del personal de les biblioteques i roda de premsa: Les Biblioteques de la Xarxa de Biblioteques Municipals s\u00f3n un dels serveis m\u00e9s ben valorats que ofereix la Diputaci\u00f3 &#8230; <\/p>\n<p class=\"read-more-container\"><a title=\"Per necessitats del servei, les biblioteques diem prou\" class=\"read-more button\" href=\"https:\/\/ccoo.app\/diputacio-de-barcelona\/per-necessitats-del-servei-les-biblioteques-diem-prou\/#more-54012\" aria-label=\"Leer m\u00e1s sobre Per necessitats del servei, les biblioteques diem prou\">Continuar llegint<\/a><\/p>\n","protected":false},"author":88639,"featured_media":54019,"comment_status":"closed","ping_status":"closed","sticky":false,"template":"","format":"standard","meta":{"footnotes":""},"categories":[38,19],"tags":[],"class_list":["post-54012","post","type-post","status-publish","format-standard","has-post-thumbnail","hentry","category-a-tot-el-personal","category-comunicats","generate-columns","tablet-grid-50","mobile-grid-100","grid-parent","grid-50"],"_links":{"self":[{"href":"https:\/\/ccoo.app\/diputacio-de-barcelona\/wp-json\/wp\/v2\/posts\/54012","targetHints":{"allow":["GET"]}}],"collection":[{"href":"https:\/\/ccoo.app\/diputacio-de-barcelona\/wp-json\/wp\/v2\/posts"}],"about":[{"href":"https:\/\/ccoo.app\/diputacio-de-barcelona\/wp-json\/wp\/v2\/types\/post"}],"author":[{"embeddable":true,"href":"https:\/\/ccoo.app\/diputacio-de-barcelona\/wp-json\/wp\/v2\/users\/88639"}],"replies":[{"embeddable":true,"href":"https:\/\/ccoo.app\/diputacio-de-barcelona\/wp-json\/wp\/v2\/comments?post=54012"}],"version-history":[{"count":5,"href":"https:\/\/ccoo.app\/diputacio-de-barcelona\/wp-json\/wp\/v2\/posts\/54012\/revisions"}],"predecessor-version":[{"id":54277,"href":"https:\/\/ccoo.app\/diputacio-de-barcelona\/wp-json\/wp\/v2\/posts\/54012\/revisions\/54277"}],"wp:featuredmedia":[{"embeddable":true,"href":"https:\/\/ccoo.app\/diputacio-de-barcelona\/wp-json\/wp\/v2\/media\/54019"}],"wp:attachment":[{"href":"https:\/\/ccoo.app\/diputacio-de-barcelona\/wp-json\/wp\/v2\/media?parent=54012"}],"wp:term":[{"taxonomy":"category","embeddable":true,"href":"https:\/\/ccoo.app\/diputacio-de-barcelona\/wp-json\/wp\/v2\/categories?post=54012"},{"taxonomy":"post_tag","embeddable":true,"href":"https:\/\/ccoo.app\/diputacio-de-barcelona\/wp-json\/wp\/v2\/tags?post=54012"}],"curies":[{"name":"wp","href":"https:\/\/api.w.org\/{rel}","templated":true}]}}