{"id":54009,"date":"2025-03-27T12:15:10","date_gmt":"2025-03-27T11:15:10","guid":{"rendered":"https:\/\/ccoo.app\/diputacio-de-barcelona\/?p=54009"},"modified":"2025-03-27T12:15:11","modified_gmt":"2025-03-27T11:15:11","slug":"escola-de-la-dona-som-escola-som-docents-tecnics-en-educacio","status":"publish","type":"post","link":"https:\/\/ccoo.app\/diputacio-de-barcelona\/escola-de-la-dona-som-escola-som-docents-tecnics-en-educacio\/","title":{"rendered":"ESCOLA DE LA DONA: \u201cSom escola, som docents, t\u00e8cnics en educaci\u00f3\u201d"},"content":{"rendered":"\n<div style=\"height:20px\" aria-hidden=\"true\" class=\"wp-block-spacer\"><\/div>\n\n\n<div class=\"wp-block-image\">\n<figure class=\"aligncenter size-full\"><img loading=\"lazy\" decoding=\"async\" width=\"390\" height=\"390\" src=\"https:\/\/ccoo.app\/diputacio-de-barcelona\/wp-content\/blogs.dir\/6\/files\/sites\/186\/2025\/03\/escola-de-la-dona-1.jpg\" alt=\"\" class=\"wp-image-54003\" srcset=\"https:\/\/ccoo.app\/diputacio-de-barcelona\/wp-content\/blogs.dir\/6\/files\/sites\/186\/2025\/03\/escola-de-la-dona-1.jpg 390w, https:\/\/ccoo.app\/diputacio-de-barcelona\/wp-content\/blogs.dir\/6\/files\/sites\/186\/2025\/03\/escola-de-la-dona-1-300x300.jpg 300w, https:\/\/ccoo.app\/diputacio-de-barcelona\/wp-content\/blogs.dir\/6\/files\/sites\/186\/2025\/03\/escola-de-la-dona-1-150x150.jpg 150w\" sizes=\"auto, (max-width: 390px) 100vw, 390px\" \/><\/figure>\n<\/div>\n\n\n<div style=\"height:20px\" aria-hidden=\"true\" class=\"wp-block-spacer\"><\/div>\n\n\n\n<p class=\"gb-headline gb-headline-da9d5814 gb-headline-text\">El passat <strong>15 de gener de 2025<\/strong>, la <strong>DSRH<\/strong> <strong>de la Diputaci\u00f3 de Barcelona<\/strong> es va reunir amb <strong>l\u2019equip docent de l\u2019Escola de la Dona, la Gerenta de Serveis de Feminismes i Igualtat,<\/strong> i <strong>el Cap de Secci\u00f3 de l\u2019Escola de la Dona<\/strong>. En aquesta reuni\u00f3 es van comunicar els seg\u00fcents canvis respecte al funcionament dels docents de l\u2019<strong>Escola<\/strong>:<\/p>\n\n\n\n<div style=\"height:10px\" aria-hidden=\"true\" class=\"wp-block-spacer\"><\/div>\n\n\n\n<div class=\"wp-block-columns is-layout-flex wp-container-core-columns-is-layout-9d6595d7 wp-block-columns-is-layout-flex\">\n<div class=\"wp-block-column is-layout-flow wp-block-column-is-layout-flow\">\n<p class=\"gb-headline gb-headline-cf8c87a2 gb-headline-text\"><strong>SITUACI\u00d3 ACTUAL<\/strong><\/p>\n\n\n\n<p>Lloc presencial mixt amb 3 dies de teletreball.<\/p>\n\n\n\n<p><strong>Tot el professorat<\/strong> gaudeix dels dies de vacances establerts pel calendari escolar, dies de lliure elecci\u00f3 del centre m\u00e9s els dies de tancament de l\u2019Escola per Nadal i Setmana Santa, dies de conciliaci\u00f3 i assumptes personals, que pot sol\u00b7licitar quan en tingui necessitat.<\/p>\n\n\n\n<p>El <strong>professorat<\/strong> que imparteix cursos en l\u00ednia ho fa des de casa seva a causa de la infraestructura que necessita i de la qual no en pot disposar a l\u2019Escola perqu\u00e8 no hi ha espais.<\/p>\n<\/div>\n\n\n\n<div class=\"wp-block-column is-layout-flow wp-block-column-is-layout-flow\">\n<p class=\"gb-headline gb-headline-755e623f gb-headline-text\"><strong>SITUACI\u00d3 A PARTIR DE L&#8217;1 DE JULIOL DE 2025<\/strong><\/p>\n\n\n\n<p>Per coher\u00e8ncia amb l\u2019altre personal de la DIBA, el lloc es classifica com a <strong>presencial<\/strong>.<\/p>\n\n\n\n<p>El <strong>professorat<\/strong>, segons la seva antiguitat, haur\u00e0 de col\u00b7locar els dies de vacances, d\u2019assumptes personals i de conciliaci\u00f3 per tal de cobrir les vacances, els dies de tancament de l\u2019Escola per Nadal i Setmana Santa i els 3 dies de lliure elecci\u00f3 del centre independentment de les seves necessitats personals o de conciliaci\u00f3.<\/p>\n\n\n\n<p>El <strong>professorat<\/strong> que no necessita infraestructura per impartir els cursos en l\u00ednia ho far\u00e0 des de l\u2019Escola, el que necessiti infraestructura no disponible a l\u2019Escola ho far\u00e0, transit\u00f2riament, des de casa fitxant des de l\u2019espai personal.<\/p>\n<\/div>\n<\/div>\n\n\n\n<div style=\"height:20px\" aria-hidden=\"true\" class=\"wp-block-spacer\"><\/div>\n\n\n\n<p class=\"gb-headline gb-headline-45874b77 gb-headline-text\"><strong>L\u2019equip docent de l\u2019Escola<\/strong> considera que se\u2019ls estan <strong>canviant les condicions laborals <\/strong>sense tenir en compte que s\u00f3n una <strong>Escola<\/strong> i que s\u00f3n <strong>docents<\/strong> i se\u2019ls vol equiparar a <strong>t\u00e8cnics en educaci\u00f3<\/strong>, que ho s\u00f3n, per\u00f2 sense respectar les necessitats de la seva tasca docent, creant un \u201cquasi mode h\u00edbrid\u201d docent &#8211; t\u00e8cnic en educaci\u00f3, no sent ni una cosa ni l\u2019altra.<\/p>\n\n\n\n<p class=\"gb-headline gb-headline-853a4daf gb-headline-text\">L&#8217;Escola \u00e9s un centre de formaci\u00f3 continuada al llarg de la vida i de formaci\u00f3 professionalitzadora amb m\u00e9s de <strong>140 anys d\u2019hist\u00f2ria<\/strong>. Tant pel que fa a la tasca professionalitzadora, servei que donen a totes aquelles persones que volen formar-se per una tasca professional especialitzada en il\u00b7lustraci\u00f3 editorial (\u00e0rea il\u00b7lustraci\u00f3), disseny, patronatge i tall i costura (\u00e0rea de moda) i pastisseria professional (\u00e0rea cuina), com pel que fa a la formaci\u00f3 continuada al llarg de la vida amb la qual cobreixen les necessitats de totes aquelles persones, especialment dones, que volen estudiar, ja que per circumst\u00e0ncies personals no ho van poder fer quan era el moment, o perqu\u00e8 volen completar els coneixements adquirits en el seu moment, i els donen un espai on desenvolupar-se, relacionar-se, enriquir-se i empoderar-se. L&#8217;equip docent considera que construeix i ofereix un servei necessari i imprescindible a la societat que es veur\u00e0 perjudicat amb les modificacions de les seves condicions laborals que els volen imposar des de la <strong>DSRH<\/strong> i la <strong>Ger\u00e8ncia dels Serveis d\u2019Igualtat i Feminismes<\/strong>.<\/p>\n\n\n\n<p class=\"gb-headline gb-headline-2ace5390 gb-headline-text\">L\u2019<strong>Escola de la Dona<\/strong> est\u00e0 patint una p\u00e8rdua d\u2019espais des d\u2019abans de la pand\u00e8mia (aula 306, sala de professors que es converteix en aula polivalent, aules 301, 302, 307, 308, aula polivalent que es converteix en aula d\u2019inform\u00e0tica) que perjudica la seva tasca docent perqu\u00e8 no disposen d\u2019espais f\u00edsics on fer les seves classes. Tot aix\u00f2 sumat a qu\u00e8 els volen convertir en treballadors 100% presencials, cosa que far\u00e0 que no puguin donar un servei de qualitat, ja que no disposaran de prou espais per a tot el professorat.<\/p>\n\n\n\n<p class=\"gb-headline gb-headline-7819bc68 gb-headline-text\"><strong>A l\u2019equip docent de l\u2019Escola<\/strong> no se\u2019ls ha deixat parlar, se\u2019ls ha menystingut i no s\u2019ha pogut negociar cap dels canvis ni amb <strong>DSRH<\/strong> ni amb la <strong>Ger\u00e8ncia dels Serveis d\u2019Igualtat i Feminismes<\/strong> que no ha tingut cap mena d\u2019inter\u00e8s a preguntar o interessar-s\u2019hi, ja que aquests canvis se\u2019ls han presentat sense possibilitat d\u2019apel\u00b7laci\u00f3 ni de di\u00e0leg, amb l\u2019\u00fanic pretext que es deuen a la coher\u00e8ncia amb d\u2019altre personal docent <strong>DIBA<\/strong>, sense fer refer\u00e8ncia a l\u2019an\u00e0lisi de la feina dels\/les docents que va mencionar en el decurs de la reuni\u00f3 del 15 de gener. Una an\u00e0lisi feta per comandaments que consideraven que l\u2019actual classificaci\u00f3 dels seus llocs de treball com a presencial mixta estava perjudicant la qualitat del servei que presta l\u2019Escola. Una an\u00e0lisi que no saben quan s\u2019ha realitzat i que no se\u2019ls ha facilitat, ni el text, ni el nom dels comandaments que l&#8217;ha realitzada.<\/p>\n\n\n\n<p class=\"gb-headline gb-headline-0a829d83 gb-headline-text\"><strong>L\u2019equip docent de l\u2019Escola <\/strong>\u00e9s avaluat cada any per les i els alumnes de l\u2019<strong>Escola<\/strong> i en cap moment han rebut cap retorn negatiu de la seva tasca, \u00e9s m\u00e9s, des de la recuperaci\u00f3 del ritme normal de l\u2019Escola despr\u00e9s de la pand\u00e8mia, la matr\u00edcula de l\u2019<strong>Escola<\/strong> ha anat en augment.<\/p>\n\n\n\n<p class=\"gb-headline gb-headline-7d88ef81 gb-headline-text\"><strong>Des de l\u2019equip docent de l\u2019Escola<\/strong> manifesten que s\u2019estan vulnerant els seus drets i, de retruc, els del seu alumnat, ja que aquestes modificacions de les seves condicions laborals perjudiquen la seva feina com a docents i, per tant, al seu alumnat. La vulneraci\u00f3 dels seus drets tamb\u00e9 rau en deixar-los de considerar Escola i docents, sense tenir en compte les especificitats de la seva feina.<\/p>\n\n\n\n<p class=\"gb-headline gb-headline-a075c419 gb-headline-text\"><strong>L\u2019equip docent de l\u2019Escola, <\/strong>despr\u00e9s de la reuni\u00f3 del 15 de gener de la DSRH amb l\u2019equip docent de l\u2019Escola, i la posterior reuni\u00f3 dels sindicats el 28 de febrer amb la DSRH<strong>, <\/strong>on s\u2019indica que els canvis imposats s\u00f3n compet\u00e8ncia exclusiva de la<strong> Ger\u00e8ncia dels Serveis de Feminismes i Igualtat, <\/strong>demanen poder asseure\u2019s amb la <strong>Ger\u00e8ncia,<\/strong> per tal d\u2019entendre el que est\u00e0 succeint i per parlar sobretot el que s&#8217;est\u00e0 canviant de manera precipitada i defensar els seus drets, la seva tasca inq\u00fcestionable i singular com a docents i com a <strong>Escola<\/strong> per poder seguir donant el servei de qualitat al llarg de la vida a les persones adultes i a les dones majorit\u00e0riament, que sempre els ha caracteritzat.<\/p>\n\n\n\n<div style=\"height:60px\" aria-hidden=\"true\" class=\"wp-block-spacer\"><\/div>\n\n\n<div class=\"gb-container gb-container-d4283c0a\">\n\n<div style=\"height:30px\" aria-hidden=\"true\" class=\"wp-block-spacer\"><\/div>\n\n\n<div class=\"wp-block-image\">\n<figure class=\"aligncenter size-full is-resized\"><img loading=\"lazy\" decoding=\"async\" width=\"512\" height=\"512\" src=\"https:\/\/ccoo.app\/diputacio-de-barcelona\/wp-content\/blogs.dir\/6\/files\/sites\/186\/2023\/04\/preguntes.png\" alt=\"Preguntes\" class=\"wp-image-52698\" style=\"width:128px;height:128px\" srcset=\"https:\/\/ccoo.app\/diputacio-de-barcelona\/wp-content\/blogs.dir\/6\/files\/sites\/186\/2023\/04\/preguntes.png 512w, https:\/\/ccoo.app\/diputacio-de-barcelona\/wp-content\/blogs.dir\/6\/files\/sites\/186\/2023\/04\/preguntes-300x300.png 300w, https:\/\/ccoo.app\/diputacio-de-barcelona\/wp-content\/blogs.dir\/6\/files\/sites\/186\/2023\/04\/preguntes-150x150.png 150w\" sizes=\"auto, (max-width: 512px) 100vw, 512px\" \/><\/figure>\n<\/div>\n\n\n<div style=\"height:60px\" aria-hidden=\"true\" class=\"wp-block-spacer\"><\/div>\n\n\n\n<h3 class=\"gb-headline gb-headline-c5bcf253 gb-headline-text\"><strong>No et quedis mai amb el dubte,<br><\/strong>contacta amb CCOO<\/h3>\n\n\n\n<div class=\"wp-block-buttons is-content-justification-center is-layout-flex wp-container-core-buttons-is-layout-16018d1d wp-block-buttons-is-layout-flex\">\n<div class=\"wp-block-button is-style-fill\"><a class=\"wp-block-button__link has-base-3-color has-contrast-2-background-color has-text-color has-background wp-element-button\" href=\"https:\/\/ccoo.app\/diputacio-de-barcelona\/seccio-sindical-de-ccoo\/\" style=\"border-radius:0px\">CONTACTA&#8217;NS<\/a><\/div>\n<\/div>\n\n<\/div>\n\n\n<div style=\"height:120px\" aria-hidden=\"true\" class=\"wp-block-spacer\"><\/div>\n\n\n<div class=\"gb-grid-wrapper gb-grid-wrapper-d65739e2\">\n<div class=\"gb-grid-column gb-grid-column-ecc8725d\"><div class=\"gb-container gb-container-ecc8725d\"><div class=\"gb-inside-container\">\n<div class=\"wp-block-image\">\n<figure class=\"aligncenter size-full\"><img loading=\"lazy\" decoding=\"async\" width=\"129\" height=\"38\" src=\"https:\/\/ccoo.app\/diputacio-de-barcelona\/wp-content\/blogs.dir\/6\/files\/sites\/186\/2022\/03\/tel.png\" alt=\"Tel\" class=\"wp-image-49915\" \/><\/figure>\n<\/div>\n<\/div><\/div><\/div>\n\n<div class=\"gb-grid-column gb-grid-column-4c28778f\"><div class=\"gb-container gb-container-4c28778f\"><div class=\"gb-inside-container\">\n<div class=\"wp-block-image\">\n<figure class=\"aligncenter size-full\"><a href=\"mailto:ccoo@diba.cat\"><img loading=\"lazy\" decoding=\"async\" width=\"51\" height=\"37\" src=\"https:\/\/ccoo.app\/diputacio-de-barcelona\/wp-content\/blogs.dir\/6\/files\/sites\/186\/2022\/03\/mail.png\" alt=\"Mail\" class=\"wp-image-49916\" \/><\/a><\/figure>\n<\/div>\n<\/div><\/div><\/div>\n\n<div class=\"gb-grid-column gb-grid-column-c6cc0957\"><div class=\"gb-container gb-container-c6cc0957\"><div class=\"gb-inside-container\">\n<div class=\"wp-block-image\">\n<figure class=\"aligncenter size-full\"><a href=\"https:\/\/twitter.com\/ccoodiba\"><img loading=\"lazy\" decoding=\"async\" width=\"44\" height=\"38\" src=\"https:\/\/ccoo.app\/diputacio-de-barcelona\/wp-content\/blogs.dir\/6\/files\/sites\/186\/2022\/03\/tw.png\" alt=\"Tw\" class=\"wp-image-49917\" \/><\/a><\/figure>\n<\/div>\n<\/div><\/div><\/div>\n\n<div class=\"gb-grid-column gb-grid-column-1598237d\"><div class=\"gb-container gb-container-1598237d\"><div class=\"gb-inside-container\">\n<div class=\"wp-block-image\">\n<figure class=\"aligncenter size-full\"><a href=\"https:\/\/www.instagram.com\/ccoo_diba\/\"><img loading=\"lazy\" decoding=\"async\" width=\"45\" height=\"44\" src=\"https:\/\/ccoo.app\/diputacio-de-barcelona\/wp-content\/blogs.dir\/6\/files\/sites\/186\/2022\/03\/ig.png\" alt=\"Ig\" class=\"wp-image-49918\" \/><\/a><\/figure>\n<\/div>\n<\/div><\/div><\/div>\n\n<div class=\"gb-grid-column gb-grid-column-2db731fe\"><div class=\"gb-container gb-container-2db731fe\"><div class=\"gb-inside-container\">\n<div class=\"wp-block-image\">\n<figure class=\"aligncenter size-full\"><a href=\"https:\/\/ccoo.app\/diputacio-de-barcelona\"><img loading=\"lazy\" decoding=\"async\" width=\"39\" height=\"40\" src=\"https:\/\/ccoo.app\/diputacio-de-barcelona\/wp-content\/blogs.dir\/6\/files\/sites\/186\/2022\/03\/www.png\" alt=\"Www\" class=\"wp-image-49919\" \/><\/a><\/figure>\n<\/div>\n<\/div><\/div><\/div>\n\n<div class=\"gb-grid-column gb-grid-column-f3651540\"><div class=\"gb-container gb-container-f3651540\"><div class=\"gb-inside-container\">\n<div class=\"wp-block-image\">\n<figure class=\"aligncenter size-full is-resized\"><a href=\"https:\/\/www.ccoo.cat\/afiliat\/?_sfm_aff_situation=94\"><img loading=\"lazy\" decoding=\"async\" width=\"125\" height=\"38\" src=\"https:\/\/ccoo.app\/diputacio-de-barcelona\/wp-content\/blogs.dir\/6\/files\/sites\/186\/2022\/03\/af.png\" alt=\"Af\" class=\"wp-image-49920\" style=\"width:125px;height:38px\" \/><\/a><\/figure>\n<\/div>\n<\/div><\/div><\/div>\n<\/div>\n\n\n<div style=\"height:100px\" aria-hidden=\"true\" class=\"wp-block-spacer\"><\/div>\n","protected":false},"excerpt":{"rendered":"<p>El passat 15 de gener de 2025, la DSRH de la Diputaci\u00f3 de Barcelona es va reunir amb l\u2019equip docent de l\u2019Escola de la Dona, la Gerenta de Serveis de &#8230; <\/p>\n<p class=\"read-more-container\"><a title=\"ESCOLA DE LA DONA: \u201cSom escola, som docents, t\u00e8cnics en educaci\u00f3\u201d\" class=\"read-more button\" href=\"https:\/\/ccoo.app\/diputacio-de-barcelona\/escola-de-la-dona-som-escola-som-docents-tecnics-en-educacio\/#more-54009\" aria-label=\"Leer m\u00e1s sobre ESCOLA DE LA DONA: \u201cSom escola, som docents, t\u00e8cnics en educaci\u00f3\u201d\">Continuar llegint<\/a><\/p>\n","protected":false},"author":88639,"featured_media":54003,"comment_status":"closed","ping_status":"closed","sticky":false,"template":"","format":"standard","meta":{"footnotes":""},"categories":[38,19],"tags":[],"class_list":["post-54009","post","type-post","status-publish","format-standard","has-post-thumbnail","hentry","category-a-tot-el-personal","category-comunicats","generate-columns","tablet-grid-50","mobile-grid-100","grid-parent","grid-50"],"_links":{"self":[{"href":"https:\/\/ccoo.app\/diputacio-de-barcelona\/wp-json\/wp\/v2\/posts\/54009","targetHints":{"allow":["GET"]}}],"collection":[{"href":"https:\/\/ccoo.app\/diputacio-de-barcelona\/wp-json\/wp\/v2\/posts"}],"about":[{"href":"https:\/\/ccoo.app\/diputacio-de-barcelona\/wp-json\/wp\/v2\/types\/post"}],"author":[{"embeddable":true,"href":"https:\/\/ccoo.app\/diputacio-de-barcelona\/wp-json\/wp\/v2\/users\/88639"}],"replies":[{"embeddable":true,"href":"https:\/\/ccoo.app\/diputacio-de-barcelona\/wp-json\/wp\/v2\/comments?post=54009"}],"version-history":[{"count":1,"href":"https:\/\/ccoo.app\/diputacio-de-barcelona\/wp-json\/wp\/v2\/posts\/54009\/revisions"}],"predecessor-version":[{"id":54011,"href":"https:\/\/ccoo.app\/diputacio-de-barcelona\/wp-json\/wp\/v2\/posts\/54009\/revisions\/54011"}],"wp:featuredmedia":[{"embeddable":true,"href":"https:\/\/ccoo.app\/diputacio-de-barcelona\/wp-json\/wp\/v2\/media\/54003"}],"wp:attachment":[{"href":"https:\/\/ccoo.app\/diputacio-de-barcelona\/wp-json\/wp\/v2\/media?parent=54009"}],"wp:term":[{"taxonomy":"category","embeddable":true,"href":"https:\/\/ccoo.app\/diputacio-de-barcelona\/wp-json\/wp\/v2\/categories?post=54009"},{"taxonomy":"post_tag","embeddable":true,"href":"https:\/\/ccoo.app\/diputacio-de-barcelona\/wp-json\/wp\/v2\/tags?post=54009"}],"curies":[{"name":"wp","href":"https:\/\/api.w.org\/{rel}","templated":true}]}}