{"id":53985,"date":"2025-03-25T09:56:58","date_gmt":"2025-03-25T08:56:58","guid":{"rendered":"https:\/\/ccoo.app\/diputacio-de-barcelona\/?p=53985"},"modified":"2025-03-25T10:22:40","modified_gmt":"2025-03-25T09:22:40","slug":"ccoo-aconsegueix-laugment-del-05-pendent-pero-la-mobilitzacio-continua","status":"publish","type":"post","link":"https:\/\/ccoo.app\/diputacio-de-barcelona\/ccoo-aconsegueix-laugment-del-05-pendent-pero-la-mobilitzacio-continua\/","title":{"rendered":"CCOO aconsegueix l\u2019augment del 0,5% pendent, per\u00f2 la mobilitzaci\u00f3 continua"},"content":{"rendered":"\n<div style=\"height:20px\" aria-hidden=\"true\" class=\"wp-block-spacer\"><\/div>\n\n\n<div class=\"wp-block-image\">\n<figure class=\"aligncenter size-full\"><img loading=\"lazy\" decoding=\"async\" width=\"390\" height=\"279\" src=\"https:\/\/ccoo.app\/diputacio-de-barcelona\/wp-content\/blogs.dir\/6\/files\/sites\/186\/2025\/03\/informacio-mesa-de-negociacio-funcio-publica-2-2.jpg\" alt=\"\" class=\"wp-image-53997\" srcset=\"https:\/\/ccoo.app\/diputacio-de-barcelona\/wp-content\/blogs.dir\/6\/files\/sites\/186\/2025\/03\/informacio-mesa-de-negociacio-funcio-publica-2-2.jpg 390w, https:\/\/ccoo.app\/diputacio-de-barcelona\/wp-content\/blogs.dir\/6\/files\/sites\/186\/2025\/03\/informacio-mesa-de-negociacio-funcio-publica-2-2-300x215.jpg 300w\" sizes=\"auto, (max-width: 390px) 100vw, 390px\" \/><\/figure>\n<\/div>\n\n\n<div style=\"height:20px\" aria-hidden=\"true\" class=\"wp-block-spacer\"><\/div>\n\n\n\n<p class=\"gb-headline gb-headline-da9d5814 gb-headline-text\">El primer resultat immediat de la reuni\u00f3 que CCOO va mantenir ahir amb el Ministre de Funci\u00f3 P\u00fablica \u00e9s que <strong><span style=\"text-decoration: underline\">avui mateix el Consell de Ministres aprovar\u00e0 l\u2019ingr\u00e9s del 0,5% pendent, amb efectes retroactius des de l\u20191 de gener de 2024<\/span><\/strong>. Aquest \u00e9s un pas important en la lluita pels drets laborals del sector p\u00fablic, per\u00f2 encara queden moltes reivindicacions pendents.<\/p>\n\n\n\n<p class=\"gb-headline gb-headline-0a829d83 gb-headline-text\">Per aquest motiu, <strong><span style=\"text-decoration: underline\">CCOO mant\u00e9 la mobilitzaci\u00f3 convocada per al pr\u00f2xim 8 d\u2019abril<\/span><\/strong> davant del Ministeri d\u2019Hisenda a Madrid. Continuem exigint el compliment \u00edntegre dels compromisos de l\u2019<strong><span style=\"text-decoration: underline\">Acord Marc per a una Administraci\u00f3 del Segle XXI<\/span><\/strong> i la convocat\u00f2ria d\u2019una nova taula de negociaci\u00f3 per signar un nou acord plurianual que garanteixi la recuperaci\u00f3 del poder adquisitiu i la millora de les condicions laborals.<\/p>\n\n\n\n<div style=\"height:20px\" aria-hidden=\"true\" class=\"wp-block-spacer\"><\/div>\n\n\n\n<h4 class=\"gb-headline gb-headline-5ec59457 gb-headline-text\">REIVINDICACIONS PENDENTS<\/h4>\n\n\n\n<p>Malgrat aquest primer aven\u00e7, <strong><span style=\"text-decoration: underline\">CCOO continua exigint<\/span><\/strong>:<\/p>\n\n\n\n<ul class=\"wp-block-list\">\n<li><strong><span style=\"text-decoration: underline\">Classificaci\u00f3 professional<\/span><\/strong>: Implementaci\u00f3 completa del nou model segons el Marc Espanyol de Qualificacions Professionals.<\/li>\n\n\n\n<li><strong><span style=\"text-decoration: underline\">Plans d\u2019igualtat i protocols d\u2019assetjament<\/span><\/strong>: Desenvolupament normatiu per garantir la igualtat efectiva i la protecci\u00f3 contra l\u2019assetjament.<\/li>\n\n\n\n<li><strong><span style=\"text-decoration: underline\">Atenci\u00f3 presencial i digitalitzaci\u00f3<\/span><\/strong>: Garantia de serveis p\u00fablics presencials i un pla de digitalitzaci\u00f3 per a zones amb baixa poblaci\u00f3 o risc d\u2019exclusi\u00f3.<\/li>\n\n\n\n<li><strong><span style=\"text-decoration: underline\">Creaci\u00f3 d\u2019ocupaci\u00f3 i estabilitzaci\u00f3<\/span><\/strong>: Reducci\u00f3 de la temporalitat i rejoveniment de les plantilles del sector p\u00fablic.<\/li>\n\n\n\n<li><strong><span style=\"text-decoration: underline\">Promoci\u00f3 interna i carrera professional<\/span><\/strong>: Captaci\u00f3 i retenci\u00f3 de talent, formaci\u00f3 i desenvolupament professional.<\/li>\n\n\n\n<li><strong><span style=\"text-decoration: underline\">Jubilaci\u00f3 parcial en el sector p\u00fablic<\/span><\/strong>: Aplicaci\u00f3 efectiva dels canvis legislatius per permetre aquesta mesura abans de l\u20191 d\u2019abril.<\/li>\n<\/ul>\n\n\n\n<p class=\"gb-headline gb-headline-f75c7b19 gb-headline-text\">A m\u00e9s, un cop aprovada oficialment la mesura del 0,5% avui, CCOO exigir\u00e0 immediatament la seva <strong><span style=\"text-decoration: underline\">execuci\u00f3 a la mesa de negociaci\u00f3 de la Diputaci\u00f3 de Barcelona<\/span><\/strong> per garantir-ne l\u2019aplicaci\u00f3 efectiva.<\/p>\n\n\n\n<p class=\"gb-headline gb-headline-0d2f5461 gb-headline-text\"><strong><span style=\"text-decoration: underline\">Seguim lluitant pels drets dels treballadors i treballadores del sector p\u00fablic<\/span>!<\/strong><\/p>\n\n\n\n<div style=\"height:60px\" aria-hidden=\"true\" class=\"wp-block-spacer\"><\/div>\n\n\n<div class=\"gb-container gb-container-d4283c0a\">\n\n<div style=\"height:30px\" aria-hidden=\"true\" class=\"wp-block-spacer\"><\/div>\n\n\n<div class=\"wp-block-image\">\n<figure class=\"aligncenter size-full is-resized\"><img loading=\"lazy\" decoding=\"async\" width=\"512\" height=\"512\" src=\"https:\/\/ccoo.app\/diputacio-de-barcelona\/wp-content\/blogs.dir\/6\/files\/sites\/186\/2023\/04\/preguntes.png\" alt=\"Preguntes\" class=\"wp-image-52698\" style=\"width:128px;height:128px\" srcset=\"https:\/\/ccoo.app\/diputacio-de-barcelona\/wp-content\/blogs.dir\/6\/files\/sites\/186\/2023\/04\/preguntes.png 512w, https:\/\/ccoo.app\/diputacio-de-barcelona\/wp-content\/blogs.dir\/6\/files\/sites\/186\/2023\/04\/preguntes-300x300.png 300w, https:\/\/ccoo.app\/diputacio-de-barcelona\/wp-content\/blogs.dir\/6\/files\/sites\/186\/2023\/04\/preguntes-150x150.png 150w\" sizes=\"auto, (max-width: 512px) 100vw, 512px\" \/><\/figure>\n<\/div>\n\n\n<div style=\"height:60px\" aria-hidden=\"true\" class=\"wp-block-spacer\"><\/div>\n\n\n\n<h3 class=\"gb-headline gb-headline-c5bcf253 gb-headline-text\"><strong>No et quedis mai amb el dubte,<br><\/strong>contacta amb CCOO<\/h3>\n\n\n\n<div class=\"wp-block-buttons is-content-justification-center is-layout-flex wp-container-core-buttons-is-layout-16018d1d wp-block-buttons-is-layout-flex\">\n<div class=\"wp-block-button is-style-fill\"><a class=\"wp-block-button__link has-base-3-color has-contrast-2-background-color has-text-color has-background wp-element-button\" href=\"https:\/\/ccoo.app\/diputacio-de-barcelona\/seccio-sindical-de-ccoo\/\" style=\"border-radius:0px\">CONTACTA&#8217;NS<\/a><\/div>\n<\/div>\n\n<\/div>\n\n\n<div style=\"height:120px\" aria-hidden=\"true\" class=\"wp-block-spacer\"><\/div>\n\n\n<div class=\"gb-grid-wrapper gb-grid-wrapper-d65739e2\">\n<div class=\"gb-grid-column gb-grid-column-ecc8725d\"><div class=\"gb-container gb-container-ecc8725d\"><div class=\"gb-inside-container\">\n<div class=\"wp-block-image\">\n<figure class=\"aligncenter size-full\"><img loading=\"lazy\" decoding=\"async\" width=\"129\" height=\"38\" src=\"https:\/\/ccoo.app\/diputacio-de-barcelona\/wp-content\/blogs.dir\/6\/files\/sites\/186\/2022\/03\/tel.png\" alt=\"Tel\" class=\"wp-image-49915\" \/><\/figure>\n<\/div>\n<\/div><\/div><\/div>\n\n<div class=\"gb-grid-column gb-grid-column-4c28778f\"><div class=\"gb-container gb-container-4c28778f\"><div class=\"gb-inside-container\">\n<div class=\"wp-block-image\">\n<figure class=\"aligncenter size-full\"><a href=\"mailto:ccoo@diba.cat\"><img loading=\"lazy\" decoding=\"async\" width=\"51\" height=\"37\" src=\"https:\/\/ccoo.app\/diputacio-de-barcelona\/wp-content\/blogs.dir\/6\/files\/sites\/186\/2022\/03\/mail.png\" alt=\"Mail\" class=\"wp-image-49916\" \/><\/a><\/figure>\n<\/div>\n<\/div><\/div><\/div>\n\n<div class=\"gb-grid-column gb-grid-column-c6cc0957\"><div class=\"gb-container gb-container-c6cc0957\"><div class=\"gb-inside-container\">\n<div class=\"wp-block-image\">\n<figure class=\"aligncenter size-full\"><a href=\"https:\/\/twitter.com\/ccoodiba\"><img loading=\"lazy\" decoding=\"async\" width=\"44\" height=\"38\" src=\"https:\/\/ccoo.app\/diputacio-de-barcelona\/wp-content\/blogs.dir\/6\/files\/sites\/186\/2022\/03\/tw.png\" alt=\"Tw\" class=\"wp-image-49917\" \/><\/a><\/figure>\n<\/div>\n<\/div><\/div><\/div>\n\n<div class=\"gb-grid-column gb-grid-column-1598237d\"><div class=\"gb-container gb-container-1598237d\"><div class=\"gb-inside-container\">\n<div class=\"wp-block-image\">\n<figure class=\"aligncenter size-full\"><a href=\"https:\/\/www.instagram.com\/ccoo_diba\/\"><img loading=\"lazy\" decoding=\"async\" width=\"45\" height=\"44\" src=\"https:\/\/ccoo.app\/diputacio-de-barcelona\/wp-content\/blogs.dir\/6\/files\/sites\/186\/2022\/03\/ig.png\" alt=\"Ig\" class=\"wp-image-49918\" \/><\/a><\/figure>\n<\/div>\n<\/div><\/div><\/div>\n\n<div class=\"gb-grid-column gb-grid-column-2db731fe\"><div class=\"gb-container gb-container-2db731fe\"><div class=\"gb-inside-container\">\n<div class=\"wp-block-image\">\n<figure class=\"aligncenter size-full\"><a href=\"https:\/\/ccoo.app\/diputacio-de-barcelona\"><img loading=\"lazy\" decoding=\"async\" width=\"39\" height=\"40\" src=\"https:\/\/ccoo.app\/diputacio-de-barcelona\/wp-content\/blogs.dir\/6\/files\/sites\/186\/2022\/03\/www.png\" alt=\"Www\" class=\"wp-image-49919\" \/><\/a><\/figure>\n<\/div>\n<\/div><\/div><\/div>\n\n<div class=\"gb-grid-column gb-grid-column-f3651540\"><div class=\"gb-container gb-container-f3651540\"><div class=\"gb-inside-container\">\n<div class=\"wp-block-image\">\n<figure class=\"aligncenter size-full is-resized\"><a href=\"https:\/\/www.ccoo.cat\/afiliat\/?_sfm_aff_situation=94\"><img loading=\"lazy\" decoding=\"async\" width=\"125\" height=\"38\" src=\"https:\/\/ccoo.app\/diputacio-de-barcelona\/wp-content\/blogs.dir\/6\/files\/sites\/186\/2022\/03\/af.png\" alt=\"Af\" class=\"wp-image-49920\" style=\"width:125px;height:38px\" \/><\/a><\/figure>\n<\/div>\n<\/div><\/div><\/div>\n<\/div>\n\n\n<div style=\"height:100px\" aria-hidden=\"true\" class=\"wp-block-spacer\"><\/div>\n","protected":false},"excerpt":{"rendered":"<p>El primer resultat immediat de la reuni\u00f3 que CCOO va mantenir ahir amb el Ministre de Funci\u00f3 P\u00fablica \u00e9s que avui mateix el Consell de Ministres aprovar\u00e0 l\u2019ingr\u00e9s del 0,5% &#8230; <\/p>\n<p class=\"read-more-container\"><a title=\"CCOO aconsegueix l\u2019augment del 0,5% pendent, per\u00f2 la mobilitzaci\u00f3 continua\" class=\"read-more button\" href=\"https:\/\/ccoo.app\/diputacio-de-barcelona\/ccoo-aconsegueix-laugment-del-05-pendent-pero-la-mobilitzacio-continua\/#more-53985\" aria-label=\"Leer m\u00e1s sobre CCOO aconsegueix l\u2019augment del 0,5% pendent, per\u00f2 la mobilitzaci\u00f3 continua\">Continuar llegint<\/a><\/p>\n","protected":false},"author":88639,"featured_media":0,"comment_status":"closed","ping_status":"closed","sticky":false,"template":"","format":"standard","meta":{"footnotes":""},"categories":[38,19],"tags":[],"class_list":["post-53985","post","type-post","status-publish","format-standard","hentry","category-a-tot-el-personal","category-comunicats","generate-columns","tablet-grid-50","mobile-grid-100","grid-parent","grid-50"],"_links":{"self":[{"href":"https:\/\/ccoo.app\/diputacio-de-barcelona\/wp-json\/wp\/v2\/posts\/53985","targetHints":{"allow":["GET"]}}],"collection":[{"href":"https:\/\/ccoo.app\/diputacio-de-barcelona\/wp-json\/wp\/v2\/posts"}],"about":[{"href":"https:\/\/ccoo.app\/diputacio-de-barcelona\/wp-json\/wp\/v2\/types\/post"}],"author":[{"embeddable":true,"href":"https:\/\/ccoo.app\/diputacio-de-barcelona\/wp-json\/wp\/v2\/users\/88639"}],"replies":[{"embeddable":true,"href":"https:\/\/ccoo.app\/diputacio-de-barcelona\/wp-json\/wp\/v2\/comments?post=53985"}],"version-history":[{"count":5,"href":"https:\/\/ccoo.app\/diputacio-de-barcelona\/wp-json\/wp\/v2\/posts\/53985\/revisions"}],"predecessor-version":[{"id":53998,"href":"https:\/\/ccoo.app\/diputacio-de-barcelona\/wp-json\/wp\/v2\/posts\/53985\/revisions\/53998"}],"wp:attachment":[{"href":"https:\/\/ccoo.app\/diputacio-de-barcelona\/wp-json\/wp\/v2\/media?parent=53985"}],"wp:term":[{"taxonomy":"category","embeddable":true,"href":"https:\/\/ccoo.app\/diputacio-de-barcelona\/wp-json\/wp\/v2\/categories?post=53985"},{"taxonomy":"post_tag","embeddable":true,"href":"https:\/\/ccoo.app\/diputacio-de-barcelona\/wp-json\/wp\/v2\/tags?post=53985"}],"curies":[{"name":"wp","href":"https:\/\/api.w.org\/{rel}","templated":true}]}}