{"id":53961,"date":"2025-03-19T18:00:00","date_gmt":"2025-03-19T17:00:00","guid":{"rendered":"https:\/\/ccoo.app\/diputacio-de-barcelona\/?p=53961"},"modified":"2025-03-20T00:33:03","modified_gmt":"2025-03-19T23:33:03","slug":"informacions-mesa-general-de-negociacio","status":"publish","type":"post","link":"https:\/\/ccoo.app\/diputacio-de-barcelona\/informacions-mesa-general-de-negociacio\/","title":{"rendered":"INFORMACIONS MESA GENERAL DE NEGOCIACI\u00d3"},"content":{"rendered":"\n<div style=\"height:20px\" aria-hidden=\"true\" class=\"wp-block-spacer\"><\/div>\n\n\n\n<h4 class=\"wp-block-heading has-text-align-center has-text-color\" style=\"color:#d42e12;font-size:28px\">MESA GENERAL DE NEGOCIACI\u00d3<br>13 DE MAR\u00c7 DE 2025<\/h4>\n\n\n<div class=\"wp-block-image\">\n<figure class=\"aligncenter size-full\"><img loading=\"lazy\" decoding=\"async\" width=\"390\" height=\"279\" src=\"https:\/\/ccoo.app\/diputacio-de-barcelona\/wp-content\/blogs.dir\/6\/files\/sites\/186\/2025\/03\/informacio-mesa-de-negociacio-2.png\" alt=\"\" class=\"wp-image-53971\" srcset=\"https:\/\/ccoo.app\/diputacio-de-barcelona\/wp-content\/blogs.dir\/6\/files\/sites\/186\/2025\/03\/informacio-mesa-de-negociacio-2.png 390w, https:\/\/ccoo.app\/diputacio-de-barcelona\/wp-content\/blogs.dir\/6\/files\/sites\/186\/2025\/03\/informacio-mesa-de-negociacio-2-300x215.png 300w\" sizes=\"auto, (max-width: 390px) 100vw, 390px\" \/><\/figure>\n<\/div>\n\n\n<div style=\"height:20px\" aria-hidden=\"true\" class=\"wp-block-spacer\"><\/div>\n\n\n\n<h4 class=\"gb-headline gb-headline-5ec59457 gb-headline-text\">PR\u00d2RROGA TELETREBALL<\/h4>\n\n\n\n<p class=\"gb-headline gb-headline-e6fd9523 gb-headline-text\">En la darrera Mesa General de Negociaci\u00f3 <strong><u>vam ratificar la signatura de la pr\u00f2rroga del teletreball<\/u><\/strong>. L\u2019acord, que prorroga la regulaci\u00f3 de la prestaci\u00f3 de serveis en modalitat de teletreball<strong><u>, va ser ratificat per nosaltres conjuntament amb UGT i I-CSC<\/u><\/strong>. Com b\u00e9 sabeu, <strong><u>des de CCOO sempre hem defensat que cal continuar aprofundint i treballant en certs aspectes d\u2019aquesta nova modalitat de treball<\/u><\/strong>; entre elles, hem negociat i afegit la desconnexi\u00f3 digital i seguim treballant per incorporar aquelles peticions que ens feu arribar.<\/p>\n\n\n\n<p class=\"gb-headline gb-headline-43330060 gb-headline-text\">Hem signat la pr\u00f2rroga i <strong><u>lamentem que la CGT no s\u2019hagi afegit a aquesta signatura<\/u><\/strong>. <strong><u>L\u2019acord, que es troba prorrogat, en cas que no l\u2019hagu\u00e9ssim signat la majoria sindical, hagu\u00e9s decaigut i el 2 de maig tots els llocs de treball haguessin estat classificats com presencials<\/u><\/strong>. <strong><u>Des de CCOO treballem amb responsabilitat<\/u><\/strong>, que \u00e9s el motiu pel qual ens escolliu com els i les vostres representants i \u00e9s per aix\u00f2 que signem acords i treballem per millorar-los.<\/p>\n\n\n\n<div style=\"height:20px\" aria-hidden=\"true\" class=\"wp-block-spacer\"><\/div>\n\n\n\n<h4 class=\"gb-headline gb-headline-23a02af3 gb-headline-text\">RECURS PREVENTIU<\/h4>\n\n\n\n<p class=\"gb-headline gb-headline-61cbed98 gb-headline-text\">Tamb\u00e9 en aquesta darrera sessi\u00f3 de Mesa de Negociaci\u00f3 <strong><u>hem signat un acord per a l\u2019assignaci\u00f3<\/u><\/strong>, per aquells treballs que ho compleixin, <strong><u>del recurs preventiu<\/u><\/strong>. Aquesta assignaci\u00f3 \u00e9s una especificitat molt concreta&nbsp; per&nbsp; aquells treballs que s\u2019hagin de desenvolupar o b\u00e9 en al\u00e7ada o en llocs molt tancats. <strong><u>Ser\u00e0 d\u2019aplicaci\u00f3 per aquells col\u00b7lectius que desenvolupen aquestes tasques que hauran de garantir el correcte compliment de la normativa en mat\u00e8ria de seguretat en el treball<\/u><\/strong>. <strong><u>Aquesta responsabilitat vindr\u00e0 acompanyada d\u2019una assignaci\u00f3 econ\u00f2mica per aquells empleats i empleades que siguin designats<\/u><\/strong>. A m\u00e9s, seran assignats de manera rotat\u00f2ria i equitativa i es garantir\u00e0 la formaci\u00f3 per a tothom.<\/p>\n\n\n\n<div style=\"height:20px\" aria-hidden=\"true\" class=\"wp-block-spacer\"><\/div>\n\n\n\n<h4 class=\"gb-headline gb-headline-9352119e gb-headline-text\">ACTUALITZACI\u00d3 FACTOR PENOSITAT &#8211; ORGANISMES AUT\u00d2NOMS<\/h4>\n\n\n\n<p class=\"gb-headline gb-headline-77db6e0d gb-headline-text\">Tamb\u00e9 en la mateixa reuni\u00f3 vam recordar a la corporaci\u00f3 que ja hav\u00edem denunciat que a <strong><u>diferents col\u00b7lectius adscrits als diferents organismes aut\u00f2noms de la DIBA no han vist actualitzat el concepte retributiu de condicions de treball -penositat\/perillositat- tot i ser funcionaris i funcion\u00e0ries de la DIBA<\/u><\/strong>. Hem incidit en aquesta q\u00fcesti\u00f3 en diferents reunions ja que detectem que hi ha personal funcionari de primera categoria, adscrit als serveis de la DIBA i de segona categoria, adscrit als diferents organismes aut\u00f2noms. <strong><u>Hem exigit el cobrament amb efectes retroactius des de l\u2019aplicaci\u00f3 a la DIBA i tenim molt clar que, si no \u00e9s aix\u00ed, ho acabarem portant als tribunals.<\/u><\/strong><\/p>\n\n\n\n<div style=\"height:20px\" aria-hidden=\"true\" class=\"wp-block-spacer\"><\/div>\n\n\n\n<h4 class=\"gb-headline gb-headline-05b5f0be gb-headline-text\">REDUCCI\u00d3 DE JORNADA PER A EMPLEATS I EMPLEADES AMB DISCAPACITAT<br>RECONEGUDA<\/h4>\n\n\n\n<p class=\"gb-headline gb-headline-02de05ed gb-headline-text\">Com ja us hem informat en altres comunicats, <strong><u>des de CCOO hem plantejat en seu de negociaci\u00f3 un nou dret per als empleats i empleades que tenen reconeguda una discapacitat per\u00f2 que, en canvi, no podien accedir a cap tipus de reducci\u00f3 de jornada<\/u><\/strong>. En aquest cas, hem plantejat a la corporaci\u00f3 que calia regular-lo ja que no tenia cap sentit que si un empleat o empleada t\u00e9 a c\u00e0rrec un familiar amb discapacitat reconeguda s\u00ed que pot acollir-se a aquesta reducci\u00f3 de jornada per\u00f2 en canvi, si \u00e9s el propi empleat o empleada, no podia acollir-se. Al llarg de les properes setmanes ja tindrem redactat l\u2019acord. Us mantindrem informats i informades.<\/p>\n\n\n\n<div style=\"height:20px\" aria-hidden=\"true\" class=\"wp-block-spacer\"><\/div>\n\n\n\n<h4 class=\"gb-headline gb-headline-a3b7b58d gb-headline-text\">QU\u00c8 PASSA AL RESPIR?<\/h4>\n\n\n\n<p class=\"gb-headline gb-headline-2da08b82 gb-headline-text\"><strong><u>Despr\u00e9s de rebre diverses consultes per part vostra respecte a la denegaci\u00f3 dels permisos sol\u00b7licitats amb molts mesos d\u2019antel\u00b7laci\u00f3 part dels gestors de RH del RESPIR<\/u><\/strong>, i de dirigir-nos en diverses ocasions a RH preguntant i intentant aclarir aquesta situaci\u00f3, a la darrera Mesa de Negociaci\u00f3 ho vam tornar a preguntar. La resposta de RH ha estat que s\u2019ho miraran amb els gestors del RESPIR.<\/p>\n\n\n\n<p class=\"gb-headline gb-headline-badbad7d gb-headline-text\"><strong><u>Des de CCOO ens preguntem qu\u00e8 com \u00e9s possible que un servei sigui incapa\u00e7 de preveure les supl\u00e8ncies qu\u00e8 necessitar\u00e0 a 4 i 5 mesos vista?<\/u><\/strong> Com es poden denegar sol\u00b7licituds per assumptes propis, demanades ara al febrer, per gaudir al novembre? La resposta del servei sempre ha estat que \u201cper necessitats del servei\u201d no es podia garantir la pres\u00e8ncia m\u00ednima de la plantilla necess\u00e0ria per efectuar el servei. Llavors, per qu\u00e8 quan denunciem les c\u00e0rregues de feina d\u2019aquests col\u00b7lectius se\u2019ns verbalitza que estem per sobre de r\u00e0tio?<\/p>\n\n\n\n<p class=\"gb-headline gb-headline-679af25f gb-headline-text\"><strong><u>Des de CCOO hem sigut molt pacients amb aquesta situaci\u00f3 entenent les dificultats conegudes per la gesti\u00f3 d\u2019aquest servei del RESPIR per\u00f2 diem prou! <\/u><u>Exigim un canvi en la manera d\u2019entendre la gesti\u00f3 dels RH del RESPIR. Si no \u00e9s aix\u00ed, incrementarem la pressi\u00f3 i anunciem mobilitzacions<\/u><\/strong> per tal de denunciar la mala planificaci\u00f3 dels gestors de RH.<\/p>\n\n\n\n<div style=\"height:20px\" aria-hidden=\"true\" class=\"wp-block-spacer\"><\/div>\n\n\n\n<h4 class=\"gb-headline gb-headline-7ec1c49a gb-headline-text\">C\u00d2MPUT DE M\u00c8RITS PAMO<\/h4>\n\n\n\n<p class=\"gb-headline gb-headline-5dfe00c4 gb-headline-text\">Tamb\u00e9 en la darrera Mesa General de Negociaci\u00f3 vam tornar a exigir a RH que, per al c\u00f2mput dels m\u00e8rits per temps treballat, es tingui en compte aquells col\u00b7lectius que de manera generalitzada han passat per un proc\u00e9s de reclassificaci\u00f3 d\u2019un subgrup a un altre. Estem parlant de la <strong><u>reclassificaci\u00f3 dels T\u00e8cnics Auxiliars a la Depend\u00e8ncia o d\u2019Agents Tributaris<\/u><\/strong>, per exemple. <strong><u>Aquest dos col\u00b7lectius poden veure\u2019s afectats ja que els seus llocs de feina estaven classificats en el subgrup C2 i, mitjan\u00e7ant un proc\u00e9s de reclassificaci\u00f3, la plantilla ha passat al subgrup C1<\/u><\/strong>. Per tant, totes les places ofertades seran encabides dins d\u2019aquest darrer subgrup. Per aquest motiu, <strong><u>des de CCOO hem demanat que el temps d\u2019experi\u00e8ncia professional sigui comptabilitzat des de que els i les aspirants van iniciar la seva relaci\u00f3 laboral<\/u><\/strong> amb la Diputaci\u00f3 independentment si la pla\u00e7a estava en C2 o C1, ja que entenem que <strong><u>en aquests casos no hi ha hagut un canvi en les funcions ni en la fitxa descriptiva del lloc de treball<\/u><\/strong>.<\/p>\n\n\n\n<div style=\"height:60px\" aria-hidden=\"true\" class=\"wp-block-spacer\"><\/div>\n\n\n<div class=\"gb-container gb-container-d4283c0a\">\n\n<div style=\"height:30px\" aria-hidden=\"true\" class=\"wp-block-spacer\"><\/div>\n\n\n<div class=\"wp-block-image\">\n<figure class=\"aligncenter size-full is-resized\"><img loading=\"lazy\" decoding=\"async\" width=\"512\" height=\"512\" src=\"https:\/\/ccoo.app\/diputacio-de-barcelona\/wp-content\/blogs.dir\/6\/files\/sites\/186\/2023\/04\/preguntes.png\" alt=\"Preguntes\" class=\"wp-image-52698\" style=\"width:128px;height:128px\" srcset=\"https:\/\/ccoo.app\/diputacio-de-barcelona\/wp-content\/blogs.dir\/6\/files\/sites\/186\/2023\/04\/preguntes.png 512w, https:\/\/ccoo.app\/diputacio-de-barcelona\/wp-content\/blogs.dir\/6\/files\/sites\/186\/2023\/04\/preguntes-300x300.png 300w, https:\/\/ccoo.app\/diputacio-de-barcelona\/wp-content\/blogs.dir\/6\/files\/sites\/186\/2023\/04\/preguntes-150x150.png 150w\" sizes=\"auto, (max-width: 512px) 100vw, 512px\" \/><\/figure>\n<\/div>\n\n\n<div style=\"height:60px\" aria-hidden=\"true\" class=\"wp-block-spacer\"><\/div>\n\n\n\n<h3 class=\"gb-headline gb-headline-c5bcf253 gb-headline-text\"><strong>No et quedis mai amb el dubte,<br><\/strong>contacta amb CCOO<\/h3>\n\n\n\n<div class=\"wp-block-buttons is-content-justification-center is-layout-flex wp-container-core-buttons-is-layout-16018d1d wp-block-buttons-is-layout-flex\">\n<div class=\"wp-block-button is-style-fill\"><a class=\"wp-block-button__link has-base-3-color has-contrast-2-background-color has-text-color has-background wp-element-button\" href=\"https:\/\/ccoo.app\/diputacio-de-barcelona\/seccio-sindical-de-ccoo\/\" style=\"border-radius:0px\">CONTACTA&#8217;NS<\/a><\/div>\n<\/div>\n\n<\/div>\n\n\n<div style=\"height:120px\" aria-hidden=\"true\" class=\"wp-block-spacer\"><\/div>\n\n\n<div class=\"gb-grid-wrapper gb-grid-wrapper-d65739e2\">\n<div class=\"gb-grid-column gb-grid-column-ecc8725d\"><div class=\"gb-container gb-container-ecc8725d\"><div class=\"gb-inside-container\">\n<div class=\"wp-block-image\">\n<figure class=\"aligncenter size-full\"><img loading=\"lazy\" decoding=\"async\" width=\"129\" height=\"38\" src=\"https:\/\/ccoo.app\/diputacio-de-barcelona\/wp-content\/blogs.dir\/6\/files\/sites\/186\/2022\/03\/tel.png\" alt=\"Tel\" class=\"wp-image-49915\" \/><\/figure>\n<\/div>\n<\/div><\/div><\/div>\n\n<div class=\"gb-grid-column gb-grid-column-4c28778f\"><div class=\"gb-container gb-container-4c28778f\"><div class=\"gb-inside-container\">\n<div class=\"wp-block-image\">\n<figure class=\"aligncenter size-full\"><a href=\"mailto:ccoo@diba.cat\"><img loading=\"lazy\" decoding=\"async\" width=\"51\" height=\"37\" src=\"https:\/\/ccoo.app\/diputacio-de-barcelona\/wp-content\/blogs.dir\/6\/files\/sites\/186\/2022\/03\/mail.png\" alt=\"Mail\" class=\"wp-image-49916\" \/><\/a><\/figure>\n<\/div>\n<\/div><\/div><\/div>\n\n<div class=\"gb-grid-column gb-grid-column-c6cc0957\"><div class=\"gb-container gb-container-c6cc0957\"><div class=\"gb-inside-container\">\n<div class=\"wp-block-image\">\n<figure class=\"aligncenter size-full\"><a href=\"https:\/\/twitter.com\/ccoodiba\"><img loading=\"lazy\" decoding=\"async\" width=\"44\" height=\"38\" src=\"https:\/\/ccoo.app\/diputacio-de-barcelona\/wp-content\/blogs.dir\/6\/files\/sites\/186\/2022\/03\/tw.png\" alt=\"Tw\" class=\"wp-image-49917\" \/><\/a><\/figure>\n<\/div>\n<\/div><\/div><\/div>\n\n<div class=\"gb-grid-column gb-grid-column-1598237d\"><div class=\"gb-container gb-container-1598237d\"><div class=\"gb-inside-container\">\n<div class=\"wp-block-image\">\n<figure class=\"aligncenter size-full\"><a href=\"https:\/\/www.instagram.com\/ccoo_diba\/\"><img loading=\"lazy\" decoding=\"async\" width=\"45\" height=\"44\" src=\"https:\/\/ccoo.app\/diputacio-de-barcelona\/wp-content\/blogs.dir\/6\/files\/sites\/186\/2022\/03\/ig.png\" alt=\"Ig\" class=\"wp-image-49918\" \/><\/a><\/figure>\n<\/div>\n<\/div><\/div><\/div>\n\n<div class=\"gb-grid-column gb-grid-column-2db731fe\"><div class=\"gb-container gb-container-2db731fe\"><div class=\"gb-inside-container\">\n<div class=\"wp-block-image\">\n<figure class=\"aligncenter size-full\"><a href=\"https:\/\/ccoo.app\/diputacio-de-barcelona\"><img loading=\"lazy\" decoding=\"async\" width=\"39\" height=\"40\" src=\"https:\/\/ccoo.app\/diputacio-de-barcelona\/wp-content\/blogs.dir\/6\/files\/sites\/186\/2022\/03\/www.png\" alt=\"Www\" class=\"wp-image-49919\" \/><\/a><\/figure>\n<\/div>\n<\/div><\/div><\/div>\n\n<div class=\"gb-grid-column gb-grid-column-f3651540\"><div class=\"gb-container gb-container-f3651540\"><div class=\"gb-inside-container\">\n<div class=\"wp-block-image\">\n<figure class=\"aligncenter size-full is-resized\"><a href=\"https:\/\/www.ccoo.cat\/afiliat\/?_sfm_aff_situation=94\"><img loading=\"lazy\" decoding=\"async\" width=\"125\" height=\"38\" src=\"https:\/\/ccoo.app\/diputacio-de-barcelona\/wp-content\/blogs.dir\/6\/files\/sites\/186\/2022\/03\/af.png\" alt=\"Af\" class=\"wp-image-49920\" style=\"width:125px;height:38px\" \/><\/a><\/figure>\n<\/div>\n<\/div><\/div><\/div>\n<\/div>\n\n\n<div style=\"height:100px\" aria-hidden=\"true\" class=\"wp-block-spacer\"><\/div>\n","protected":false},"excerpt":{"rendered":"<p>MESA GENERAL DE NEGOCIACI\u00d313 DE MAR\u00c7 DE 2025 PR\u00d2RROGA TELETREBALL En la darrera Mesa General de Negociaci\u00f3 vam ratificar la signatura de la pr\u00f2rroga del teletreball. L\u2019acord, que prorroga la &#8230; <\/p>\n<p class=\"read-more-container\"><a title=\"INFORMACIONS MESA GENERAL DE NEGOCIACI\u00d3\" class=\"read-more button\" href=\"https:\/\/ccoo.app\/diputacio-de-barcelona\/informacions-mesa-general-de-negociacio\/#more-53961\" aria-label=\"Leer m\u00e1s sobre INFORMACIONS MESA GENERAL DE NEGOCIACI\u00d3\">Continuar llegint<\/a><\/p>\n","protected":false},"author":88639,"featured_media":53972,"comment_status":"closed","ping_status":"closed","sticky":false,"template":"","format":"standard","meta":{"footnotes":""},"categories":[38,19],"tags":[],"class_list":["post-53961","post","type-post","status-publish","format-standard","has-post-thumbnail","hentry","category-a-tot-el-personal","category-comunicats","generate-columns","tablet-grid-50","mobile-grid-100","grid-parent","grid-50"],"_links":{"self":[{"href":"https:\/\/ccoo.app\/diputacio-de-barcelona\/wp-json\/wp\/v2\/posts\/53961","targetHints":{"allow":["GET"]}}],"collection":[{"href":"https:\/\/ccoo.app\/diputacio-de-barcelona\/wp-json\/wp\/v2\/posts"}],"about":[{"href":"https:\/\/ccoo.app\/diputacio-de-barcelona\/wp-json\/wp\/v2\/types\/post"}],"author":[{"embeddable":true,"href":"https:\/\/ccoo.app\/diputacio-de-barcelona\/wp-json\/wp\/v2\/users\/88639"}],"replies":[{"embeddable":true,"href":"https:\/\/ccoo.app\/diputacio-de-barcelona\/wp-json\/wp\/v2\/comments?post=53961"}],"version-history":[{"count":5,"href":"https:\/\/ccoo.app\/diputacio-de-barcelona\/wp-json\/wp\/v2\/posts\/53961\/revisions"}],"predecessor-version":[{"id":53984,"href":"https:\/\/ccoo.app\/diputacio-de-barcelona\/wp-json\/wp\/v2\/posts\/53961\/revisions\/53984"}],"wp:featuredmedia":[{"embeddable":true,"href":"https:\/\/ccoo.app\/diputacio-de-barcelona\/wp-json\/wp\/v2\/media\/53972"}],"wp:attachment":[{"href":"https:\/\/ccoo.app\/diputacio-de-barcelona\/wp-json\/wp\/v2\/media?parent=53961"}],"wp:term":[{"taxonomy":"category","embeddable":true,"href":"https:\/\/ccoo.app\/diputacio-de-barcelona\/wp-json\/wp\/v2\/categories?post=53961"},{"taxonomy":"post_tag","embeddable":true,"href":"https:\/\/ccoo.app\/diputacio-de-barcelona\/wp-json\/wp\/v2\/tags?post=53961"}],"curies":[{"name":"wp","href":"https:\/\/api.w.org\/{rel}","templated":true}]}}