{"id":53910,"date":"2025-02-28T09:07:38","date_gmt":"2025-02-28T08:07:38","guid":{"rendered":"https:\/\/ccoo.app\/diputacio-de-barcelona\/?p=53910"},"modified":"2025-02-28T09:07:39","modified_gmt":"2025-02-28T08:07:39","slug":"8-de-marc-dia-internacional-de-les-dones-treballadores","status":"publish","type":"post","link":"https:\/\/ccoo.app\/diputacio-de-barcelona\/8-de-marc-dia-internacional-de-les-dones-treballadores\/","title":{"rendered":"8 DE MAR\u00c7, DIA INTERNACIONAL DE LES DONES TREBALLADORES"},"content":{"rendered":"\n<div style=\"height:20px\" aria-hidden=\"true\" class=\"wp-block-spacer\"><\/div>\n\n\n\n<figure class=\"gb-block-image gb-block-image-85d3507a\"><img loading=\"lazy\" decoding=\"async\" width=\"1448\" height=\"2048\" class=\"gb-image gb-image-85d3507a\" src=\"https:\/\/ccoo.app\/diputacio-de-barcelona\/wp-content\/blogs.dir\/6\/files\/sites\/186\/2025\/02\/cartell-8m-a4-violeta-1448x2048-1.png\" alt=\"\" title=\"cartell-8m-a4-violeta-1448x2048\" srcset=\"https:\/\/ccoo.app\/diputacio-de-barcelona\/wp-content\/blogs.dir\/6\/files\/sites\/186\/2025\/02\/cartell-8m-a4-violeta-1448x2048-1.png 1448w, https:\/\/ccoo.app\/diputacio-de-barcelona\/wp-content\/blogs.dir\/6\/files\/sites\/186\/2025\/02\/cartell-8m-a4-violeta-1448x2048-1-212x300.png 212w, https:\/\/ccoo.app\/diputacio-de-barcelona\/wp-content\/blogs.dir\/6\/files\/sites\/186\/2025\/02\/cartell-8m-a4-violeta-1448x2048-1-724x1024.png 724w, https:\/\/ccoo.app\/diputacio-de-barcelona\/wp-content\/blogs.dir\/6\/files\/sites\/186\/2025\/02\/cartell-8m-a4-violeta-1448x2048-1-768x1086.png 768w, https:\/\/ccoo.app\/diputacio-de-barcelona\/wp-content\/blogs.dir\/6\/files\/sites\/186\/2025\/02\/cartell-8m-a4-violeta-1448x2048-1-1086x1536.png 1086w\" sizes=\"auto, (max-width: 1448px) 100vw, 1448px\" \/><\/figure>\n\n\n\n<div style=\"height:20px\" aria-hidden=\"true\" class=\"wp-block-spacer\"><\/div>\n\n\n\n<p class=\"gb-headline gb-headline-1fbb6053 gb-headline-text\">En un moment en qu\u00e8 s\u2019intenten desmantellar pol\u00edtiques\u00a0d\u2019igualtat, es neguen les viol\u00e8ncies masclistes i es precaritzen encara m\u00e9s les condicions laborals de les dones, arribem a un nou Dia Internacional de la Dona Treballadora.\u00a0<\/p>\n\n\n\n<p class=\"gb-headline gb-headline-de5987b6 gb-headline-text\">El feminisme sindical \u00e9s imprescindible per defensar els drets conquerits i per continuar avan\u00e7ant. No podem permetre cap retroc\u00e9s, perqu\u00e8 la igualtat no \u00e9s una concessi\u00f3, sin\u00f3 una necessitat per a tota la classe treballadora.<\/p>\n\n\n\n<figure class=\"gb-block-image gb-block-image-2e217861\"><img loading=\"lazy\" decoding=\"async\" width=\"2549\" height=\"3577\" class=\"gb-image gb-image-2e217861\" src=\"https:\/\/ccoo.app\/diputacio-de-barcelona\/wp-content\/blogs.dir\/6\/files\/sites\/186\/2025\/02\/manifest-8-m2025.png\" alt=\"\" title=\"manifest-8-m2025\" srcset=\"https:\/\/ccoo.app\/diputacio-de-barcelona\/wp-content\/blogs.dir\/6\/files\/sites\/186\/2025\/02\/manifest-8-m2025.png 2549w, https:\/\/ccoo.app\/diputacio-de-barcelona\/wp-content\/blogs.dir\/6\/files\/sites\/186\/2025\/02\/manifest-8-m2025-214x300.png 214w, https:\/\/ccoo.app\/diputacio-de-barcelona\/wp-content\/blogs.dir\/6\/files\/sites\/186\/2025\/02\/manifest-8-m2025-730x1024.png 730w, https:\/\/ccoo.app\/diputacio-de-barcelona\/wp-content\/blogs.dir\/6\/files\/sites\/186\/2025\/02\/manifest-8-m2025-768x1078.png 768w, https:\/\/ccoo.app\/diputacio-de-barcelona\/wp-content\/blogs.dir\/6\/files\/sites\/186\/2025\/02\/manifest-8-m2025-1095x1536.png 1095w, https:\/\/ccoo.app\/diputacio-de-barcelona\/wp-content\/blogs.dir\/6\/files\/sites\/186\/2025\/02\/manifest-8-m2025-1459x2048.png 1459w\" sizes=\"auto, (max-width: 2549px) 100vw, 2549px\" \/><\/figure>\n\n\n\n<p><\/p>\n\n\n\n<div class=\"wp-block-buttons is-content-justification-center is-layout-flex wp-container-core-buttons-is-layout-16018d1d wp-block-buttons-is-layout-flex\">\n<div class=\"wp-block-button is-style-fill\"><a class=\"wp-block-button__link wp-element-button\" href=\"https:\/\/ccoo.app\/diputacio-de-barcelona\/wp-content\/blogs.dir\/6\/files\/sites\/186\/2025\/02\/manifest-8-m2025.pdf\" style=\"border-radius:0px\" target=\"_blank\" rel=\"noreferrer noopener\">VEURE EL MANIFEST EN FORMAT PDF<\/a><\/div>\n<\/div>\n\n\n\n<div style=\"height:20px\" aria-hidden=\"true\" class=\"wp-block-spacer\"><\/div>\n\n\n\n<p class=\"gb-headline gb-headline-f8046820 gb-headline-text\">Encara \u00e9s temps de feminisme: feminisme sindical. Perqu\u00e8 nom\u00e9s amb un sindicalisme feminista i de classe podrem fer front a l\u2019actual ofensiva reaccion\u00e0ria i garantir drets laborals, econ\u00f2mics i socials per a totes.<\/p>\n\n\n\n<p class=\"gb-headline gb-headline-9a9b6bb3 gb-headline-text\">Us esperem el divendres 7 de mar\u00e7, de 9.30\u00a0h a 14 h, a la sala d\u2019actes de CCOO de Catalunya (Via Laietana, 16, de Barcelona).<\/p>\n\n\n\n<p>Per a m\u00e9s informaci\u00f3:<\/p>\n\n\n\n<figure class=\"gb-block-image gb-block-image-655c43a6\"><a href=\"https:\/\/www.ccoo.cat\/noticies\/dones\/8-de-marc-de-2025-dia-internacional-de-les-dones-treballadores\/\" target=\"_blank\" rel=\"noopener noreferrer\"><img loading=\"lazy\" decoding=\"async\" width=\"724\" height=\"427\" class=\"gb-image gb-image-655c43a6\" src=\"https:\/\/ccoo.app\/diputacio-de-barcelona\/wp-content\/blogs.dir\/6\/files\/sites\/186\/2025\/02\/programa-8m2025.jpg\" alt=\"\" title=\"programa 8M2025\" srcset=\"https:\/\/ccoo.app\/diputacio-de-barcelona\/wp-content\/blogs.dir\/6\/files\/sites\/186\/2025\/02\/programa-8m2025.jpg 724w, https:\/\/ccoo.app\/diputacio-de-barcelona\/wp-content\/blogs.dir\/6\/files\/sites\/186\/2025\/02\/programa-8m2025-300x177.jpg 300w\" sizes=\"auto, (max-width: 724px) 100vw, 724px\" \/><\/a><\/figure>\n\n\n\n<div style=\"height:40px\" aria-hidden=\"true\" class=\"wp-block-spacer\"><\/div>\n\n\n\n<h2 class=\"wp-block-heading has-text-align-center has-text-color\" style=\"color:#7a578f\">#8M<\/h2>\n\n\n\n<h2 class=\"wp-block-heading has-text-align-center has-text-color\" style=\"color:#7a578f\">#FeminismeSindical<\/h2>\n\n\n\n<p><\/p>\n\n\n\n<figure class=\"gb-block-image gb-block-image-bda3a5ae\"><img loading=\"lazy\" decoding=\"async\" width=\"585\" height=\"325\" class=\"gb-image gb-image-bda3a5ae\" src=\"https:\/\/ccoo.app\/diputacio-de-barcelona\/wp-content\/blogs.dir\/6\/files\/sites\/186\/2023\/03\/logo-puny_transparent.png\" alt=\"Logo Puny Transparent\" title=\"Logo Puny Transparent\" srcset=\"https:\/\/ccoo.app\/diputacio-de-barcelona\/wp-content\/blogs.dir\/6\/files\/sites\/186\/2023\/03\/logo-puny_transparent.png 585w, https:\/\/ccoo.app\/diputacio-de-barcelona\/wp-content\/blogs.dir\/6\/files\/sites\/186\/2023\/03\/logo-puny_transparent-300x167.png 300w\" sizes=\"auto, (max-width: 585px) 100vw, 585px\" \/><\/figure>\n\n\n\n<div style=\"height:100px\" aria-hidden=\"true\" class=\"wp-block-spacer\"><\/div>\n","protected":false},"excerpt":{"rendered":"<p>En un moment en qu\u00e8 s\u2019intenten desmantellar pol\u00edtiques\u00a0d\u2019igualtat, es neguen les viol\u00e8ncies masclistes i es precaritzen encara m\u00e9s les condicions laborals de les dones, arribem a un nou Dia Internacional &#8230; <\/p>\n<p class=\"read-more-container\"><a title=\"8 DE MAR\u00c7, DIA INTERNACIONAL DE LES DONES TREBALLADORES\" class=\"read-more button\" href=\"https:\/\/ccoo.app\/diputacio-de-barcelona\/8-de-marc-dia-internacional-de-les-dones-treballadores\/#more-53910\" aria-label=\"Leer m\u00e1s sobre 8 DE MAR\u00c7, DIA INTERNACIONAL DE LES DONES TREBALLADORES\">Continuar llegint<\/a><\/p>\n","protected":false},"author":88639,"featured_media":53921,"comment_status":"closed","ping_status":"closed","sticky":false,"template":"","format":"standard","meta":{"footnotes":""},"categories":[38,19,22,252],"tags":[],"class_list":["post-53910","post","type-post","status-publish","format-standard","has-post-thumbnail","hentry","category-a-tot-el-personal","category-comunicats","category-igualtat","category-app-diba-push","generate-columns","tablet-grid-50","mobile-grid-100","grid-parent","grid-50"],"_links":{"self":[{"href":"https:\/\/ccoo.app\/diputacio-de-barcelona\/wp-json\/wp\/v2\/posts\/53910","targetHints":{"allow":["GET"]}}],"collection":[{"href":"https:\/\/ccoo.app\/diputacio-de-barcelona\/wp-json\/wp\/v2\/posts"}],"about":[{"href":"https:\/\/ccoo.app\/diputacio-de-barcelona\/wp-json\/wp\/v2\/types\/post"}],"author":[{"embeddable":true,"href":"https:\/\/ccoo.app\/diputacio-de-barcelona\/wp-json\/wp\/v2\/users\/88639"}],"replies":[{"embeddable":true,"href":"https:\/\/ccoo.app\/diputacio-de-barcelona\/wp-json\/wp\/v2\/comments?post=53910"}],"version-history":[{"count":3,"href":"https:\/\/ccoo.app\/diputacio-de-barcelona\/wp-json\/wp\/v2\/posts\/53910\/revisions"}],"predecessor-version":[{"id":53920,"href":"https:\/\/ccoo.app\/diputacio-de-barcelona\/wp-json\/wp\/v2\/posts\/53910\/revisions\/53920"}],"wp:featuredmedia":[{"embeddable":true,"href":"https:\/\/ccoo.app\/diputacio-de-barcelona\/wp-json\/wp\/v2\/media\/53921"}],"wp:attachment":[{"href":"https:\/\/ccoo.app\/diputacio-de-barcelona\/wp-json\/wp\/v2\/media?parent=53910"}],"wp:term":[{"taxonomy":"category","embeddable":true,"href":"https:\/\/ccoo.app\/diputacio-de-barcelona\/wp-json\/wp\/v2\/categories?post=53910"},{"taxonomy":"post_tag","embeddable":true,"href":"https:\/\/ccoo.app\/diputacio-de-barcelona\/wp-json\/wp\/v2\/tags?post=53910"}],"curies":[{"name":"wp","href":"https:\/\/api.w.org\/{rel}","templated":true}]}}