{"id":53909,"date":"2025-02-28T09:06:01","date_gmt":"2025-02-28T08:06:01","guid":{"rendered":"https:\/\/ccoo.app\/diputacio-de-barcelona\/?p=53909"},"modified":"2025-02-28T09:06:02","modified_gmt":"2025-02-28T08:06:02","slug":"4-de-marc-manifestacio-per-la-reduccio-de-jornada","status":"publish","type":"post","link":"https:\/\/ccoo.app\/diputacio-de-barcelona\/4-de-marc-manifestacio-per-la-reduccio-de-jornada\/","title":{"rendered":"4 DE MAR\u00c7, MANIFESTACI\u00d3 PER LA REDUCCI\u00d3 DE JORNADA"},"content":{"rendered":"\n<div style=\"height:20px\" aria-hidden=\"true\" class=\"wp-block-spacer\"><\/div>\n\n\n\n<figure class=\"gb-block-image gb-block-image-f7bfaa01\"><img loading=\"lazy\" decoding=\"async\" width=\"2339\" height=\"3307\" class=\"gb-image gb-image-f7bfaa01\" src=\"https:\/\/ccoo.app\/diputacio-de-barcelona\/wp-content\/blogs.dir\/6\/files\/sites\/186\/2025\/02\/CARTELL-4-M-1.png\" alt=\"\" title=\"CARTELL-4-M\" srcset=\"https:\/\/ccoo.app\/diputacio-de-barcelona\/wp-content\/blogs.dir\/6\/files\/sites\/186\/2025\/02\/CARTELL-4-M-1.png 2339w, https:\/\/ccoo.app\/diputacio-de-barcelona\/wp-content\/blogs.dir\/6\/files\/sites\/186\/2025\/02\/CARTELL-4-M-1-212x300.png 212w, https:\/\/ccoo.app\/diputacio-de-barcelona\/wp-content\/blogs.dir\/6\/files\/sites\/186\/2025\/02\/CARTELL-4-M-1-724x1024.png 724w, https:\/\/ccoo.app\/diputacio-de-barcelona\/wp-content\/blogs.dir\/6\/files\/sites\/186\/2025\/02\/CARTELL-4-M-1-768x1086.png 768w, https:\/\/ccoo.app\/diputacio-de-barcelona\/wp-content\/blogs.dir\/6\/files\/sites\/186\/2025\/02\/CARTELL-4-M-1-1086x1536.png 1086w, https:\/\/ccoo.app\/diputacio-de-barcelona\/wp-content\/blogs.dir\/6\/files\/sites\/186\/2025\/02\/CARTELL-4-M-1-1449x2048.png 1449w\" sizes=\"auto, (max-width: 2339px) 100vw, 2339px\" \/><\/figure>\n\n\n\n<div style=\"height:40px\" aria-hidden=\"true\" class=\"wp-block-spacer\"><\/div>\n\n\n\n<p class=\"gb-headline gb-headline-cf0005ef gb-headline-text\"><strong>Mai no hav\u00edem estat tan a prop de les 37.5H!\u00a0<\/strong><\/p>\n\n\n\n<p class=\"gb-headline gb-headline-4d9940bb gb-headline-text\">Dimarts 4 de mar\u00e7, deixem-li clar a la Patronal que <strong>amb la Reducci\u00f3 de la Jornada no s&#8217;hi juga<\/strong>. Omplim Les 3 xemeneies com al 1919 ho varen fer els i les nostres avantpassats sindicalistes.<\/p>\n\n\n\n<div style=\"height:10px\" aria-hidden=\"true\" class=\"wp-block-spacer\"><\/div>\n\n\n<div class=\"gb-grid-wrapper gb-grid-wrapper-47ba8c04\">\n<div class=\"gb-grid-column gb-grid-column-01700ab5\"><div class=\"gb-container gb-container-01700ab5\">\n<div class=\"gb-grid-wrapper gb-grid-wrapper-a41b084a\">\n<div class=\"gb-grid-column gb-grid-column-491c7a06\"><div class=\"gb-container gb-container-491c7a06\">\n\n<figure class=\"gb-block-image gb-block-image-d8e62685\"><img loading=\"lazy\" decoding=\"async\" width=\"512\" height=\"512\" class=\"gb-image gb-image-d8e62685\" src=\"https:\/\/ccoo.app\/diputacio-de-barcelona\/wp-content\/blogs.dir\/6\/files\/sites\/186\/2025\/02\/calendario.png\" alt=\"\" title=\"calendario\" srcset=\"https:\/\/ccoo.app\/diputacio-de-barcelona\/wp-content\/blogs.dir\/6\/files\/sites\/186\/2025\/02\/calendario.png 512w, https:\/\/ccoo.app\/diputacio-de-barcelona\/wp-content\/blogs.dir\/6\/files\/sites\/186\/2025\/02\/calendario-300x300.png 300w, https:\/\/ccoo.app\/diputacio-de-barcelona\/wp-content\/blogs.dir\/6\/files\/sites\/186\/2025\/02\/calendario-150x150.png 150w\" sizes=\"auto, (max-width: 512px) 100vw, 512px\" \/><\/figure>\n\n<\/div><\/div>\n\n<div class=\"gb-grid-column gb-grid-column-94ca783f\"><div class=\"gb-container gb-container-94ca783f\">\n\n<p class=\"gb-headline gb-headline-f693ff26 gb-headline-text\"><strong>4 de mar\u00e7<\/strong><\/p>\n\n<\/div><\/div>\n<\/div>\n<\/div><\/div>\n\n<div class=\"gb-grid-column gb-grid-column-22b36ee2\"><div class=\"gb-container gb-container-22b36ee2\">\n<div class=\"gb-grid-wrapper gb-grid-wrapper-25e66b05\">\n<div class=\"gb-grid-column gb-grid-column-c2b38e7a\"><div class=\"gb-container gb-container-c2b38e7a\">\n\n<figure class=\"gb-block-image gb-block-image-95849103\"><img loading=\"lazy\" decoding=\"async\" width=\"512\" height=\"512\" class=\"gb-image gb-image-95849103\" src=\"https:\/\/ccoo.app\/diputacio-de-barcelona\/wp-content\/blogs.dir\/6\/files\/sites\/186\/2025\/02\/reloj-circular.png\" alt=\"\" title=\"reloj-circular\" srcset=\"https:\/\/ccoo.app\/diputacio-de-barcelona\/wp-content\/blogs.dir\/6\/files\/sites\/186\/2025\/02\/reloj-circular.png 512w, https:\/\/ccoo.app\/diputacio-de-barcelona\/wp-content\/blogs.dir\/6\/files\/sites\/186\/2025\/02\/reloj-circular-300x300.png 300w, https:\/\/ccoo.app\/diputacio-de-barcelona\/wp-content\/blogs.dir\/6\/files\/sites\/186\/2025\/02\/reloj-circular-150x150.png 150w\" sizes=\"auto, (max-width: 512px) 100vw, 512px\" \/><\/figure>\n\n<\/div><\/div>\n\n<div class=\"gb-grid-column gb-grid-column-ef50cacc\"><div class=\"gb-container gb-container-ef50cacc\">\n\n<p class=\"gb-headline gb-headline-90f396d4 gb-headline-text\"><strong>12 hores<\/strong><\/p>\n\n<\/div><\/div>\n<\/div>\n<\/div><\/div>\n\n<div class=\"gb-grid-column gb-grid-column-fa1fba2a\"><div class=\"gb-container gb-container-fa1fba2a\">\n<div class=\"gb-grid-wrapper gb-grid-wrapper-f541aa1d\">\n<div class=\"gb-grid-column gb-grid-column-a04e012f\"><div class=\"gb-container gb-container-a04e012f\">\n\n<figure class=\"gb-block-image gb-block-image-98295fb2\"><img loading=\"lazy\" decoding=\"async\" width=\"512\" height=\"512\" class=\"gb-image gb-image-98295fb2\" src=\"https:\/\/ccoo.app\/diputacio-de-barcelona\/wp-content\/blogs.dir\/6\/files\/sites\/186\/2025\/02\/alfiler.png\" alt=\"\" title=\"alfiler\" srcset=\"https:\/\/ccoo.app\/diputacio-de-barcelona\/wp-content\/blogs.dir\/6\/files\/sites\/186\/2025\/02\/alfiler.png 512w, https:\/\/ccoo.app\/diputacio-de-barcelona\/wp-content\/blogs.dir\/6\/files\/sites\/186\/2025\/02\/alfiler-300x300.png 300w, https:\/\/ccoo.app\/diputacio-de-barcelona\/wp-content\/blogs.dir\/6\/files\/sites\/186\/2025\/02\/alfiler-150x150.png 150w\" sizes=\"auto, (max-width: 512px) 100vw, 512px\" \/><\/figure>\n\n<\/div><\/div>\n\n<div class=\"gb-grid-column gb-grid-column-f2d402b2\"><div class=\"gb-container gb-container-f2d402b2\">\n\n<p class=\"gb-headline gb-headline-dacea260 gb-headline-text\"><strong>Est\u00e0tua de Colom<\/strong><\/p>\n\n<\/div><\/div>\n<\/div>\n<\/div><\/div>\n<\/div>\n\n\n<div style=\"height:40px\" aria-hidden=\"true\" class=\"wp-block-spacer\"><\/div>\n\n\n\n<h2 class=\"wp-block-heading has-text-align-center has-contrast-2-color has-text-color\">#TreballarMenysViureMillor<\/h2>\n\n\n\n<div style=\"height:100px\" aria-hidden=\"true\" class=\"wp-block-spacer\"><\/div>\n\n\n\n<p><\/p>\n","protected":false},"excerpt":{"rendered":"<p>Mai no hav\u00edem estat tan a prop de les 37.5H!\u00a0 Dimarts 4 de mar\u00e7, deixem-li clar a la Patronal que amb la Reducci\u00f3 de la Jornada no s&#8217;hi juga. Omplim &#8230; <\/p>\n<p class=\"read-more-container\"><a title=\"4 DE MAR\u00c7, MANIFESTACI\u00d3 PER LA REDUCCI\u00d3 DE JORNADA\" class=\"read-more button\" href=\"https:\/\/ccoo.app\/diputacio-de-barcelona\/4-de-marc-manifestacio-per-la-reduccio-de-jornada\/#more-53909\" aria-label=\"Leer m\u00e1s sobre 4 DE MAR\u00c7, MANIFESTACI\u00d3 PER LA REDUCCI\u00d3 DE JORNADA\">Continuar llegint<\/a><\/p>\n","protected":false},"author":88639,"featured_media":53931,"comment_status":"closed","ping_status":"closed","sticky":false,"template":"","format":"standard","meta":{"footnotes":""},"categories":[38,19,22,252],"tags":[],"class_list":["post-53909","post","type-post","status-publish","format-standard","has-post-thumbnail","hentry","category-a-tot-el-personal","category-comunicats","category-igualtat","category-app-diba-push","generate-columns","tablet-grid-50","mobile-grid-100","grid-parent","grid-50"],"_links":{"self":[{"href":"https:\/\/ccoo.app\/diputacio-de-barcelona\/wp-json\/wp\/v2\/posts\/53909","targetHints":{"allow":["GET"]}}],"collection":[{"href":"https:\/\/ccoo.app\/diputacio-de-barcelona\/wp-json\/wp\/v2\/posts"}],"about":[{"href":"https:\/\/ccoo.app\/diputacio-de-barcelona\/wp-json\/wp\/v2\/types\/post"}],"author":[{"embeddable":true,"href":"https:\/\/ccoo.app\/diputacio-de-barcelona\/wp-json\/wp\/v2\/users\/88639"}],"replies":[{"embeddable":true,"href":"https:\/\/ccoo.app\/diputacio-de-barcelona\/wp-json\/wp\/v2\/comments?post=53909"}],"version-history":[{"count":5,"href":"https:\/\/ccoo.app\/diputacio-de-barcelona\/wp-json\/wp\/v2\/posts\/53909\/revisions"}],"predecessor-version":[{"id":53934,"href":"https:\/\/ccoo.app\/diputacio-de-barcelona\/wp-json\/wp\/v2\/posts\/53909\/revisions\/53934"}],"wp:featuredmedia":[{"embeddable":true,"href":"https:\/\/ccoo.app\/diputacio-de-barcelona\/wp-json\/wp\/v2\/media\/53931"}],"wp:attachment":[{"href":"https:\/\/ccoo.app\/diputacio-de-barcelona\/wp-json\/wp\/v2\/media?parent=53909"}],"wp:term":[{"taxonomy":"category","embeddable":true,"href":"https:\/\/ccoo.app\/diputacio-de-barcelona\/wp-json\/wp\/v2\/categories?post=53909"},{"taxonomy":"post_tag","embeddable":true,"href":"https:\/\/ccoo.app\/diputacio-de-barcelona\/wp-json\/wp\/v2\/tags?post=53909"}],"curies":[{"name":"wp","href":"https:\/\/api.w.org\/{rel}","templated":true}]}}