{"id":53887,"date":"2025-02-26T14:13:47","date_gmt":"2025-02-26T13:13:47","guid":{"rendered":"https:\/\/ccoo.app\/diputacio-de-barcelona\/?p=53887"},"modified":"2025-02-26T14:13:48","modified_gmt":"2025-02-26T13:13:48","slug":"comite-de-seguretat-i-salut-2","status":"publish","type":"post","link":"https:\/\/ccoo.app\/diputacio-de-barcelona\/comite-de-seguretat-i-salut-2\/","title":{"rendered":"COMIT\u00c8 DE SEGURETAT I SALUT"},"content":{"rendered":"\n<div style=\"height:40px\" aria-hidden=\"true\" class=\"wp-block-spacer\"><\/div>\n\n\n\n<h4 class=\"wp-block-heading has-text-align-center has-text-color\" style=\"color:#d42e12;font-size:28px\">21 DE FEBRER DE 2025<\/h4>\n\n\n\n<figure class=\"gb-block-image gb-block-image-1bd8cee7\"><img loading=\"lazy\" decoding=\"async\" width=\"390\" height=\"390\" class=\"gb-image gb-image-1bd8cee7\" src=\"https:\/\/ccoo.app\/diputacio-de-barcelona\/wp-content\/blogs.dir\/6\/files\/sites\/186\/2023\/03\/informacio-salud-laboral.png\" alt=\"Informacio Salud Laboral\" title=\"Informacio Salud Laboral\" srcset=\"https:\/\/ccoo.app\/diputacio-de-barcelona\/wp-content\/blogs.dir\/6\/files\/sites\/186\/2023\/03\/informacio-salud-laboral.png 390w, https:\/\/ccoo.app\/diputacio-de-barcelona\/wp-content\/blogs.dir\/6\/files\/sites\/186\/2023\/03\/informacio-salud-laboral-300x300.png 300w, https:\/\/ccoo.app\/diputacio-de-barcelona\/wp-content\/blogs.dir\/6\/files\/sites\/186\/2023\/03\/informacio-salud-laboral-150x150.png 150w\" sizes=\"auto, (max-width: 390px) 100vw, 390px\" \/><\/figure>\n\n\n\n<div style=\"height:40px\" aria-hidden=\"true\" class=\"wp-block-spacer\"><\/div>\n\n\n\n<p class=\"gb-headline gb-headline-00a0bfc5 gb-headline-text\">A la darrera reuni\u00f3 del Comit\u00e8 de Seguretat i Salut de la Diputaci\u00f3 de Barcelona del dia 21 de febrer&nbsp;<span style=\"text-decoration: underline\"><strong>des de CCOO vam tractar els seg\u00fcents punts, entre d\u2019altres, que afecten les condicions de seguretat i salut<\/strong><\/span>&nbsp;dels treballadors i treballadores de la corporaci\u00f3:<\/p>\n\n\n\n<div style=\"height:10px\" aria-hidden=\"true\" class=\"wp-block-spacer\"><\/div>\n\n\n<div class=\"gb-container gb-container-5d0fa1dd\">\n\n<h4 class=\"gb-headline gb-headline-b555aa4e gb-headline-text\">MEM\u00d2RIA ANUAL 2024<\/h4>\n\n\n\n<ul class=\"wp-block-list\">\n<li><span style=\"text-decoration: underline\"><strong>Felicitem l\u2019OPRL per tota la feina feta durant l\u2019any 2024<\/strong><\/span>, tot i que demanem una reflexi\u00f3 als serveis responsables que no estan complint amb la reglamentaci\u00f3 per tal d\u2019executar les mesures preventives o correctores planificades; un 61% d\u2019aquestes mesures encara estan pendents d\u2019execuci\u00f3 sense previsi\u00f3.<\/li>\n\n\n\n<li><strong><span style=\"text-decoration: underline\">No donem per v\u00e0lid l\u2019estudi d\u2019accidentalitat presentat<\/span><\/strong>, ja que aquest no cont\u00e9 dades precises ni s\u2019ajusta als col\u00b7lectius i als recintes de la nostra corporaci\u00f3. Continuem sense poder analitzar correctament les necessitats pr\u00f2pies de cada servei.<\/li>\n<\/ul>\n\n<\/div>\n\n\n<p><\/p>\n\n\n<div class=\"gb-container gb-container-06e08d6c\">\n\n<h4 class=\"gb-headline gb-headline-616b5429 gb-headline-text\">PROGRAMACI\u00d3 ACTIVITATS PREVENTIVES 2025<\/h4>\n\n\n\n<ul class=\"wp-block-list\">\n<li><span style=\"text-decoration: underline\"><strong>Des de CCOO hem insistit en la import\u00e0ncia d&#8217;elaborar un Pla de Salut Mental a la Diputaci\u00f3 de Barcelona i finalment veiem reflectida la nostra proposta per comen\u00e7ar-la a treballar aquest any 2025<\/strong><\/span>.<\/li>\n\n\n\n<li><strong><span style=\"text-decoration: underline\">Demanem incloure el nou Protocol sobre condicions meteorol\u00f2giques adverses i la seva previsi\u00f3<\/span><\/strong> en el document que cont\u00e9 la programaci\u00f3 d\u2019activitats preventives per aquest any 2025.<\/li>\n\n\n\n<li><strong><span style=\"text-decoration: underline\">Sol\u00b7licitem tamb\u00e9 la necessitat d\u2019actualitzar el Protocol de conductes dissonants<\/span><\/strong>.<\/li>\n<\/ul>\n\n<\/div>\n\n\n<p><\/p>\n\n\n<div class=\"gb-container gb-container-aca0b916\">\n\n<h4 class=\"gb-headline gb-headline-cdfdfed6 gb-headline-text\">FORMACI\u00d3 2025<\/h4>\n\n\n\n<ul class=\"wp-block-list\">\n<li><strong><span style=\"text-decoration: underline\">Sol\u00b7licitem a l\u2019OPRL formaci\u00f3 en gas rad\u00f3 per a tots els delegats i delegades de prevenci\u00f3 de la corporaci\u00f3<\/span><\/strong>.<\/li>\n<\/ul>\n\n<\/div>\n\n\n<p><\/p>\n\n\n<div class=\"gb-container gb-container-8b31f49d\">\n\n<h4 class=\"gb-headline gb-headline-3d12cab4 gb-headline-text\">M\u00daTUA<\/h4>\n\n\n\n<ul class=\"wp-block-list\">\n<li><strong><span style=\"text-decoration: underline\">Sol\u00b7licitem els criteris que fa servir la M\u00fatua per tal de fer el seguiment de tots aquells treballadors i treballadores que es troben en situaci\u00f3 de baixa laboral<\/span><\/strong>, ja que ens consta que no se segueix el mateix criteri amb tothom.<\/li>\n\n\n\n<li>A m\u00e9s a m\u00e9s, <strong><span style=\"text-decoration: underline\">demanem poder reunir-nos dues vegades a l\u2019any amb la M\u00fatua per poder fer seguiment i realitzar aclariments o resoldre dubtes<\/span><\/strong>, si s\u2019escau.<\/li>\n<\/ul>\n\n<\/div>\n\n\n<p><\/p>\n\n\n<div class=\"gb-container gb-container-af3216ca\">\n\n<h4 class=\"gb-headline gb-headline-561c98a7 gb-headline-text\">ALTRES CENTRES<\/h4>\n\n\n\n<ul class=\"wp-block-list\">\n<li><strong><span style=\"text-decoration: underline\">Reclamem a l\u2019OPRL l\u2019an\u00e0lisi de la resposta de l\u2019INSST sobre els criteris de neteja dels EPI&#8217;s amb risc biol\u00f2gic<\/span><\/strong> de Parcs Naturals i Paisatgisme, ja que es van comprometre a fer-nos arribar la resposta per escrit.<\/li>\n\n\n\n<li><strong><span style=\"text-decoration: underline\">Sol\u00b7licitem que es faci entrega dels EPIs i vestuari corporatiu corresponent als treballadors i treballadores del CCC Berga, CCC Manresa i Parc Agrari del Baix Llobregat<\/span><\/strong>.<\/li>\n<\/ul>\n\n<\/div>\n\n\n<p><\/p>\n\n\n<div class=\"gb-container gb-container-57cd04b8\">\n\n<h4 class=\"gb-headline gb-headline-19ca5b63 gb-headline-text\">ORGT I INSTITUT DEL TEATRE<\/h4>\n\n\n\n<ul class=\"wp-block-list\">\n<li><strong><span style=\"text-decoration: underline\">Agra\u00efm que ens hagin estat facilitades les dades de les formacions de l\u2019ORGT amb perspectiva de g\u00e8nere i sol\u00b7licitem una calendaritzaci\u00f3 de tots els grups de treball i\/o comissions<\/span><\/strong> que es duguin a terme durant aquest any 2025.<\/li>\n\n\n\n<li><strong><span style=\"text-decoration: underline\">Sol\u00b7licitem tamb\u00e9 que totes les campanyes de promoci\u00f3 de la salut efectuades per la Diputaci\u00f3 de Barcelona i dirigides als seus treballadores i treballadores es facin tamb\u00e9 extensives tant al personal de l\u2019ORGT com al de l\u2019Institut del Teatre<\/span><\/strong>.<\/li>\n\n\n\n<li><strong><span style=\"text-decoration: underline\">Demanem que el Pla d\u2019Igualtat de l\u2019ORGT inclogui el Protocol d\u2019assetjament sexual a la feina de la Diputaci\u00f3 de Barcelona<\/span><\/strong> o la seva adaptaci\u00f3, i no nom\u00e9s l\u2019an\u00e0lisi del mateix, ja que de la seva inclusi\u00f3 en dependr\u00e0 tamb\u00e9 el registre del Pla.<\/li>\n\n\n\n<li><strong><span style=\"text-decoration: underline\">Exigim que ens sigui facilitada tota la documentaci\u00f3 de l\u2019Institut del Teatre respecte al pla de formaci\u00f3 que s\u2019ha dut a terme l\u2019any 2024 segregat per sexes, la mem\u00f2ria anual de l\u2019activitat preventiva del 2024, l\u2019informe d\u2019accidentalitat de l\u2019any 2024, la planificaci\u00f3 d\u2019activitats preventives per aquest any 2025 i el manual d\u2019acollida en prevenci\u00f3 de riscos laborals<\/span><\/strong>.<\/li>\n<\/ul>\n\n<\/div>\n\n\n<div style=\"height:40px\" aria-hidden=\"true\" class=\"wp-block-spacer\"><\/div>\n\n\n<div class=\"wp-block-image\">\n<figure class=\"aligncenter size-full is-resized\"><img loading=\"lazy\" decoding=\"async\" width=\"512\" height=\"512\" src=\"https:\/\/ccoo.app\/diputacio-de-barcelona\/wp-content\/blogs.dir\/6\/files\/sites\/186\/2023\/04\/preguntes.png\" alt=\"Preguntes\" class=\"wp-image-52698\" style=\"width:128px;height:128px\" srcset=\"https:\/\/ccoo.app\/diputacio-de-barcelona\/wp-content\/blogs.dir\/6\/files\/sites\/186\/2023\/04\/preguntes.png 512w, https:\/\/ccoo.app\/diputacio-de-barcelona\/wp-content\/blogs.dir\/6\/files\/sites\/186\/2023\/04\/preguntes-300x300.png 300w, https:\/\/ccoo.app\/diputacio-de-barcelona\/wp-content\/blogs.dir\/6\/files\/sites\/186\/2023\/04\/preguntes-150x150.png 150w\" sizes=\"auto, (max-width: 512px) 100vw, 512px\" \/><\/figure>\n<\/div>\n\n<div class=\"gb-container gb-container-d4283c0a\">\n\n<div style=\"height:25px\" aria-hidden=\"true\" class=\"wp-block-spacer\"><\/div>\n\n\n\n<h4 class=\"gb-headline gb-headline-66b0aa8f gb-headline-text\">SALUT LABORAL<\/h4>\n\n\n\n<h3 class=\"gb-headline gb-headline-f5c8f4d8 gb-headline-text\"><strong>No et quedis mai amb el dubte,<br>contacta amb  CCOO<\/strong><\/h3>\n\n\n\n<div class=\"wp-block-buttons is-content-justification-center is-layout-flex wp-container-core-buttons-is-layout-16018d1d wp-block-buttons-is-layout-flex\">\n<div class=\"wp-block-button is-style-fill\"><a class=\"wp-block-button__link has-base-3-color has-contrast-2-background-color has-text-color has-background wp-element-button\" href=\"https:\/\/ccoo.app\/diputacio-de-barcelona\/seccio-sindical-de-ccoo\/\" style=\"border-radius:0px\">CONTACTA&#8217;NS<\/a><\/div>\n<\/div>\n\n<\/div>\n\n\n<div style=\"height:40px\" aria-hidden=\"true\" class=\"wp-block-spacer\"><\/div>\n\n\n\n<div class=\"wp-block-group\"><div class=\"wp-block-group__inner-container is-layout-constrained wp-block-group-is-layout-constrained\"><div class=\"gb-grid-wrapper gb-grid-wrapper-d65739e2\">\n<div class=\"gb-grid-column gb-grid-column-ecc8725d\"><div class=\"gb-container gb-container-ecc8725d\"><div class=\"gb-inside-container\">\n<div class=\"wp-block-image\">\n<figure class=\"aligncenter size-full\"><img loading=\"lazy\" decoding=\"async\" width=\"129\" height=\"38\" src=\"https:\/\/ccoo.app\/diputacio-de-barcelona\/wp-content\/blogs.dir\/6\/files\/sites\/186\/2022\/03\/tel.png\" alt=\"Tel\" class=\"wp-image-49915\" \/><\/figure>\n<\/div>\n<\/div><\/div><\/div>\n\n<div class=\"gb-grid-column gb-grid-column-4c28778f\"><div class=\"gb-container gb-container-4c28778f\"><div class=\"gb-inside-container\">\n<div class=\"wp-block-image\">\n<figure class=\"aligncenter size-full\"><a href=\"mailto:ccoo@diba.cat\"><img loading=\"lazy\" decoding=\"async\" width=\"51\" height=\"37\" src=\"https:\/\/ccoo.app\/diputacio-de-barcelona\/wp-content\/blogs.dir\/6\/files\/sites\/186\/2022\/03\/mail.png\" alt=\"Mail\" class=\"wp-image-49916\" \/><\/a><\/figure>\n<\/div>\n<\/div><\/div><\/div>\n\n<div class=\"gb-grid-column gb-grid-column-c6cc0957\"><div class=\"gb-container gb-container-c6cc0957\"><div class=\"gb-inside-container\">\n<div class=\"wp-block-image\">\n<figure class=\"aligncenter size-full\"><a href=\"https:\/\/twitter.com\/ccoodiba\"><img loading=\"lazy\" decoding=\"async\" width=\"44\" height=\"38\" src=\"https:\/\/ccoo.app\/diputacio-de-barcelona\/wp-content\/blogs.dir\/6\/files\/sites\/186\/2022\/03\/tw.png\" alt=\"Tw\" class=\"wp-image-49917\" \/><\/a><\/figure>\n<\/div>\n<\/div><\/div><\/div>\n\n<div class=\"gb-grid-column gb-grid-column-1598237d\"><div class=\"gb-container gb-container-1598237d\"><div class=\"gb-inside-container\">\n<div class=\"wp-block-image\">\n<figure class=\"aligncenter size-full\"><a href=\"https:\/\/www.instagram.com\/ccoo_diba\/\"><img loading=\"lazy\" decoding=\"async\" width=\"45\" height=\"44\" src=\"https:\/\/ccoo.app\/diputacio-de-barcelona\/wp-content\/blogs.dir\/6\/files\/sites\/186\/2022\/03\/ig.png\" alt=\"Ig\" class=\"wp-image-49918\" \/><\/a><\/figure>\n<\/div>\n<\/div><\/div><\/div>\n\n<div class=\"gb-grid-column gb-grid-column-2db731fe\"><div class=\"gb-container gb-container-2db731fe\"><div class=\"gb-inside-container\">\n<div class=\"wp-block-image\">\n<figure class=\"aligncenter size-full\"><a href=\"https:\/\/ccoo.app\/diputacio-de-barcelona\"><img loading=\"lazy\" decoding=\"async\" width=\"39\" height=\"40\" src=\"https:\/\/ccoo.app\/diputacio-de-barcelona\/wp-content\/blogs.dir\/6\/files\/sites\/186\/2022\/03\/www.png\" alt=\"Www\" class=\"wp-image-49919\" \/><\/a><\/figure>\n<\/div>\n<\/div><\/div><\/div>\n\n<div class=\"gb-grid-column gb-grid-column-f3651540\"><div class=\"gb-container gb-container-f3651540\"><div class=\"gb-inside-container\">\n<div class=\"wp-block-image is-resized\">\n<figure class=\"aligncenter size-full\"><a href=\"https:\/\/www.ccoo.cat\/afiliat\/?_sfm_aff_situation=94\"><img loading=\"lazy\" decoding=\"async\" width=\"125\" height=\"38\" src=\"https:\/\/ccoo.app\/diputacio-de-barcelona\/wp-content\/blogs.dir\/6\/files\/sites\/186\/2022\/03\/af.png\" alt=\"Af\" class=\"wp-image-49920\" \/><\/a><\/figure>\n<\/div>\n<\/div><\/div><\/div>\n<\/div><\/div><\/div>\n","protected":false},"excerpt":{"rendered":"<p>21 DE FEBRER DE 2025 A la darrera reuni\u00f3 del Comit\u00e8 de Seguretat i Salut de la Diputaci\u00f3 de Barcelona del dia 21 de febrer&nbsp;des de CCOO vam tractar els &#8230; <\/p>\n<p class=\"read-more-container\"><a title=\"COMIT\u00c8 DE SEGURETAT I SALUT\" class=\"read-more button\" href=\"https:\/\/ccoo.app\/diputacio-de-barcelona\/comite-de-seguretat-i-salut-2\/#more-53887\" aria-label=\"Leer m\u00e1s sobre COMIT\u00c8 DE SEGURETAT I SALUT\">Continuar llegint<\/a><\/p>\n","protected":false},"author":88639,"featured_media":52365,"comment_status":"closed","ping_status":"closed","sticky":false,"template":"","format":"standard","meta":{"footnotes":""},"categories":[38,19,35],"tags":[],"class_list":["post-53887","post","type-post","status-publish","format-standard","has-post-thumbnail","hentry","category-a-tot-el-personal","category-comunicats","category-salut-laboral","generate-columns","tablet-grid-50","mobile-grid-100","grid-parent","grid-50"],"_links":{"self":[{"href":"https:\/\/ccoo.app\/diputacio-de-barcelona\/wp-json\/wp\/v2\/posts\/53887","targetHints":{"allow":["GET"]}}],"collection":[{"href":"https:\/\/ccoo.app\/diputacio-de-barcelona\/wp-json\/wp\/v2\/posts"}],"about":[{"href":"https:\/\/ccoo.app\/diputacio-de-barcelona\/wp-json\/wp\/v2\/types\/post"}],"author":[{"embeddable":true,"href":"https:\/\/ccoo.app\/diputacio-de-barcelona\/wp-json\/wp\/v2\/users\/88639"}],"replies":[{"embeddable":true,"href":"https:\/\/ccoo.app\/diputacio-de-barcelona\/wp-json\/wp\/v2\/comments?post=53887"}],"version-history":[{"count":6,"href":"https:\/\/ccoo.app\/diputacio-de-barcelona\/wp-json\/wp\/v2\/posts\/53887\/revisions"}],"predecessor-version":[{"id":53969,"href":"https:\/\/ccoo.app\/diputacio-de-barcelona\/wp-json\/wp\/v2\/posts\/53887\/revisions\/53969"}],"wp:featuredmedia":[{"embeddable":true,"href":"https:\/\/ccoo.app\/diputacio-de-barcelona\/wp-json\/wp\/v2\/media\/52365"}],"wp:attachment":[{"href":"https:\/\/ccoo.app\/diputacio-de-barcelona\/wp-json\/wp\/v2\/media?parent=53887"}],"wp:term":[{"taxonomy":"category","embeddable":true,"href":"https:\/\/ccoo.app\/diputacio-de-barcelona\/wp-json\/wp\/v2\/categories?post=53887"},{"taxonomy":"post_tag","embeddable":true,"href":"https:\/\/ccoo.app\/diputacio-de-barcelona\/wp-json\/wp\/v2\/tags?post=53887"}],"curies":[{"name":"wp","href":"https:\/\/api.w.org\/{rel}","templated":true}]}}