{"id":53880,"date":"2025-03-06T09:27:17","date_gmt":"2025-03-06T08:27:17","guid":{"rendered":"https:\/\/ccoo.app\/diputacio-de-barcelona\/?p=53880"},"modified":"2025-03-07T11:12:00","modified_gmt":"2025-03-07T10:12:00","slug":"informacio-pamo-2021-2023","status":"publish","type":"post","link":"https:\/\/ccoo.app\/diputacio-de-barcelona\/informacio-pamo-2021-2023\/","title":{"rendered":"INFORMACI\u00d3 PAMO 2021-2023"},"content":{"rendered":"\n<div style=\"height:20px\" aria-hidden=\"true\" class=\"wp-block-spacer\"><\/div>\n\n\n<div class=\"wp-block-image\">\n<figure class=\"aligncenter size-full\"><img loading=\"lazy\" decoding=\"async\" width=\"390\" height=\"279\" src=\"https:\/\/ccoo.app\/diputacio-de-barcelona\/wp-content\/blogs.dir\/6\/files\/sites\/186\/2025\/03\/informacio-comunicat-comissio-tecnica-PAMO-2.jpg\" alt=\"\" class=\"wp-image-53953\" srcset=\"https:\/\/ccoo.app\/diputacio-de-barcelona\/wp-content\/blogs.dir\/6\/files\/sites\/186\/2025\/03\/informacio-comunicat-comissio-tecnica-PAMO-2.jpg 390w, https:\/\/ccoo.app\/diputacio-de-barcelona\/wp-content\/blogs.dir\/6\/files\/sites\/186\/2025\/03\/informacio-comunicat-comissio-tecnica-PAMO-2-300x215.jpg 300w\" sizes=\"auto, (max-width: 390px) 100vw, 390px\" \/><\/figure>\n<\/div>\n\n\n<div style=\"height:20px\" aria-hidden=\"true\" class=\"wp-block-spacer\"><\/div>\n\n\n\n<p class=\"gb-headline gb-headline-70170656 gb-headline-text\">Des de <strong>CCOO<\/strong> hem estat treballant per garantir una aplicaci\u00f3 justa de la valoraci\u00f3 de l\u2019experi\u00e8ncia professional. Per aquest motiu, hem sol\u00b7licitat <strong>assessorament jur\u00eddic<\/strong> i hem mantingut reunions constants amb Recursos Humans fins a l&#8217;\u00faltim moment per trobar una soluci\u00f3 satisfact\u00f2ria. Com a resultat d&#8217;aquestes gestions, hem acordat amb Recursos Humans un <strong>nou criteri interpretatiu<\/strong> per a la valoraci\u00f3 de l\u2019experi\u00e8ncia professional en el marc del PAMO 2021-2023. Aquesta mesura t\u00e9 com a objectiu <strong>garantir l\u2019aplicaci\u00f3 equitativa dels principis d\u2019igualtat i m\u00e8rit en tots els processos selectius<\/strong>.<\/p>\n\n\n\n<div style=\"height:10px\" aria-hidden=\"true\" class=\"wp-block-spacer\"><\/div>\n\n\n\n<h3 class=\"gb-headline gb-headline-6abcf81a gb-headline-text\"><strong>NOU CRITERI DE VALORACI\u00d3<\/strong> DE L\u2019EXPERI\u00c8NCIA<\/h3>\n\n\n\n<p class=\"gb-headline gb-headline-ccdca0a5 gb-headline-text\">En concret, la interpretaci\u00f3 de les lletres a) i b) de la Base General Sisena, apartat 4.2, ha de realitzar-se considerant totes dues lletres de manera conjunta i com a vasos comunicants. Aix\u00f2 significa que l\u2019escreix d\u2019anys d\u2019experi\u00e8ncia professional acreditada per cadascun dels aspirants en el desenvolupament de les funcions corresponents al lloc de treball associat a la pla\u00e7a objecte de convocat\u00f2ria ha de ser tingut en compte, sempre fins a un m\u00e0xim de 6 punts.<\/p>\n\n\n\n<p class=\"gb-headline gb-headline-19c511e8 gb-headline-text\">D\u2019aquesta manera, l\u2019experi\u00e8ncia que excedeixi el m\u00e0xim de 3 punts en una de les categories podr\u00e0 ser traslladada a l\u2019altra categoria fins a assolir tamb\u00e9 el m\u00e0xim de 3 punts addicionals, garantint aix\u00ed una <strong>valoraci\u00f3 equitativa<\/strong> per a tots els aspirants amb experi\u00e8ncia equivalent. El nou criteri es d&#8217;aplicaci\u00f3 obligat\u00f2ria <strong>en tots els processos selectius<\/strong>.<\/p>\n\n\n\n<div style=\"height:41px\" aria-hidden=\"true\" class=\"wp-block-spacer\"><\/div>\n\n\n\n<h3 class=\"gb-headline gb-headline-01a7aaf7 gb-headline-text\"><strong>CALENDARI D\u2019EX\u00c0MENS<\/strong><\/h3>\n\n\n\n<ul class=\"wp-block-list\">\n<li><strong>ABANS DE L\u2019ESTIU (maig, juny i fins al 15 de juliol):<\/strong> Ex\u00e0mens per als cossos <strong>C1, C2 i Agrupacions Professionals (AP).<\/strong><\/li>\n\n\n\n<li><strong>DESPR\u00c9S DE L\u2019ESTIU:<\/strong> Ex\u00e0mens per als cossos <strong>A1 i A2.<\/strong><\/li>\n<\/ul>\n\n\n\n<p class=\"gb-headline gb-headline-3531de65 gb-headline-text\">Un cop finalitzi el termini de presentaci\u00f3 d\u2019inst\u00e0ncies i es conegui el volum d\u2019aspirants, s\u2019organitzar\u00e0 el calendari detallat i la ubicaci\u00f3 concreta dels ex\u00e0mens. Quan Recursos Humans tingui la calendaritzaci\u00f3 final dels ex\u00e0mens, ens la far\u00e0 arribar per tal que tots els aspirants estiguin informats amb antelaci\u00f3 suficient.<\/p>\n\n\n\n<div style=\"height:10px\" aria-hidden=\"true\" class=\"wp-block-spacer\"><\/div>\n\n\n\n<h3 class=\"gb-headline gb-headline-a2fb2a2d gb-headline-text\"><strong>FASE DE M\u00c8RITS<\/strong><\/h3>\n\n\n\n<p>Despr\u00e9s de la finalitzaci\u00f3 de la fase d\u2019oposici\u00f3 i la publicaci\u00f3 dels resultats de les proves, s\u2019obrir\u00e0 el termini per a la <strong>presentaci\u00f3 de m\u00e8rits<\/strong> per part de les persones que hagin superat la fase d\u2019oposici\u00f3.<\/p>\n\n\n\n<div style=\"height:20px\" aria-hidden=\"true\" class=\"wp-block-spacer\"><\/div>\n\n\n\n<p>Per a qualsevol consulta o aclariment, podeu adre\u00e7ar-vos al departament de <strong>SELECCI\u00d3 de Recursos Humans.<\/strong><\/p>\n\n\n\n<div style=\"height:40px\" aria-hidden=\"true\" class=\"wp-block-spacer\"><\/div>\n\n\n<div class=\"wp-block-image\">\n<figure class=\"aligncenter size-full is-resized\"><img loading=\"lazy\" decoding=\"async\" width=\"512\" height=\"512\" src=\"https:\/\/ccoo.app\/diputacio-de-barcelona\/wp-content\/blogs.dir\/6\/files\/sites\/186\/2023\/04\/preguntes.png\" alt=\"Preguntes\" class=\"wp-image-52698\" style=\"width:128px;height:128px\" srcset=\"https:\/\/ccoo.app\/diputacio-de-barcelona\/wp-content\/blogs.dir\/6\/files\/sites\/186\/2023\/04\/preguntes.png 512w, https:\/\/ccoo.app\/diputacio-de-barcelona\/wp-content\/blogs.dir\/6\/files\/sites\/186\/2023\/04\/preguntes-300x300.png 300w, https:\/\/ccoo.app\/diputacio-de-barcelona\/wp-content\/blogs.dir\/6\/files\/sites\/186\/2023\/04\/preguntes-150x150.png 150w\" sizes=\"auto, (max-width: 512px) 100vw, 512px\" \/><\/figure>\n<\/div>\n\n<div class=\"gb-container gb-container-d4283c0a\">\n\n<div style=\"height:25px\" aria-hidden=\"true\" class=\"wp-block-spacer\"><\/div>\n\n\n\n<h4 class=\"gb-headline gb-headline-66b0aa8f gb-headline-text\">PAMO 2021-2023<\/h4>\n\n\n\n<h3 class=\"gb-headline gb-headline-f5c8f4d8 gb-headline-text\"><strong>No et quedis mai amb el dubte,<br>contacta amb  CCOO<\/strong><\/h3>\n\n\n\n<div class=\"wp-block-buttons is-content-justification-center is-layout-flex wp-container-core-buttons-is-layout-16018d1d wp-block-buttons-is-layout-flex\">\n<div class=\"wp-block-button is-style-fill\"><a class=\"wp-block-button__link has-base-3-color has-contrast-2-background-color has-text-color has-background wp-element-button\" href=\"https:\/\/ccoo.app\/diputacio-de-barcelona\/seccio-sindical-de-ccoo\/\" style=\"border-radius:0px\">CONTACTA&#8217;NS<\/a><\/div>\n<\/div>\n\n<\/div>\n\n\n<p><\/p>\n\n\n\n<p><\/p>\n\n\n\n<p><\/p>\n\n\n\n<p><\/p>\n\n\n\n<p><\/p>\n\n\n\n<div style=\"height:41px\" aria-hidden=\"true\" class=\"wp-block-spacer\"><\/div>\n\n\n\n<div style=\"height:100px\" aria-hidden=\"true\" class=\"wp-block-spacer\"><\/div>\n\n\n\n<div class=\"wp-block-group\"><div class=\"wp-block-group__inner-container is-layout-constrained wp-block-group-is-layout-constrained\"><div class=\"gb-grid-wrapper gb-grid-wrapper-d65739e2\">\n<div class=\"gb-grid-column gb-grid-column-ecc8725d\"><div class=\"gb-container gb-container-ecc8725d\"><div class=\"gb-inside-container\">\n<div class=\"wp-block-image\">\n<figure class=\"aligncenter size-full\"><img loading=\"lazy\" decoding=\"async\" width=\"129\" height=\"38\" src=\"https:\/\/ccoo.app\/diputacio-de-barcelona\/wp-content\/blogs.dir\/6\/files\/sites\/186\/2022\/03\/tel.png\" alt=\"Tel\" class=\"wp-image-49915\" \/><\/figure>\n<\/div>\n<\/div><\/div><\/div>\n\n<div class=\"gb-grid-column gb-grid-column-4c28778f\"><div class=\"gb-container gb-container-4c28778f\"><div class=\"gb-inside-container\">\n<div class=\"wp-block-image\">\n<figure class=\"aligncenter size-full\"><a href=\"mailto:ccoo@diba.cat\"><img loading=\"lazy\" decoding=\"async\" width=\"51\" height=\"37\" src=\"https:\/\/ccoo.app\/diputacio-de-barcelona\/wp-content\/blogs.dir\/6\/files\/sites\/186\/2022\/03\/mail.png\" alt=\"Mail\" class=\"wp-image-49916\" \/><\/a><\/figure>\n<\/div>\n<\/div><\/div><\/div>\n\n<div class=\"gb-grid-column gb-grid-column-c6cc0957\"><div class=\"gb-container gb-container-c6cc0957\"><div class=\"gb-inside-container\">\n<div class=\"wp-block-image\">\n<figure class=\"aligncenter size-full\"><a href=\"https:\/\/twitter.com\/ccoodiba\"><img loading=\"lazy\" decoding=\"async\" width=\"44\" height=\"38\" src=\"https:\/\/ccoo.app\/diputacio-de-barcelona\/wp-content\/blogs.dir\/6\/files\/sites\/186\/2022\/03\/tw.png\" alt=\"Tw\" class=\"wp-image-49917\" \/><\/a><\/figure>\n<\/div>\n<\/div><\/div><\/div>\n\n<div class=\"gb-grid-column gb-grid-column-1598237d\"><div class=\"gb-container gb-container-1598237d\"><div class=\"gb-inside-container\">\n<div class=\"wp-block-image\">\n<figure class=\"aligncenter size-full\"><a href=\"https:\/\/www.instagram.com\/ccoo_diba\/\"><img loading=\"lazy\" decoding=\"async\" width=\"45\" height=\"44\" src=\"https:\/\/ccoo.app\/diputacio-de-barcelona\/wp-content\/blogs.dir\/6\/files\/sites\/186\/2022\/03\/ig.png\" alt=\"Ig\" class=\"wp-image-49918\" \/><\/a><\/figure>\n<\/div>\n<\/div><\/div><\/div>\n\n<div class=\"gb-grid-column gb-grid-column-2db731fe\"><div class=\"gb-container gb-container-2db731fe\"><div class=\"gb-inside-container\">\n<div class=\"wp-block-image\">\n<figure class=\"aligncenter size-full\"><a href=\"https:\/\/ccoo.app\/diputacio-de-barcelona\"><img loading=\"lazy\" decoding=\"async\" width=\"39\" height=\"40\" src=\"https:\/\/ccoo.app\/diputacio-de-barcelona\/wp-content\/blogs.dir\/6\/files\/sites\/186\/2022\/03\/www.png\" alt=\"Www\" class=\"wp-image-49919\" \/><\/a><\/figure>\n<\/div>\n<\/div><\/div><\/div>\n\n<div class=\"gb-grid-column gb-grid-column-f3651540\"><div class=\"gb-container gb-container-f3651540\"><div class=\"gb-inside-container\">\n<div class=\"wp-block-image\">\n<figure class=\"aligncenter size-full is-resized\"><a href=\"https:\/\/www.ccoo.cat\/afiliat\/?_sfm_aff_situation=94\"><img loading=\"lazy\" decoding=\"async\" width=\"125\" height=\"38\" src=\"https:\/\/ccoo.app\/diputacio-de-barcelona\/wp-content\/blogs.dir\/6\/files\/sites\/186\/2022\/03\/af.png\" alt=\"Af\" class=\"wp-image-49920\" style=\"width:125px;height:38px\" \/><\/a><\/figure>\n<\/div>\n<\/div><\/div><\/div>\n<\/div><\/div><\/div>\n","protected":false},"excerpt":{"rendered":"<p>Des de CCOO hem estat treballant per garantir una aplicaci\u00f3 justa de la valoraci\u00f3 de l\u2019experi\u00e8ncia professional. Per aquest motiu, hem sol\u00b7licitat assessorament jur\u00eddic i hem mantingut reunions constants amb &#8230; <\/p>\n<p class=\"read-more-container\"><a title=\"INFORMACI\u00d3 PAMO 2021-2023\" class=\"read-more button\" href=\"https:\/\/ccoo.app\/diputacio-de-barcelona\/informacio-pamo-2021-2023\/#more-53880\" aria-label=\"Leer m\u00e1s sobre INFORMACI\u00d3 PAMO 2021-2023\">Continuar llegint<\/a><\/p>\n","protected":false},"author":88639,"featured_media":53358,"comment_status":"closed","ping_status":"closed","sticky":false,"template":"","format":"standard","meta":{"footnotes":""},"categories":[38,19],"tags":[],"class_list":["post-53880","post","type-post","status-publish","format-standard","has-post-thumbnail","hentry","category-a-tot-el-personal","category-comunicats","generate-columns","tablet-grid-50","mobile-grid-100","grid-parent","grid-50"],"_links":{"self":[{"href":"https:\/\/ccoo.app\/diputacio-de-barcelona\/wp-json\/wp\/v2\/posts\/53880","targetHints":{"allow":["GET"]}}],"collection":[{"href":"https:\/\/ccoo.app\/diputacio-de-barcelona\/wp-json\/wp\/v2\/posts"}],"about":[{"href":"https:\/\/ccoo.app\/diputacio-de-barcelona\/wp-json\/wp\/v2\/types\/post"}],"author":[{"embeddable":true,"href":"https:\/\/ccoo.app\/diputacio-de-barcelona\/wp-json\/wp\/v2\/users\/88639"}],"replies":[{"embeddable":true,"href":"https:\/\/ccoo.app\/diputacio-de-barcelona\/wp-json\/wp\/v2\/comments?post=53880"}],"version-history":[{"count":4,"href":"https:\/\/ccoo.app\/diputacio-de-barcelona\/wp-json\/wp\/v2\/posts\/53880\/revisions"}],"predecessor-version":[{"id":53954,"href":"https:\/\/ccoo.app\/diputacio-de-barcelona\/wp-json\/wp\/v2\/posts\/53880\/revisions\/53954"}],"wp:featuredmedia":[{"embeddable":true,"href":"https:\/\/ccoo.app\/diputacio-de-barcelona\/wp-json\/wp\/v2\/media\/53358"}],"wp:attachment":[{"href":"https:\/\/ccoo.app\/diputacio-de-barcelona\/wp-json\/wp\/v2\/media?parent=53880"}],"wp:term":[{"taxonomy":"category","embeddable":true,"href":"https:\/\/ccoo.app\/diputacio-de-barcelona\/wp-json\/wp\/v2\/categories?post=53880"},{"taxonomy":"post_tag","embeddable":true,"href":"https:\/\/ccoo.app\/diputacio-de-barcelona\/wp-json\/wp\/v2\/tags?post=53880"}],"curies":[{"name":"wp","href":"https:\/\/api.w.org\/{rel}","templated":true}]}}