{"id":53871,"date":"2025-02-13T12:19:41","date_gmt":"2025-02-13T11:19:41","guid":{"rendered":"https:\/\/ccoo.app\/diputacio-de-barcelona\/?p=53871"},"modified":"2025-02-13T12:19:43","modified_gmt":"2025-02-13T11:19:43","slug":"preparacio-oposicio-diputacio-barcelona-auxiliar-administratiu-va","status":"publish","type":"post","link":"https:\/\/ccoo.app\/diputacio-de-barcelona\/preparacio-oposicio-diputacio-barcelona-auxiliar-administratiu-va\/","title":{"rendered":"Preparaci\u00f3 Oposici\u00f3 Diputaci\u00f3 Barcelona. Auxiliar Administratiu\/va."},"content":{"rendered":"\n<div style=\"height:50px\" aria-hidden=\"true\" class=\"wp-block-spacer\"><\/div>\n\n\n\n<p class=\"gb-headline gb-headline-1e5891bf gb-headline-text\">En refer\u00e8ncia al Pla d&#8217;Actuaci\u00f3 en Mat\u00e8ria d&#8217;Ocupaci\u00f3 (PAMO) de l&#8217;oferta p\u00fablica dels anys 2021, 2022 i 2023, ens plau informar-vos que, despr\u00e9s de converses amb la Fundaci\u00f3 Paco Puerto, entitat encarregada de l\u2019acci\u00f3 formativa de CCOO, s\u2019ha decidit obrir la possibilitat de realitzar el curs sobre el contingut del&nbsp;<strong>temari general i espec\u00edfic<\/strong> de les bases, per a <strong>Auxiliar Administratiu\/va<\/strong>.<\/p>\n\n\n\n<p class=\"gb-headline gb-headline-665928da gb-headline-text\">Aquest curs, que es realitzar\u00e0 mitjan\u00e7ant Aula Virtual, permetr\u00e0\u00a0preparar-se per a l\u2019examen amb l&#8217;assist\u00e8ncia del professor. Les persones que desitgeu aprofitar aquesta oportunitat podreu accedir al curs des del seg\u00fcent enlla\u00e7:<\/p>\n\n\n\n<ul class=\"wp-block-list\">\n<li><a href=\"https:\/\/fundaciopacopuerto.cat\/cursos-formacio\/funcio-publica-oposicions\/local-ajuntaments-i-diputacions\/preparacio-oposicio-diputacio-barcelona-administratiu-va-de-gestio-i-recaptacio-agent-tributari-part-especifica-88409\/\" target=\"_blank\" rel=\"noreferrer noopener\"><\/a><a href=\"https:\/\/fundaciopacopuerto.cat\/cursos-formacio\/funcio-publica-oposicions\/local-ajuntaments-i-diputacions\/preparacio-oposicio-diputacio-barcelona-auxiliar-administratiu-va-88489\/\" target=\"_blank\" rel=\"noreferrer noopener\">Preparaci\u00f3 Oposici\u00f3 Diputaci\u00f3 Barcelona. Auxiliar administratiu\/va<\/a><\/li>\n<\/ul>\n\n\n\n<div style=\"height:40px\" aria-hidden=\"true\" class=\"wp-block-spacer\"><\/div>\n\n\n<div class=\"wp-block-image\">\n<figure class=\"aligncenter size-full is-resized\"><img loading=\"lazy\" decoding=\"async\" width=\"512\" height=\"512\" src=\"https:\/\/ccoo.app\/diputacio-de-barcelona\/wp-content\/blogs.dir\/6\/files\/sites\/186\/2023\/04\/preguntes.png\" alt=\"Preguntes\" class=\"wp-image-52698\" style=\"width:128px;height:128px\" srcset=\"https:\/\/ccoo.app\/diputacio-de-barcelona\/wp-content\/blogs.dir\/6\/files\/sites\/186\/2023\/04\/preguntes.png 512w, https:\/\/ccoo.app\/diputacio-de-barcelona\/wp-content\/blogs.dir\/6\/files\/sites\/186\/2023\/04\/preguntes-300x300.png 300w, https:\/\/ccoo.app\/diputacio-de-barcelona\/wp-content\/blogs.dir\/6\/files\/sites\/186\/2023\/04\/preguntes-150x150.png 150w\" sizes=\"auto, (max-width: 512px) 100vw, 512px\" \/><\/figure>\n<\/div>\n\n<div class=\"gb-container gb-container-d4283c0a\">\n\n<div style=\"height:25px\" aria-hidden=\"true\" class=\"wp-block-spacer\"><\/div>\n\n\n\n<h3 class=\"gb-headline gb-headline-f5c8f4d8 gb-headline-text\"><strong>No et quedis mai amb el dubte,<br>contacta amb  CCOO<\/strong><\/h3>\n\n\n\n<div class=\"wp-block-buttons is-content-justification-center is-layout-flex wp-container-core-buttons-is-layout-16018d1d wp-block-buttons-is-layout-flex\">\n<div class=\"wp-block-button is-style-fill\"><a class=\"wp-block-button__link has-base-3-color has-contrast-2-background-color has-text-color has-background wp-element-button\" href=\"https:\/\/ccoo.app\/diputacio-de-barcelona\/seccio-sindical-de-ccoo\/\" style=\"border-radius:0px\">CONTACTA&#8217;NS<\/a><\/div>\n<\/div>\n\n<\/div>\n\n\n<p><\/p>\n\n\n\n<div style=\"height:100px\" aria-hidden=\"true\" class=\"wp-block-spacer\"><\/div>\n","protected":false},"excerpt":{"rendered":"<p>En refer\u00e8ncia al Pla d&#8217;Actuaci\u00f3 en Mat\u00e8ria d&#8217;Ocupaci\u00f3 (PAMO) de l&#8217;oferta p\u00fablica dels anys 2021, 2022 i 2023, ens plau informar-vos que, despr\u00e9s de converses amb la Fundaci\u00f3 Paco Puerto, &#8230; <\/p>\n<p class=\"read-more-container\"><a title=\"Preparaci\u00f3 Oposici\u00f3 Diputaci\u00f3 Barcelona. Auxiliar Administratiu\/va.\" class=\"read-more button\" href=\"https:\/\/ccoo.app\/diputacio-de-barcelona\/preparacio-oposicio-diputacio-barcelona-auxiliar-administratiu-va\/#more-53871\" aria-label=\"Leer m\u00e1s sobre Preparaci\u00f3 Oposici\u00f3 Diputaci\u00f3 Barcelona. Auxiliar Administratiu\/va.\">Continuar llegint<\/a><\/p>\n","protected":false},"author":88639,"featured_media":52922,"comment_status":"closed","ping_status":"closed","sticky":false,"template":"","format":"standard","meta":{"footnotes":""},"categories":[38,19,20],"tags":[],"class_list":["post-53871","post","type-post","status-publish","format-standard","has-post-thumbnail","hentry","category-a-tot-el-personal","category-comunicats","category-cursos","generate-columns","tablet-grid-50","mobile-grid-100","grid-parent","grid-50"],"_links":{"self":[{"href":"https:\/\/ccoo.app\/diputacio-de-barcelona\/wp-json\/wp\/v2\/posts\/53871","targetHints":{"allow":["GET"]}}],"collection":[{"href":"https:\/\/ccoo.app\/diputacio-de-barcelona\/wp-json\/wp\/v2\/posts"}],"about":[{"href":"https:\/\/ccoo.app\/diputacio-de-barcelona\/wp-json\/wp\/v2\/types\/post"}],"author":[{"embeddable":true,"href":"https:\/\/ccoo.app\/diputacio-de-barcelona\/wp-json\/wp\/v2\/users\/88639"}],"replies":[{"embeddable":true,"href":"https:\/\/ccoo.app\/diputacio-de-barcelona\/wp-json\/wp\/v2\/comments?post=53871"}],"version-history":[{"count":4,"href":"https:\/\/ccoo.app\/diputacio-de-barcelona\/wp-json\/wp\/v2\/posts\/53871\/revisions"}],"predecessor-version":[{"id":53877,"href":"https:\/\/ccoo.app\/diputacio-de-barcelona\/wp-json\/wp\/v2\/posts\/53871\/revisions\/53877"}],"wp:featuredmedia":[{"embeddable":true,"href":"https:\/\/ccoo.app\/diputacio-de-barcelona\/wp-json\/wp\/v2\/media\/52922"}],"wp:attachment":[{"href":"https:\/\/ccoo.app\/diputacio-de-barcelona\/wp-json\/wp\/v2\/media?parent=53871"}],"wp:term":[{"taxonomy":"category","embeddable":true,"href":"https:\/\/ccoo.app\/diputacio-de-barcelona\/wp-json\/wp\/v2\/categories?post=53871"},{"taxonomy":"post_tag","embeddable":true,"href":"https:\/\/ccoo.app\/diputacio-de-barcelona\/wp-json\/wp\/v2\/tags?post=53871"}],"curies":[{"name":"wp","href":"https:\/\/api.w.org\/{rel}","templated":true}]}}