{"id":53783,"date":"2024-11-21T11:16:10","date_gmt":"2024-11-21T10:16:10","guid":{"rendered":"https:\/\/ccoo.app\/diputacio-de-barcelona\/?p=53783"},"modified":"2024-11-21T11:43:21","modified_gmt":"2024-11-21T10:43:21","slug":"25-n-2024-dia-internacional-per-a-leliminacio-de-la-violencia-envers-les-dones","status":"publish","type":"post","link":"https:\/\/ccoo.app\/diputacio-de-barcelona\/25-n-2024-dia-internacional-per-a-leliminacio-de-la-violencia-envers-les-dones\/","title":{"rendered":"25-N 2024, Dia Internacional per a\u00a0l\u2019Eliminaci\u00f3\u00a0de la Viol\u00e8ncia envers les Dones"},"content":{"rendered":"\n<div style=\"height:40px\" aria-hidden=\"true\" class=\"wp-block-spacer\"><\/div>\n\n\n\n<figure class=\"gb-block-image gb-block-image-c52efd27\"><img loading=\"lazy\" decoding=\"async\" width=\"1080\" height=\"1080\" class=\"gb-image gb-image-c52efd27\" src=\"https:\/\/ccoo.app\/diputacio-de-barcelona\/wp-content\/blogs.dir\/6\/files\/sites\/186\/2024\/11\/1080-25n-2024.png\" alt=\"\" title=\"1080-25n-2024\" srcset=\"https:\/\/ccoo.app\/diputacio-de-barcelona\/wp-content\/blogs.dir\/6\/files\/sites\/186\/2024\/11\/1080-25n-2024.png 1080w, https:\/\/ccoo.app\/diputacio-de-barcelona\/wp-content\/blogs.dir\/6\/files\/sites\/186\/2024\/11\/1080-25n-2024-300x300.png 300w, https:\/\/ccoo.app\/diputacio-de-barcelona\/wp-content\/blogs.dir\/6\/files\/sites\/186\/2024\/11\/1080-25n-2024-1024x1024.png 1024w, https:\/\/ccoo.app\/diputacio-de-barcelona\/wp-content\/blogs.dir\/6\/files\/sites\/186\/2024\/11\/1080-25n-2024-150x150.png 150w, https:\/\/ccoo.app\/diputacio-de-barcelona\/wp-content\/blogs.dir\/6\/files\/sites\/186\/2024\/11\/1080-25n-2024-768x768.png 768w\" sizes=\"auto, (max-width: 1080px) 100vw, 1080px\" \/><\/figure>\n\n\n\n<div style=\"height:25px\" aria-hidden=\"true\" class=\"wp-block-spacer\"><\/div>\n\n\n\n<p class=\"gb-headline gb-headline-d13d930f gb-headline-text\">Un cop m\u00e9s celebrem el 25-N,&nbsp;Dia Internacional per a&nbsp;l\u2019Eliminaci\u00f3&nbsp;de la Viol\u00e8ncia envers les Dones.<\/p>\n\n\n\n<p class=\"gb-headline gb-headline-5e70bc8a gb-headline-text\">Aquest 25 de novembre arriba en un any marcat per guerres, conflictes armats i crisis humanit\u00e0ries a diverses parts del m\u00f3n. Conflictes com els d\u2019Ucra\u00efna, l\u2019Afganistan i Palestina ens recorden com la viol\u00e8ncia masclista no s\u2019atura en temps de guerra: al contrari, en aquests contextos es converteix en una arma i en una condemna per a les dones. Elles esdevenen no nom\u00e9s v\u00edctimes, sin\u00f3 tamb\u00e9, i tristament, trofeus de guerra. Les viol\u00e8ncies sexuals, les coaccions i el control sobre els seus drets sexuals i reproductius esdevenen el reflex d\u2019una opressi\u00f3 que s\u2019accentua en moments de crisi.<\/p>\n\n\n\n<p class=\"gb-headline gb-headline-1bbfbbb9 gb-headline-text\">Volem visibilitzar el paper de les dones en aquests conflictes. No nom\u00e9s com a supervivents, sin\u00f3 com a lluitadores per la vida i la dignitat en circumst\u00e0ncies extremes. Aquestes situacions d\u2019ab\u00fas no s\u00f3n, per desgr\u00e0cia, excepcions ni accions espor\u00e0diques. S\u00f3n l\u2019expressi\u00f3 d\u2019unes opressions arrelades en tradicions i en creences culturals i religioses que perpetuen el control i la submissi\u00f3 de les dones, i que creen, aix\u00ed, un entorn on la viol\u00e8ncia es normalitza i es justifica.<\/p>\n\n\n\n<p class=\"gb-headline gb-headline-999ea231 gb-headline-text\">L\u2019acte tindr\u00e0 lloc el dilluns 25 de novembre, de 10 h a 14 h, a la sala d\u2019actes de CCOO de Catalunya.&nbsp;&nbsp;<\/p>\n\n\n\n<p class=\"gb-headline gb-headline-26a45168 gb-headline-text\"><strong>Manifestaci\u00f3 a la tarda:<\/strong>&nbsp;18.30\u202fh al passeig de Gr\u00e0cia, 106, de Barcelona (punt de trobada davant del Palau Robert a les 18\u202fh).<\/p>\n\n\n\n<p class=\"has-text-color has-link-color wp-elements-fbdbb47edcf31601515e2161b3309380\" style=\"color:#d42e12\"><\/p>\n\n\n\n<p><\/p>\n\n\n\n<p class=\"has-text-align-justify\"><\/p>\n\n\n\n<div style=\"height:25px\" aria-hidden=\"true\" class=\"wp-block-spacer\"><\/div>\n\n\n\n<figure class=\"gb-block-image gb-block-image-a41a4cf1\"><img loading=\"lazy\" decoding=\"async\" width=\"1240\" height=\"1754\" class=\"gb-image gb-image-a41a4cf1\" src=\"https:\/\/ccoo.app\/diputacio-de-barcelona\/wp-content\/blogs.dir\/6\/files\/sites\/186\/2024\/11\/manifest-25-n.png\" alt=\"\" title=\"manifest-25-n\" srcset=\"https:\/\/ccoo.app\/diputacio-de-barcelona\/wp-content\/blogs.dir\/6\/files\/sites\/186\/2024\/11\/manifest-25-n.png 1240w, https:\/\/ccoo.app\/diputacio-de-barcelona\/wp-content\/blogs.dir\/6\/files\/sites\/186\/2024\/11\/manifest-25-n-212x300.png 212w, https:\/\/ccoo.app\/diputacio-de-barcelona\/wp-content\/blogs.dir\/6\/files\/sites\/186\/2024\/11\/manifest-25-n-724x1024.png 724w, https:\/\/ccoo.app\/diputacio-de-barcelona\/wp-content\/blogs.dir\/6\/files\/sites\/186\/2024\/11\/manifest-25-n-768x1086.png 768w, https:\/\/ccoo.app\/diputacio-de-barcelona\/wp-content\/blogs.dir\/6\/files\/sites\/186\/2024\/11\/manifest-25-n-1086x1536.png 1086w\" sizes=\"auto, (max-width: 1240px) 100vw, 1240px\" \/><\/figure>\n\n\n\n<div style=\"height:25px\" aria-hidden=\"true\" class=\"wp-block-spacer\"><\/div>\n\n\n\n<p>Si vols m\u00e9s informaci\u00f3:<br><a href=\"https:\/\/www.ccoo.cat\/noticies\/dones\/25n-2024-dia-internacional-per-a-leliminacio-de-la-violencia-envers-les-dones\/\">https:\/\/www.ccoo.cat\/noticies\/dones\/25n-2024-dia-internacional-per-a-leliminacio-de-la-violencia-envers-les-dones\/<\/a><\/p>\n\n\n\n<p><a class=\"ek-link\" href=\"https:\/\/twitter.com\/hashtag\/ExpliquemHo\">#25NCCOO<\/a><br><a href=\"https:\/\/twitter.com\/hashtag\/ShaAcabat\">#pertupermipertotes<\/a><\/p>\n\n\n\n<div class=\"wp-block-group\"><div class=\"wp-block-group__inner-container is-layout-constrained wp-block-group-is-layout-constrained\"><div class=\"gb-grid-wrapper gb-grid-wrapper-d65739e2\">\n<div class=\"gb-grid-column gb-grid-column-ecc8725d\"><div class=\"gb-container gb-container-ecc8725d\"><div class=\"gb-inside-container\">\n<div class=\"wp-block-image\">\n<figure class=\"aligncenter size-full\"><img loading=\"lazy\" decoding=\"async\" width=\"129\" height=\"38\" src=\"https:\/\/ccoo.app\/diputacio-de-barcelona\/wp-content\/blogs.dir\/6\/files\/sites\/186\/2022\/03\/tel.png\" alt=\"Tel\" class=\"wp-image-49915\" \/><\/figure>\n<\/div>\n<\/div><\/div><\/div>\n\n<div class=\"gb-grid-column gb-grid-column-4c28778f\"><div class=\"gb-container gb-container-4c28778f\"><div class=\"gb-inside-container\">\n<div class=\"wp-block-image\">\n<figure class=\"aligncenter size-full\"><a href=\"mailto:ccoo@diba.cat\"><img loading=\"lazy\" decoding=\"async\" width=\"51\" height=\"37\" src=\"https:\/\/ccoo.app\/diputacio-de-barcelona\/wp-content\/blogs.dir\/6\/files\/sites\/186\/2022\/03\/mail.png\" alt=\"Mail\" class=\"wp-image-49916\" \/><\/a><\/figure>\n<\/div>\n<\/div><\/div><\/div>\n\n<div class=\"gb-grid-column gb-grid-column-c6cc0957\"><div class=\"gb-container gb-container-c6cc0957\"><div class=\"gb-inside-container\">\n<div class=\"wp-block-image\">\n<figure class=\"aligncenter size-full\"><a href=\"https:\/\/twitter.com\/ccoodiba\"><img loading=\"lazy\" decoding=\"async\" width=\"44\" height=\"38\" src=\"https:\/\/ccoo.app\/diputacio-de-barcelona\/wp-content\/blogs.dir\/6\/files\/sites\/186\/2022\/03\/tw.png\" alt=\"Tw\" class=\"wp-image-49917\" \/><\/a><\/figure>\n<\/div>\n<\/div><\/div><\/div>\n\n<div class=\"gb-grid-column gb-grid-column-1598237d\"><div class=\"gb-container gb-container-1598237d\"><div class=\"gb-inside-container\">\n<div class=\"wp-block-image\">\n<figure class=\"aligncenter size-full\"><a href=\"https:\/\/www.instagram.com\/ccoo_diba\/\"><img loading=\"lazy\" decoding=\"async\" width=\"45\" height=\"44\" src=\"https:\/\/ccoo.app\/diputacio-de-barcelona\/wp-content\/blogs.dir\/6\/files\/sites\/186\/2022\/03\/ig.png\" alt=\"Ig\" class=\"wp-image-49918\" \/><\/a><\/figure>\n<\/div>\n<\/div><\/div><\/div>\n\n<div class=\"gb-grid-column gb-grid-column-2db731fe\"><div class=\"gb-container gb-container-2db731fe\"><div class=\"gb-inside-container\">\n<div class=\"wp-block-image\">\n<figure class=\"aligncenter size-full\"><a href=\"https:\/\/ccoo.app\/diputacio-de-barcelona\"><img loading=\"lazy\" decoding=\"async\" width=\"39\" height=\"40\" src=\"https:\/\/ccoo.app\/diputacio-de-barcelona\/wp-content\/blogs.dir\/6\/files\/sites\/186\/2022\/03\/www.png\" alt=\"Www\" class=\"wp-image-49919\" \/><\/a><\/figure>\n<\/div>\n<\/div><\/div><\/div>\n\n<div class=\"gb-grid-column gb-grid-column-f3651540\"><div class=\"gb-container gb-container-f3651540\"><div class=\"gb-inside-container\">\n<div class=\"wp-block-image is-resized\">\n<figure class=\"aligncenter size-full\"><a href=\"https:\/\/www.ccoo.cat\/afiliat\/?_sfm_aff_situation=94\"><img loading=\"lazy\" decoding=\"async\" width=\"125\" height=\"38\" src=\"https:\/\/ccoo.app\/diputacio-de-barcelona\/wp-content\/blogs.dir\/6\/files\/sites\/186\/2022\/03\/af.png\" alt=\"Af\" class=\"wp-image-49920\" \/><\/a><\/figure>\n<\/div>\n<\/div><\/div><\/div>\n<\/div><\/div><\/div>\n","protected":false},"excerpt":{"rendered":"<p>Un cop m\u00e9s celebrem el 25-N,&nbsp;Dia Internacional per a&nbsp;l\u2019Eliminaci\u00f3&nbsp;de la Viol\u00e8ncia envers les Dones. Aquest 25 de novembre arriba en un any marcat per guerres, conflictes armats i crisis humanit\u00e0ries &#8230; <\/p>\n<p class=\"read-more-container\"><a title=\"25-N 2024, Dia Internacional per a\u00a0l\u2019Eliminaci\u00f3\u00a0de la Viol\u00e8ncia envers les Dones\" class=\"read-more button\" href=\"https:\/\/ccoo.app\/diputacio-de-barcelona\/25-n-2024-dia-internacional-per-a-leliminacio-de-la-violencia-envers-les-dones\/#more-53783\" aria-label=\"Leer m\u00e1s sobre 25-N 2024, Dia Internacional per a\u00a0l\u2019Eliminaci\u00f3\u00a0de la Viol\u00e8ncia envers les Dones\">Continuar llegint<\/a><\/p>\n","protected":false},"author":88639,"featured_media":53784,"comment_status":"closed","ping_status":"closed","sticky":false,"template":"","format":"standard","meta":{"footnotes":""},"categories":[38,18,19,3],"tags":[50,236,237],"class_list":["post-53783","post","type-post","status-publish","format-standard","has-post-thumbnail","hentry","category-a-tot-el-personal","category-ccoo-info","category-comunicats","category-noticias","tag-25n","tag-violencia","tag-violencia-masclista","generate-columns","tablet-grid-50","mobile-grid-100","grid-parent","grid-50"],"_links":{"self":[{"href":"https:\/\/ccoo.app\/diputacio-de-barcelona\/wp-json\/wp\/v2\/posts\/53783","targetHints":{"allow":["GET"]}}],"collection":[{"href":"https:\/\/ccoo.app\/diputacio-de-barcelona\/wp-json\/wp\/v2\/posts"}],"about":[{"href":"https:\/\/ccoo.app\/diputacio-de-barcelona\/wp-json\/wp\/v2\/types\/post"}],"author":[{"embeddable":true,"href":"https:\/\/ccoo.app\/diputacio-de-barcelona\/wp-json\/wp\/v2\/users\/88639"}],"replies":[{"embeddable":true,"href":"https:\/\/ccoo.app\/diputacio-de-barcelona\/wp-json\/wp\/v2\/comments?post=53783"}],"version-history":[{"count":4,"href":"https:\/\/ccoo.app\/diputacio-de-barcelona\/wp-json\/wp\/v2\/posts\/53783\/revisions"}],"predecessor-version":[{"id":53803,"href":"https:\/\/ccoo.app\/diputacio-de-barcelona\/wp-json\/wp\/v2\/posts\/53783\/revisions\/53803"}],"wp:featuredmedia":[{"embeddable":true,"href":"https:\/\/ccoo.app\/diputacio-de-barcelona\/wp-json\/wp\/v2\/media\/53784"}],"wp:attachment":[{"href":"https:\/\/ccoo.app\/diputacio-de-barcelona\/wp-json\/wp\/v2\/media?parent=53783"}],"wp:term":[{"taxonomy":"category","embeddable":true,"href":"https:\/\/ccoo.app\/diputacio-de-barcelona\/wp-json\/wp\/v2\/categories?post=53783"},{"taxonomy":"post_tag","embeddable":true,"href":"https:\/\/ccoo.app\/diputacio-de-barcelona\/wp-json\/wp\/v2\/tags?post=53783"}],"curies":[{"name":"wp","href":"https:\/\/api.w.org\/{rel}","templated":true}]}}