{"id":53770,"date":"2024-11-07T08:39:17","date_gmt":"2024-11-07T07:39:17","guid":{"rendered":"https:\/\/ccoo.app\/diputacio-de-barcelona\/?p=53770"},"modified":"2024-11-07T08:39:18","modified_gmt":"2024-11-07T07:39:18","slug":"concentracio-solidaritat-amb-les-victimes-de-la-dana-%c2%b7-8-nov-1200h","status":"publish","type":"post","link":"https:\/\/ccoo.app\/diputacio-de-barcelona\/concentracio-solidaritat-amb-les-victimes-de-la-dana-%c2%b7-8-nov-1200h\/","title":{"rendered":"Concentraci\u00f3 SOLIDARITAT amb les V\u00cdCTIMES de la DANA \u00b7 8 NOV 12:00h"},"content":{"rendered":"\n<div style=\"height:40px\" aria-hidden=\"true\" class=\"wp-block-spacer\"><\/div>\n\n\n\n<h4 class=\"gb-headline gb-headline-0187c6da gb-headline-text\"><strong>CCOO i UGT convoquem a tots els centres de treball de la Diputaci\u00f3 de Barcelona una aturada de 10 minuts a les 12h, per al proper divendres 8 de novembre, davant la cat\u00e0strofe provocada per la DANA a la prov\u00edncia de Val\u00e8ncia el passat 29 d&#8217;octubre<\/strong><\/h4>\n\n\n\n<div style=\"height:20px\" aria-hidden=\"true\" class=\"wp-block-spacer\"><\/div>\n\n\n\n<figure class=\"gb-block-image gb-block-image-1c53e729\"><img loading=\"lazy\" decoding=\"async\" width=\"1080\" height=\"1080\" class=\"gb-image gb-image-1c53e729\" src=\"https:\/\/ccoo.app\/diputacio-de-barcelona\/wp-content\/blogs.dir\/6\/files\/sites\/186\/2024\/11\/concentracio-solidaritat-victimes-DANA-8NOV.jpg\" alt=\"\" title=\"concentracio-solidaritat-victimes-DANA-8NOV\" srcset=\"https:\/\/ccoo.app\/diputacio-de-barcelona\/wp-content\/blogs.dir\/6\/files\/sites\/186\/2024\/11\/concentracio-solidaritat-victimes-DANA-8NOV.jpg 1080w, https:\/\/ccoo.app\/diputacio-de-barcelona\/wp-content\/blogs.dir\/6\/files\/sites\/186\/2024\/11\/concentracio-solidaritat-victimes-DANA-8NOV-300x300.jpg 300w, https:\/\/ccoo.app\/diputacio-de-barcelona\/wp-content\/blogs.dir\/6\/files\/sites\/186\/2024\/11\/concentracio-solidaritat-victimes-DANA-8NOV-1024x1024.jpg 1024w, https:\/\/ccoo.app\/diputacio-de-barcelona\/wp-content\/blogs.dir\/6\/files\/sites\/186\/2024\/11\/concentracio-solidaritat-victimes-DANA-8NOV-150x150.jpg 150w, https:\/\/ccoo.app\/diputacio-de-barcelona\/wp-content\/blogs.dir\/6\/files\/sites\/186\/2024\/11\/concentracio-solidaritat-victimes-DANA-8NOV-768x768.jpg 768w\" sizes=\"auto, (max-width: 1080px) 100vw, 1080px\" \/><\/figure>\n\n\n\n<div style=\"height:30px\" aria-hidden=\"true\" class=\"wp-block-spacer\"><\/div>\n\n\n\n<p class=\"gb-headline gb-headline-4bf91cbe gb-headline-text\"><strong>La convocat\u00f2ria es fa amb el seg\u00fcent objectiu: que els treballadors i treballadores puguin expressar el seu pesar i condol pels ciutadans i ciutadanes morts i les seves fam\u00edlies, aix\u00ed com mostrar el seu suport amb els qui han perdut el seu patrimoni, veuen incertesa sobre la seva feina, o tenen la viabilitat dels negocis i les empreses compromesos. En segon lloc, per tal d\u2019instar a mobilitzar els recursos p\u00fablics necessaris per a la protecci\u00f3 de les feines, l\u2019activitat econ\u00f2mica, la cura i l\u2019allotjament de les persones afectades.<\/strong><\/p>\n\n\n\n<p class=\"gb-headline gb-headline-5c632056 gb-headline-text\"><strong>En aquests moments \u00e9s imprescindible actuar units, amb el prop\u00f2sit compartit de contribuir a la reconstrucci\u00f3 dels danys, la reparaci\u00f3 de les v\u00edctimes i el progr\u00e9s de la nostra societat sota els principis democr\u00e0tics del nostre estat de dret.<\/strong><\/p>\n\n\n\n<p class=\"gb-headline gb-headline-48466411 gb-headline-text\"><strong>Us animem a participar-hi!<\/strong><\/p>\n\n\n\n<div class=\"wp-block-buttons is-content-justification-center is-layout-flex wp-container-core-buttons-is-layout-16018d1d wp-block-buttons-is-layout-flex\"><\/div>\n\n\n\n<p>Per a m\u00e9s informaci\u00f3:<br><strong><span class=\"ek-underline\" style=\"text-decoration: underline\"><a href=\"https:\/\/www.ccoo.cat\/noticies\/ccoo-ugt-i-uso-davant-la-catastrofe-provocada-per-la-dana-a-la-provincia-de-valencia-el-passat-29-doctubre-han-acordat-convocar-a-tots-els-centres-de-treball-despanya-publics-i-privats-una-at\/\" target=\"_blank\" rel=\"noreferrer noopener\">Concentraci\u00f3 SOLIDARITAT amb les V\u00cdCTIMES de la DANA<\/a><\/span><\/strong><\/p>\n\n\n\n<div style=\"height:100px\" aria-hidden=\"true\" class=\"wp-block-spacer\"><\/div>\n","protected":false},"excerpt":{"rendered":"<p>CCOO i UGT convoquem a tots els centres de treball de la Diputaci\u00f3 de Barcelona una aturada de 10 minuts a les 12h, per al proper divendres 8 de novembre, &#8230; <\/p>\n<p class=\"read-more-container\"><a title=\"Concentraci\u00f3 SOLIDARITAT amb les V\u00cdCTIMES de la DANA \u00b7 8 NOV 12:00h\" class=\"read-more button\" href=\"https:\/\/ccoo.app\/diputacio-de-barcelona\/concentracio-solidaritat-amb-les-victimes-de-la-dana-%c2%b7-8-nov-1200h\/#more-53770\" aria-label=\"Leer m\u00e1s sobre Concentraci\u00f3 SOLIDARITAT amb les V\u00cdCTIMES de la DANA \u00b7 8 NOV 12:00h\">Continuar llegint<\/a><\/p>\n","protected":false},"author":88639,"featured_media":53775,"comment_status":"closed","ping_status":"closed","sticky":false,"template":"","format":"standard","meta":{"footnotes":""},"categories":[38,19],"tags":[],"class_list":["post-53770","post","type-post","status-publish","format-standard","has-post-thumbnail","hentry","category-a-tot-el-personal","category-comunicats","generate-columns","tablet-grid-50","mobile-grid-100","grid-parent","grid-50"],"_links":{"self":[{"href":"https:\/\/ccoo.app\/diputacio-de-barcelona\/wp-json\/wp\/v2\/posts\/53770","targetHints":{"allow":["GET"]}}],"collection":[{"href":"https:\/\/ccoo.app\/diputacio-de-barcelona\/wp-json\/wp\/v2\/posts"}],"about":[{"href":"https:\/\/ccoo.app\/diputacio-de-barcelona\/wp-json\/wp\/v2\/types\/post"}],"author":[{"embeddable":true,"href":"https:\/\/ccoo.app\/diputacio-de-barcelona\/wp-json\/wp\/v2\/users\/88639"}],"replies":[{"embeddable":true,"href":"https:\/\/ccoo.app\/diputacio-de-barcelona\/wp-json\/wp\/v2\/comments?post=53770"}],"version-history":[{"count":4,"href":"https:\/\/ccoo.app\/diputacio-de-barcelona\/wp-json\/wp\/v2\/posts\/53770\/revisions"}],"predecessor-version":[{"id":53777,"href":"https:\/\/ccoo.app\/diputacio-de-barcelona\/wp-json\/wp\/v2\/posts\/53770\/revisions\/53777"}],"wp:featuredmedia":[{"embeddable":true,"href":"https:\/\/ccoo.app\/diputacio-de-barcelona\/wp-json\/wp\/v2\/media\/53775"}],"wp:attachment":[{"href":"https:\/\/ccoo.app\/diputacio-de-barcelona\/wp-json\/wp\/v2\/media?parent=53770"}],"wp:term":[{"taxonomy":"category","embeddable":true,"href":"https:\/\/ccoo.app\/diputacio-de-barcelona\/wp-json\/wp\/v2\/categories?post=53770"},{"taxonomy":"post_tag","embeddable":true,"href":"https:\/\/ccoo.app\/diputacio-de-barcelona\/wp-json\/wp\/v2\/tags?post=53770"}],"curies":[{"name":"wp","href":"https:\/\/api.w.org\/{rel}","templated":true}]}}