{"id":53764,"date":"2024-11-11T11:33:56","date_gmt":"2024-11-11T10:33:56","guid":{"rendered":"https:\/\/ccoo.app\/diputacio-de-barcelona\/?p=53764"},"modified":"2024-11-11T11:33:56","modified_gmt":"2024-11-11T10:33:56","slug":"comite-de-seguretat-i-salut","status":"publish","type":"post","link":"https:\/\/ccoo.app\/diputacio-de-barcelona\/comite-de-seguretat-i-salut\/","title":{"rendered":"COMIT\u00c8 DE SEGURETAT I SALUT"},"content":{"rendered":"\n<div style=\"height:40px\" aria-hidden=\"true\" class=\"wp-block-spacer\"><\/div>\n\n\n\n<figure class=\"gb-block-image gb-block-image-1bd8cee7\"><img loading=\"lazy\" decoding=\"async\" width=\"390\" height=\"390\" class=\"gb-image gb-image-1bd8cee7\" src=\"https:\/\/ccoo.app\/diputacio-de-barcelona\/wp-content\/blogs.dir\/6\/files\/sites\/186\/2023\/03\/informacio-salud-laboral.png\" alt=\"Informacio Salud Laboral\" title=\"Informacio Salud Laboral\" srcset=\"https:\/\/ccoo.app\/diputacio-de-barcelona\/wp-content\/blogs.dir\/6\/files\/sites\/186\/2023\/03\/informacio-salud-laboral.png 390w, https:\/\/ccoo.app\/diputacio-de-barcelona\/wp-content\/blogs.dir\/6\/files\/sites\/186\/2023\/03\/informacio-salud-laboral-300x300.png 300w, https:\/\/ccoo.app\/diputacio-de-barcelona\/wp-content\/blogs.dir\/6\/files\/sites\/186\/2023\/03\/informacio-salud-laboral-150x150.png 150w\" sizes=\"auto, (max-width: 390px) 100vw, 390px\" \/><\/figure>\n\n\n\n<div style=\"height:40px\" aria-hidden=\"true\" class=\"wp-block-spacer\"><\/div>\n\n\n\n<p class=\"gb-headline gb-headline-00a0bfc5 gb-headline-text\">A la darrera reuni\u00f3 del Comit\u00e8 de Seguretat i Salut de la Diputaci\u00f3 de Barcelona\u00a0<strong><span class=\"ek-underline\" style=\"text-decoration: underline\">des de CCOO vam demanar incloure en l\u2019ordre del dia els seg\u00fcents punts que afecten les condicions de seguretat i salut<\/span><\/strong>\u00a0dels treballadors i treballadores de la corporaci\u00f3:<\/p>\n\n\n\n<div style=\"height:10px\" aria-hidden=\"true\" class=\"wp-block-spacer\"><\/div>\n\n\n\n<h3 class=\"gb-headline gb-headline-d0e926c6 gb-headline-text\">Recurs Preventiu:<\/h3>\n\n\n\n<ul class=\"wp-block-list\">\n<li><strong><span style=\"text-decoration: underline\">Continuem insistint en la necessitat i obligatorietat d\u2019aquesta figura<\/span><\/strong> que \u00e9s l\u2019encarregada de vetllar pel correcte compliment de les mesures preventives d\u2019aquelles activitats que aix\u00ed ho requereixin per la seva perillositat, <strong><span style=\"text-decoration: underline\">demanem un pla formatiu espec\u00edfic i exigim una soluci\u00f3<\/span><\/strong> a aquesta problem\u00e0tica recurrent, ja que es continuen realitzant tasques que poden concorre en risc per als treballadors i treballadores de la corporaci\u00f3 (treballs amb cistella, neteja de cobertes, etc.).<\/li>\n<\/ul>\n\n\n\n<div style=\"height:10px\" aria-hidden=\"true\" class=\"wp-block-spacer\"><\/div>\n\n\n\n<h3 class=\"gb-headline gb-headline-8c4fc6be gb-headline-text\">Parcs Naturals:<\/h3>\n\n\n\n<ul class=\"wp-block-list\">\n<li><strong><span style=\"text-decoration: underline\">Fem arribar a l\u2019Oficina de Prevenci\u00f3 de Riscos Laborals la resposta de l\u2019INSST sobre els criteris de neteja dels EPI amb risc biol\u00f2gic<\/span><\/strong> de Parcs Naturals i Paisatgisme.<\/li>\n\n\n\n<li><strong><span style=\"text-decoration: underline\">Demanem l\u2019adaptaci\u00f3 de les botes<\/span><\/strong> dels treballadors i treballadores de Guarderia Forestal i Manteniment amb problemes de salut als peus.<\/li>\n\n\n\n<li><strong><span style=\"text-decoration: underline\">Exigim que ens convoquin a qualsevol sonometria, avaluaci\u00f3 o mesurament ambiental que es realitzi als consorcis o organismes on hi ha pres\u00e8ncia de treballadors i treballadores pr\u00f2pies de la corporaci\u00f3<\/span><\/strong>, m\u00e9s concretament al Parc Agrari del Baix Llobregat i al Parc de Guilleries-Savassona.<\/li>\n<\/ul>\n\n\n\n<div style=\"height:10px\" aria-hidden=\"true\" class=\"wp-block-spacer\"><\/div>\n\n\n\n<h3 class=\"gb-headline gb-headline-415cba0e gb-headline-text\">EPI:<\/h3>\n\n\n\n<ul class=\"wp-block-list\">\n<li><strong><span style=\"text-decoration: underline\">Insistim en l\u2019adaptaci\u00f3 de les ulleres de protecci\u00f3<\/span><\/strong>, incloses les de sol, especialment per als col\u00b7lectius de Manteniment i Paisatgisme. Ens informen que Paisatgisme disposar\u00e0 aviat d\u2019ulleres de sol adaptades.<\/li>\n<\/ul>\n\n\n\n<div style=\"height:10px\" aria-hidden=\"true\" class=\"wp-block-spacer\"><\/div>\n\n\n\n<h3 class=\"gb-headline gb-headline-b669c17d gb-headline-text\">Climatitzaci\u00f3:<\/h3>\n\n\n\n<ul class=\"wp-block-list\">\n<li><strong><span style=\"text-decoration: underline\">Demanem una soluci\u00f3 a la climatitzaci\u00f3 de l\u2019Edifici del Vag\u00f3<\/span><\/strong>, especialment a la Planta Baixa on aquest estiu hi ha hagut diferents queixes per fred de les treballadores i treballadors de la corporaci\u00f3.<\/li>\n<\/ul>\n\n\n\n<div style=\"height:10px\" aria-hidden=\"true\" class=\"wp-block-spacer\"><\/div>\n\n\n\n<h3 class=\"gb-headline gb-headline-e0a1bf11 gb-headline-text\">Pla de seguretat:<\/h3>\n\n\n\n<ul class=\"wp-block-list\">\n<li><strong><span class=\"ek-underline\" style=\"text-decoration: underline\">Restem a l&#8217;espera de que ens convoquin a una reuni\u00f3<\/span><\/strong> per tenir coneixement de la informaci\u00f3 que hi ha en mat\u00e8ria de seguretat i poder treballar amb les diferents Ger\u00e8ncies.<\/li>\n<\/ul>\n\n\n\n<div style=\"height:10px\" aria-hidden=\"true\" class=\"wp-block-spacer\"><\/div>\n\n\n\n<h3 class=\"gb-headline gb-headline-2835c9cf gb-headline-text\">Comissi\u00f3 Directiva i T\u00e8cnica:<\/h3>\n\n\n\n<ul class=\"wp-block-list\">\n<li><strong><span style=\"text-decoration: underline\">Continuem insistint a con\u00e8ixer les directrius i les mesures a implantar en mat\u00e8ria de seguretat i salut<\/span><\/strong>, a causa de la caducitat de l\u2019actual Pla de Mandat del Pla de Prevenci\u00f3.<\/li>\n<\/ul>\n\n\n\n<div style=\"height:10px\" aria-hidden=\"true\" class=\"wp-block-spacer\"><\/div>\n\n\n\n<h3 class=\"gb-headline gb-headline-dd3f3ba9 gb-headline-text\">Vigil\u00e0ncia de Salut:<\/h3>\n\n\n\n<ul class=\"wp-block-list\">\n<li><strong><span style=\"text-decoration: underline\">Demanem fer una visita a les instal\u00b7lacions de la nova empresa adjudicat\u00e0ria del contracte de vigil\u00e0ncia de la salut, Vitaly<\/span><\/strong>. Aquesta visita es far\u00e0 durant aquest mes de novembre.<\/li>\n<\/ul>\n\n\n\n<div style=\"height:10px\" aria-hidden=\"true\" class=\"wp-block-spacer\"><\/div>\n\n\n\n<h3 class=\"gb-headline gb-headline-c44a90de gb-headline-text\">Institut del teatre:<\/h3>\n\n\n\n<ul class=\"wp-block-list\">\n<li>Ens informen que <strong><span style=\"text-decoration: underline\">el personal funcionari de l&#8217;IT estar\u00e0 representat<\/span><\/strong>, a partir d&#8217;ara, <strong><span style=\"text-decoration: underline\">en el CSS de la Diputaci\u00f3 de Barcelona i en el subcomit\u00e8 de Can Serra<\/span><\/strong>, per aquelles q\u00fcestions m\u00e9s del dia a dia.<\/li>\n<\/ul>\n\n\n\n<div style=\"height:10px\" aria-hidden=\"true\" class=\"wp-block-spacer\"><\/div>\n\n\n\n<h3 class=\"gb-headline gb-headline-a8595b6f gb-headline-text\">ORGT:<\/h3>\n\n\n\n<ul class=\"wp-block-list\">\n<li><strong><span style=\"text-decoration: underline\">Agra\u00efm les accions formatives que s&#8217;han dut a terme al personal de l&#8217;ORGT<\/span><\/strong> en mat\u00e8ria de prevenci\u00f3 i animem a continuar en aquesta l\u00ednia d&#8217;actuaci\u00f3.<\/li>\n<\/ul>\n\n\n\n<div style=\"height:60px\" aria-hidden=\"true\" class=\"wp-block-spacer\"><\/div>\n\n\n<div class=\"gb-container gb-container-d4283c0a\">\n\n<div style=\"height:30px\" aria-hidden=\"true\" class=\"wp-block-spacer\"><\/div>\n\n\n<div class=\"wp-block-image\">\n<figure class=\"aligncenter size-full is-resized\"><img loading=\"lazy\" decoding=\"async\" width=\"512\" height=\"512\" src=\"https:\/\/ccoo.app\/diputacio-de-barcelona\/wp-content\/blogs.dir\/6\/files\/sites\/186\/2023\/04\/preguntes.png\" alt=\"Preguntes\" class=\"wp-image-52698\" style=\"width:128px;height:128px\" srcset=\"https:\/\/ccoo.app\/diputacio-de-barcelona\/wp-content\/blogs.dir\/6\/files\/sites\/186\/2023\/04\/preguntes.png 512w, https:\/\/ccoo.app\/diputacio-de-barcelona\/wp-content\/blogs.dir\/6\/files\/sites\/186\/2023\/04\/preguntes-300x300.png 300w, https:\/\/ccoo.app\/diputacio-de-barcelona\/wp-content\/blogs.dir\/6\/files\/sites\/186\/2023\/04\/preguntes-150x150.png 150w\" sizes=\"auto, (max-width: 512px) 100vw, 512px\" \/><\/figure>\n<\/div>\n\n\n<div style=\"height:60px\" aria-hidden=\"true\" class=\"wp-block-spacer\"><\/div>\n\n\n\n<h3 class=\"gb-headline gb-headline-c5bcf253 gb-headline-text\"><strong>No et quedis mai amb el dubte,<br><\/strong>contacta amb CCOO<\/h3>\n\n\n\n<div class=\"wp-block-buttons is-content-justification-center is-layout-flex wp-container-core-buttons-is-layout-16018d1d wp-block-buttons-is-layout-flex\">\n<div class=\"wp-block-button is-style-fill\"><a class=\"wp-block-button__link has-base-3-color has-contrast-2-background-color has-text-color has-background wp-element-button\" href=\"https:\/\/ccoo.app\/diputacio-de-barcelona\/seccio-sindical-de-ccoo\/\" style=\"border-radius:0px\">CONTACTA&#8217;NS<\/a><\/div>\n<\/div>\n\n<\/div>\n\n\n<div style=\"height:40px\" aria-hidden=\"true\" class=\"wp-block-spacer\"><\/div>\n\n\n\n<div class=\"wp-block-group\"><div class=\"wp-block-group__inner-container is-layout-constrained wp-block-group-is-layout-constrained\"><div class=\"gb-grid-wrapper gb-grid-wrapper-d65739e2\">\n<div class=\"gb-grid-column gb-grid-column-ecc8725d\"><div class=\"gb-container gb-container-ecc8725d\"><div class=\"gb-inside-container\">\n<div class=\"wp-block-image\">\n<figure class=\"aligncenter size-full\"><img loading=\"lazy\" decoding=\"async\" width=\"129\" height=\"38\" src=\"https:\/\/ccoo.app\/diputacio-de-barcelona\/wp-content\/blogs.dir\/6\/files\/sites\/186\/2022\/03\/tel.png\" alt=\"Tel\" class=\"wp-image-49915\" \/><\/figure>\n<\/div>\n<\/div><\/div><\/div>\n\n<div class=\"gb-grid-column gb-grid-column-4c28778f\"><div class=\"gb-container gb-container-4c28778f\"><div class=\"gb-inside-container\">\n<div class=\"wp-block-image\">\n<figure class=\"aligncenter size-full\"><a href=\"mailto:ccoo@diba.cat\"><img loading=\"lazy\" decoding=\"async\" width=\"51\" height=\"37\" src=\"https:\/\/ccoo.app\/diputacio-de-barcelona\/wp-content\/blogs.dir\/6\/files\/sites\/186\/2022\/03\/mail.png\" alt=\"Mail\" class=\"wp-image-49916\" \/><\/a><\/figure>\n<\/div>\n<\/div><\/div><\/div>\n\n<div class=\"gb-grid-column gb-grid-column-c6cc0957\"><div class=\"gb-container gb-container-c6cc0957\"><div class=\"gb-inside-container\">\n<div class=\"wp-block-image\">\n<figure class=\"aligncenter size-full\"><a href=\"https:\/\/twitter.com\/ccoodiba\"><img loading=\"lazy\" decoding=\"async\" width=\"44\" height=\"38\" src=\"https:\/\/ccoo.app\/diputacio-de-barcelona\/wp-content\/blogs.dir\/6\/files\/sites\/186\/2022\/03\/tw.png\" alt=\"Tw\" class=\"wp-image-49917\" \/><\/a><\/figure>\n<\/div>\n<\/div><\/div><\/div>\n\n<div class=\"gb-grid-column gb-grid-column-1598237d\"><div class=\"gb-container gb-container-1598237d\"><div class=\"gb-inside-container\">\n<div class=\"wp-block-image\">\n<figure class=\"aligncenter size-full\"><a href=\"https:\/\/www.instagram.com\/ccoo_diba\/\"><img loading=\"lazy\" decoding=\"async\" width=\"45\" height=\"44\" src=\"https:\/\/ccoo.app\/diputacio-de-barcelona\/wp-content\/blogs.dir\/6\/files\/sites\/186\/2022\/03\/ig.png\" alt=\"Ig\" class=\"wp-image-49918\" \/><\/a><\/figure>\n<\/div>\n<\/div><\/div><\/div>\n\n<div class=\"gb-grid-column gb-grid-column-2db731fe\"><div class=\"gb-container gb-container-2db731fe\"><div class=\"gb-inside-container\">\n<div class=\"wp-block-image\">\n<figure class=\"aligncenter size-full\"><a href=\"https:\/\/ccoo.app\/diputacio-de-barcelona\"><img loading=\"lazy\" decoding=\"async\" width=\"39\" height=\"40\" src=\"https:\/\/ccoo.app\/diputacio-de-barcelona\/wp-content\/blogs.dir\/6\/files\/sites\/186\/2022\/03\/www.png\" alt=\"Www\" class=\"wp-image-49919\" \/><\/a><\/figure>\n<\/div>\n<\/div><\/div><\/div>\n\n<div class=\"gb-grid-column gb-grid-column-f3651540\"><div class=\"gb-container gb-container-f3651540\"><div class=\"gb-inside-container\">\n<div class=\"wp-block-image is-resized\">\n<figure class=\"aligncenter size-full\"><a href=\"https:\/\/www.ccoo.cat\/afiliat\/?_sfm_aff_situation=94\"><img loading=\"lazy\" decoding=\"async\" width=\"125\" height=\"38\" src=\"https:\/\/ccoo.app\/diputacio-de-barcelona\/wp-content\/blogs.dir\/6\/files\/sites\/186\/2022\/03\/af.png\" alt=\"Af\" class=\"wp-image-49920\" \/><\/a><\/figure>\n<\/div>\n<\/div><\/div><\/div>\n<\/div><\/div><\/div>\n","protected":false},"excerpt":{"rendered":"<p>A la darrera reuni\u00f3 del Comit\u00e8 de Seguretat i Salut de la Diputaci\u00f3 de Barcelona\u00a0des de CCOO vam demanar incloure en l\u2019ordre del dia els seg\u00fcents punts que afecten les &#8230; <\/p>\n<p class=\"read-more-container\"><a title=\"COMIT\u00c8 DE SEGURETAT I SALUT\" class=\"read-more button\" href=\"https:\/\/ccoo.app\/diputacio-de-barcelona\/comite-de-seguretat-i-salut\/#more-53764\" aria-label=\"Leer m\u00e1s sobre COMIT\u00c8 DE SEGURETAT I SALUT\">Continuar llegint<\/a><\/p>\n","protected":false},"author":88639,"featured_media":52365,"comment_status":"closed","ping_status":"closed","sticky":false,"template":"","format":"standard","meta":{"footnotes":""},"categories":[38,19,35],"tags":[],"class_list":["post-53764","post","type-post","status-publish","format-standard","has-post-thumbnail","hentry","category-a-tot-el-personal","category-comunicats","category-salut-laboral","generate-columns","tablet-grid-50","mobile-grid-100","grid-parent","grid-50"],"_links":{"self":[{"href":"https:\/\/ccoo.app\/diputacio-de-barcelona\/wp-json\/wp\/v2\/posts\/53764","targetHints":{"allow":["GET"]}}],"collection":[{"href":"https:\/\/ccoo.app\/diputacio-de-barcelona\/wp-json\/wp\/v2\/posts"}],"about":[{"href":"https:\/\/ccoo.app\/diputacio-de-barcelona\/wp-json\/wp\/v2\/types\/post"}],"author":[{"embeddable":true,"href":"https:\/\/ccoo.app\/diputacio-de-barcelona\/wp-json\/wp\/v2\/users\/88639"}],"replies":[{"embeddable":true,"href":"https:\/\/ccoo.app\/diputacio-de-barcelona\/wp-json\/wp\/v2\/comments?post=53764"}],"version-history":[{"count":5,"href":"https:\/\/ccoo.app\/diputacio-de-barcelona\/wp-json\/wp\/v2\/posts\/53764\/revisions"}],"predecessor-version":[{"id":53781,"href":"https:\/\/ccoo.app\/diputacio-de-barcelona\/wp-json\/wp\/v2\/posts\/53764\/revisions\/53781"}],"wp:featuredmedia":[{"embeddable":true,"href":"https:\/\/ccoo.app\/diputacio-de-barcelona\/wp-json\/wp\/v2\/media\/52365"}],"wp:attachment":[{"href":"https:\/\/ccoo.app\/diputacio-de-barcelona\/wp-json\/wp\/v2\/media?parent=53764"}],"wp:term":[{"taxonomy":"category","embeddable":true,"href":"https:\/\/ccoo.app\/diputacio-de-barcelona\/wp-json\/wp\/v2\/categories?post=53764"},{"taxonomy":"post_tag","embeddable":true,"href":"https:\/\/ccoo.app\/diputacio-de-barcelona\/wp-json\/wp\/v2\/tags?post=53764"}],"curies":[{"name":"wp","href":"https:\/\/api.w.org\/{rel}","templated":true}]}}