{"id":53725,"date":"2024-10-17T13:51:30","date_gmt":"2024-10-17T11:51:30","guid":{"rendered":"https:\/\/ccoo.app\/diputacio-de-barcelona\/?p=53725"},"modified":"2024-10-17T14:04:16","modified_gmt":"2024-10-17T12:04:16","slug":"darreres-informacions-mesa-general-de-negociacio-10-10-2024","status":"publish","type":"post","link":"https:\/\/ccoo.app\/diputacio-de-barcelona\/darreres-informacions-mesa-general-de-negociacio-10-10-2024\/","title":{"rendered":"DARRERES INFORMACIONS MESA GENERAL DE NEGOCIACI\u00d3: 10.10.2024"},"content":{"rendered":"\n<div style=\"height:40px\" aria-hidden=\"true\" class=\"wp-block-spacer\"><\/div>\n\n\n\n<figure class=\"gb-block-image gb-block-image-037d05ff\"><img loading=\"lazy\" decoding=\"async\" width=\"390\" height=\"390\" class=\"gb-image gb-image-037d05ff\" src=\"https:\/\/ccoo.app\/diputacio-de-barcelona\/wp-content\/blogs.dir\/6\/files\/sites\/186\/2023\/03\/informacio-materia-negociacio.png\" alt=\"Informacio Materia Negociacio\" title=\"Informacio Materia Negociacio\" srcset=\"https:\/\/ccoo.app\/diputacio-de-barcelona\/wp-content\/blogs.dir\/6\/files\/sites\/186\/2023\/03\/informacio-materia-negociacio.png 390w, https:\/\/ccoo.app\/diputacio-de-barcelona\/wp-content\/blogs.dir\/6\/files\/sites\/186\/2023\/03\/informacio-materia-negociacio-300x300.png 300w, https:\/\/ccoo.app\/diputacio-de-barcelona\/wp-content\/blogs.dir\/6\/files\/sites\/186\/2023\/03\/informacio-materia-negociacio-150x150.png 150w\" sizes=\"auto, (max-width: 390px) 100vw, 390px\" \/><\/figure>\n\n\n\n<div style=\"height:80px\" aria-hidden=\"true\" class=\"wp-block-spacer\"><\/div>\n\n\n\n<h2 class=\"gb-headline gb-headline-4404fc30 gb-headline-text\"><strong><u>O<strong>FERTA P\u00daBLICA. PAMO\u2019s&nbsp;2023 i 2024<\/strong><\/u><\/strong><\/h2>\n\n\n\n<p><\/p>\n\n\n\n<p class=\"gb-headline gb-headline-6bc4e391 gb-headline-text\">S\u2019ha demanat a la Corporaci\u00f3 que una vegada estigui finalitzat el proc\u00e9s d\u2019estabilitzaci\u00f3 <strong><span style=\"text-decoration: underline\">es prioritzi l\u2019execuci\u00f3 de la promoci\u00f3 interna del PAMO 2023<\/span><\/strong>. Recordem que el PAMO 2023 arrossega totes les places pendents dels PAMO&#8217;S 2021 i 2022, i que no havien estat executats des de llavors.<\/p>\n\n\n\n<p class=\"gb-headline gb-headline-62a7948d gb-headline-text\">Respecte al PAMO 2024, hem demanat a la corporaci\u00f3 que <strong><span style=\"text-decoration: underline\">es faci una aposta seriosa i de m\u00e0xims en la identificaci\u00f3 de les places de les promocions internes i reclassificacions<\/span><\/strong> que han d\u2019anar a aquest PAMO 2024, i que <strong><span style=\"text-decoration: underline\">permeti a tothom optar per la promoci\u00f3 interna<\/span><\/strong>, incl\u00f2s a tots aquells que han estabilitzat les seves places despr\u00e9s de tants anys.<\/p>\n\n\n\n<div style=\"height:40px\" aria-hidden=\"true\" class=\"wp-block-spacer\"><\/div>\n\n\n\n<h2 class=\"gb-headline gb-headline-6438b040 gb-headline-text\"><strong><u><strong>PLUSOS DE FESTIVITAT<\/strong><\/u><\/strong><\/h2>\n\n\n\n<p><\/p>\n\n\n\n<p class=\"gb-headline gb-headline-c922879e gb-headline-text\"><strong><span style=\"text-decoration: underline\">CCOO complim<\/span>!<\/strong> En el nostre programa electoral propos\u00e0vem incorporar plusos de festivitat especial.<\/p>\n\n\n\n<p class=\"gb-headline gb-headline-854f1771 gb-headline-text\">En aquesta \u00faltima mesa de negociaci\u00f3 hem arribat a un acord amb la corporaci\u00f3 <span style=\"text-decoration: underline\"><strong>per augmentar en dos dies els considerats com a festius especials, els dies 1 de maig i el dia 24 de juny<\/strong><\/span>.<\/p>\n\n\n\n<p class=\"gb-headline gb-headline-e8132ce0 gb-headline-text\">Tots aquells treballadors i treballadores que prestin serveis en aquestes dates <strong><span style=\"text-decoration: underline\">percebran el plus de festivitat incrementat en un 25%<\/span><\/strong>.<\/p>\n\n\n\n<div style=\"height:40px\" aria-hidden=\"true\" class=\"wp-block-spacer\"><\/div>\n\n\n\n<h2 class=\"gb-headline gb-headline-f3a48bdf gb-headline-text\"><strong><u><strong>FLEXIBILITAT HOR\u00c0RIA COL\u00b7LECTIUS PRESENCIALS<\/strong><\/u><\/strong><\/h2>\n\n\n\n<p><\/p>\n\n\n\n<p class=\"gb-headline gb-headline-260ee637 gb-headline-text\">Hem demanat <strong><span style=\"text-decoration: underline\">mesures de conciliaci\u00f3 per col\u00b7lectius presencials com Jardineria que entenem que \u00e9s perfectament viable<\/span><\/strong> i que <strong><span style=\"text-decoration: underline\">s\u2019estudi\u00efn altres col\u00b7lectius<\/span><\/strong> amb aquesta presencialitat.<\/p>\n\n\n\n<p class=\"gb-headline gb-headline-06444dac gb-headline-text\">Des de la DSRH la seva resposta \u00e9s que es reuniran les setmanes vinents amb les diferents ger\u00e8ncies i direccions per valorar en quin o quins col\u00b7lectius es pot implementar aquesta flexibilitat.<\/p>\n\n\n\n<div style=\"height:40px\" aria-hidden=\"true\" class=\"wp-block-spacer\"><\/div>\n\n\n\n<h2 class=\"gb-headline gb-headline-a4d54272 gb-headline-text\"><strong><u><strong>ADAPTACIONS DE JORNADA LABORAL PER A EMPLEATS I EMPLEADES AMB FAMILIARS A C\u00c0RREC AMB DISCAPACITAT RECONEGUDA<\/strong><\/u><\/strong><\/h2>\n\n\n\n<p><\/p>\n\n\n\n<p class=\"gb-headline gb-headline-35981483 gb-headline-text\">Continuem insistint a <span style=\"text-decoration: underline\"><strong>aplicar una proposta d&#8217;adaptaci\u00f3 de jornada per a empleats i empleades amb familiars a c\u00e0rrec amb un grau de discapacitat reconeguda<\/strong><\/span>. Des de DSRH ens diuen que per la propera reuni\u00f3, ens faran una proposta concreta.<\/p>\n\n\n\n<div style=\"height:40px\" aria-hidden=\"true\" class=\"wp-block-spacer\"><\/div>\n\n\n\n<h2 class=\"gb-headline gb-headline-1144facf gb-headline-text\"><strong><u><strong>REDUCCI\u00d3 DE JORNADA LABORAL PER A EMPLEATS I EMPLEADES AMB DISCAPACITAT RECONEGUDA<\/strong><\/u><\/strong><\/h2>\n\n\n\n<p><\/p>\n\n\n\n<p class=\"gb-headline gb-headline-8702827b gb-headline-text\">Continuem insistint a <span style=\"text-decoration: underline\"><strong>aplicar una proposta de reducci\u00f3 de jornada per a empleats i empleades amb un grau de discapacitat reconeguda<\/strong><\/span>. La reducci\u00f3 de jornada seria una millora substancial per als treballadors i treballadores que tenen una discapacitat reconeguda per a tot un seguit de malalties dels tipus autoimmune, fibromi\u00e0lgies&#8230;, on completar una jornada laboral se\u2019ls fa una tasca molt feixuga. Des de DSRH ens diuen que es tornar\u00e0 a valorar i que per la propera reuni\u00f3, ens faran una proposta concreta.<\/p>\n\n\n\n<div style=\"height:40px\" aria-hidden=\"true\" class=\"wp-block-spacer\"><\/div>\n\n\n\n<h2 class=\"gb-headline gb-headline-23d66358 gb-headline-text\"><strong><u><strong>XBM<\/strong><\/u><\/strong><\/h2>\n\n\n\n<p><\/p>\n\n\n\n<p class=\"gb-headline gb-headline-2b2961b1 gb-headline-text\">S\u2019acorda en mesa de negociaci\u00f3 <span style=\"text-decoration: underline\"><strong>abordar totes les problem\u00e0tiques<\/strong><\/span> del col\u00b7lectiu de biblioteques <span style=\"text-decoration: underline\"><strong>en una reuni\u00f3 espec\u00edfica<\/strong><\/span>.<\/p>\n\n\n\n<div style=\"height:40px\" aria-hidden=\"true\" class=\"wp-block-spacer\"><\/div>\n\n\n\n<h2 class=\"gb-headline gb-headline-fd11c5d9 gb-headline-text\"><strong><u><strong>MILLORES SOCIALS<\/strong><\/u><\/strong><\/h2>\n\n\n\n<p><\/p>\n\n\n\n<p class=\"gb-headline gb-headline-16f25a9b gb-headline-text\">Des de la\u00a0DSRH\u00a0fa temps que insisteixen\u00a0en la inviabilitat d&#8217;aquest acord al\u00b7legant que el\u00a0pressupost destinat a aquesta partida podria no arribar a cobrir el seu pagament. <\/p>\n\n\n\n<p>Des de CCOO no oblidem d\u2019on parteix l\u2019objecte d\u2019aquest acord<span style=\"text-decoration: underline\"><strong> i els c\u00e0lculs que hem realitzat\u00a0sobre aquest tema, ens demostren que \u00e9s\u00a0molt\u00a0m\u00e9s avantatj\u00f3s econ\u00f2micament per a\u00a0la plantilla<\/strong><\/span>.<\/p>\n\n\n\n<p class=\"gb-headline gb-headline-4abbebc2 gb-headline-text\">Per tant, <strong><span style=\"text-decoration: underline\">no estem disposats a perdre el que considerem un bon acord<\/span><\/strong> tenint\u00a0en compte els seus antecedents, i una vegada assumit pels treballadors i treballadores,\u00a0per la qual cosa\u00a0entenem que <strong><span style=\"text-decoration: underline\">suposaria una gran p\u00e8rdua<\/span><\/strong>. Creiem que \u00e9s possible mantenir-ho i farem el possible perqu\u00e8 <strong><span style=\"text-decoration: underline\">aquest acord no\u00a0decaigui<\/span><\/strong>.<\/p>\n\n\n\n<p class=\"gb-headline gb-headline-bfff9d77 gb-headline-text\">Us anirem informant de com es desenvolupa la negociaci\u00f3 en aquest sentit.<\/p>\n\n\n\n<div style=\"height:40px\" aria-hidden=\"true\" class=\"wp-block-spacer\"><\/div>\n\n\n\n<h2 class=\"gb-headline gb-headline-d978d859 gb-headline-text\"><strong><u><strong>ADSCRIPCIONS PROVISIONALS ESTABILITZACI\u00d3 EXTRAORDIN\u00c0RIA COL\u00b7LECTIUS SUBJECTES A TORNS<\/strong><\/u><\/strong><\/h2>\n\n\n\n<p><\/p>\n\n\n\n<p class=\"gb-headline gb-headline-1dee5b15 gb-headline-text\">La corporaci\u00f3 ha anat notificant a alguns treballadors i treballadores que han superat l&#8217;estabilitzaci\u00f3, nomenaments d&#8217;<strong><span style=\"text-decoration: underline\">adscripcions provisionals<\/span><\/strong>, subjectes en aquest cas a un proc\u00e9s de provisi\u00f3\/canvi de torn, en particular dels col\u00b7lectius subjectes a torns.<br>Aix\u00f2 ha generat incertesa i moltes preguntes referent a perqu\u00e8 no s&#8217;han fet nomenaments definitius una vegada superats els processos en les places que ja estaven identificades i ocupades. En aquest sentit, hem de tranquil\u00b7litzar a les treballadores i treballadors afectats comentant que aquesta assignaci\u00f3 d&#8217;adscripci\u00f3 provisional i no definitiva \u00e9s <span style=\"text-decoration: underline\"><strong>una assignaci\u00f3 com a funcionari\/\u00e0ria de carrera a tots els efectes i drets<\/strong><\/span>.<br>S&#8217;ha demanat a la corporaci\u00f3 que ens expliquin com es realitzaran aquests processos de provisi\u00f3\/canvi de torn i en concret quins seran els seus criteris, si sortiran tots junts en un mateix paquet de mat\u00ed, tarda i nit amb totes les places definitives disponibles o b\u00e9, si aniran sortint de manera progressiva en un proc\u00e9s que allargaria m\u00e9s en el temps aquestes adscripcions definitives.<br>En qualsevol cas <strong><span style=\"text-decoration: underline\">s&#8217;ha demandat a la DSRH que identifiqui i convoqui aquests processos amb la major celeritat possible per a poder acabar d&#8217;una vegada amb aquesta incertesa<\/span><\/strong>\u00a0que genera en aquests col\u00b7lectius.<\/p>\n\n\n\n<div class=\"wp-block-group\"><div class=\"wp-block-group__inner-container is-layout-constrained wp-block-group-is-layout-constrained\"><div class=\"gb-grid-wrapper gb-grid-wrapper-d65739e2\">\n<div class=\"gb-grid-column gb-grid-column-ecc8725d\"><div class=\"gb-container gb-container-ecc8725d\"><div class=\"gb-inside-container\">\n<div class=\"wp-block-image\">\n<figure class=\"aligncenter size-full\"><img loading=\"lazy\" decoding=\"async\" width=\"129\" height=\"38\" src=\"https:\/\/ccoo.app\/diputacio-de-barcelona\/wp-content\/blogs.dir\/6\/files\/sites\/186\/2022\/03\/tel.png\" alt=\"Tel\" class=\"wp-image-49915\" \/><\/figure>\n<\/div>\n<\/div><\/div><\/div>\n\n<div class=\"gb-grid-column gb-grid-column-4c28778f\"><div class=\"gb-container gb-container-4c28778f\"><div class=\"gb-inside-container\">\n<div class=\"wp-block-image\">\n<figure class=\"aligncenter size-full\"><a href=\"mailto:ccoo@diba.cat\"><img loading=\"lazy\" decoding=\"async\" width=\"51\" height=\"37\" src=\"https:\/\/ccoo.app\/diputacio-de-barcelona\/wp-content\/blogs.dir\/6\/files\/sites\/186\/2022\/03\/mail.png\" alt=\"Mail\" class=\"wp-image-49916\" \/><\/a><\/figure>\n<\/div>\n<\/div><\/div><\/div>\n\n<div class=\"gb-grid-column gb-grid-column-c6cc0957\"><div class=\"gb-container gb-container-c6cc0957\"><div class=\"gb-inside-container\">\n<div class=\"wp-block-image\">\n<figure class=\"aligncenter size-full\"><a href=\"https:\/\/twitter.com\/ccoodiba\"><img loading=\"lazy\" decoding=\"async\" width=\"44\" height=\"38\" src=\"https:\/\/ccoo.app\/diputacio-de-barcelona\/wp-content\/blogs.dir\/6\/files\/sites\/186\/2022\/03\/tw.png\" alt=\"Tw\" class=\"wp-image-49917\" \/><\/a><\/figure>\n<\/div>\n<\/div><\/div><\/div>\n\n<div class=\"gb-grid-column gb-grid-column-1598237d\"><div class=\"gb-container gb-container-1598237d\"><div class=\"gb-inside-container\">\n<div class=\"wp-block-image\">\n<figure class=\"aligncenter size-full\"><a href=\"https:\/\/www.instagram.com\/ccoo_diba\/\"><img loading=\"lazy\" decoding=\"async\" width=\"45\" height=\"44\" src=\"https:\/\/ccoo.app\/diputacio-de-barcelona\/wp-content\/blogs.dir\/6\/files\/sites\/186\/2022\/03\/ig.png\" alt=\"Ig\" class=\"wp-image-49918\" \/><\/a><\/figure>\n<\/div>\n<\/div><\/div><\/div>\n\n<div class=\"gb-grid-column gb-grid-column-2db731fe\"><div class=\"gb-container gb-container-2db731fe\"><div class=\"gb-inside-container\">\n<div class=\"wp-block-image\">\n<figure class=\"aligncenter size-full\"><a href=\"https:\/\/ccoo.app\/diputacio-de-barcelona\"><img loading=\"lazy\" decoding=\"async\" width=\"39\" height=\"40\" src=\"https:\/\/ccoo.app\/diputacio-de-barcelona\/wp-content\/blogs.dir\/6\/files\/sites\/186\/2022\/03\/www.png\" alt=\"Www\" class=\"wp-image-49919\" \/><\/a><\/figure>\n<\/div>\n<\/div><\/div><\/div>\n\n<div class=\"gb-grid-column gb-grid-column-f3651540\"><div class=\"gb-container gb-container-f3651540\"><div class=\"gb-inside-container\">\n<div class=\"wp-block-image\">\n<figure class=\"aligncenter size-full is-resized\"><a href=\"https:\/\/www.ccoo.cat\/afiliat\/?_sfm_aff_situation=94\"><img loading=\"lazy\" decoding=\"async\" width=\"125\" height=\"38\" src=\"https:\/\/ccoo.app\/diputacio-de-barcelona\/wp-content\/blogs.dir\/6\/files\/sites\/186\/2022\/03\/af.png\" alt=\"Af\" class=\"wp-image-49920\" style=\"width:125px;height:38px\" \/><\/a><\/figure>\n<\/div>\n<\/div><\/div><\/div>\n<\/div><\/div><\/div>\n\n\n\n<p><\/p>\n","protected":false},"excerpt":{"rendered":"<p>OFERTA P\u00daBLICA. PAMO\u2019s&nbsp;2023 i 2024 S\u2019ha demanat a la Corporaci\u00f3 que una vegada estigui finalitzat el proc\u00e9s d\u2019estabilitzaci\u00f3 es prioritzi l\u2019execuci\u00f3 de la promoci\u00f3 interna del PAMO 2023. Recordem que &#8230; <\/p>\n<p class=\"read-more-container\"><a title=\"DARRERES INFORMACIONS MESA GENERAL DE NEGOCIACI\u00d3: 10.10.2024\" class=\"read-more button\" href=\"https:\/\/ccoo.app\/diputacio-de-barcelona\/darreres-informacions-mesa-general-de-negociacio-10-10-2024\/#more-53725\" aria-label=\"Leer m\u00e1s sobre DARRERES INFORMACIONS MESA GENERAL DE NEGOCIACI\u00d3: 10.10.2024\">Continuar llegint<\/a><\/p>\n","protected":false},"author":88639,"featured_media":52364,"comment_status":"closed","ping_status":"closed","sticky":false,"template":"","format":"standard","meta":{"footnotes":""},"categories":[38,19,252],"tags":[],"class_list":["post-53725","post","type-post","status-publish","format-standard","has-post-thumbnail","hentry","category-a-tot-el-personal","category-comunicats","category-app-diba-push","generate-columns","tablet-grid-50","mobile-grid-100","grid-parent","grid-50"],"_links":{"self":[{"href":"https:\/\/ccoo.app\/diputacio-de-barcelona\/wp-json\/wp\/v2\/posts\/53725","targetHints":{"allow":["GET"]}}],"collection":[{"href":"https:\/\/ccoo.app\/diputacio-de-barcelona\/wp-json\/wp\/v2\/posts"}],"about":[{"href":"https:\/\/ccoo.app\/diputacio-de-barcelona\/wp-json\/wp\/v2\/types\/post"}],"author":[{"embeddable":true,"href":"https:\/\/ccoo.app\/diputacio-de-barcelona\/wp-json\/wp\/v2\/users\/88639"}],"replies":[{"embeddable":true,"href":"https:\/\/ccoo.app\/diputacio-de-barcelona\/wp-json\/wp\/v2\/comments?post=53725"}],"version-history":[{"count":4,"href":"https:\/\/ccoo.app\/diputacio-de-barcelona\/wp-json\/wp\/v2\/posts\/53725\/revisions"}],"predecessor-version":[{"id":53741,"href":"https:\/\/ccoo.app\/diputacio-de-barcelona\/wp-json\/wp\/v2\/posts\/53725\/revisions\/53741"}],"wp:featuredmedia":[{"embeddable":true,"href":"https:\/\/ccoo.app\/diputacio-de-barcelona\/wp-json\/wp\/v2\/media\/52364"}],"wp:attachment":[{"href":"https:\/\/ccoo.app\/diputacio-de-barcelona\/wp-json\/wp\/v2\/media?parent=53725"}],"wp:term":[{"taxonomy":"category","embeddable":true,"href":"https:\/\/ccoo.app\/diputacio-de-barcelona\/wp-json\/wp\/v2\/categories?post=53725"},{"taxonomy":"post_tag","embeddable":true,"href":"https:\/\/ccoo.app\/diputacio-de-barcelona\/wp-json\/wp\/v2\/tags?post=53725"}],"curies":[{"name":"wp","href":"https:\/\/api.w.org\/{rel}","templated":true}]}}