{"id":53719,"date":"2024-09-13T13:39:45","date_gmt":"2024-09-13T11:39:45","guid":{"rendered":"https:\/\/ccoo.app\/diputacio-de-barcelona\/?p=53719"},"modified":"2024-09-13T13:39:46","modified_gmt":"2024-09-13T11:39:46","slug":"millores-socials","status":"publish","type":"post","link":"https:\/\/ccoo.app\/diputacio-de-barcelona\/millores-socials\/","title":{"rendered":"MILLORES SOCIALS"},"content":{"rendered":"\n<div style=\"height:40px\" aria-hidden=\"true\" class=\"wp-block-spacer\"><\/div>\n\n\n\n<figure class=\"gb-block-image gb-block-image-1bd8cee7\"><img loading=\"lazy\" decoding=\"async\" width=\"390\" height=\"390\" class=\"gb-image gb-image-1bd8cee7\" src=\"https:\/\/ccoo.app\/diputacio-de-barcelona\/wp-content\/blogs.dir\/6\/files\/sites\/186\/2023\/09\/informacio-millores-socials.png\" alt=\"Informacio Millores Socials\" title=\"Informacio Millores Socials\" srcset=\"https:\/\/ccoo.app\/diputacio-de-barcelona\/wp-content\/blogs.dir\/6\/files\/sites\/186\/2023\/09\/informacio-millores-socials.png 390w, https:\/\/ccoo.app\/diputacio-de-barcelona\/wp-content\/blogs.dir\/6\/files\/sites\/186\/2023\/09\/informacio-millores-socials-300x300.png 300w, https:\/\/ccoo.app\/diputacio-de-barcelona\/wp-content\/blogs.dir\/6\/files\/sites\/186\/2023\/09\/informacio-millores-socials-150x150.png 150w\" sizes=\"auto, (max-width: 390px) 100vw, 390px\" \/><\/figure>\n\n\n\n<div style=\"height:40px\" aria-hidden=\"true\" class=\"wp-block-spacer\"><\/div>\n\n\n\n<p class=\"gb-headline gb-headline-946b6168 gb-headline-text\">Recordeu que el<strong> termini per presentar les sol\u00b7licituds per la millora social ordin\u00e0ria<\/strong> (del per\u00edode compr\u00e8s entre l\u20191 d\u2019octubre del 2023 fins el 30 de setembre del 2024)<strong> finalitza el proper dilluns 30 de setembre<\/strong>.<\/p>\n\n\n\n<p class=\"gb-headline gb-headline-6317c30e gb-headline-text\">Els <strong>\u00e0mbits de justificaci\u00f3<\/strong> s\u00f3n els seg\u00fcents:<\/p>\n\n\n\n<p><strong><span style=\"text-decoration: underline\" class=\"ek-underline\">\u00c0mbit sanitari <\/span><\/strong><\/p>\n\n\n\n<ul class=\"wp-block-list\">\n<li>Despesa oftalmol\u00f2gica.<\/li>\n\n\n\n<li>Despesa odontol\u00f2gica.<\/li>\n\n\n\n<li>Despesa per pr\u00f2tesis, audi\u00f2fons i ortop\u00e8dia en general.<\/li>\n\n\n\n<li>Despesa per assist\u00e8ncia a sessions de rehabilitaci\u00f3, fisioter\u00e0pia, osteopatia, quiropr\u00e0ctica, quiromassatge i acupuntura.<\/li>\n\n\n\n<li>Despesa de m\u00fatues o p\u00f2lisses m\u00e8diques.<\/li>\n\n\n\n<li>Despesa corresponent a consultes de facultatius, proves i tractaments m\u00e8dics en general (s\u2019exclouen els tractaments est\u00e8tics que no responen a finalitats m\u00e8diques degudament acreditades).<\/li>\n\n\n\n<li>Despesa farmac\u00e8utica.<\/li>\n<\/ul>\n\n\n\n<p><strong><span style=\"text-decoration: underline\" class=\"ek-underline\">\u00c0mbit cultural <\/span><\/strong><\/p>\n\n\n\n<ul class=\"wp-block-list\">\n<li>Despesa per cursos, estudis, activitats culturals i formatives, que afavoreixin la promoci\u00f3 professional dels empleats de la corporaci\u00f3.<\/li>\n\n\n\n<li>Despesa per l\u2019adquisici\u00f3 de llibres i del material necessari per a la realitzaci\u00f3 d\u2019activitats formatives (requereix de l\u2019acreditaci\u00f3 del curs o formaci\u00f3).<\/li>\n<\/ul>\n\n\n\n<p><strong><span style=\"text-decoration: underline\" class=\"ek-underline\">\u00c0mbit esportiu<\/span><\/strong><\/p>\n\n\n\n<ul class=\"wp-block-list\">\n<li>Despesa derivada i vinculada a la pr\u00e0ctica \u2013no professional- de l\u2019esport (resten excloses les despeses de material esportiu, aix\u00ed com, les de llic\u00e8ncies de ca\u00e7a, pesca o qualsevol activitat que pugui provocar qualsevol patiment o lesi\u00f3 a un \u00e9sser viu).<\/li>\n<\/ul>\n\n\n\n<p><strong><span style=\"text-decoration: underline\" class=\"ek-underline\">\u00c0mbit de conciliaci\u00f3<\/span><\/strong><\/p>\n\n\n\n<ul class=\"wp-block-list\">\n<li>Despeses de primera necessitat quan es tracti d\u2019atendre circumst\u00e0ncies personals que ho requereixin.<\/li>\n\n\n\n<li>Despeses de llar d\u2019infants i escoles bressol, de centres educatius i derivades de la guarda i cura de menors.<\/li>\n\n\n\n<li>Despeses de centres d\u2019atenci\u00f3 a persones dependents i gent gran.<\/li>\n\n\n\n<li>Despeses vinculades al sepeli.<\/li>\n\n\n\n<li>Despeses d\u2019asseguran\u00e7a de vida i\/o dec\u00e9s.<\/li>\n\n\n\n<li>Despeses de transport p\u00fablic col\u00b7lectiu de viatgers per anar i tornar al lloc de treball. <\/li>\n<\/ul>\n\n\n\n<p class=\"gb-headline gb-headline-bc441402 gb-headline-text\"><strong><span class=\"ek-underline\" style=\"text-decoration: underline\">Recordeu que la millora social complement\u00e0ria per edat finalitza el proper 31 de desembre i que no s\u00f3n v\u00e0lids els justificants ja presentats per a la millora social ordin\u00e0ria de setembre.<\/span><\/strong><\/p>\n\n\n\n<div style=\"height:40px\" aria-hidden=\"true\" class=\"wp-block-spacer\"><\/div>\n\n\n<div class=\"gb-container gb-container-d4283c0a\">\n<div class=\"wp-block-image\">\n<figure class=\"aligncenter size-full is-resized\"><img loading=\"lazy\" decoding=\"async\" width=\"512\" height=\"512\" src=\"https:\/\/ccoo.app\/diputacio-de-barcelona\/wp-content\/blogs.dir\/6\/files\/sites\/186\/2023\/04\/preguntes.png\" alt=\"Preguntes\" class=\"wp-image-52698\" style=\"width:128px;height:128px\" srcset=\"https:\/\/ccoo.app\/diputacio-de-barcelona\/wp-content\/blogs.dir\/6\/files\/sites\/186\/2023\/04\/preguntes.png 512w, https:\/\/ccoo.app\/diputacio-de-barcelona\/wp-content\/blogs.dir\/6\/files\/sites\/186\/2023\/04\/preguntes-300x300.png 300w, https:\/\/ccoo.app\/diputacio-de-barcelona\/wp-content\/blogs.dir\/6\/files\/sites\/186\/2023\/04\/preguntes-150x150.png 150w\" sizes=\"auto, (max-width: 512px) 100vw, 512px\" \/><\/figure>\n<\/div>\n\n\n<div style=\"height:25px\" aria-hidden=\"true\" class=\"wp-block-spacer\"><\/div>\n\n\n\n<h3 class=\"gb-headline gb-headline-f5c8f4d8 gb-headline-text\"><strong>No et quedis mai amb el dubte,<br><\/strong>contacta amb CCOO<\/h3>\n\n\n\n<div class=\"wp-block-buttons is-content-justification-center is-layout-flex wp-container-core-buttons-is-layout-16018d1d wp-block-buttons-is-layout-flex\">\n<div class=\"wp-block-button is-style-fill\"><a class=\"wp-block-button__link has-base-3-color has-contrast-2-background-color has-text-color has-background wp-element-button\" href=\"https:\/\/ccoo.app\/diputacio-de-barcelona\/seccio-sindical-de-ccoo\/\" style=\"border-radius:0px\">CONTACTA&#8217;NS<\/a><\/div>\n<\/div>\n\n<\/div>\n\n\n<div style=\"height:40px\" aria-hidden=\"true\" class=\"wp-block-spacer\"><\/div>\n\n\n\n<div class=\"wp-block-group\"><div class=\"wp-block-group__inner-container is-layout-constrained wp-block-group-is-layout-constrained\"><div class=\"gb-grid-wrapper gb-grid-wrapper-d65739e2\">\n<div class=\"gb-grid-column gb-grid-column-ecc8725d\"><div class=\"gb-container gb-container-ecc8725d\"><div class=\"gb-inside-container\">\n<div class=\"wp-block-image\">\n<figure class=\"aligncenter size-full\"><img loading=\"lazy\" decoding=\"async\" width=\"129\" height=\"38\" src=\"https:\/\/ccoo.app\/diputacio-de-barcelona\/wp-content\/blogs.dir\/6\/files\/sites\/186\/2022\/03\/tel.png\" alt=\"Tel\" class=\"wp-image-49915\" \/><\/figure>\n<\/div>\n<\/div><\/div><\/div>\n\n<div class=\"gb-grid-column gb-grid-column-4c28778f\"><div class=\"gb-container gb-container-4c28778f\"><div class=\"gb-inside-container\">\n<div class=\"wp-block-image\">\n<figure class=\"aligncenter size-full\"><a href=\"mailto:ccoo@diba.cat\"><img loading=\"lazy\" decoding=\"async\" width=\"51\" height=\"37\" src=\"https:\/\/ccoo.app\/diputacio-de-barcelona\/wp-content\/blogs.dir\/6\/files\/sites\/186\/2022\/03\/mail.png\" alt=\"Mail\" class=\"wp-image-49916\" \/><\/a><\/figure>\n<\/div>\n<\/div><\/div><\/div>\n\n<div class=\"gb-grid-column gb-grid-column-c6cc0957\"><div class=\"gb-container gb-container-c6cc0957\"><div class=\"gb-inside-container\">\n<div class=\"wp-block-image\">\n<figure class=\"aligncenter size-full\"><a href=\"https:\/\/twitter.com\/ccoodiba\"><img loading=\"lazy\" decoding=\"async\" width=\"44\" height=\"38\" src=\"https:\/\/ccoo.app\/diputacio-de-barcelona\/wp-content\/blogs.dir\/6\/files\/sites\/186\/2022\/03\/tw.png\" alt=\"Tw\" class=\"wp-image-49917\" \/><\/a><\/figure>\n<\/div>\n<\/div><\/div><\/div>\n\n<div class=\"gb-grid-column gb-grid-column-1598237d\"><div class=\"gb-container gb-container-1598237d\"><div class=\"gb-inside-container\">\n<div class=\"wp-block-image\">\n<figure class=\"aligncenter size-full\"><a href=\"https:\/\/www.instagram.com\/ccoo_diba\/\"><img loading=\"lazy\" decoding=\"async\" width=\"45\" height=\"44\" src=\"https:\/\/ccoo.app\/diputacio-de-barcelona\/wp-content\/blogs.dir\/6\/files\/sites\/186\/2022\/03\/ig.png\" alt=\"Ig\" class=\"wp-image-49918\" \/><\/a><\/figure>\n<\/div>\n<\/div><\/div><\/div>\n\n<div class=\"gb-grid-column gb-grid-column-2db731fe\"><div class=\"gb-container gb-container-2db731fe\"><div class=\"gb-inside-container\">\n<div class=\"wp-block-image\">\n<figure class=\"aligncenter size-full\"><a href=\"https:\/\/ccoo.app\/diputacio-de-barcelona\"><img loading=\"lazy\" decoding=\"async\" width=\"39\" height=\"40\" src=\"https:\/\/ccoo.app\/diputacio-de-barcelona\/wp-content\/blogs.dir\/6\/files\/sites\/186\/2022\/03\/www.png\" alt=\"Www\" class=\"wp-image-49919\" \/><\/a><\/figure>\n<\/div>\n<\/div><\/div><\/div>\n\n<div class=\"gb-grid-column gb-grid-column-f3651540\"><div class=\"gb-container gb-container-f3651540\"><div class=\"gb-inside-container\">\n<div class=\"wp-block-image\">\n<figure class=\"aligncenter size-full is-resized\"><a href=\"https:\/\/www.ccoo.cat\/afiliat\/?_sfm_aff_situation=94\"><img loading=\"lazy\" decoding=\"async\" width=\"125\" height=\"38\" src=\"https:\/\/ccoo.app\/diputacio-de-barcelona\/wp-content\/blogs.dir\/6\/files\/sites\/186\/2022\/03\/af.png\" alt=\"Af\" class=\"wp-image-49920\" style=\"width:125px;height:38px\" \/><\/a><\/figure>\n<\/div>\n<\/div><\/div><\/div>\n<\/div><\/div><\/div>\n","protected":false},"excerpt":{"rendered":"<p>Recordeu que el termini per presentar les sol\u00b7licituds per la millora social ordin\u00e0ria (del per\u00edode compr\u00e8s entre l\u20191 d\u2019octubre del 2023 fins el 30 de setembre del 2024) finalitza el &#8230; <\/p>\n<p class=\"read-more-container\"><a title=\"MILLORES SOCIALS\" class=\"read-more button\" href=\"https:\/\/ccoo.app\/diputacio-de-barcelona\/millores-socials\/#more-53719\" aria-label=\"Leer m\u00e1s sobre MILLORES SOCIALS\">Continuar llegint<\/a><\/p>\n","protected":false},"author":88639,"featured_media":53069,"comment_status":"closed","ping_status":"closed","sticky":false,"template":"","format":"standard","meta":{"footnotes":""},"categories":[38,19,252],"tags":[],"class_list":["post-53719","post","type-post","status-publish","format-standard","has-post-thumbnail","hentry","category-a-tot-el-personal","category-comunicats","category-app-diba-push","generate-columns","tablet-grid-50","mobile-grid-100","grid-parent","grid-50"],"_links":{"self":[{"href":"https:\/\/ccoo.app\/diputacio-de-barcelona\/wp-json\/wp\/v2\/posts\/53719","targetHints":{"allow":["GET"]}}],"collection":[{"href":"https:\/\/ccoo.app\/diputacio-de-barcelona\/wp-json\/wp\/v2\/posts"}],"about":[{"href":"https:\/\/ccoo.app\/diputacio-de-barcelona\/wp-json\/wp\/v2\/types\/post"}],"author":[{"embeddable":true,"href":"https:\/\/ccoo.app\/diputacio-de-barcelona\/wp-json\/wp\/v2\/users\/88639"}],"replies":[{"embeddable":true,"href":"https:\/\/ccoo.app\/diputacio-de-barcelona\/wp-json\/wp\/v2\/comments?post=53719"}],"version-history":[{"count":3,"href":"https:\/\/ccoo.app\/diputacio-de-barcelona\/wp-json\/wp\/v2\/posts\/53719\/revisions"}],"predecessor-version":[{"id":53722,"href":"https:\/\/ccoo.app\/diputacio-de-barcelona\/wp-json\/wp\/v2\/posts\/53719\/revisions\/53722"}],"wp:featuredmedia":[{"embeddable":true,"href":"https:\/\/ccoo.app\/diputacio-de-barcelona\/wp-json\/wp\/v2\/media\/53069"}],"wp:attachment":[{"href":"https:\/\/ccoo.app\/diputacio-de-barcelona\/wp-json\/wp\/v2\/media?parent=53719"}],"wp:term":[{"taxonomy":"category","embeddable":true,"href":"https:\/\/ccoo.app\/diputacio-de-barcelona\/wp-json\/wp\/v2\/categories?post=53719"},{"taxonomy":"post_tag","embeddable":true,"href":"https:\/\/ccoo.app\/diputacio-de-barcelona\/wp-json\/wp\/v2\/tags?post=53719"}],"curies":[{"name":"wp","href":"https:\/\/api.w.org\/{rel}","templated":true}]}}