{"id":53706,"date":"2024-08-09T10:06:17","date_gmt":"2024-08-09T08:06:17","guid":{"rendered":"https:\/\/ccoo.app\/diputacio-de-barcelona\/?p=53706"},"modified":"2024-08-09T11:05:36","modified_gmt":"2024-08-09T09:05:36","slug":"preparacio-oposicions-a-la-diputacio-de-barcelona-pla-dactuacio-materia-ocupacio-pamo","status":"publish","type":"post","link":"https:\/\/ccoo.app\/diputacio-de-barcelona\/preparacio-oposicions-a-la-diputacio-de-barcelona-pla-dactuacio-materia-ocupacio-pamo\/","title":{"rendered":"Preparaci\u00f3 Oposicions a la Diputaci\u00f3 de Barcelona &#8211; Pla d&#8217;Actuaci\u00f3 Mat\u00e8ria Ocupaci\u00f3 (PAMO)"},"content":{"rendered":"\n<div style=\"height:50px\" aria-hidden=\"true\" class=\"wp-block-spacer\"><\/div>\n\n\n\n<p class=\"gb-headline gb-headline-1e5891bf gb-headline-text\">En refer\u00e8ncia al Pla d&#8217;Actuaci\u00f3 en Mat\u00e8ria d&#8217;Ocupaci\u00f3 (PAMO) de l&#8217;oferta p\u00fablica dels anys 2021, 2022 i 2023, ens plau informar-vos que, despr\u00e9s de converses amb la Fundaci\u00f3 Paco Puerto, entitat encarregada de l\u2019acci\u00f3 formativa de CCOO, s\u2019ha decidit obrir la possibilitat de realitzar uns cursos, sobre el contingut del <strong>temari general<\/strong> de les bases, per als diferents grups de classificaci\u00f3.<\/p>\n\n\n\n<p class=\"gb-headline gb-headline-665928da gb-headline-text\">Aquest cursos, que es realitzaran mitjan\u00e7ant Aula Virtual, permetran&nbsp;<strong>preparar-se per als ex\u00e0mens<\/strong> amb l&#8217;assist\u00e8ncia del professor\/a. Les persones que desitgeu aprofitar aquesta oportunitat podreu accedir al curs que us interessi des dels seg\u00fcents enlla\u00e7os:<br><br><strong>RELACI\u00d3 DE CURSOS (TEMARI GENERAL OFERTA P\u00daBLICA) SEGONS GRUP DE CLASSIFICACI\u00d3:<\/strong><\/p>\n\n\n\n<ul class=\"wp-block-list\">\n<li><a href=\"https:\/\/fundaciopacopuerto.cat\/cursos-formacio\/local-ajuntaments-i-diputacions\/preparacio-oposicio-diputacio-barcelona.-temari-general-grups-a1-86809\/\" target=\"_blank\" rel=\"noreferrer noopener\">Preparaci\u00f3 Oposici\u00f3 PAMO Diputaci\u00f3 Barcelona. Temari general grup A, subgrup A1<\/a><\/li>\n\n\n\n<li><a href=\"https:\/\/fundaciopacopuerto.cat\/cursos-formacio\/local-ajuntaments-i-diputacions\/preparacio-oposicio-diputacio-barcelona.-temari-general-grups-a2-86810\/\" target=\"_blank\" rel=\"noreferrer noopener\">Preparaci\u00f3 Oposici\u00f3 PAMO Diputaci\u00f3 Barcelona. Temari general grup A, subgrup A2<\/a><\/li>\n\n\n\n<li><a href=\"https:\/\/fundaciopacopuerto.cat\/cursos-formacio\/local-ajuntaments-i-diputacions\/preparacio-oposicio-diputacio-barcelona.-temari-general-grups-c1-86811\/\" target=\"_blank\" rel=\"noreferrer noopener\">Preparaci\u00f3 Oposici\u00f3 PAMO Diputaci\u00f3 Barcelona. Temari general grup C, subgrup C1<\/a><\/li>\n\n\n\n<li><a href=\"https:\/\/fundaciopacopuerto.cat\/cursos-formacio\/local-ajuntaments-i-diputacions\/preparacio-oposicio-diputacio-barcelona.-temari-general-grups-c2-86812\/\" target=\"_blank\" rel=\"noreferrer noopener\">Preparaci\u00f3 Oposici\u00f3 PAMO Diputaci\u00f3 Barcelona. Temari general grup C, subgrup C2<\/a><\/li>\n<\/ul>\n\n\n\n<div style=\"height:40px\" aria-hidden=\"true\" class=\"wp-block-spacer\"><\/div>\n\n\n<div class=\"wp-block-image\">\n<figure class=\"aligncenter size-full is-resized\"><img loading=\"lazy\" decoding=\"async\" width=\"512\" height=\"512\" src=\"https:\/\/ccoo.app\/diputacio-de-barcelona\/wp-content\/blogs.dir\/6\/files\/sites\/186\/2023\/04\/preguntes.png\" alt=\"Preguntes\" class=\"wp-image-52698\" style=\"width:128px;height:128px\" srcset=\"https:\/\/ccoo.app\/diputacio-de-barcelona\/wp-content\/blogs.dir\/6\/files\/sites\/186\/2023\/04\/preguntes.png 512w, https:\/\/ccoo.app\/diputacio-de-barcelona\/wp-content\/blogs.dir\/6\/files\/sites\/186\/2023\/04\/preguntes-300x300.png 300w, https:\/\/ccoo.app\/diputacio-de-barcelona\/wp-content\/blogs.dir\/6\/files\/sites\/186\/2023\/04\/preguntes-150x150.png 150w\" sizes=\"auto, (max-width: 512px) 100vw, 512px\" \/><\/figure>\n<\/div>\n\n<div class=\"gb-container gb-container-d4283c0a\">\n\n<div style=\"height:25px\" aria-hidden=\"true\" class=\"wp-block-spacer\"><\/div>\n\n\n\n<h3 class=\"gb-headline gb-headline-f5c8f4d8 gb-headline-text\"><strong>No et quedis mai amb el dubte,<br>contacta amb  CCOO<\/strong><\/h3>\n\n\n\n<div class=\"wp-block-buttons is-content-justification-center is-layout-flex wp-container-core-buttons-is-layout-16018d1d wp-block-buttons-is-layout-flex\">\n<div class=\"wp-block-button is-style-fill\"><a class=\"wp-block-button__link has-base-3-color has-contrast-2-background-color has-text-color has-background wp-element-button\" href=\"https:\/\/ccoo.app\/diputacio-de-barcelona\/seccio-sindical-de-ccoo\/\" style=\"border-radius:0px\">CONTACTA&#8217;NS<\/a><\/div>\n<\/div>\n\n<\/div>\n\n\n<p><\/p>\n\n\n\n<div style=\"height:100px\" aria-hidden=\"true\" class=\"wp-block-spacer\"><\/div>\n","protected":false},"excerpt":{"rendered":"<p>En refer\u00e8ncia al Pla d&#8217;Actuaci\u00f3 en Mat\u00e8ria d&#8217;Ocupaci\u00f3 (PAMO) de l&#8217;oferta p\u00fablica dels anys 2021, 2022 i 2023, ens plau informar-vos que, despr\u00e9s de converses amb la Fundaci\u00f3 Paco Puerto, &#8230; <\/p>\n<p class=\"read-more-container\"><a title=\"Preparaci\u00f3 Oposicions a la Diputaci\u00f3 de Barcelona &#8211; Pla d&#8217;Actuaci\u00f3 Mat\u00e8ria Ocupaci\u00f3 (PAMO)\" class=\"read-more button\" href=\"https:\/\/ccoo.app\/diputacio-de-barcelona\/preparacio-oposicions-a-la-diputacio-de-barcelona-pla-dactuacio-materia-ocupacio-pamo\/#more-53706\" aria-label=\"Leer m\u00e1s sobre Preparaci\u00f3 Oposicions a la Diputaci\u00f3 de Barcelona &#8211; Pla d&#8217;Actuaci\u00f3 Mat\u00e8ria Ocupaci\u00f3 (PAMO)\">Continuar llegint<\/a><\/p>\n","protected":false},"author":88639,"featured_media":52922,"comment_status":"closed","ping_status":"closed","sticky":false,"template":"","format":"standard","meta":{"footnotes":""},"categories":[38,19,20],"tags":[],"class_list":["post-53706","post","type-post","status-publish","format-standard","has-post-thumbnail","hentry","category-a-tot-el-personal","category-comunicats","category-cursos","generate-columns","tablet-grid-50","mobile-grid-100","grid-parent","grid-50"],"_links":{"self":[{"href":"https:\/\/ccoo.app\/diputacio-de-barcelona\/wp-json\/wp\/v2\/posts\/53706","targetHints":{"allow":["GET"]}}],"collection":[{"href":"https:\/\/ccoo.app\/diputacio-de-barcelona\/wp-json\/wp\/v2\/posts"}],"about":[{"href":"https:\/\/ccoo.app\/diputacio-de-barcelona\/wp-json\/wp\/v2\/types\/post"}],"author":[{"embeddable":true,"href":"https:\/\/ccoo.app\/diputacio-de-barcelona\/wp-json\/wp\/v2\/users\/88639"}],"replies":[{"embeddable":true,"href":"https:\/\/ccoo.app\/diputacio-de-barcelona\/wp-json\/wp\/v2\/comments?post=53706"}],"version-history":[{"count":4,"href":"https:\/\/ccoo.app\/diputacio-de-barcelona\/wp-json\/wp\/v2\/posts\/53706\/revisions"}],"predecessor-version":[{"id":53717,"href":"https:\/\/ccoo.app\/diputacio-de-barcelona\/wp-json\/wp\/v2\/posts\/53706\/revisions\/53717"}],"wp:featuredmedia":[{"embeddable":true,"href":"https:\/\/ccoo.app\/diputacio-de-barcelona\/wp-json\/wp\/v2\/media\/52922"}],"wp:attachment":[{"href":"https:\/\/ccoo.app\/diputacio-de-barcelona\/wp-json\/wp\/v2\/media?parent=53706"}],"wp:term":[{"taxonomy":"category","embeddable":true,"href":"https:\/\/ccoo.app\/diputacio-de-barcelona\/wp-json\/wp\/v2\/categories?post=53706"},{"taxonomy":"post_tag","embeddable":true,"href":"https:\/\/ccoo.app\/diputacio-de-barcelona\/wp-json\/wp\/v2\/tags?post=53706"}],"curies":[{"name":"wp","href":"https:\/\/api.w.org\/{rel}","templated":true}]}}