{"id":53698,"date":"2024-08-06T10:46:09","date_gmt":"2024-08-06T08:46:09","guid":{"rendered":"https:\/\/ccoo.app\/diputacio-de-barcelona\/?p=53698"},"modified":"2024-08-06T10:46:09","modified_gmt":"2024-08-06T08:46:09","slug":"preparacio-proces-selectiu-autoformacio-per-a-agent-tributari-aria-a-la-diputacio-de-barcelona","status":"publish","type":"post","link":"https:\/\/ccoo.app\/diputacio-de-barcelona\/preparacio-proces-selectiu-autoformacio-per-a-agent-tributari-aria-a-la-diputacio-de-barcelona\/","title":{"rendered":"Preparaci\u00f3 Proc\u00e9s Selectiu: autoformaci\u00f3 per a Agent Tributari\/\u00e0ria a la Diputaci\u00f3 de Barcelona"},"content":{"rendered":"\n<div style=\"height:50px\" aria-hidden=\"true\" class=\"wp-block-spacer\"><\/div>\n\n\n\n<p class=\"gb-headline gb-headline-1e5891bf gb-headline-text\">Ens plau informar-vos d\u2019una nova oportunitat en l&#8217;\u00e0mbit de l&#8217;autoformaci\u00f3 que pot ser del vostre inter\u00e8s. La Diputaci\u00f3 de Barcelona ha convocat un proc\u00e9s selectiu per tal de cobrir possibles supl\u00e8ncies del personal de plantilla i per a llocs de treball d\u2019Agent Tributari\/\u00e0ria, adscrits a l\u2019Organisme de Gesti\u00f3 Tribut\u00e0ria.<\/p>\n\n\n\n<p class=\"gb-headline gb-headline-4fdb6261 gb-headline-text\">Despr\u00e9s de converses amb la Fundaci\u00f3 Paco Puerto, entitat encarregada de l\u2019acci\u00f3 formativa de CCOO, s\u2019ha decidit obrir la possibilitat d\u2019accedir en l\u00ednia al contingut del temari del proc\u00e9s selectiu mencionat. Aquesta modalitat permetr\u00e0 preparar-se de manera c\u00f2moda i flexible per al proc\u00e9s selectiu referenciat.<\/p>\n\n\n\n<p class=\"gb-headline gb-headline-4d6ea477 gb-headline-text\">Us animem a aprofitar aquesta modalitat que us permetr\u00e0 preparar-se per al proc\u00e9s selectiu de manera autodid\u00e0ctica. Les persones que desitgeu aprofitar aquesta oportunitat podreu accedir al temari des del seg\u00fcent enlla\u00e7:<\/p>\n\n\n\n<ul class=\"wp-block-list\">\n<li><a href=\"https:\/\/fundaciopacopuerto.cat\/cursos-formacio\/local-ajuntaments-i-diputacions\/diputacio-de-barcelona.-agent-tributari-a-86813\/\">Preparaci\u00f3 proc\u00e9s selectiu Agent Tributari\/\u00e0ria<\/a><\/li>\n<\/ul>\n\n\n\n<p>Per a qualsevol pregunta o aclariment, no dubteu a posar-vos en contacte amb nosaltres.<\/p>\n\n\n\n<div style=\"height:20px\" aria-hidden=\"true\" class=\"wp-block-spacer\"><\/div>\n\n\n\n<div style=\"height:40px\" aria-hidden=\"true\" class=\"wp-block-spacer\"><\/div>\n\n\n<div class=\"wp-block-image\">\n<figure class=\"aligncenter size-full is-resized\"><img loading=\"lazy\" decoding=\"async\" width=\"512\" height=\"512\" src=\"https:\/\/ccoo.app\/diputacio-de-barcelona\/wp-content\/blogs.dir\/6\/files\/sites\/186\/2023\/04\/preguntes.png\" alt=\"Preguntes\" class=\"wp-image-52698\" style=\"width:128px;height:128px\" srcset=\"https:\/\/ccoo.app\/diputacio-de-barcelona\/wp-content\/blogs.dir\/6\/files\/sites\/186\/2023\/04\/preguntes.png 512w, https:\/\/ccoo.app\/diputacio-de-barcelona\/wp-content\/blogs.dir\/6\/files\/sites\/186\/2023\/04\/preguntes-300x300.png 300w, https:\/\/ccoo.app\/diputacio-de-barcelona\/wp-content\/blogs.dir\/6\/files\/sites\/186\/2023\/04\/preguntes-150x150.png 150w\" sizes=\"auto, (max-width: 512px) 100vw, 512px\" \/><\/figure>\n<\/div>\n\n<div class=\"gb-container gb-container-d4283c0a\">\n\n<div style=\"height:25px\" aria-hidden=\"true\" class=\"wp-block-spacer\"><\/div>\n\n\n\n<h3 class=\"gb-headline gb-headline-f5c8f4d8 gb-headline-text\"><strong>No et quedis mai amb el dubte,<br>contacta amb  CCOO<\/strong><\/h3>\n\n\n\n<div class=\"wp-block-buttons is-content-justification-center is-layout-flex wp-container-core-buttons-is-layout-16018d1d wp-block-buttons-is-layout-flex\">\n<div class=\"wp-block-button is-style-fill\"><a class=\"wp-block-button__link has-base-3-color has-contrast-2-background-color has-text-color has-background wp-element-button\" href=\"https:\/\/ccoo.app\/diputacio-de-barcelona\/seccio-sindical-de-ccoo\/\" style=\"border-radius:0px\">CONTACTA&#8217;NS<\/a><\/div>\n<\/div>\n\n<\/div>\n\n\n<p><\/p>\n\n\n\n<div style=\"height:100px\" aria-hidden=\"true\" class=\"wp-block-spacer\"><\/div>\n","protected":false},"excerpt":{"rendered":"<p>Ens plau informar-vos d\u2019una nova oportunitat en l&#8217;\u00e0mbit de l&#8217;autoformaci\u00f3 que pot ser del vostre inter\u00e8s. La Diputaci\u00f3 de Barcelona ha convocat un proc\u00e9s selectiu per tal de cobrir possibles &#8230; <\/p>\n<p class=\"read-more-container\"><a title=\"Preparaci\u00f3 Proc\u00e9s Selectiu: autoformaci\u00f3 per a Agent Tributari\/\u00e0ria a la Diputaci\u00f3 de Barcelona\" class=\"read-more button\" href=\"https:\/\/ccoo.app\/diputacio-de-barcelona\/preparacio-proces-selectiu-autoformacio-per-a-agent-tributari-aria-a-la-diputacio-de-barcelona\/#more-53698\" aria-label=\"Leer m\u00e1s sobre Preparaci\u00f3 Proc\u00e9s Selectiu: autoformaci\u00f3 per a Agent Tributari\/\u00e0ria a la Diputaci\u00f3 de Barcelona\">Continuar llegint<\/a><\/p>\n","protected":false},"author":88639,"featured_media":53696,"comment_status":"closed","ping_status":"closed","sticky":false,"template":"","format":"standard","meta":{"footnotes":""},"categories":[38,19,20],"tags":[],"class_list":["post-53698","post","type-post","status-publish","format-standard","has-post-thumbnail","hentry","category-a-tot-el-personal","category-comunicats","category-cursos","generate-columns","tablet-grid-50","mobile-grid-100","grid-parent","grid-50"],"_links":{"self":[{"href":"https:\/\/ccoo.app\/diputacio-de-barcelona\/wp-json\/wp\/v2\/posts\/53698","targetHints":{"allow":["GET"]}}],"collection":[{"href":"https:\/\/ccoo.app\/diputacio-de-barcelona\/wp-json\/wp\/v2\/posts"}],"about":[{"href":"https:\/\/ccoo.app\/diputacio-de-barcelona\/wp-json\/wp\/v2\/types\/post"}],"author":[{"embeddable":true,"href":"https:\/\/ccoo.app\/diputacio-de-barcelona\/wp-json\/wp\/v2\/users\/88639"}],"replies":[{"embeddable":true,"href":"https:\/\/ccoo.app\/diputacio-de-barcelona\/wp-json\/wp\/v2\/comments?post=53698"}],"version-history":[{"count":1,"href":"https:\/\/ccoo.app\/diputacio-de-barcelona\/wp-json\/wp\/v2\/posts\/53698\/revisions"}],"predecessor-version":[{"id":53704,"href":"https:\/\/ccoo.app\/diputacio-de-barcelona\/wp-json\/wp\/v2\/posts\/53698\/revisions\/53704"}],"wp:featuredmedia":[{"embeddable":true,"href":"https:\/\/ccoo.app\/diputacio-de-barcelona\/wp-json\/wp\/v2\/media\/53696"}],"wp:attachment":[{"href":"https:\/\/ccoo.app\/diputacio-de-barcelona\/wp-json\/wp\/v2\/media?parent=53698"}],"wp:term":[{"taxonomy":"category","embeddable":true,"href":"https:\/\/ccoo.app\/diputacio-de-barcelona\/wp-json\/wp\/v2\/categories?post=53698"},{"taxonomy":"post_tag","embeddable":true,"href":"https:\/\/ccoo.app\/diputacio-de-barcelona\/wp-json\/wp\/v2\/tags?post=53698"}],"curies":[{"name":"wp","href":"https:\/\/api.w.org\/{rel}","templated":true}]}}