{"id":53613,"date":"2024-06-17T12:56:10","date_gmt":"2024-06-17T10:56:10","guid":{"rendered":"https:\/\/ccoo.app\/diputacio-de-barcelona\/?p=53613"},"modified":"2024-06-21T09:39:51","modified_gmt":"2024-06-21T07:39:51","slug":"comunicat-conjunt-i-unitari-de-les-4-seccions-sindicals-amb-representacio-a-la-diputacio-de-barcelona","status":"publish","type":"post","link":"https:\/\/ccoo.app\/diputacio-de-barcelona\/comunicat-conjunt-i-unitari-de-les-4-seccions-sindicals-amb-representacio-a-la-diputacio-de-barcelona\/","title":{"rendered":"COMUNICAT CONJUNT I UNITARI DE LES 4 SECCIONS SINDICALS AMB REPRESENTACI\u00d3 A LA DIPUTACI\u00d3 DE BARCELONA"},"content":{"rendered":"\n<p class=\".pj { text-align: justify; } \"><\/p>\n\n\n\n<div style=\"height:40px\" aria-hidden=\"true\" class=\"wp-block-spacer\"><\/div>\n\n\n\n<figure class=\"gb-block-image gb-block-image-f2d52e22\"><img loading=\"lazy\" decoding=\"async\" width=\"390\" height=\"390\" class=\"gb-image gb-image-f2d52e22\" src=\"https:\/\/ccoo.app\/diputacio-de-barcelona\/wp-content\/blogs.dir\/6\/files\/sites\/186\/2024\/06\/informacio-nota-conjunta_2.jpg\" alt=\"\" title=\"informacio-nota conjunta_2\" srcset=\"https:\/\/ccoo.app\/diputacio-de-barcelona\/wp-content\/blogs.dir\/6\/files\/sites\/186\/2024\/06\/informacio-nota-conjunta_2.jpg 390w, https:\/\/ccoo.app\/diputacio-de-barcelona\/wp-content\/blogs.dir\/6\/files\/sites\/186\/2024\/06\/informacio-nota-conjunta_2-300x300.jpg 300w, https:\/\/ccoo.app\/diputacio-de-barcelona\/wp-content\/blogs.dir\/6\/files\/sites\/186\/2024\/06\/informacio-nota-conjunta_2-150x150.jpg 150w\" sizes=\"auto, (max-width: 390px) 100vw, 390px\" \/><\/figure>\n\n\n\n<div style=\"height:40px\" aria-hidden=\"true\" class=\"wp-block-spacer\"><\/div>\n\n\n\n<h3 class=\"gb-headline gb-headline-df203896 gb-headline-text\">NO TOLERAREM UN MANDAT DE RETROCESSOS, DE P\u00c8RDUA DE DRETS I D&#8217;INCOMPLIMENT DELS COMPROMISOS ADQUIRITS<strong>.<\/strong><\/h3>\n\n\n\n<div style=\"height:20px\" aria-hidden=\"true\" class=\"wp-block-spacer\"><\/div>\n\n\n\n<p>Les quatre Seccions Sindicals, de forma conjunta i unit\u00e0ria volem traslladar-vos el seg\u00fcent:<\/p>\n\n\n\n<p class=\"gb-headline gb-headline-9c619c94 gb-headline-text\">Totes i tots nosaltres coincidim en el moment actual en una an\u00e0lisi de situaci\u00f3 que ens porta a una profunda preocupaci\u00f3 per la din\u00e0mica imposada en les relacions col\u00b7lectives a la Corporaci\u00f3 des que es va iniciar el darrer mandat, i m\u00e9s concretament en:<\/p>\n\n\n\n<ul class=\"wp-block-list\">\n<li>La manca de compliment de l&#8217;acord d&#8217;actualitzaci\u00f3 del factor de penositat-perillositat,<\/li>\n\n\n\n<li>La manca de compliment d&#8217;acords pendents, especialment aquells que impliquen un augment retributiu per a la nostra plantilla,<\/li>\n\n\n\n<li>L&#8217;actual bloqueig i menysteniment de la negociaci\u00f3 col\u00b7lectiva, i<\/li>\n\n\n\n<li>La pretensi\u00f3 de fer perdre drets a les treballadores i treballadors en tot all\u00f2 que t\u00e9 a veure amb el teletreball.<\/li>\n<\/ul>\n\n\n\n<p class=\"gb-headline gb-headline-0e53dc12 gb-headline-text\">Dilluns de la setmana passada vam mantenir una reuni\u00f3 amb el Coordinador de Recursos Humans de la Diputaci\u00f3, en la qual tamb\u00e9 vam requerir la pres\u00e8ncia de la Presidenta delegada de l&#8217;\u00c0rea de Serveis Generals i Transici\u00f3 Digital, que finalment no va assistir, demostrant una falta d&#8217;empatia en relaci\u00f3 a les problem\u00e0tiques dels treballadors i treballadores de la Diputaci\u00f3 de Barcelona.<\/p>\n\n\n\n<p class=\"gb-headline gb-headline-10efcb23 gb-headline-text\">En aquesta reuni\u00f3 vam exposar la nostra preocupaci\u00f3 al respecte i vam tractar de forma espec\u00edfica sobre el compliment de l&#8217;acord d&#8217;actualitzaci\u00f3 del factor de penositat-perillositat; compliment per al qual considerem que ja hem donat a la Diba un marge de temps i de confian\u00e7a m\u00e9s que suficient. No estem, en absolut, satisfets ni satisfetes del que se&#8217;ns va traslladar en aquella reuni\u00f3, i volem manifestar p\u00fablicament la nostra voluntat d&#8217;emprendre properes accions de car\u00e0cter conjunt per a aconseguir fer avan\u00e7ar els drets de la nostra plantilla.<\/p>\n\n\n\n<p class=\"gb-headline gb-headline-c75cc85b gb-headline-text\">Tamb\u00e9 volem manifestar que la nostra paci\u00e8ncia i la dels treballadors i treballadores t\u00e9 un l\u00edmit, que estem tips i tipes de la manca d&#8217;empatia pol\u00edtica amb la plantilla d&#8217;aquesta administraci\u00f3, i que la tornada de l&#8217;estiu a la Diputaci\u00f3 molt probablement estar\u00e0 caracteritzada pel conflicte, a no ser que comencem a apreciar canvis reals i tangibles en els punts assenyalats. No en tenim prou amb el fet que se&#8217;ns digui que l\u2019acompliment dels acords \u00e9s prioritari, quan les accions concretes no condueixen a resultats efectius.<\/p>\n\n\n\n<p class=\"gb-headline gb-headline-c5b3aa66 gb-headline-text\">Aix\u00ed doncs, demanem a tota la plantilla que estigueu alertes a les possibles accions que convoquem. No tolerarem en cap cas un mandat de retrocessos, de p\u00e8rdua de drets, i d&#8217;incompliment&nbsp;dels&nbsp;compromisos adquirits.<\/p>\n\n\n\n<div style=\"height:40px\" aria-hidden=\"true\" class=\"wp-block-spacer\"><\/div>\n\n\n\n<figure class=\"gb-block-image gb-block-image-e16022eb\"><img loading=\"lazy\" decoding=\"async\" width=\"500\" height=\"80\" class=\"gb-image gb-image-e16022eb\" src=\"https:\/\/ccoo.app\/diputacio-de-barcelona\/wp-content\/blogs.dir\/6\/files\/sites\/186\/2024\/06\/LOGOS_2.png\" alt=\"\" title=\"LOGOS_2\" srcset=\"https:\/\/ccoo.app\/diputacio-de-barcelona\/wp-content\/blogs.dir\/6\/files\/sites\/186\/2024\/06\/LOGOS_2.png 500w, https:\/\/ccoo.app\/diputacio-de-barcelona\/wp-content\/blogs.dir\/6\/files\/sites\/186\/2024\/06\/LOGOS_2-300x48.png 300w\" sizes=\"auto, (max-width: 500px) 100vw, 500px\" \/><\/figure>\n\n\n\n<div style=\"height:50px\" aria-hidden=\"true\" class=\"wp-block-spacer\"><\/div>\n\n\n\n<div class=\"wp-block-group\"><div class=\"wp-block-group__inner-container is-layout-constrained wp-block-group-is-layout-constrained\"><div class=\"gb-grid-wrapper gb-grid-wrapper-d65739e2\">\n<div class=\"gb-grid-column gb-grid-column-ecc8725d\"><div class=\"gb-container gb-container-ecc8725d\"><div class=\"gb-inside-container\">\n<div class=\"wp-block-image\">\n<figure class=\"aligncenter size-full\"><img loading=\"lazy\" decoding=\"async\" width=\"129\" height=\"38\" src=\"https:\/\/ccoo.app\/diputacio-de-barcelona\/wp-content\/blogs.dir\/6\/files\/sites\/186\/2022\/03\/tel.png\" alt=\"Tel\" class=\"wp-image-49915\" \/><\/figure>\n<\/div>\n<\/div><\/div><\/div>\n\n<div class=\"gb-grid-column gb-grid-column-4c28778f\"><div class=\"gb-container gb-container-4c28778f\"><div class=\"gb-inside-container\">\n<div class=\"wp-block-image\">\n<figure class=\"aligncenter size-full\"><a href=\"mailto:ccoo@diba.cat\"><img loading=\"lazy\" decoding=\"async\" width=\"51\" height=\"37\" src=\"https:\/\/ccoo.app\/diputacio-de-barcelona\/wp-content\/blogs.dir\/6\/files\/sites\/186\/2022\/03\/mail.png\" alt=\"Mail\" class=\"wp-image-49916\" \/><\/a><\/figure>\n<\/div>\n<\/div><\/div><\/div>\n\n<div class=\"gb-grid-column gb-grid-column-c6cc0957\"><div class=\"gb-container gb-container-c6cc0957\"><div class=\"gb-inside-container\">\n<div class=\"wp-block-image\">\n<figure class=\"aligncenter size-full\"><a href=\"https:\/\/twitter.com\/ccoodiba\"><img loading=\"lazy\" decoding=\"async\" width=\"44\" height=\"38\" src=\"https:\/\/ccoo.app\/diputacio-de-barcelona\/wp-content\/blogs.dir\/6\/files\/sites\/186\/2022\/03\/tw.png\" alt=\"Tw\" class=\"wp-image-49917\" \/><\/a><\/figure>\n<\/div>\n<\/div><\/div><\/div>\n\n<div class=\"gb-grid-column gb-grid-column-1598237d\"><div class=\"gb-container gb-container-1598237d\"><div class=\"gb-inside-container\">\n<div class=\"wp-block-image\">\n<figure class=\"aligncenter size-full\"><a href=\"https:\/\/www.instagram.com\/ccoo_diba\/\"><img loading=\"lazy\" decoding=\"async\" width=\"45\" height=\"44\" src=\"https:\/\/ccoo.app\/diputacio-de-barcelona\/wp-content\/blogs.dir\/6\/files\/sites\/186\/2022\/03\/ig.png\" alt=\"Ig\" class=\"wp-image-49918\" \/><\/a><\/figure>\n<\/div>\n<\/div><\/div><\/div>\n\n<div class=\"gb-grid-column gb-grid-column-2db731fe\"><div class=\"gb-container gb-container-2db731fe\"><div class=\"gb-inside-container\">\n<div class=\"wp-block-image\">\n<figure class=\"aligncenter size-full\"><a href=\"https:\/\/ccoo.app\/diputacio-de-barcelona\"><img loading=\"lazy\" decoding=\"async\" width=\"39\" height=\"40\" src=\"https:\/\/ccoo.app\/diputacio-de-barcelona\/wp-content\/blogs.dir\/6\/files\/sites\/186\/2022\/03\/www.png\" alt=\"Www\" class=\"wp-image-49919\" \/><\/a><\/figure>\n<\/div>\n<\/div><\/div><\/div>\n\n<div class=\"gb-grid-column gb-grid-column-f3651540\"><div class=\"gb-container gb-container-f3651540\"><div class=\"gb-inside-container\">\n<div class=\"wp-block-image\">\n<figure class=\"aligncenter size-full is-resized\"><a href=\"https:\/\/www.ccoo.cat\/afiliat\/?_sfm_aff_situation=94\"><img loading=\"lazy\" decoding=\"async\" width=\"125\" height=\"38\" src=\"https:\/\/ccoo.app\/diputacio-de-barcelona\/wp-content\/blogs.dir\/6\/files\/sites\/186\/2022\/03\/af.png\" alt=\"Af\" class=\"wp-image-49920\" style=\"width:125px;height:38px\" \/><\/a><\/figure>\n<\/div>\n<\/div><\/div><\/div>\n<\/div><\/div><\/div>\n","protected":false},"excerpt":{"rendered":"<p>NO TOLERAREM UN MANDAT DE RETROCESSOS, DE P\u00c8RDUA DE DRETS I D&#8217;INCOMPLIMENT DELS COMPROMISOS ADQUIRITS. Les quatre Seccions Sindicals, de forma conjunta i unit\u00e0ria volem traslladar-vos el seg\u00fcent: Totes i &#8230; <\/p>\n<p class=\"read-more-container\"><a title=\"COMUNICAT CONJUNT I UNITARI DE LES 4 SECCIONS SINDICALS AMB REPRESENTACI\u00d3 A LA DIPUTACI\u00d3 DE BARCELONA\" class=\"read-more button\" href=\"https:\/\/ccoo.app\/diputacio-de-barcelona\/comunicat-conjunt-i-unitari-de-les-4-seccions-sindicals-amb-representacio-a-la-diputacio-de-barcelona\/#more-53613\" aria-label=\"Leer m\u00e1s sobre COMUNICAT CONJUNT I UNITARI DE LES 4 SECCIONS SINDICALS AMB REPRESENTACI\u00d3 A LA DIPUTACI\u00d3 DE BARCELONA\">Continuar llegint<\/a><\/p>\n","protected":false},"author":88639,"featured_media":53614,"comment_status":"closed","ping_status":"closed","sticky":false,"template":"","format":"standard","meta":{"footnotes":""},"categories":[38,19],"tags":[],"class_list":["post-53613","post","type-post","status-publish","format-standard","has-post-thumbnail","hentry","category-a-tot-el-personal","category-comunicats","generate-columns","tablet-grid-50","mobile-grid-100","grid-parent","grid-50"],"_links":{"self":[{"href":"https:\/\/ccoo.app\/diputacio-de-barcelona\/wp-json\/wp\/v2\/posts\/53613","targetHints":{"allow":["GET"]}}],"collection":[{"href":"https:\/\/ccoo.app\/diputacio-de-barcelona\/wp-json\/wp\/v2\/posts"}],"about":[{"href":"https:\/\/ccoo.app\/diputacio-de-barcelona\/wp-json\/wp\/v2\/types\/post"}],"author":[{"embeddable":true,"href":"https:\/\/ccoo.app\/diputacio-de-barcelona\/wp-json\/wp\/v2\/users\/88639"}],"replies":[{"embeddable":true,"href":"https:\/\/ccoo.app\/diputacio-de-barcelona\/wp-json\/wp\/v2\/comments?post=53613"}],"version-history":[{"count":4,"href":"https:\/\/ccoo.app\/diputacio-de-barcelona\/wp-json\/wp\/v2\/posts\/53613\/revisions"}],"predecessor-version":[{"id":53664,"href":"https:\/\/ccoo.app\/diputacio-de-barcelona\/wp-json\/wp\/v2\/posts\/53613\/revisions\/53664"}],"wp:featuredmedia":[{"embeddable":true,"href":"https:\/\/ccoo.app\/diputacio-de-barcelona\/wp-json\/wp\/v2\/media\/53614"}],"wp:attachment":[{"href":"https:\/\/ccoo.app\/diputacio-de-barcelona\/wp-json\/wp\/v2\/media?parent=53613"}],"wp:term":[{"taxonomy":"category","embeddable":true,"href":"https:\/\/ccoo.app\/diputacio-de-barcelona\/wp-json\/wp\/v2\/categories?post=53613"},{"taxonomy":"post_tag","embeddable":true,"href":"https:\/\/ccoo.app\/diputacio-de-barcelona\/wp-json\/wp\/v2\/tags?post=53613"}],"curies":[{"name":"wp","href":"https:\/\/api.w.org\/{rel}","templated":true}]}}