{"id":53546,"date":"2024-05-24T11:18:07","date_gmt":"2024-05-24T09:18:07","guid":{"rendered":"https:\/\/ccoo.app\/diputacio-de-barcelona\/?p=53546"},"modified":"2024-07-15T18:18:09","modified_gmt":"2024-07-15T16:18:09","slug":"en-defensa-dels-nostres-acords-perillositat-i-penositat","status":"publish","type":"post","link":"https:\/\/ccoo.app\/diputacio-de-barcelona\/en-defensa-dels-nostres-acords-perillositat-i-penositat\/","title":{"rendered":"EN DEFENSA DELS NOSTRES ACORDS (PERILLOSITAT I PENOSITAT)"},"content":{"rendered":"\n<div style=\"height:40px\" aria-hidden=\"true\" class=\"wp-block-spacer\"><\/div>\n\n\n\n<p class=\"gb-headline gb-headline-f61f9bbc gb-headline-text\">Ahir en la reuni\u00f3 de la Comissi\u00f3 de Valoraci\u00f3 de Llocs de Treball&nbsp;<strong><u>vam tornar a exigir el compliment de l&#8217;acord signat<\/u><\/strong>&nbsp;sobre els increments que afecten un col\u00b7lectiu important d&#8217;aproximadament 800 treballadors i treballadores&nbsp;<strong><u>referent a la revisi\u00f3 i actualitzaci\u00f3 del \u201cfactor condicions de treball\u201d (perillositat i penositat)<\/u><\/strong>&nbsp;segons les condicions i&nbsp;<strong><u>informes que ho avalaven<\/u><\/strong>&nbsp;en el moment de la signatura i que justificaven&nbsp;<strong><u>plenament tant la seva excepcionalitat com la seva singularitat.<\/u><\/strong><\/p>\n\n\n\n<p class=\"gb-headline gb-headline-7f872512 gb-headline-text\">En aquests moments ens movem en un nou escenari, amb un nou equip en la Intervenci\u00f3 que esperem que no agafi els mateixos vicis que l&#8217;anterior equip, i que definitivament es pugui&nbsp;<strong><u>desencallar d&#8217;una vegada una situaci\u00f3 de bloqueig<\/u><\/strong>&nbsp;que fa temps que patim i que&nbsp;<strong><u>deslegitima el treball conjunt fet pels Sindicats i la Corporaci\u00f3 en les Comissions i Meses de Negociaci\u00f3.<\/u><\/strong><\/p>\n\n\n\n<p class=\"gb-headline gb-headline-88f7c1c8 gb-headline-text\"><strong><u>No hi caben m\u00e9s demores ni m\u00e9s excuses<\/u><\/strong>&nbsp;despr\u00e9s d&#8217;un any de la signatura, i en el qual&nbsp;<strong><u>es va realitzar un treballat seri\u00f3s, extens i labori\u00f3s<\/u><\/strong>&nbsp;per a revisar el \u201cfactor condicions de treball\u201d d&#8217;aquest col\u00b7lectiu important, i que&nbsp;<strong><u>estava totalment desactualitzat.<\/u><\/strong><\/p>\n\n\n\n<p>Per tant,<\/p>\n\n\n\n<h3 class=\"gb-headline gb-headline-df203896 gb-headline-text\"><strong><span style=\"text-decoration: underline\" class=\"ek-underline\">exigim la immediata implementaci\u00f3 i compliment de l&#8217;acord signat entre les parts.<\/span><\/strong><\/h3>\n\n\n\n<p class=\"gb-headline gb-headline-c73ef1c3 gb-headline-text\">Volem agrair a tots els treballadors i treballadores que van donar tot el seu suport a la&nbsp;<strong><u>mobilitzaci\u00f3 sindical<\/u><\/strong>&nbsp;i que va culminar en un&nbsp;<strong><u>tancament en la Seu Central de Can Serra<\/u><\/strong>, i en el qual&nbsp;<strong><u>es va poder arrencar<\/u><\/strong>&nbsp;a la part responsable i pol\u00edtica de la Diputaci\u00f3 de Barcelona un&nbsp;<strong><u>comprom\u00eds de revisi\u00f3 i compliment de l&#8217;acord<\/u><\/strong>.<\/p>\n\n\n\n<p class=\"gb-headline gb-headline-5413a70a gb-headline-text\">Volem, doncs, empla\u00e7ar a tots els treballadors&nbsp;i treballadores al fet que de&nbsp;<strong><u>no complir-se l&#8217;acord signat&nbsp;<\/u><\/strong>ens tornem a mobilitzar per a pressionar sobre la legitimitat sindical, el respecte i el compliment de les negociacions i acords en la&nbsp;Diputaci\u00f3&nbsp;de Barcelona.<\/p>\n\n\n\n<h3 class=\"gb-headline gb-headline-823b58f5 gb-headline-text\"><strong><u>Junts i juntes ho aconseguirem, i continuarem avan\u00e7ant en la recuperaci\u00f3 dels drets i del poder adquisitiu injustament perduts.<\/u><\/strong><\/h3>\n\n\n\n<div style=\"height:120px\" aria-hidden=\"true\" class=\"wp-block-spacer\"><\/div>\n\n\n<div class=\"gb-grid-wrapper gb-grid-wrapper-d65739e2\">\n<div class=\"gb-grid-column gb-grid-column-ecc8725d\"><div class=\"gb-container gb-container-ecc8725d\"><div class=\"gb-inside-container\">\n<div class=\"wp-block-image\">\n<figure class=\"aligncenter size-full\"><img loading=\"lazy\" decoding=\"async\" width=\"129\" height=\"38\" src=\"https:\/\/ccoo.app\/diputacio-de-barcelona\/wp-content\/blogs.dir\/6\/files\/sites\/186\/2022\/03\/tel.png\" alt=\"Tel\" class=\"wp-image-49915\" \/><\/figure>\n<\/div>\n<\/div><\/div><\/div>\n\n<div class=\"gb-grid-column gb-grid-column-4c28778f\"><div class=\"gb-container gb-container-4c28778f\"><div class=\"gb-inside-container\">\n<div class=\"wp-block-image\">\n<figure class=\"aligncenter size-full\"><a href=\"mailto:ccoo@diba.cat\"><img loading=\"lazy\" decoding=\"async\" width=\"51\" height=\"37\" src=\"https:\/\/ccoo.app\/diputacio-de-barcelona\/wp-content\/blogs.dir\/6\/files\/sites\/186\/2022\/03\/mail.png\" alt=\"Mail\" class=\"wp-image-49916\" \/><\/a><\/figure>\n<\/div>\n<\/div><\/div><\/div>\n\n<div class=\"gb-grid-column gb-grid-column-c6cc0957\"><div class=\"gb-container gb-container-c6cc0957\"><div class=\"gb-inside-container\">\n<div class=\"wp-block-image\">\n<figure class=\"aligncenter size-full\"><a href=\"https:\/\/twitter.com\/ccoodiba\"><img loading=\"lazy\" decoding=\"async\" width=\"44\" height=\"38\" src=\"https:\/\/ccoo.app\/diputacio-de-barcelona\/wp-content\/blogs.dir\/6\/files\/sites\/186\/2022\/03\/tw.png\" alt=\"Tw\" class=\"wp-image-49917\" \/><\/a><\/figure>\n<\/div>\n<\/div><\/div><\/div>\n\n<div class=\"gb-grid-column gb-grid-column-1598237d\"><div class=\"gb-container gb-container-1598237d\"><div class=\"gb-inside-container\">\n<div class=\"wp-block-image\">\n<figure class=\"aligncenter size-full\"><a href=\"https:\/\/www.instagram.com\/ccoo_diba\/\"><img loading=\"lazy\" decoding=\"async\" width=\"45\" height=\"44\" src=\"https:\/\/ccoo.app\/diputacio-de-barcelona\/wp-content\/blogs.dir\/6\/files\/sites\/186\/2022\/03\/ig.png\" alt=\"Ig\" class=\"wp-image-49918\" \/><\/a><\/figure>\n<\/div>\n<\/div><\/div><\/div>\n\n<div class=\"gb-grid-column gb-grid-column-2db731fe\"><div class=\"gb-container gb-container-2db731fe\"><div class=\"gb-inside-container\">\n<div class=\"wp-block-image\">\n<figure class=\"aligncenter size-full\"><a href=\"https:\/\/ccoo.app\/diputacio-de-barcelona\"><img loading=\"lazy\" decoding=\"async\" width=\"39\" height=\"40\" src=\"https:\/\/ccoo.app\/diputacio-de-barcelona\/wp-content\/blogs.dir\/6\/files\/sites\/186\/2022\/03\/www.png\" alt=\"Www\" class=\"wp-image-49919\" \/><\/a><\/figure>\n<\/div>\n<\/div><\/div><\/div>\n\n<div class=\"gb-grid-column gb-grid-column-f3651540\"><div class=\"gb-container gb-container-f3651540\"><div class=\"gb-inside-container\">\n<div class=\"wp-block-image\">\n<figure class=\"aligncenter size-full is-resized\"><a href=\"https:\/\/www.ccoo.cat\/afiliat\/?_sfm_aff_situation=94\"><img loading=\"lazy\" decoding=\"async\" width=\"125\" height=\"38\" src=\"https:\/\/ccoo.app\/diputacio-de-barcelona\/wp-content\/blogs.dir\/6\/files\/sites\/186\/2022\/03\/af.png\" alt=\"Af\" class=\"wp-image-49920\" style=\"width:125px;height:38px\" \/><\/a><\/figure>\n<\/div>\n<\/div><\/div><\/div>\n<\/div>","protected":false},"excerpt":{"rendered":"<p>Ahir en la reuni\u00f3 de la Comissi\u00f3 de Valoraci\u00f3 de Llocs de Treball&nbsp;vam tornar a exigir el compliment de l&#8217;acord signat&nbsp;sobre els increments que afecten un col\u00b7lectiu important d&#8217;aproximadament 800 &#8230; <\/p>\n<p class=\"read-more-container\"><a title=\"EN DEFENSA DELS NOSTRES ACORDS (PERILLOSITAT I PENOSITAT)\" class=\"read-more button\" href=\"https:\/\/ccoo.app\/diputacio-de-barcelona\/en-defensa-dels-nostres-acords-perillositat-i-penositat\/#more-53546\" aria-label=\"Leer m\u00e1s sobre EN DEFENSA DELS NOSTRES ACORDS (PERILLOSITAT I PENOSITAT)\">Continuar llegint<\/a><\/p>\n","protected":false},"author":88639,"featured_media":52793,"comment_status":"closed","ping_status":"closed","sticky":false,"template":"","format":"standard","meta":{"footnotes":""},"categories":[38,19],"tags":[],"class_list":["post-53546","post","type-post","status-publish","format-standard","has-post-thumbnail","hentry","category-a-tot-el-personal","category-comunicats","generate-columns","tablet-grid-50","mobile-grid-100","grid-parent","grid-50"],"_links":{"self":[{"href":"https:\/\/ccoo.app\/diputacio-de-barcelona\/wp-json\/wp\/v2\/posts\/53546","targetHints":{"allow":["GET"]}}],"collection":[{"href":"https:\/\/ccoo.app\/diputacio-de-barcelona\/wp-json\/wp\/v2\/posts"}],"about":[{"href":"https:\/\/ccoo.app\/diputacio-de-barcelona\/wp-json\/wp\/v2\/types\/post"}],"author":[{"embeddable":true,"href":"https:\/\/ccoo.app\/diputacio-de-barcelona\/wp-json\/wp\/v2\/users\/88639"}],"replies":[{"embeddable":true,"href":"https:\/\/ccoo.app\/diputacio-de-barcelona\/wp-json\/wp\/v2\/comments?post=53546"}],"version-history":[{"count":4,"href":"https:\/\/ccoo.app\/diputacio-de-barcelona\/wp-json\/wp\/v2\/posts\/53546\/revisions"}],"predecessor-version":[{"id":53681,"href":"https:\/\/ccoo.app\/diputacio-de-barcelona\/wp-json\/wp\/v2\/posts\/53546\/revisions\/53681"}],"wp:featuredmedia":[{"embeddable":true,"href":"https:\/\/ccoo.app\/diputacio-de-barcelona\/wp-json\/wp\/v2\/media\/52793"}],"wp:attachment":[{"href":"https:\/\/ccoo.app\/diputacio-de-barcelona\/wp-json\/wp\/v2\/media?parent=53546"}],"wp:term":[{"taxonomy":"category","embeddable":true,"href":"https:\/\/ccoo.app\/diputacio-de-barcelona\/wp-json\/wp\/v2\/categories?post=53546"},{"taxonomy":"post_tag","embeddable":true,"href":"https:\/\/ccoo.app\/diputacio-de-barcelona\/wp-json\/wp\/v2\/tags?post=53546"}],"curies":[{"name":"wp","href":"https:\/\/api.w.org\/{rel}","templated":true}]}}